{"id":5851,"date":"2020-09-17T14:53:50","date_gmt":"2020-09-17T14:53:50","guid":{"rendered":"https:\/\/noti-america.com\/site\/colombia\/2020\/09\/17\/asocolflores-y-fedecacao-se-comprometen-con-colombia\/"},"modified":"2020-09-17T18:53:56","modified_gmt":"2020-09-17T18:53:56","slug":"asocolflores-y-fedecacao-se-comprometen-con-colombia","status":"publish","type":"post","link":"https:\/\/noti-america.com\/site\/colombia\/2020\/09\/17\/asocolflores-y-fedecacao-se-comprometen-con-colombia\/","title":{"rendered":"Asocolflores y Fedecacao se comprometen con Colombia \u00a0"},"content":{"rendered":"<div>\n<p style=\"text-align: left;\" align=\"center\"><strong>NOTI-AMERICA.COM (COLOMBIA)<\/strong><\/p>\n<p align=\"center\"><img loading=\"lazy\" decoding=\"async\" class=\"alignnone  wp-image-5852\" src=\"https:\/\/noti-america.com\/site\/colombia\/wp-content\/uploads\/sites\/20\/2020\/09\/Asoflores-300x66.png\" alt=\"\" width=\"450\" height=\"99\" srcset=\"https:\/\/noti-america.com\/site\/colombia\/wp-content\/uploads\/sites\/20\/2020\/09\/Asoflores-300x66.png 300w, https:\/\/noti-america.com\/site\/colombia\/wp-content\/uploads\/sites\/20\/2020\/09\/Asoflores.png 318w\" sizes=\"auto, (max-width: 450px) 100vw, 450px\" \/><\/p>\n<p class=\"yiv2998294758ydp7156babyiv2727058347x_yiv1043457909ydpd8b4ca59yiv8161163840MsoNormal\" align=\"center\"><b><span lang=\"ES-MX\">Asocolflores y Fedecacao se comprometen con Colombia \u00a0<\/span><\/b><\/p>\n<p class=\"yiv2998294758ydp7156babyiv2727058347x_yiv1043457909ydpd8b4ca59yiv8161163840MsoNormal\" align=\"center\"><i><span lang=\"ES-MX\">Las flores y el chocolate, dos de nuestros productos m\u00e1s representativos, y por muchos vistos como competidores, se unen para demostrar que el amor y el respeto por el otro son la base fundamental para afrontar los retos que como Naci\u00f3n depara el futuro. \u00a0<\/span><\/i><\/p>\n<p class=\"yiv2998294758ydp7156babyiv2727058347x_yiv1043457909ydpd8b4ca59yiv8161163840MsoNormal\" align=\"center\"><i><span lang=\"ES-MX\">\u00a0<\/span><\/i><\/p>\n<p class=\"yiv2998294758ydp7156babyiv2727058347x_yiv1043457909ydpd8b4ca59yiv8161163840MsoNormal\"><b><span lang=\"ES-MX\">Bogot\u00e1. Septiembre\u00a0de 2020.<\/span><\/b><span lang=\"ES-MX\">\u00a0La Asociaci\u00f3n Colombiana de Exportadores de Flores, Asocolflores, y la Federaci\u00f3n Nacional de Cacaoteros, Fedecacao, dos de los gremios m\u00e1s importantes del campo colombiano, anunciaron una alianza para enviar un mensaje de amor, uni\u00f3n y esperanza al pa\u00eds. \u00a0<\/span><\/p>\n<p class=\"yiv2998294758ydp7156babyiv2727058347x_yiv1043457909ydpd8b4ca59yiv8161163840MsoNormal\"><span lang=\"ES-MX\">\u00a0<\/span><span lang=\"ES-MX\"><b>\u00abComprometidos de Coraz\u00f3n<\/b>\u00bb es el nombre de la campa\u00f1a que adelantar\u00e1n desde hoy y por cuatro meses las dos organizaciones. Con el apoyo de los ministerios de <b>Agricultura, Comercio y Procolombia<\/b> se utilizar\u00e1n las redes sociales y se implementar\u00e1n actividades directas con la ciudadan\u00eda para impulsar las relaciones armoniosas y promover la corresponsabilidad de cada uno de los colombianos con sus comunidades, como la mejor forma de construir la Colombia que queremos. \u00a0<\/span><\/p>\n<p class=\"yiv2998294758ydp7156babyiv2727058347x_yiv1043457909ydpd8b4ca59yiv8161163840MsoNormal\"><span lang=\"ES-MX\">\u00a0\u00a0\u00a0<\/span><span lang=\"ES-MX\">De acuerdo a Asocolflores y Fedecacaco, este es un ejemplo de c\u00f3mo la comunidad empresarial debe asumir su obligaci\u00f3n con el capital social del pa\u00eds, ampliar su visi\u00f3n e incidir m\u00e1s all\u00e1 de sus trabajadores, llegando a sus familias y por \u00faltimo a la sociedad en general. \u00a0<\/span><\/p>\n<p><span lang=\"ES-MX\">\u00abLo que hemos y estamos viviendo indiscutiblemente deja ense\u00f1anzas. La corresponsabilidad es de todos, del Estado, del sector p\u00fablico y de la ciudadan\u00eda. Debemos promover y exigir el respeto por el otro no solo durante la pandemia. La igualdad, la inclusi\u00f3n social y el buen comportamiento deben ser la carta de navegaci\u00f3n hacia el futuro y eso lo lograremos si recuperamos el amor, el respeto por el trabajo y nuestro sentido de humanidad\u00bb, asegur\u00f3 Augusto Solano Mej\u00eda, presidente de Asocolflores. \u00a0<\/span><\/div>\n<div>\n<p class=\"yiv2998294758ydp7156babyiv2727058347x_yiv1043457909ydpd8b4ca59yiv8161163840MsoNormal\"><span lang=\"ES-MX\">\u00a0<\/span>Por su parte, Eduard Baquero L\u00f3pez, presidente de Fedecacao, dijo que \u00abLa pandemia sin duda ha afectado a todos los sectores productivos, pero debemos resaltar que el campo no se ha detenido ni un solo instante y como en los momentos dif\u00edciles debemos estar m\u00e1s unidos que nunca, hemos aliado a las familias cacaocultoras y floricultoras para enviar un mensaje de uni\u00f3n y esperanza a todos los colombianos.\u00bb<\/p>\n<p class=\"yiv2998294758ydp7156babyiv2727058347x_yiv1043457909ydpd8b4ca59yiv8161163840MsoNormal\"><span lang=\"ES-CO\">\u00a0<\/span><span lang=\"ES-CO\">Seg\u00fan el ministro de Agricultura y Desarrollo Rural, Rodolfo Zea Navarro, \u00ab<b>Comprometidos de Coraz\u00f3n<\/b>\u00bb \u00abfortalecer\u00e1 el sector cacaotero y floricultor porque apoyar\u00e1 a las 205.000 familias que dependen de estas actividades. Nuestra apuesta es que cada vez m\u00e1s colombianos prefieran productos 100% nacionales y que apoyemos a nuestros campesinos, que en esta coyuntura de Covid-19 no han parado\u00bb. \u00a0<\/span><\/p>\n<p class=\"yiv2998294758ydp7156babyiv2727058347x_yiv1043457909ydpd8b4ca59yiv8161163840MsoNormal\"><span lang=\"ES-CO\">\u00a0<\/span><span lang=\"ES-CO\">De acuerdo con el MinAgricultura en Colombia el \u00e1rea sembrada de cacao es de 54.798 hect\u00e1reas, las cuales producen m\u00e1s de 63.000 toneladas. En flores es importante mencionar que el pa\u00eds es el segundo exportador mundial, primer exportador de claveles y primer proveedor de los Estados Unidos. \u00a0<\/span><\/p>\n<p class=\"yiv2998294758ydp7156babyiv2727058347x_yiv1043457909ydpd8b4ca59yiv8161163840MsoNormal\"><span lang=\"ES-CO\">\u00a0<\/span><span lang=\"ES-CO\">En el mismo sentido, el ministro de Comercio Industria y Turismo, Jos\u00e9 Manuel Restrepo Abondano, dijo que \u00abHago un llamado a los colombianos para que se unan a esta gran campa\u00f1a \u00ab<b>Comprometidos de Coraz\u00f3n<\/b>\u00ab, promovida por dos de los sectores de mayor relevancia en el desarrollo del campo colombiano. Asocolflores y Fedecacao, en esta coyuntura, han jugado un papel importante de respaldo institucional para que esas dos actividades sigan aportando a la econom\u00eda. Desde Mincomercio, a trav\u00e9s del programa Compra Lo Nuestro, respaldamos esta gran iniciativa, cuyo fin es rescatar esos valores tan importantes como la igualdad y la inclusi\u00f3n social. Nos unimos en alianza a estos dos gremios e invitamos al sector de comercio a que acceda a la red social empresarial www.compralonuestro.co. Es la mejor forma de aportar a la recuperaci\u00f3n econ\u00f3mica del pa\u00eds\u00bb. \u00a0<\/span><\/p>\n<p class=\"yiv2998294758ydp7156babyiv2727058347x_yiv1043457909ydpd8b4ca59yiv8161163840MsoNormal\"><span lang=\"ES-CO\">\u00a0<\/span><span lang=\"ES-CO\">Finalmente, Flavia Santoro, presidenta de Procolombia asegur\u00f3 que \u00abEstamos muy contentos de apoyar esta campa\u00f1a y de unirnos a la invitaci\u00f3n que hacen dos de nuestros grandes aliados en la labor de promoci\u00f3n de pa\u00eds que llevamos a cabo en el exterior. Compartimos su inter\u00e9s por promover el respeto y la armon\u00eda entre los colombianos, y la participaci\u00f3n activa de todos los sectores de la sociedad en la construcci\u00f3n de un futuro prometedor para nuestro pa\u00eds\u00bb. \u00a0<\/span><\/p>\n<p class=\"yiv2998294758ydp7156babyiv2727058347x_yiv1043457909ydpd8b4ca59yiv8161163840MsoNormal\"><span lang=\"ES-CO\">\u00a0<\/span>M\u00e1s Informaci\u00f3n<\/p>\n<div>LUZ MARINA GARCIA<\/div>\n<div>ASOCOLFLORES<\/div>\n<div>CELULAR 3008709595<\/div>\n<p class=\"yiv2998294758ydp7156babyiv2727058347x_yiv1043457909ydpd8b4ca59yiv8161163840MsoNormal\">LEIDY SABOGAL<\/p>\n<\/div>\n<div>\n<div>FEDECACAO<\/div>\n<div>CELULAR 3165678050<\/div>\n<\/div>\n","protected":false},"excerpt":{"rendered":"<p>NOTI-AMERICA.COM (COLOMBIA) Asocolflores y Fedecacao se comprometen con Colombia \u00a0 Las flores y el chocolate, dos de nuestros productos m\u00e1s representativos, y por muchos vistos como competidores, se unen para demostrar que el amor&#46;&#46;&#46;<\/p>\n","protected":false},"author":2,"featured_media":5852,"comment_status":"open","ping_status":"open","sticky":false,"template":"","format":"standard","meta":{"_acf_changed":false,"om_disable_all_campaigns":false,"rop_custom_images_group":[],"rop_custom_messages_group":[],"rop_publish_now":"initial","rop_publish_now_accounts":{"twitter_242054905_242054905":""},"rop_publish_now_history":[],"rop_publish_now_status":"pending","_uf_show_specific_survey":0,"_uf_disable_surveys":false,"footnotes":""},"categories":[121],"tags":[],"class_list":["post-5851","post","type-post","status-publish","format-standard","has-post-thumbnail","hentry","category-actualidad"],"acf":[],"aioseo_notices":[],"yoast_head":"<!-- This site is optimized with the Yoast SEO Premium plugin v24.9 (Yoast SEO v27.2) - https:\/\/yoast.com\/product\/yoast-seo-premium-wordpress\/ -->\n<title>Asocolflores y Fedecacao se comprometen con Colombia \u00a0 - Colombia | Noti-America.com<\/title>\n<meta name=\"robots\" content=\"index, follow, max-snippet:-1, max-image-preview:large, max-video-preview:-1\" \/>\n<link rel=\"canonical\" href=\"https:\/\/noti-america.com\/site\/colombia\/2020\/09\/17\/asocolflores-y-fedecacao-se-comprometen-con-colombia\/\" \/>\n<meta property=\"og:locale\" content=\"es_ES\" \/>\n<meta property=\"og:type\" content=\"article\" \/>\n<meta property=\"og:title\" content=\"Asocolflores y Fedecacao se comprometen con Colombia \u00a0\" \/>\n<meta property=\"og:description\" content=\"NOTI-AMERICA.COM (COLOMBIA) Asocolflores y Fedecacao se comprometen con Colombia \u00a0 Las flores y el chocolate, dos de nuestros productos m\u00e1s representativos, y por muchos vistos como competidores, se unen para demostrar que el amor&#046;&#046;&#046;\" \/>\n<meta property=\"og:url\" content=\"https:\/\/noti-america.com\/site\/colombia\/2020\/09\/17\/asocolflores-y-fedecacao-se-comprometen-con-colombia\/\" \/>\n<meta property=\"og:site_name\" content=\"Colombia | Noti-America.com\" \/>\n<meta property=\"article:published_time\" content=\"2020-09-17T14:53:50+00:00\" \/>\n<meta property=\"article:modified_time\" content=\"2020-09-17T18:53:56+00:00\" \/>\n<meta property=\"og:image\" content=\"https:\/\/noti-america.com\/site\/colombia\/wp-content\/uploads\/sites\/20\/2020\/09\/Asoflores.png\" \/>\n\t<meta property=\"og:image:width\" content=\"318\" \/>\n\t<meta property=\"og:image:height\" content=\"70\" \/>\n\t<meta property=\"og:image:type\" content=\"image\/png\" \/>\n<meta name=\"author\" content=\"rloaiza\" \/>\n<meta name=\"twitter:card\" content=\"summary_large_image\" \/>\n<meta name=\"twitter:creator\" content=\"@notiamerica\" \/>\n<meta name=\"twitter:site\" content=\"@notiamerica\" \/>\n<meta name=\"twitter:label1\" content=\"Escrito por\" \/>\n\t<meta name=\"twitter:data1\" content=\"rloaiza\" \/>\n\t<meta name=\"twitter:label2\" content=\"Tiempo estimado de lectura\" \/>\n\t<meta name=\"twitter:data2\" content=\"4 minutos\" \/>\n<script type=\"application\/ld+json\" class=\"yoast-schema-graph\">{\"@context\":\"https:\/\/schema.org\",\"@graph\":[{\"@type\":\"Article\",\"@id\":\"https:\/\/noti-america.com\/site\/colombia\/2020\/09\/17\/asocolflores-y-fedecacao-se-comprometen-con-colombia\/#article\",\"isPartOf\":{\"@id\":\"https:\/\/noti-america.com\/site\/colombia\/2020\/09\/17\/asocolflores-y-fedecacao-se-comprometen-con-colombia\/\"},\"author\":{\"name\":\"rloaiza\",\"@id\":\"https:\/\/noti-america.com\/site\/colombia\/#\/schema\/person\/a2e478ba496331ce89bcd0c731cd6533\"},\"headline\":\"Asocolflores y Fedecacao se comprometen con Colombia \u00a0\",\"datePublished\":\"2020-09-17T14:53:50+00:00\",\"dateModified\":\"2020-09-17T18:53:56+00:00\",\"mainEntityOfPage\":{\"@id\":\"https:\/\/noti-america.com\/site\/colombia\/2020\/09\/17\/asocolflores-y-fedecacao-se-comprometen-con-colombia\/\"},\"wordCount\":748,\"commentCount\":0,\"image\":{\"@id\":\"https:\/\/noti-america.com\/site\/colombia\/2020\/09\/17\/asocolflores-y-fedecacao-se-comprometen-con-colombia\/#primaryimage\"},\"thumbnailUrl\":\"https:\/\/noti-america.com\/site\/colombia\/wp-content\/uploads\/sites\/20\/2020\/09\/Asoflores.png\",\"articleSection\":[\"Actualidad\"],\"inLanguage\":\"es\",\"potentialAction\":[{\"@type\":\"CommentAction\",\"name\":\"Comment\",\"target\":[\"https:\/\/noti-america.com\/site\/colombia\/2020\/09\/17\/asocolflores-y-fedecacao-se-comprometen-con-colombia\/#respond\"]}]},{\"@type\":\"WebPage\",\"@id\":\"https:\/\/noti-america.com\/site\/colombia\/2020\/09\/17\/asocolflores-y-fedecacao-se-comprometen-con-colombia\/\",\"url\":\"https:\/\/noti-america.com\/site\/colombia\/2020\/09\/17\/asocolflores-y-fedecacao-se-comprometen-con-colombia\/\",\"name\":\"Asocolflores y Fedecacao se comprometen con Colombia \u00a0 - Colombia | Noti-America.com\",\"isPartOf\":{\"@id\":\"https:\/\/noti-america.com\/site\/colombia\/#website\"},\"primaryImageOfPage\":{\"@id\":\"https:\/\/noti-america.com\/site\/colombia\/2020\/09\/17\/asocolflores-y-fedecacao-se-comprometen-con-colombia\/#primaryimage\"},\"image\":{\"@id\":\"https:\/\/noti-america.com\/site\/colombia\/2020\/09\/17\/asocolflores-y-fedecacao-se-comprometen-con-colombia\/#primaryimage\"},\"thumbnailUrl\":\"https:\/\/noti-america.com\/site\/colombia\/wp-content\/uploads\/sites\/20\/2020\/09\/Asoflores.png\",\"datePublished\":\"2020-09-17T14:53:50+00:00\",\"dateModified\":\"2020-09-17T18:53:56+00:00\",\"author\":{\"@id\":\"https:\/\/noti-america.com\/site\/colombia\/#\/schema\/person\/a2e478ba496331ce89bcd0c731cd6533\"},\"breadcrumb\":{\"@id\":\"https:\/\/noti-america.com\/site\/colombia\/2020\/09\/17\/asocolflores-y-fedecacao-se-comprometen-con-colombia\/#breadcrumb\"},\"inLanguage\":\"es\",\"potentialAction\":[{\"@type\":\"ReadAction\",\"target\":[\"https:\/\/noti-america.com\/site\/colombia\/2020\/09\/17\/asocolflores-y-fedecacao-se-comprometen-con-colombia\/\"]}]},{\"@type\":\"ImageObject\",\"inLanguage\":\"es\",\"@id\":\"https:\/\/noti-america.com\/site\/colombia\/2020\/09\/17\/asocolflores-y-fedecacao-se-comprometen-con-colombia\/#primaryimage\",\"url\":\"https:\/\/noti-america.com\/site\/colombia\/wp-content\/uploads\/sites\/20\/2020\/09\/Asoflores.png\",\"contentUrl\":\"https:\/\/noti-america.com\/site\/colombia\/wp-content\/uploads\/sites\/20\/2020\/09\/Asoflores.png\",\"width\":318,\"height\":70},{\"@type\":\"BreadcrumbList\",\"@id\":\"https:\/\/noti-america.com\/site\/colombia\/2020\/09\/17\/asocolflores-y-fedecacao-se-comprometen-con-colombia\/#breadcrumb\",\"itemListElement\":[{\"@type\":\"ListItem\",\"position\":1,\"name\":\"Portada\",\"item\":\"https:\/\/noti-america.com\/site\/colombia\/\"},{\"@type\":\"ListItem\",\"position\":2,\"name\":\"Asocolflores y Fedecacao se comprometen con Colombia \u00a0\"}]},{\"@type\":\"WebSite\",\"@id\":\"https:\/\/noti-america.com\/site\/colombia\/#website\",\"url\":\"https:\/\/noti-america.com\/site\/colombia\/\",\"name\":\"Colombia | Noti-America.com\",\"description\":\"\",\"potentialAction\":[{\"@type\":\"SearchAction\",\"target\":{\"@type\":\"EntryPoint\",\"urlTemplate\":\"https:\/\/noti-america.com\/site\/colombia\/?s={search_term_string}\"},\"query-input\":{\"@type\":\"PropertyValueSpecification\",\"valueRequired\":true,\"valueName\":\"search_term_string\"}}],\"inLanguage\":\"es\"},{\"@type\":\"Person\",\"@id\":\"https:\/\/noti-america.com\/site\/colombia\/#\/schema\/person\/a2e478ba496331ce89bcd0c731cd6533\",\"name\":\"rloaiza\",\"image\":{\"@type\":\"ImageObject\",\"inLanguage\":\"es\",\"@id\":\"https:\/\/secure.gravatar.com\/avatar\/190058e5d4427934610b99c45aa7a6558806850adedd53ddeddd194b04773e22?s=96&d=mm&r=g\",\"url\":\"https:\/\/secure.gravatar.com\/avatar\/190058e5d4427934610b99c45aa7a6558806850adedd53ddeddd194b04773e22?s=96&d=mm&r=g\",\"contentUrl\":\"https:\/\/secure.gravatar.com\/avatar\/190058e5d4427934610b99c45aa7a6558806850adedd53ddeddd194b04773e22?s=96&d=mm&r=g\",\"caption\":\"rloaiza\"},\"url\":\"https:\/\/noti-america.com\/site\/colombia\/author\/rloaiza\/\"}]}<\/script>\n<!-- \/ Yoast SEO Premium plugin. -->","yoast_head_json":{"title":"Asocolflores y Fedecacao se comprometen con Colombia \u00a0 - Colombia | Noti-America.com","robots":{"index":"index","follow":"follow","max-snippet":"max-snippet:-1","max-image-preview":"max-image-preview:large","max-video-preview":"max-video-preview:-1"},"canonical":"https:\/\/noti-america.com\/site\/colombia\/2020\/09\/17\/asocolflores-y-fedecacao-se-comprometen-con-colombia\/","og_locale":"es_ES","og_type":"article","og_title":"Asocolflores y Fedecacao se comprometen con Colombia \u00a0","og_description":"NOTI-AMERICA.COM (COLOMBIA) Asocolflores y Fedecacao se comprometen con Colombia \u00a0 Las flores y el chocolate, dos de nuestros productos m\u00e1s representativos, y por muchos vistos como competidores, se unen para demostrar que el amor&#46;&#46;&#46;","og_url":"https:\/\/noti-america.com\/site\/colombia\/2020\/09\/17\/asocolflores-y-fedecacao-se-comprometen-con-colombia\/","og_site_name":"Colombia | Noti-America.com","article_published_time":"2020-09-17T14:53:50+00:00","article_modified_time":"2020-09-17T18:53:56+00:00","og_image":[{"width":318,"height":70,"url":"https:\/\/noti-america.com\/site\/colombia\/wp-content\/uploads\/sites\/20\/2020\/09\/Asoflores.png","type":"image\/png"}],"author":"rloaiza","twitter_card":"summary_large_image","twitter_creator":"@notiamerica","twitter_site":"@notiamerica","twitter_misc":{"Escrito por":"rloaiza","Tiempo estimado de lectura":"4 minutos"},"schema":{"@context":"https:\/\/schema.org","@graph":[{"@type":"Article","@id":"https:\/\/noti-america.com\/site\/colombia\/2020\/09\/17\/asocolflores-y-fedecacao-se-comprometen-con-colombia\/#article","isPartOf":{"@id":"https:\/\/noti-america.com\/site\/colombia\/2020\/09\/17\/asocolflores-y-fedecacao-se-comprometen-con-colombia\/"},"author":{"name":"rloaiza","@id":"https:\/\/noti-america.com\/site\/colombia\/#\/schema\/person\/a2e478ba496331ce89bcd0c731cd6533"},"headline":"Asocolflores y Fedecacao se comprometen con Colombia \u00a0","datePublished":"2020-09-17T14:53:50+00:00","dateModified":"2020-09-17T18:53:56+00:00","mainEntityOfPage":{"@id":"https:\/\/noti-america.com\/site\/colombia\/2020\/09\/17\/asocolflores-y-fedecacao-se-comprometen-con-colombia\/"},"wordCount":748,"commentCount":0,"image":{"@id":"https:\/\/noti-america.com\/site\/colombia\/2020\/09\/17\/asocolflores-y-fedecacao-se-comprometen-con-colombia\/#primaryimage"},"thumbnailUrl":"https:\/\/noti-america.com\/site\/colombia\/wp-content\/uploads\/sites\/20\/2020\/09\/Asoflores.png","articleSection":["Actualidad"],"inLanguage":"es","potentialAction":[{"@type":"CommentAction","name":"Comment","target":["https:\/\/noti-america.com\/site\/colombia\/2020\/09\/17\/asocolflores-y-fedecacao-se-comprometen-con-colombia\/#respond"]}]},{"@type":"WebPage","@id":"https:\/\/noti-america.com\/site\/colombia\/2020\/09\/17\/asocolflores-y-fedecacao-se-comprometen-con-colombia\/","url":"https:\/\/noti-america.com\/site\/colombia\/2020\/09\/17\/asocolflores-y-fedecacao-se-comprometen-con-colombia\/","name":"Asocolflores y Fedecacao se comprometen con Colombia \u00a0 - Colombia | Noti-America.com","isPartOf":{"@id":"https:\/\/noti-america.com\/site\/colombia\/#website"},"primaryImageOfPage":{"@id":"https:\/\/noti-america.com\/site\/colombia\/2020\/09\/17\/asocolflores-y-fedecacao-se-comprometen-con-colombia\/#primaryimage"},"image":{"@id":"https:\/\/noti-america.com\/site\/colombia\/2020\/09\/17\/asocolflores-y-fedecacao-se-comprometen-con-colombia\/#primaryimage"},"thumbnailUrl":"https:\/\/noti-america.com\/site\/colombia\/wp-content\/uploads\/sites\/20\/2020\/09\/Asoflores.png","datePublished":"2020-09-17T14:53:50+00:00","dateModified":"2020-09-17T18:53:56+00:00","author":{"@id":"https:\/\/noti-america.com\/site\/colombia\/#\/schema\/person\/a2e478ba496331ce89bcd0c731cd6533"},"breadcrumb":{"@id":"https:\/\/noti-america.com\/site\/colombia\/2020\/09\/17\/asocolflores-y-fedecacao-se-comprometen-con-colombia\/#breadcrumb"},"inLanguage":"es","potentialAction":[{"@type":"ReadAction","target":["https:\/\/noti-america.com\/site\/colombia\/2020\/09\/17\/asocolflores-y-fedecacao-se-comprometen-con-colombia\/"]}]},{"@type":"ImageObject","inLanguage":"es","@id":"https:\/\/noti-america.com\/site\/colombia\/2020\/09\/17\/asocolflores-y-fedecacao-se-comprometen-con-colombia\/#primaryimage","url":"https:\/\/noti-america.com\/site\/colombia\/wp-content\/uploads\/sites\/20\/2020\/09\/Asoflores.png","contentUrl":"https:\/\/noti-america.com\/site\/colombia\/wp-content\/uploads\/sites\/20\/2020\/09\/Asoflores.png","width":318,"height":70},{"@type":"BreadcrumbList","@id":"https:\/\/noti-america.com\/site\/colombia\/2020\/09\/17\/asocolflores-y-fedecacao-se-comprometen-con-colombia\/#breadcrumb","itemListElement":[{"@type":"ListItem","position":1,"name":"Portada","item":"https:\/\/noti-america.com\/site\/colombia\/"},{"@type":"ListItem","position":2,"name":"Asocolflores y Fedecacao se comprometen con Colombia \u00a0"}]},{"@type":"WebSite","@id":"https:\/\/noti-america.com\/site\/colombia\/#website","url":"https:\/\/noti-america.com\/site\/colombia\/","name":"Colombia | Noti-America.com","description":"","potentialAction":[{"@type":"SearchAction","target":{"@type":"EntryPoint","urlTemplate":"https:\/\/noti-america.com\/site\/colombia\/?s={search_term_string}"},"query-input":{"@type":"PropertyValueSpecification","valueRequired":true,"valueName":"search_term_string"}}],"inLanguage":"es"},{"@type":"Person","@id":"https:\/\/noti-america.com\/site\/colombia\/#\/schema\/person\/a2e478ba496331ce89bcd0c731cd6533","name":"rloaiza","image":{"@type":"ImageObject","inLanguage":"es","@id":"https:\/\/secure.gravatar.com\/avatar\/190058e5d4427934610b99c45aa7a6558806850adedd53ddeddd194b04773e22?s=96&d=mm&r=g","url":"https:\/\/secure.gravatar.com\/avatar\/190058e5d4427934610b99c45aa7a6558806850adedd53ddeddd194b04773e22?s=96&d=mm&r=g","contentUrl":"https:\/\/secure.gravatar.com\/avatar\/190058e5d4427934610b99c45aa7a6558806850adedd53ddeddd194b04773e22?s=96&d=mm&r=g","caption":"rloaiza"},"url":"https:\/\/noti-america.com\/site\/colombia\/author\/rloaiza\/"}]}},"_links":{"self":[{"href":"https:\/\/noti-america.com\/site\/colombia\/wp-json\/wp\/v2\/posts\/5851","targetHints":{"allow":["GET"]}}],"collection":[{"href":"https:\/\/noti-america.com\/site\/colombia\/wp-json\/wp\/v2\/posts"}],"about":[{"href":"https:\/\/noti-america.com\/site\/colombia\/wp-json\/wp\/v2\/types\/post"}],"author":[{"embeddable":true,"href":"https:\/\/noti-america.com\/site\/colombia\/wp-json\/wp\/v2\/users\/2"}],"replies":[{"embeddable":true,"href":"https:\/\/noti-america.com\/site\/colombia\/wp-json\/wp\/v2\/comments?post=5851"}],"version-history":[{"count":1,"href":"https:\/\/noti-america.com\/site\/colombia\/wp-json\/wp\/v2\/posts\/5851\/revisions"}],"predecessor-version":[{"id":5853,"href":"https:\/\/noti-america.com\/site\/colombia\/wp-json\/wp\/v2\/posts\/5851\/revisions\/5853"}],"wp:featuredmedia":[{"embeddable":true,"href":"https:\/\/noti-america.com\/site\/colombia\/wp-json\/wp\/v2\/media\/5852"}],"wp:attachment":[{"href":"https:\/\/noti-america.com\/site\/colombia\/wp-json\/wp\/v2\/media?parent=5851"}],"wp:term":[{"taxonomy":"category","embeddable":true,"href":"https:\/\/noti-america.com\/site\/colombia\/wp-json\/wp\/v2\/categories?post=5851"},{"taxonomy":"post_tag","embeddable":true,"href":"https:\/\/noti-america.com\/site\/colombia\/wp-json\/wp\/v2\/tags?post=5851"}],"curies":[{"name":"wp","href":"https:\/\/api.w.org\/{rel}","templated":true}]}}