{"id":5830,"date":"2020-09-17T04:29:58","date_gmt":"2020-09-17T04:29:58","guid":{"rendered":"https:\/\/noti-america.com\/site\/colombia\/?p=5830"},"modified":"2020-09-17T18:02:19","modified_gmt":"2020-09-17T18:02:19","slug":"nuevo-round-para-la-eutanasia-en-el-pais-reyeskuri-es-el-derecho-a-morir-no-a-matar-debemos-respetar-la-autonomia-del-ser-humano-para-decidir-sobre-su-propia-existencia-colomb","status":"publish","type":"post","link":"https:\/\/noti-america.com\/site\/colombia\/2020\/09\/17\/nuevo-round-para-la-eutanasia-en-el-pais-reyeskuri-es-el-derecho-a-morir-no-a-matar-debemos-respetar-la-autonomia-del-ser-humano-para-decidir-sobre-su-propia-existencia-colomb\/","title":{"rendered":"NUEVO ROUND PARA LA EUTANASIA EN EL PA\u00cdS"},"content":{"rendered":"<div id=\"attachment_5831\" style=\"width: 300px\" class=\"wp-caption alignleft\"><img loading=\"lazy\" decoding=\"async\" aria-describedby=\"caption-attachment-5831\" class=\"wp-image-5831 size-medium\" src=\"https:\/\/noti-america.com\/site\/colombia\/wp-content\/uploads\/sites\/20\/2020\/09\/autanasia-290x300.png\" alt=\"\" width=\"290\" height=\"300\" srcset=\"https:\/\/noti-america.com\/site\/colombia\/wp-content\/uploads\/sites\/20\/2020\/09\/autanasia-290x300.png 290w, https:\/\/noti-america.com\/site\/colombia\/wp-content\/uploads\/sites\/20\/2020\/09\/autanasia.png 720w\" sizes=\"auto, (max-width: 290px) 100vw, 290px\" \/><p id=\"caption-attachment-5831\" class=\"wp-caption-text\">@ReyesKuri<\/p><\/div>\n<p style=\"text-align: justify\"><i><span style=\"font-weight: 400\">@ReyesKuri: \u201cEs el derecho a morir, no a matar. Debemos respetar la autonom\u00eda del ser humano para decidir sobre su propia existencia\u201d.<\/span><\/i><\/p>\n<p style=\"text-align: justify\"><span style=\"font-weight: 400\">Colombia dio un paso adelante al aprobar en primer debate el proyecto de ley para<\/span><span style=\"font-weight: 400\"> regular el derecho a morir dignamente bajo la eutanasia. \u201c<\/span><i><span style=\"font-weight: 400\">Es incre\u00edble que desde 1997 la Corte Constitucional haya reconocido este derecho y hoy, 23 a\u00f1os despu\u00e9s, no tengamos una base jur\u00eddica para hacerlo posible\u201d,<\/span><\/i><span style=\"font-weight: 400\"> dijo el representante Reyes Kuri, autor del proyecto.<\/span><\/p>\n<p style=\"text-align: justify\"><span style=\"font-weight: 400\">La ausencia de una ley que regule la materia es uno de los principales problemas de quienes pretenden acceder al derecho fundamental a la vida digna. Por eso, este proyecto de ley eliminar\u00e1 las barreras de acceso para garantizar la calidad de vida de las personas en la medida en que no se prolongar\u00e1 su sufrimiento, ni el de sus familiares. As\u00ed mismo, el proyecto pretende blindar a los m\u00e9dicos que realizan este tipo de procedimientos que, debido a la falta de reglamentaci\u00f3n, pueden verse involucrados en procesos penales.\u00a0<\/span><\/p>\n<p style=\"text-align: justify\"><span style=\"font-weight: 400\">Para acceder a este derecho, la persona solicitante deber\u00e1 ser mayor de 18 a\u00f1os; sufrir una enfermedad incurable, en fase terminal o una condici\u00f3n m\u00e9dica que afecte su calidad de vida de manera grave, y deber\u00e1 tener competencia mental para dar su consentimiento. De esta manera, el proyecto de ley busca proteger derechos consagrados en la Constituci\u00f3n Pol\u00edtica, como lo son: el derecho a la dignidad humana, el derecho a no ser sometido a tratos o penas crueles, inhumanos o degradantes, y el derecho al libre desarrollo de la personalidad.\u00a0<\/span><\/p>\n<p style=\"text-align: justify\"><i><span style=\"font-weight: 400\">\u201cPermitamos que convivan todos los distintos conceptos sobre la vida, no solo uno. \u00a1Solo yo puedo decidir si vivir con sufrimiento o morir con dignidad!\u201d<\/span><\/i><span style=\"font-weight: 400\">, afirm\u00f3 Reyes Kuri.<\/span><\/p>\n<p style=\"text-align: justify\">\n","protected":false},"excerpt":{"rendered":"<p>@ReyesKuri: \u201cEs el derecho a morir, no a matar. Debemos respetar la autonom\u00eda del ser humano para decidir sobre su propia existencia\u201d. Colombia dio un paso adelante al aprobar en primer debate el proyecto&#46;&#46;&#46;<\/p>\n","protected":false},"author":84,"featured_media":5831,"comment_status":"open","ping_status":"open","sticky":false,"template":"","format":"standard","meta":{"_acf_changed":false,"om_disable_all_campaigns":false,"rop_custom_images_group":[],"rop_custom_messages_group":[],"rop_publish_now":"initial","rop_publish_now_accounts":{"twitter_242054905_242054905":""},"rop_publish_now_history":[],"rop_publish_now_status":"pending","_uf_show_specific_survey":0,"_uf_disable_surveys":false,"footnotes":""},"categories":[34,13],"tags":[],"class_list":["post-5830","post","type-post","status-publish","format-standard","has-post-thumbnail","hentry","category-politica-opinion","category-vida-y-salud"],"acf":[],"aioseo_notices":[],"yoast_head":"<!-- This site is optimized with the Yoast SEO Premium plugin v24.9 (Yoast SEO v27.2) - https:\/\/yoast.com\/product\/yoast-seo-premium-wordpress\/ -->\n<title>NUEVO ROUND PARA LA EUTANASIA EN EL PA\u00cdS - Colombia | Noti-America.com<\/title>\n<meta name=\"robots\" content=\"index, follow, max-snippet:-1, max-image-preview:large, max-video-preview:-1\" \/>\n<link rel=\"canonical\" href=\"https:\/\/noti-america.com\/site\/colombia\/2020\/09\/17\/nuevo-round-para-la-eutanasia-en-el-pais-reyeskuri-es-el-derecho-a-morir-no-a-matar-debemos-respetar-la-autonomia-del-ser-humano-para-decidir-sobre-su-propia-existencia-colomb\/\" \/>\n<meta property=\"og:locale\" content=\"es_ES\" \/>\n<meta property=\"og:type\" content=\"article\" \/>\n<meta property=\"og:title\" content=\"NUEVO ROUND PARA LA EUTANASIA EN EL PA\u00cdS\" \/>\n<meta property=\"og:description\" content=\"@ReyesKuri: \u201cEs el derecho a morir, no a matar. Debemos respetar la autonom\u00eda del ser humano para decidir sobre su propia existencia\u201d. Colombia dio un paso adelante al aprobar en primer debate el proyecto&#046;&#046;&#046;\" \/>\n<meta property=\"og:url\" content=\"https:\/\/noti-america.com\/site\/colombia\/2020\/09\/17\/nuevo-round-para-la-eutanasia-en-el-pais-reyeskuri-es-el-derecho-a-morir-no-a-matar-debemos-respetar-la-autonomia-del-ser-humano-para-decidir-sobre-su-propia-existencia-colomb\/\" \/>\n<meta property=\"og:site_name\" content=\"Colombia | Noti-America.com\" \/>\n<meta property=\"article:published_time\" content=\"2020-09-17T04:29:58+00:00\" \/>\n<meta property=\"article:modified_time\" content=\"2020-09-17T18:02:19+00:00\" \/>\n<meta property=\"og:image\" content=\"https:\/\/noti-america.com\/site\/colombia\/wp-content\/uploads\/sites\/20\/2020\/09\/autanasia.png\" \/>\n\t<meta property=\"og:image:width\" content=\"720\" \/>\n\t<meta property=\"og:image:height\" content=\"744\" \/>\n\t<meta property=\"og:image:type\" content=\"image\/png\" \/>\n<meta name=\"author\" content=\"Julian Ortiz\" \/>\n<meta name=\"twitter:card\" content=\"summary_large_image\" \/>\n<meta name=\"twitter:creator\" content=\"@notiamerica\" \/>\n<meta name=\"twitter:site\" content=\"@notiamerica\" \/>\n<meta name=\"twitter:label1\" content=\"Escrito por\" \/>\n\t<meta name=\"twitter:data1\" content=\"Julian Ortiz\" \/>\n\t<meta name=\"twitter:label2\" content=\"Tiempo estimado de lectura\" \/>\n\t<meta name=\"twitter:data2\" content=\"2 minutos\" \/>\n<script type=\"application\/ld+json\" class=\"yoast-schema-graph\">{\"@context\":\"https:\/\/schema.org\",\"@graph\":[{\"@type\":\"Article\",\"@id\":\"https:\/\/noti-america.com\/site\/colombia\/2020\/09\/17\/nuevo-round-para-la-eutanasia-en-el-pais-reyeskuri-es-el-derecho-a-morir-no-a-matar-debemos-respetar-la-autonomia-del-ser-humano-para-decidir-sobre-su-propia-existencia-colomb\/#article\",\"isPartOf\":{\"@id\":\"https:\/\/noti-america.com\/site\/colombia\/2020\/09\/17\/nuevo-round-para-la-eutanasia-en-el-pais-reyeskuri-es-el-derecho-a-morir-no-a-matar-debemos-respetar-la-autonomia-del-ser-humano-para-decidir-sobre-su-propia-existencia-colomb\/\"},\"author\":{\"name\":\"Julian Ortiz\",\"@id\":\"https:\/\/noti-america.com\/site\/colombia\/#\/schema\/person\/eb01881981abf1d02e3bc14527a88e8f\"},\"headline\":\"NUEVO ROUND PARA LA EUTANASIA EN EL PA\u00cdS\",\"datePublished\":\"2020-09-17T04:29:58+00:00\",\"dateModified\":\"2020-09-17T18:02:19+00:00\",\"mainEntityOfPage\":{\"@id\":\"https:\/\/noti-america.com\/site\/colombia\/2020\/09\/17\/nuevo-round-para-la-eutanasia-en-el-pais-reyeskuri-es-el-derecho-a-morir-no-a-matar-debemos-respetar-la-autonomia-del-ser-humano-para-decidir-sobre-su-propia-existencia-colomb\/\"},\"wordCount\":312,\"commentCount\":0,\"image\":{\"@id\":\"https:\/\/noti-america.com\/site\/colombia\/2020\/09\/17\/nuevo-round-para-la-eutanasia-en-el-pais-reyeskuri-es-el-derecho-a-morir-no-a-matar-debemos-respetar-la-autonomia-del-ser-humano-para-decidir-sobre-su-propia-existencia-colomb\/#primaryimage\"},\"thumbnailUrl\":\"https:\/\/noti-america.com\/site\/colombia\/wp-content\/uploads\/sites\/20\/2020\/09\/autanasia.png\",\"articleSection\":[\"Pol\u00edtica\",\"Vida y Salud\"],\"inLanguage\":\"es\",\"potentialAction\":[{\"@type\":\"CommentAction\",\"name\":\"Comment\",\"target\":[\"https:\/\/noti-america.com\/site\/colombia\/2020\/09\/17\/nuevo-round-para-la-eutanasia-en-el-pais-reyeskuri-es-el-derecho-a-morir-no-a-matar-debemos-respetar-la-autonomia-del-ser-humano-para-decidir-sobre-su-propia-existencia-colomb\/#respond\"]}]},{\"@type\":\"WebPage\",\"@id\":\"https:\/\/noti-america.com\/site\/colombia\/2020\/09\/17\/nuevo-round-para-la-eutanasia-en-el-pais-reyeskuri-es-el-derecho-a-morir-no-a-matar-debemos-respetar-la-autonomia-del-ser-humano-para-decidir-sobre-su-propia-existencia-colomb\/\",\"url\":\"https:\/\/noti-america.com\/site\/colombia\/2020\/09\/17\/nuevo-round-para-la-eutanasia-en-el-pais-reyeskuri-es-el-derecho-a-morir-no-a-matar-debemos-respetar-la-autonomia-del-ser-humano-para-decidir-sobre-su-propia-existencia-colomb\/\",\"name\":\"NUEVO ROUND PARA LA EUTANASIA EN EL PA\u00cdS - Colombia | Noti-America.com\",\"isPartOf\":{\"@id\":\"https:\/\/noti-america.com\/site\/colombia\/#website\"},\"primaryImageOfPage\":{\"@id\":\"https:\/\/noti-america.com\/site\/colombia\/2020\/09\/17\/nuevo-round-para-la-eutanasia-en-el-pais-reyeskuri-es-el-derecho-a-morir-no-a-matar-debemos-respetar-la-autonomia-del-ser-humano-para-decidir-sobre-su-propia-existencia-colomb\/#primaryimage\"},\"image\":{\"@id\":\"https:\/\/noti-america.com\/site\/colombia\/2020\/09\/17\/nuevo-round-para-la-eutanasia-en-el-pais-reyeskuri-es-el-derecho-a-morir-no-a-matar-debemos-respetar-la-autonomia-del-ser-humano-para-decidir-sobre-su-propia-existencia-colomb\/#primaryimage\"},\"thumbnailUrl\":\"https:\/\/noti-america.com\/site\/colombia\/wp-content\/uploads\/sites\/20\/2020\/09\/autanasia.png\",\"datePublished\":\"2020-09-17T04:29:58+00:00\",\"dateModified\":\"2020-09-17T18:02:19+00:00\",\"author\":{\"@id\":\"https:\/\/noti-america.com\/site\/colombia\/#\/schema\/person\/eb01881981abf1d02e3bc14527a88e8f\"},\"breadcrumb\":{\"@id\":\"https:\/\/noti-america.com\/site\/colombia\/2020\/09\/17\/nuevo-round-para-la-eutanasia-en-el-pais-reyeskuri-es-el-derecho-a-morir-no-a-matar-debemos-respetar-la-autonomia-del-ser-humano-para-decidir-sobre-su-propia-existencia-colomb\/#breadcrumb\"},\"inLanguage\":\"es\",\"potentialAction\":[{\"@type\":\"ReadAction\",\"target\":[\"https:\/\/noti-america.com\/site\/colombia\/2020\/09\/17\/nuevo-round-para-la-eutanasia-en-el-pais-reyeskuri-es-el-derecho-a-morir-no-a-matar-debemos-respetar-la-autonomia-del-ser-humano-para-decidir-sobre-su-propia-existencia-colomb\/\"]}]},{\"@type\":\"ImageObject\",\"inLanguage\":\"es\",\"@id\":\"https:\/\/noti-america.com\/site\/colombia\/2020\/09\/17\/nuevo-round-para-la-eutanasia-en-el-pais-reyeskuri-es-el-derecho-a-morir-no-a-matar-debemos-respetar-la-autonomia-del-ser-humano-para-decidir-sobre-su-propia-existencia-colomb\/#primaryimage\",\"url\":\"https:\/\/noti-america.com\/site\/colombia\/wp-content\/uploads\/sites\/20\/2020\/09\/autanasia.png\",\"contentUrl\":\"https:\/\/noti-america.com\/site\/colombia\/wp-content\/uploads\/sites\/20\/2020\/09\/autanasia.png\",\"width\":720,\"height\":744},{\"@type\":\"BreadcrumbList\",\"@id\":\"https:\/\/noti-america.com\/site\/colombia\/2020\/09\/17\/nuevo-round-para-la-eutanasia-en-el-pais-reyeskuri-es-el-derecho-a-morir-no-a-matar-debemos-respetar-la-autonomia-del-ser-humano-para-decidir-sobre-su-propia-existencia-colomb\/#breadcrumb\",\"itemListElement\":[{\"@type\":\"ListItem\",\"position\":1,\"name\":\"Portada\",\"item\":\"https:\/\/noti-america.com\/site\/colombia\/\"},{\"@type\":\"ListItem\",\"position\":2,\"name\":\"NUEVO ROUND PARA LA EUTANASIA EN EL PA\u00cdS\"}]},{\"@type\":\"WebSite\",\"@id\":\"https:\/\/noti-america.com\/site\/colombia\/#website\",\"url\":\"https:\/\/noti-america.com\/site\/colombia\/\",\"name\":\"Colombia | Noti-America.com\",\"description\":\"\",\"potentialAction\":[{\"@type\":\"SearchAction\",\"target\":{\"@type\":\"EntryPoint\",\"urlTemplate\":\"https:\/\/noti-america.com\/site\/colombia\/?s={search_term_string}\"},\"query-input\":{\"@type\":\"PropertyValueSpecification\",\"valueRequired\":true,\"valueName\":\"search_term_string\"}}],\"inLanguage\":\"es\"},{\"@type\":\"Person\",\"@id\":\"https:\/\/noti-america.com\/site\/colombia\/#\/schema\/person\/eb01881981abf1d02e3bc14527a88e8f\",\"name\":\"Julian Ortiz\",\"image\":{\"@type\":\"ImageObject\",\"inLanguage\":\"es\",\"@id\":\"https:\/\/secure.gravatar.com\/avatar\/538f67c8e966ab4c39ad15913dfecfa3902d52730c1c7194ed5a337bf2268d69?s=96&d=mm&r=g\",\"url\":\"https:\/\/secure.gravatar.com\/avatar\/538f67c8e966ab4c39ad15913dfecfa3902d52730c1c7194ed5a337bf2268d69?s=96&d=mm&r=g\",\"contentUrl\":\"https:\/\/secure.gravatar.com\/avatar\/538f67c8e966ab4c39ad15913dfecfa3902d52730c1c7194ed5a337bf2268d69?s=96&d=mm&r=g\",\"caption\":\"Julian Ortiz\"},\"url\":\"https:\/\/noti-america.com\/site\/colombia\/author\/jortiz\/\"}]}<\/script>\n<!-- \/ Yoast SEO Premium plugin. -->","yoast_head_json":{"title":"NUEVO ROUND PARA LA EUTANASIA EN EL PA\u00cdS - Colombia | Noti-America.com","robots":{"index":"index","follow":"follow","max-snippet":"max-snippet:-1","max-image-preview":"max-image-preview:large","max-video-preview":"max-video-preview:-1"},"canonical":"https:\/\/noti-america.com\/site\/colombia\/2020\/09\/17\/nuevo-round-para-la-eutanasia-en-el-pais-reyeskuri-es-el-derecho-a-morir-no-a-matar-debemos-respetar-la-autonomia-del-ser-humano-para-decidir-sobre-su-propia-existencia-colomb\/","og_locale":"es_ES","og_type":"article","og_title":"NUEVO ROUND PARA LA EUTANASIA EN EL PA\u00cdS","og_description":"@ReyesKuri: \u201cEs el derecho a morir, no a matar. Debemos respetar la autonom\u00eda del ser humano para decidir sobre su propia existencia\u201d. Colombia dio un paso adelante al aprobar en primer debate el proyecto&#46;&#46;&#46;","og_url":"https:\/\/noti-america.com\/site\/colombia\/2020\/09\/17\/nuevo-round-para-la-eutanasia-en-el-pais-reyeskuri-es-el-derecho-a-morir-no-a-matar-debemos-respetar-la-autonomia-del-ser-humano-para-decidir-sobre-su-propia-existencia-colomb\/","og_site_name":"Colombia | Noti-America.com","article_published_time":"2020-09-17T04:29:58+00:00","article_modified_time":"2020-09-17T18:02:19+00:00","og_image":[{"width":720,"height":744,"url":"https:\/\/noti-america.com\/site\/colombia\/wp-content\/uploads\/sites\/20\/2020\/09\/autanasia.png","type":"image\/png"}],"author":"Julian Ortiz","twitter_card":"summary_large_image","twitter_creator":"@notiamerica","twitter_site":"@notiamerica","twitter_misc":{"Escrito por":"Julian Ortiz","Tiempo estimado de lectura":"2 minutos"},"schema":{"@context":"https:\/\/schema.org","@graph":[{"@type":"Article","@id":"https:\/\/noti-america.com\/site\/colombia\/2020\/09\/17\/nuevo-round-para-la-eutanasia-en-el-pais-reyeskuri-es-el-derecho-a-morir-no-a-matar-debemos-respetar-la-autonomia-del-ser-humano-para-decidir-sobre-su-propia-existencia-colomb\/#article","isPartOf":{"@id":"https:\/\/noti-america.com\/site\/colombia\/2020\/09\/17\/nuevo-round-para-la-eutanasia-en-el-pais-reyeskuri-es-el-derecho-a-morir-no-a-matar-debemos-respetar-la-autonomia-del-ser-humano-para-decidir-sobre-su-propia-existencia-colomb\/"},"author":{"name":"Julian Ortiz","@id":"https:\/\/noti-america.com\/site\/colombia\/#\/schema\/person\/eb01881981abf1d02e3bc14527a88e8f"},"headline":"NUEVO ROUND PARA LA EUTANASIA EN EL PA\u00cdS","datePublished":"2020-09-17T04:29:58+00:00","dateModified":"2020-09-17T18:02:19+00:00","mainEntityOfPage":{"@id":"https:\/\/noti-america.com\/site\/colombia\/2020\/09\/17\/nuevo-round-para-la-eutanasia-en-el-pais-reyeskuri-es-el-derecho-a-morir-no-a-matar-debemos-respetar-la-autonomia-del-ser-humano-para-decidir-sobre-su-propia-existencia-colomb\/"},"wordCount":312,"commentCount":0,"image":{"@id":"https:\/\/noti-america.com\/site\/colombia\/2020\/09\/17\/nuevo-round-para-la-eutanasia-en-el-pais-reyeskuri-es-el-derecho-a-morir-no-a-matar-debemos-respetar-la-autonomia-del-ser-humano-para-decidir-sobre-su-propia-existencia-colomb\/#primaryimage"},"thumbnailUrl":"https:\/\/noti-america.com\/site\/colombia\/wp-content\/uploads\/sites\/20\/2020\/09\/autanasia.png","articleSection":["Pol\u00edtica","Vida y Salud"],"inLanguage":"es","potentialAction":[{"@type":"CommentAction","name":"Comment","target":["https:\/\/noti-america.com\/site\/colombia\/2020\/09\/17\/nuevo-round-para-la-eutanasia-en-el-pais-reyeskuri-es-el-derecho-a-morir-no-a-matar-debemos-respetar-la-autonomia-del-ser-humano-para-decidir-sobre-su-propia-existencia-colomb\/#respond"]}]},{"@type":"WebPage","@id":"https:\/\/noti-america.com\/site\/colombia\/2020\/09\/17\/nuevo-round-para-la-eutanasia-en-el-pais-reyeskuri-es-el-derecho-a-morir-no-a-matar-debemos-respetar-la-autonomia-del-ser-humano-para-decidir-sobre-su-propia-existencia-colomb\/","url":"https:\/\/noti-america.com\/site\/colombia\/2020\/09\/17\/nuevo-round-para-la-eutanasia-en-el-pais-reyeskuri-es-el-derecho-a-morir-no-a-matar-debemos-respetar-la-autonomia-del-ser-humano-para-decidir-sobre-su-propia-existencia-colomb\/","name":"NUEVO ROUND PARA LA EUTANASIA EN EL PA\u00cdS - Colombia | Noti-America.com","isPartOf":{"@id":"https:\/\/noti-america.com\/site\/colombia\/#website"},"primaryImageOfPage":{"@id":"https:\/\/noti-america.com\/site\/colombia\/2020\/09\/17\/nuevo-round-para-la-eutanasia-en-el-pais-reyeskuri-es-el-derecho-a-morir-no-a-matar-debemos-respetar-la-autonomia-del-ser-humano-para-decidir-sobre-su-propia-existencia-colomb\/#primaryimage"},"image":{"@id":"https:\/\/noti-america.com\/site\/colombia\/2020\/09\/17\/nuevo-round-para-la-eutanasia-en-el-pais-reyeskuri-es-el-derecho-a-morir-no-a-matar-debemos-respetar-la-autonomia-del-ser-humano-para-decidir-sobre-su-propia-existencia-colomb\/#primaryimage"},"thumbnailUrl":"https:\/\/noti-america.com\/site\/colombia\/wp-content\/uploads\/sites\/20\/2020\/09\/autanasia.png","datePublished":"2020-09-17T04:29:58+00:00","dateModified":"2020-09-17T18:02:19+00:00","author":{"@id":"https:\/\/noti-america.com\/site\/colombia\/#\/schema\/person\/eb01881981abf1d02e3bc14527a88e8f"},"breadcrumb":{"@id":"https:\/\/noti-america.com\/site\/colombia\/2020\/09\/17\/nuevo-round-para-la-eutanasia-en-el-pais-reyeskuri-es-el-derecho-a-morir-no-a-matar-debemos-respetar-la-autonomia-del-ser-humano-para-decidir-sobre-su-propia-existencia-colomb\/#breadcrumb"},"inLanguage":"es","potentialAction":[{"@type":"ReadAction","target":["https:\/\/noti-america.com\/site\/colombia\/2020\/09\/17\/nuevo-round-para-la-eutanasia-en-el-pais-reyeskuri-es-el-derecho-a-morir-no-a-matar-debemos-respetar-la-autonomia-del-ser-humano-para-decidir-sobre-su-propia-existencia-colomb\/"]}]},{"@type":"ImageObject","inLanguage":"es","@id":"https:\/\/noti-america.com\/site\/colombia\/2020\/09\/17\/nuevo-round-para-la-eutanasia-en-el-pais-reyeskuri-es-el-derecho-a-morir-no-a-matar-debemos-respetar-la-autonomia-del-ser-humano-para-decidir-sobre-su-propia-existencia-colomb\/#primaryimage","url":"https:\/\/noti-america.com\/site\/colombia\/wp-content\/uploads\/sites\/20\/2020\/09\/autanasia.png","contentUrl":"https:\/\/noti-america.com\/site\/colombia\/wp-content\/uploads\/sites\/20\/2020\/09\/autanasia.png","width":720,"height":744},{"@type":"BreadcrumbList","@id":"https:\/\/noti-america.com\/site\/colombia\/2020\/09\/17\/nuevo-round-para-la-eutanasia-en-el-pais-reyeskuri-es-el-derecho-a-morir-no-a-matar-debemos-respetar-la-autonomia-del-ser-humano-para-decidir-sobre-su-propia-existencia-colomb\/#breadcrumb","itemListElement":[{"@type":"ListItem","position":1,"name":"Portada","item":"https:\/\/noti-america.com\/site\/colombia\/"},{"@type":"ListItem","position":2,"name":"NUEVO ROUND PARA LA EUTANASIA EN EL PA\u00cdS"}]},{"@type":"WebSite","@id":"https:\/\/noti-america.com\/site\/colombia\/#website","url":"https:\/\/noti-america.com\/site\/colombia\/","name":"Colombia | Noti-America.com","description":"","potentialAction":[{"@type":"SearchAction","target":{"@type":"EntryPoint","urlTemplate":"https:\/\/noti-america.com\/site\/colombia\/?s={search_term_string}"},"query-input":{"@type":"PropertyValueSpecification","valueRequired":true,"valueName":"search_term_string"}}],"inLanguage":"es"},{"@type":"Person","@id":"https:\/\/noti-america.com\/site\/colombia\/#\/schema\/person\/eb01881981abf1d02e3bc14527a88e8f","name":"Julian Ortiz","image":{"@type":"ImageObject","inLanguage":"es","@id":"https:\/\/secure.gravatar.com\/avatar\/538f67c8e966ab4c39ad15913dfecfa3902d52730c1c7194ed5a337bf2268d69?s=96&d=mm&r=g","url":"https:\/\/secure.gravatar.com\/avatar\/538f67c8e966ab4c39ad15913dfecfa3902d52730c1c7194ed5a337bf2268d69?s=96&d=mm&r=g","contentUrl":"https:\/\/secure.gravatar.com\/avatar\/538f67c8e966ab4c39ad15913dfecfa3902d52730c1c7194ed5a337bf2268d69?s=96&d=mm&r=g","caption":"Julian Ortiz"},"url":"https:\/\/noti-america.com\/site\/colombia\/author\/jortiz\/"}]}},"_links":{"self":[{"href":"https:\/\/noti-america.com\/site\/colombia\/wp-json\/wp\/v2\/posts\/5830","targetHints":{"allow":["GET"]}}],"collection":[{"href":"https:\/\/noti-america.com\/site\/colombia\/wp-json\/wp\/v2\/posts"}],"about":[{"href":"https:\/\/noti-america.com\/site\/colombia\/wp-json\/wp\/v2\/types\/post"}],"author":[{"embeddable":true,"href":"https:\/\/noti-america.com\/site\/colombia\/wp-json\/wp\/v2\/users\/84"}],"replies":[{"embeddable":true,"href":"https:\/\/noti-america.com\/site\/colombia\/wp-json\/wp\/v2\/comments?post=5830"}],"version-history":[{"count":2,"href":"https:\/\/noti-america.com\/site\/colombia\/wp-json\/wp\/v2\/posts\/5830\/revisions"}],"predecessor-version":[{"id":5833,"href":"https:\/\/noti-america.com\/site\/colombia\/wp-json\/wp\/v2\/posts\/5830\/revisions\/5833"}],"wp:featuredmedia":[{"embeddable":true,"href":"https:\/\/noti-america.com\/site\/colombia\/wp-json\/wp\/v2\/media\/5831"}],"wp:attachment":[{"href":"https:\/\/noti-america.com\/site\/colombia\/wp-json\/wp\/v2\/media?parent=5830"}],"wp:term":[{"taxonomy":"category","embeddable":true,"href":"https:\/\/noti-america.com\/site\/colombia\/wp-json\/wp\/v2\/categories?post=5830"},{"taxonomy":"post_tag","embeddable":true,"href":"https:\/\/noti-america.com\/site\/colombia\/wp-json\/wp\/v2\/tags?post=5830"}],"curies":[{"name":"wp","href":"https:\/\/api.w.org\/{rel}","templated":true}]}}