{"id":5808,"date":"2020-09-16T01:59:01","date_gmt":"2020-09-16T01:59:01","guid":{"rendered":"https:\/\/noti-america.com\/site\/colombia\/?p=5808"},"modified":"2020-09-16T02:00:10","modified_gmt":"2020-09-16T02:00:10","slug":"el-ultimo-adios-a-javier-ordonez","status":"publish","type":"post","link":"https:\/\/noti-america.com\/site\/colombia\/2020\/09\/16\/el-ultimo-adios-a-javier-ordonez\/","title":{"rendered":"El \u00faltimo adi\u00f3s a Javier Ord\u00f3\u00f1ez"},"content":{"rendered":"<p><img loading=\"lazy\" decoding=\"async\" class=\"size-medium wp-image-5709 aligncenter\" src=\"https:\/\/noti-america.com\/site\/colombia\/wp-content\/uploads\/sites\/20\/2020\/09\/IMG_20200909_100416-300x291.jpg\" alt=\"\" width=\"300\" height=\"291\" srcset=\"https:\/\/noti-america.com\/site\/colombia\/wp-content\/uploads\/sites\/20\/2020\/09\/IMG_20200909_100416-300x291.jpg 300w, https:\/\/noti-america.com\/site\/colombia\/wp-content\/uploads\/sites\/20\/2020\/09\/IMG_20200909_100416-1024x993.jpg 1024w, https:\/\/noti-america.com\/site\/colombia\/wp-content\/uploads\/sites\/20\/2020\/09\/IMG_20200909_100416-768x744.jpg 768w, https:\/\/noti-america.com\/site\/colombia\/wp-content\/uploads\/sites\/20\/2020\/09\/IMG_20200909_100416.jpg 1108w\" sizes=\"auto, (max-width: 300px) 100vw, 300px\" \/><\/p>\n<p style=\"text-align: justify\"><em>Tras ocho d\u00edas de su muerte, el sepelio ser\u00e1 en una ceremonia privada.<\/em><\/p>\n<p style=\"text-align: justify\">Justicia! es el clamor de los familiares del ingeniero y estudiante de derecho Javier Ord\u00f3\u00f1ez, tras estar viviendo uno de los momentos m\u00e1s dif\u00edciles de su vida, luego del asesinato de su ser querido a manos de varios polic\u00edas, la velaci\u00f3n se ha llevado a cabo de manera privada en una funeraria del norte de Bogot\u00e1.<\/p>\n<p style=\"text-align: justify\">El cuerpo de Ord\u00f3\u00f1ez fue entregado por Medicina Legal desde el viernes pero solo hasta hoy fue el velorio, a la espera que llegaran familiares del exterior. Ma\u00f1ana se realizar\u00e1 el sepelio.<\/p>\n<p style=\"text-align: justify\">Seg\u00fan el informe de Medicina Legal, Javier presentaba nueve fracturas en el cr\u00e1neo y un golpe contundente en la cabeza.<\/p>\n<p style=\"text-align: justify\">De acuerdo a la historia cl\u00ednica del Hospital Santa Mar\u00eda del Lago, Ord\u00f3\u00f1ez lleg\u00f3 sin signos vitales al centro hospitalario.<\/p>\n","protected":false},"excerpt":{"rendered":"<p>Tras ocho d\u00edas de su muerte, el sepelio ser\u00e1 en una ceremonia privada. Justicia! es el clamor de los familiares del ingeniero y estudiante de derecho Javier Ord\u00f3\u00f1ez, tras estar viviendo uno de los&#46;&#46;&#46;<\/p>\n","protected":false},"author":85,"featured_media":5709,"comment_status":"open","ping_status":"open","sticky":false,"template":"","format":"standard","meta":{"_acf_changed":false,"om_disable_all_campaigns":false,"rop_custom_images_group":[],"rop_custom_messages_group":[],"rop_publish_now":"initial","rop_publish_now_accounts":{"twitter_242054905_242054905":""},"rop_publish_now_history":[],"rop_publish_now_status":"pending","_uf_show_specific_survey":0,"_uf_disable_surveys":false,"footnotes":""},"categories":[174,40],"tags":[],"class_list":["post-5808","post","type-post","status-publish","format-standard","has-post-thumbnail","hentry","category-judicial","category-noticias"],"acf":[],"aioseo_notices":[],"yoast_head":"<!-- This site is optimized with the Yoast SEO Premium plugin v24.9 (Yoast SEO v27.2) - https:\/\/yoast.com\/product\/yoast-seo-premium-wordpress\/ -->\n<title>El \u00faltimo adi\u00f3s a Javier Ord\u00f3\u00f1ez - Colombia | Noti-America.com<\/title>\n<meta name=\"robots\" content=\"index, follow, max-snippet:-1, max-image-preview:large, max-video-preview:-1\" \/>\n<link rel=\"canonical\" href=\"https:\/\/noti-america.com\/site\/colombia\/2020\/09\/16\/el-ultimo-adios-a-javier-ordonez\/\" \/>\n<meta property=\"og:locale\" content=\"es_ES\" \/>\n<meta property=\"og:type\" content=\"article\" \/>\n<meta property=\"og:title\" content=\"El \u00faltimo adi\u00f3s a Javier Ord\u00f3\u00f1ez\" \/>\n<meta property=\"og:description\" content=\"Tras ocho d\u00edas de su muerte, el sepelio ser\u00e1 en una ceremonia privada. Justicia! es el clamor de los familiares del ingeniero y estudiante de derecho Javier Ord\u00f3\u00f1ez, tras estar viviendo uno de los&#046;&#046;&#046;\" \/>\n<meta property=\"og:url\" content=\"https:\/\/noti-america.com\/site\/colombia\/2020\/09\/16\/el-ultimo-adios-a-javier-ordonez\/\" \/>\n<meta property=\"og:site_name\" content=\"Colombia | Noti-America.com\" \/>\n<meta property=\"article:published_time\" content=\"2020-09-16T01:59:01+00:00\" \/>\n<meta property=\"article:modified_time\" content=\"2020-09-16T02:00:10+00:00\" \/>\n<meta property=\"og:image\" content=\"https:\/\/noti-america.com\/site\/colombia\/wp-content\/uploads\/sites\/20\/2020\/09\/IMG_20200909_100416.jpg\" \/>\n\t<meta property=\"og:image:width\" content=\"1108\" \/>\n\t<meta property=\"og:image:height\" content=\"1074\" \/>\n\t<meta property=\"og:image:type\" content=\"image\/jpeg\" \/>\n<meta name=\"author\" content=\"Silvia S\u00e1nchez\" \/>\n<meta name=\"twitter:card\" content=\"summary_large_image\" \/>\n<meta name=\"twitter:creator\" content=\"@notiamerica\" \/>\n<meta name=\"twitter:site\" content=\"@notiamerica\" \/>\n<meta name=\"twitter:label1\" content=\"Escrito por\" \/>\n\t<meta name=\"twitter:data1\" content=\"Silvia S\u00e1nchez\" \/>\n\t<meta name=\"twitter:label2\" content=\"Tiempo estimado de lectura\" \/>\n\t<meta name=\"twitter:data2\" content=\"1 minuto\" \/>\n<script type=\"application\/ld+json\" class=\"yoast-schema-graph\">{\"@context\":\"https:\/\/schema.org\",\"@graph\":[{\"@type\":\"Article\",\"@id\":\"https:\/\/noti-america.com\/site\/colombia\/2020\/09\/16\/el-ultimo-adios-a-javier-ordonez\/#article\",\"isPartOf\":{\"@id\":\"https:\/\/noti-america.com\/site\/colombia\/2020\/09\/16\/el-ultimo-adios-a-javier-ordonez\/\"},\"author\":{\"name\":\"Silvia S\u00e1nchez\",\"@id\":\"https:\/\/noti-america.com\/site\/colombia\/#\/schema\/person\/cbe765ce6466f69388037918684cdbc1\"},\"headline\":\"El \u00faltimo adi\u00f3s a Javier Ord\u00f3\u00f1ez\",\"datePublished\":\"2020-09-16T01:59:01+00:00\",\"dateModified\":\"2020-09-16T02:00:10+00:00\",\"mainEntityOfPage\":{\"@id\":\"https:\/\/noti-america.com\/site\/colombia\/2020\/09\/16\/el-ultimo-adios-a-javier-ordonez\/\"},\"wordCount\":162,\"commentCount\":0,\"image\":{\"@id\":\"https:\/\/noti-america.com\/site\/colombia\/2020\/09\/16\/el-ultimo-adios-a-javier-ordonez\/#primaryimage\"},\"thumbnailUrl\":\"https:\/\/noti-america.com\/site\/colombia\/wp-content\/uploads\/sites\/20\/2020\/09\/IMG_20200909_100416.jpg\",\"articleSection\":[\"Judicial\",\"Noticias\"],\"inLanguage\":\"es\",\"potentialAction\":[{\"@type\":\"CommentAction\",\"name\":\"Comment\",\"target\":[\"https:\/\/noti-america.com\/site\/colombia\/2020\/09\/16\/el-ultimo-adios-a-javier-ordonez\/#respond\"]}]},{\"@type\":\"WebPage\",\"@id\":\"https:\/\/noti-america.com\/site\/colombia\/2020\/09\/16\/el-ultimo-adios-a-javier-ordonez\/\",\"url\":\"https:\/\/noti-america.com\/site\/colombia\/2020\/09\/16\/el-ultimo-adios-a-javier-ordonez\/\",\"name\":\"El \u00faltimo adi\u00f3s a Javier Ord\u00f3\u00f1ez - Colombia | Noti-America.com\",\"isPartOf\":{\"@id\":\"https:\/\/noti-america.com\/site\/colombia\/#website\"},\"primaryImageOfPage\":{\"@id\":\"https:\/\/noti-america.com\/site\/colombia\/2020\/09\/16\/el-ultimo-adios-a-javier-ordonez\/#primaryimage\"},\"image\":{\"@id\":\"https:\/\/noti-america.com\/site\/colombia\/2020\/09\/16\/el-ultimo-adios-a-javier-ordonez\/#primaryimage\"},\"thumbnailUrl\":\"https:\/\/noti-america.com\/site\/colombia\/wp-content\/uploads\/sites\/20\/2020\/09\/IMG_20200909_100416.jpg\",\"datePublished\":\"2020-09-16T01:59:01+00:00\",\"dateModified\":\"2020-09-16T02:00:10+00:00\",\"author\":{\"@id\":\"https:\/\/noti-america.com\/site\/colombia\/#\/schema\/person\/cbe765ce6466f69388037918684cdbc1\"},\"breadcrumb\":{\"@id\":\"https:\/\/noti-america.com\/site\/colombia\/2020\/09\/16\/el-ultimo-adios-a-javier-ordonez\/#breadcrumb\"},\"inLanguage\":\"es\",\"potentialAction\":[{\"@type\":\"ReadAction\",\"target\":[\"https:\/\/noti-america.com\/site\/colombia\/2020\/09\/16\/el-ultimo-adios-a-javier-ordonez\/\"]}]},{\"@type\":\"ImageObject\",\"inLanguage\":\"es\",\"@id\":\"https:\/\/noti-america.com\/site\/colombia\/2020\/09\/16\/el-ultimo-adios-a-javier-ordonez\/#primaryimage\",\"url\":\"https:\/\/noti-america.com\/site\/colombia\/wp-content\/uploads\/sites\/20\/2020\/09\/IMG_20200909_100416.jpg\",\"contentUrl\":\"https:\/\/noti-america.com\/site\/colombia\/wp-content\/uploads\/sites\/20\/2020\/09\/IMG_20200909_100416.jpg\",\"width\":1108,\"height\":1074},{\"@type\":\"BreadcrumbList\",\"@id\":\"https:\/\/noti-america.com\/site\/colombia\/2020\/09\/16\/el-ultimo-adios-a-javier-ordonez\/#breadcrumb\",\"itemListElement\":[{\"@type\":\"ListItem\",\"position\":1,\"name\":\"Portada\",\"item\":\"https:\/\/noti-america.com\/site\/colombia\/\"},{\"@type\":\"ListItem\",\"position\":2,\"name\":\"El \u00faltimo adi\u00f3s a Javier Ord\u00f3\u00f1ez\"}]},{\"@type\":\"WebSite\",\"@id\":\"https:\/\/noti-america.com\/site\/colombia\/#website\",\"url\":\"https:\/\/noti-america.com\/site\/colombia\/\",\"name\":\"Colombia | Noti-America.com\",\"description\":\"\",\"potentialAction\":[{\"@type\":\"SearchAction\",\"target\":{\"@type\":\"EntryPoint\",\"urlTemplate\":\"https:\/\/noti-america.com\/site\/colombia\/?s={search_term_string}\"},\"query-input\":{\"@type\":\"PropertyValueSpecification\",\"valueRequired\":true,\"valueName\":\"search_term_string\"}}],\"inLanguage\":\"es\"},{\"@type\":\"Person\",\"@id\":\"https:\/\/noti-america.com\/site\/colombia\/#\/schema\/person\/cbe765ce6466f69388037918684cdbc1\",\"name\":\"Silvia S\u00e1nchez\",\"image\":{\"@type\":\"ImageObject\",\"inLanguage\":\"es\",\"@id\":\"https:\/\/secure.gravatar.com\/avatar\/2287cfc8de78326c0baee5bffce79d09df06b397cb6bd0bce79b2faf6d45aa43?s=96&d=mm&r=g\",\"url\":\"https:\/\/secure.gravatar.com\/avatar\/2287cfc8de78326c0baee5bffce79d09df06b397cb6bd0bce79b2faf6d45aa43?s=96&d=mm&r=g\",\"contentUrl\":\"https:\/\/secure.gravatar.com\/avatar\/2287cfc8de78326c0baee5bffce79d09df06b397cb6bd0bce79b2faf6d45aa43?s=96&d=mm&r=g\",\"caption\":\"Silvia S\u00e1nchez\"},\"url\":\"https:\/\/noti-america.com\/site\/colombia\/author\/ssanchez\/\"}]}<\/script>\n<!-- \/ Yoast SEO Premium plugin. -->","yoast_head_json":{"title":"El \u00faltimo adi\u00f3s a Javier Ord\u00f3\u00f1ez - Colombia | Noti-America.com","robots":{"index":"index","follow":"follow","max-snippet":"max-snippet:-1","max-image-preview":"max-image-preview:large","max-video-preview":"max-video-preview:-1"},"canonical":"https:\/\/noti-america.com\/site\/colombia\/2020\/09\/16\/el-ultimo-adios-a-javier-ordonez\/","og_locale":"es_ES","og_type":"article","og_title":"El \u00faltimo adi\u00f3s a Javier Ord\u00f3\u00f1ez","og_description":"Tras ocho d\u00edas de su muerte, el sepelio ser\u00e1 en una ceremonia privada. Justicia! es el clamor de los familiares del ingeniero y estudiante de derecho Javier Ord\u00f3\u00f1ez, tras estar viviendo uno de los&#46;&#46;&#46;","og_url":"https:\/\/noti-america.com\/site\/colombia\/2020\/09\/16\/el-ultimo-adios-a-javier-ordonez\/","og_site_name":"Colombia | Noti-America.com","article_published_time":"2020-09-16T01:59:01+00:00","article_modified_time":"2020-09-16T02:00:10+00:00","og_image":[{"width":1108,"height":1074,"url":"https:\/\/noti-america.com\/site\/colombia\/wp-content\/uploads\/sites\/20\/2020\/09\/IMG_20200909_100416.jpg","type":"image\/jpeg"}],"author":"Silvia S\u00e1nchez","twitter_card":"summary_large_image","twitter_creator":"@notiamerica","twitter_site":"@notiamerica","twitter_misc":{"Escrito por":"Silvia S\u00e1nchez","Tiempo estimado de lectura":"1 minuto"},"schema":{"@context":"https:\/\/schema.org","@graph":[{"@type":"Article","@id":"https:\/\/noti-america.com\/site\/colombia\/2020\/09\/16\/el-ultimo-adios-a-javier-ordonez\/#article","isPartOf":{"@id":"https:\/\/noti-america.com\/site\/colombia\/2020\/09\/16\/el-ultimo-adios-a-javier-ordonez\/"},"author":{"name":"Silvia S\u00e1nchez","@id":"https:\/\/noti-america.com\/site\/colombia\/#\/schema\/person\/cbe765ce6466f69388037918684cdbc1"},"headline":"El \u00faltimo adi\u00f3s a Javier Ord\u00f3\u00f1ez","datePublished":"2020-09-16T01:59:01+00:00","dateModified":"2020-09-16T02:00:10+00:00","mainEntityOfPage":{"@id":"https:\/\/noti-america.com\/site\/colombia\/2020\/09\/16\/el-ultimo-adios-a-javier-ordonez\/"},"wordCount":162,"commentCount":0,"image":{"@id":"https:\/\/noti-america.com\/site\/colombia\/2020\/09\/16\/el-ultimo-adios-a-javier-ordonez\/#primaryimage"},"thumbnailUrl":"https:\/\/noti-america.com\/site\/colombia\/wp-content\/uploads\/sites\/20\/2020\/09\/IMG_20200909_100416.jpg","articleSection":["Judicial","Noticias"],"inLanguage":"es","potentialAction":[{"@type":"CommentAction","name":"Comment","target":["https:\/\/noti-america.com\/site\/colombia\/2020\/09\/16\/el-ultimo-adios-a-javier-ordonez\/#respond"]}]},{"@type":"WebPage","@id":"https:\/\/noti-america.com\/site\/colombia\/2020\/09\/16\/el-ultimo-adios-a-javier-ordonez\/","url":"https:\/\/noti-america.com\/site\/colombia\/2020\/09\/16\/el-ultimo-adios-a-javier-ordonez\/","name":"El \u00faltimo adi\u00f3s a Javier Ord\u00f3\u00f1ez - Colombia | Noti-America.com","isPartOf":{"@id":"https:\/\/noti-america.com\/site\/colombia\/#website"},"primaryImageOfPage":{"@id":"https:\/\/noti-america.com\/site\/colombia\/2020\/09\/16\/el-ultimo-adios-a-javier-ordonez\/#primaryimage"},"image":{"@id":"https:\/\/noti-america.com\/site\/colombia\/2020\/09\/16\/el-ultimo-adios-a-javier-ordonez\/#primaryimage"},"thumbnailUrl":"https:\/\/noti-america.com\/site\/colombia\/wp-content\/uploads\/sites\/20\/2020\/09\/IMG_20200909_100416.jpg","datePublished":"2020-09-16T01:59:01+00:00","dateModified":"2020-09-16T02:00:10+00:00","author":{"@id":"https:\/\/noti-america.com\/site\/colombia\/#\/schema\/person\/cbe765ce6466f69388037918684cdbc1"},"breadcrumb":{"@id":"https:\/\/noti-america.com\/site\/colombia\/2020\/09\/16\/el-ultimo-adios-a-javier-ordonez\/#breadcrumb"},"inLanguage":"es","potentialAction":[{"@type":"ReadAction","target":["https:\/\/noti-america.com\/site\/colombia\/2020\/09\/16\/el-ultimo-adios-a-javier-ordonez\/"]}]},{"@type":"ImageObject","inLanguage":"es","@id":"https:\/\/noti-america.com\/site\/colombia\/2020\/09\/16\/el-ultimo-adios-a-javier-ordonez\/#primaryimage","url":"https:\/\/noti-america.com\/site\/colombia\/wp-content\/uploads\/sites\/20\/2020\/09\/IMG_20200909_100416.jpg","contentUrl":"https:\/\/noti-america.com\/site\/colombia\/wp-content\/uploads\/sites\/20\/2020\/09\/IMG_20200909_100416.jpg","width":1108,"height":1074},{"@type":"BreadcrumbList","@id":"https:\/\/noti-america.com\/site\/colombia\/2020\/09\/16\/el-ultimo-adios-a-javier-ordonez\/#breadcrumb","itemListElement":[{"@type":"ListItem","position":1,"name":"Portada","item":"https:\/\/noti-america.com\/site\/colombia\/"},{"@type":"ListItem","position":2,"name":"El \u00faltimo adi\u00f3s a Javier Ord\u00f3\u00f1ez"}]},{"@type":"WebSite","@id":"https:\/\/noti-america.com\/site\/colombia\/#website","url":"https:\/\/noti-america.com\/site\/colombia\/","name":"Colombia | Noti-America.com","description":"","potentialAction":[{"@type":"SearchAction","target":{"@type":"EntryPoint","urlTemplate":"https:\/\/noti-america.com\/site\/colombia\/?s={search_term_string}"},"query-input":{"@type":"PropertyValueSpecification","valueRequired":true,"valueName":"search_term_string"}}],"inLanguage":"es"},{"@type":"Person","@id":"https:\/\/noti-america.com\/site\/colombia\/#\/schema\/person\/cbe765ce6466f69388037918684cdbc1","name":"Silvia S\u00e1nchez","image":{"@type":"ImageObject","inLanguage":"es","@id":"https:\/\/secure.gravatar.com\/avatar\/2287cfc8de78326c0baee5bffce79d09df06b397cb6bd0bce79b2faf6d45aa43?s=96&d=mm&r=g","url":"https:\/\/secure.gravatar.com\/avatar\/2287cfc8de78326c0baee5bffce79d09df06b397cb6bd0bce79b2faf6d45aa43?s=96&d=mm&r=g","contentUrl":"https:\/\/secure.gravatar.com\/avatar\/2287cfc8de78326c0baee5bffce79d09df06b397cb6bd0bce79b2faf6d45aa43?s=96&d=mm&r=g","caption":"Silvia S\u00e1nchez"},"url":"https:\/\/noti-america.com\/site\/colombia\/author\/ssanchez\/"}]}},"_links":{"self":[{"href":"https:\/\/noti-america.com\/site\/colombia\/wp-json\/wp\/v2\/posts\/5808","targetHints":{"allow":["GET"]}}],"collection":[{"href":"https:\/\/noti-america.com\/site\/colombia\/wp-json\/wp\/v2\/posts"}],"about":[{"href":"https:\/\/noti-america.com\/site\/colombia\/wp-json\/wp\/v2\/types\/post"}],"author":[{"embeddable":true,"href":"https:\/\/noti-america.com\/site\/colombia\/wp-json\/wp\/v2\/users\/85"}],"replies":[{"embeddable":true,"href":"https:\/\/noti-america.com\/site\/colombia\/wp-json\/wp\/v2\/comments?post=5808"}],"version-history":[{"count":1,"href":"https:\/\/noti-america.com\/site\/colombia\/wp-json\/wp\/v2\/posts\/5808\/revisions"}],"predecessor-version":[{"id":5809,"href":"https:\/\/noti-america.com\/site\/colombia\/wp-json\/wp\/v2\/posts\/5808\/revisions\/5809"}],"wp:featuredmedia":[{"embeddable":true,"href":"https:\/\/noti-america.com\/site\/colombia\/wp-json\/wp\/v2\/media\/5709"}],"wp:attachment":[{"href":"https:\/\/noti-america.com\/site\/colombia\/wp-json\/wp\/v2\/media?parent=5808"}],"wp:term":[{"taxonomy":"category","embeddable":true,"href":"https:\/\/noti-america.com\/site\/colombia\/wp-json\/wp\/v2\/categories?post=5808"},{"taxonomy":"post_tag","embeddable":true,"href":"https:\/\/noti-america.com\/site\/colombia\/wp-json\/wp\/v2\/tags?post=5808"}],"curies":[{"name":"wp","href":"https:\/\/api.w.org\/{rel}","templated":true}]}}