{"id":5595,"date":"2020-09-04T23:38:16","date_gmt":"2020-09-04T23:38:16","guid":{"rendered":"https:\/\/noti-america.com\/site\/colombia\/?p=5595"},"modified":"2020-09-04T23:38:16","modified_gmt":"2020-09-04T23:38:16","slug":"una-nueva-masacre-en-el-departamento-de-narino","status":"publish","type":"post","link":"https:\/\/noti-america.com\/site\/colombia\/2020\/09\/04\/una-nueva-masacre-en-el-departamento-de-narino\/","title":{"rendered":"Una nueva masacre en el departamento de Nari\u00f1o"},"content":{"rendered":"<p style=\"text-align: justify\"><img loading=\"lazy\" decoding=\"async\" class=\"size-full wp-image-5596 aligncenter\" src=\"https:\/\/noti-america.com\/site\/colombia\/wp-content\/uploads\/sites\/20\/2020\/09\/images-e1599262521180.jpeg\" alt=\"\" width=\"210\" height=\"158\" \/><br \/>\n<em>Fueron encontradas cuatro personas sin vida en el municipio de Buesaco.<\/em><\/p>\n<p style=\"text-align: justify\">El departamento de Nari\u00f1o, sigue siendo el epicentro de masacres y acciones terroristas, esta vez los hechos se presentaron en el municipio de Buesaco, corregimiento de Santa Fe, donde se encontraron los cuerpos de cuatro personas asesinadas al parecer por arma de fuego.<\/p>\n<p style=\"text-align: justify\">El secretario de gobierno, Francisco Cer\u00f3n, por medio de un video dio a conocer la noticia: \u201cEs en zona rural, de dif\u00edcil acceso, alejada del municipio de Buesaco. Las condiciones para llegar a donde est\u00e1n los cuerpos no son f\u00e1ciles. Presuntamente fueron impactados con arma de fuego, no tenemos informaci\u00f3n oficial de c\u00f3mo sucedieron los hechos\u201d y afirma que a la zona ya se est\u00e1n desplazando las autoridades para iniciar las investigaciones y as\u00ed llegar a los perpetradores del crimen.<\/p>\n<p style=\"text-align: justify\">En el departamento delinquen los grupos alzados en armas como el ELN, paramilitares, Clan del Golfo y disidencias de las FARC.<\/p>\n<p style=\"text-align: justify\">En Nari\u00f1o se han presentado 4 masacres en menos de un mes y seg\u00fan reporte de Indepaz en lo que va corrido del a\u00f1o en Colombia se han presentado 50 episodios similares.<\/p>\n","protected":false},"excerpt":{"rendered":"<p>Fueron encontradas cuatro personas sin vida en el municipio de Buesaco. El departamento de Nari\u00f1o, sigue siendo el epicentro de masacres y acciones terroristas, esta vez los hechos se presentaron en el municipio de&#46;&#46;&#46;<\/p>\n","protected":false},"author":84,"featured_media":5596,"comment_status":"open","ping_status":"open","sticky":false,"template":"","format":"standard","meta":{"_acf_changed":false,"om_disable_all_campaigns":false,"rop_custom_images_group":[],"rop_custom_messages_group":[],"rop_publish_now":"initial","rop_publish_now_accounts":{"twitter_242054905_242054905":""},"rop_publish_now_history":[],"rop_publish_now_status":"pending","_uf_show_specific_survey":0,"_uf_disable_surveys":false,"footnotes":""},"categories":[161,174,40],"tags":[],"class_list":["post-5595","post","type-post","status-publish","format-standard","has-post-thumbnail","hentry","category-conflictos","category-judicial","category-noticias"],"acf":[],"aioseo_notices":[],"yoast_head":"<!-- This site is optimized with the Yoast SEO Premium plugin v24.9 (Yoast SEO v27.2) - https:\/\/yoast.com\/product\/yoast-seo-premium-wordpress\/ -->\n<title>Una nueva masacre en el departamento de Nari\u00f1o - Colombia | Noti-America.com<\/title>\n<meta name=\"robots\" content=\"index, follow, max-snippet:-1, max-image-preview:large, max-video-preview:-1\" \/>\n<link rel=\"canonical\" href=\"https:\/\/noti-america.com\/site\/colombia\/2020\/09\/04\/una-nueva-masacre-en-el-departamento-de-narino\/\" \/>\n<meta property=\"og:locale\" content=\"es_ES\" \/>\n<meta property=\"og:type\" content=\"article\" \/>\n<meta property=\"og:title\" content=\"Una nueva masacre en el departamento de Nari\u00f1o\" \/>\n<meta property=\"og:description\" content=\"Fueron encontradas cuatro personas sin vida en el municipio de Buesaco. El departamento de Nari\u00f1o, sigue siendo el epicentro de masacres y acciones terroristas, esta vez los hechos se presentaron en el municipio de&#046;&#046;&#046;\" \/>\n<meta property=\"og:url\" content=\"https:\/\/noti-america.com\/site\/colombia\/2020\/09\/04\/una-nueva-masacre-en-el-departamento-de-narino\/\" \/>\n<meta property=\"og:site_name\" content=\"Colombia | Noti-America.com\" \/>\n<meta property=\"article:published_time\" content=\"2020-09-04T23:38:16+00:00\" \/>\n<meta property=\"og:image\" content=\"https:\/\/noti-america.com\/site\/colombia\/wp-content\/uploads\/sites\/20\/2020\/09\/images-e1599262521180.jpeg\" \/>\n\t<meta property=\"og:image:width\" content=\"210\" \/>\n\t<meta property=\"og:image:height\" content=\"158\" \/>\n\t<meta property=\"og:image:type\" content=\"image\/jpeg\" \/>\n<meta name=\"author\" content=\"Julian Ortiz\" \/>\n<meta name=\"twitter:card\" content=\"summary_large_image\" \/>\n<meta name=\"twitter:creator\" content=\"@notiamerica\" \/>\n<meta name=\"twitter:site\" content=\"@notiamerica\" \/>\n<meta name=\"twitter:label1\" content=\"Escrito por\" \/>\n\t<meta name=\"twitter:data1\" content=\"Julian Ortiz\" \/>\n\t<meta name=\"twitter:label2\" content=\"Tiempo estimado de lectura\" \/>\n\t<meta name=\"twitter:data2\" content=\"1 minuto\" \/>\n<script type=\"application\/ld+json\" class=\"yoast-schema-graph\">{\"@context\":\"https:\/\/schema.org\",\"@graph\":[{\"@type\":\"Article\",\"@id\":\"https:\/\/noti-america.com\/site\/colombia\/2020\/09\/04\/una-nueva-masacre-en-el-departamento-de-narino\/#article\",\"isPartOf\":{\"@id\":\"https:\/\/noti-america.com\/site\/colombia\/2020\/09\/04\/una-nueva-masacre-en-el-departamento-de-narino\/\"},\"author\":{\"name\":\"Julian Ortiz\",\"@id\":\"https:\/\/noti-america.com\/site\/colombia\/#\/schema\/person\/eb01881981abf1d02e3bc14527a88e8f\"},\"headline\":\"Una nueva masacre en el departamento de Nari\u00f1o\",\"datePublished\":\"2020-09-04T23:38:16+00:00\",\"mainEntityOfPage\":{\"@id\":\"https:\/\/noti-america.com\/site\/colombia\/2020\/09\/04\/una-nueva-masacre-en-el-departamento-de-narino\/\"},\"wordCount\":205,\"commentCount\":0,\"image\":{\"@id\":\"https:\/\/noti-america.com\/site\/colombia\/2020\/09\/04\/una-nueva-masacre-en-el-departamento-de-narino\/#primaryimage\"},\"thumbnailUrl\":\"https:\/\/noti-america.com\/site\/colombia\/wp-content\/uploads\/sites\/20\/2020\/09\/images-e1599262521180.jpeg\",\"articleSection\":[\"Conflictos\",\"Judicial\",\"Noticias\"],\"inLanguage\":\"es\",\"potentialAction\":[{\"@type\":\"CommentAction\",\"name\":\"Comment\",\"target\":[\"https:\/\/noti-america.com\/site\/colombia\/2020\/09\/04\/una-nueva-masacre-en-el-departamento-de-narino\/#respond\"]}]},{\"@type\":\"WebPage\",\"@id\":\"https:\/\/noti-america.com\/site\/colombia\/2020\/09\/04\/una-nueva-masacre-en-el-departamento-de-narino\/\",\"url\":\"https:\/\/noti-america.com\/site\/colombia\/2020\/09\/04\/una-nueva-masacre-en-el-departamento-de-narino\/\",\"name\":\"Una nueva masacre en el departamento de Nari\u00f1o - Colombia | Noti-America.com\",\"isPartOf\":{\"@id\":\"https:\/\/noti-america.com\/site\/colombia\/#website\"},\"primaryImageOfPage\":{\"@id\":\"https:\/\/noti-america.com\/site\/colombia\/2020\/09\/04\/una-nueva-masacre-en-el-departamento-de-narino\/#primaryimage\"},\"image\":{\"@id\":\"https:\/\/noti-america.com\/site\/colombia\/2020\/09\/04\/una-nueva-masacre-en-el-departamento-de-narino\/#primaryimage\"},\"thumbnailUrl\":\"https:\/\/noti-america.com\/site\/colombia\/wp-content\/uploads\/sites\/20\/2020\/09\/images-e1599262521180.jpeg\",\"datePublished\":\"2020-09-04T23:38:16+00:00\",\"author\":{\"@id\":\"https:\/\/noti-america.com\/site\/colombia\/#\/schema\/person\/eb01881981abf1d02e3bc14527a88e8f\"},\"breadcrumb\":{\"@id\":\"https:\/\/noti-america.com\/site\/colombia\/2020\/09\/04\/una-nueva-masacre-en-el-departamento-de-narino\/#breadcrumb\"},\"inLanguage\":\"es\",\"potentialAction\":[{\"@type\":\"ReadAction\",\"target\":[\"https:\/\/noti-america.com\/site\/colombia\/2020\/09\/04\/una-nueva-masacre-en-el-departamento-de-narino\/\"]}]},{\"@type\":\"ImageObject\",\"inLanguage\":\"es\",\"@id\":\"https:\/\/noti-america.com\/site\/colombia\/2020\/09\/04\/una-nueva-masacre-en-el-departamento-de-narino\/#primaryimage\",\"url\":\"https:\/\/noti-america.com\/site\/colombia\/wp-content\/uploads\/sites\/20\/2020\/09\/images-e1599262521180.jpeg\",\"contentUrl\":\"https:\/\/noti-america.com\/site\/colombia\/wp-content\/uploads\/sites\/20\/2020\/09\/images-e1599262521180.jpeg\",\"width\":210,\"height\":158},{\"@type\":\"BreadcrumbList\",\"@id\":\"https:\/\/noti-america.com\/site\/colombia\/2020\/09\/04\/una-nueva-masacre-en-el-departamento-de-narino\/#breadcrumb\",\"itemListElement\":[{\"@type\":\"ListItem\",\"position\":1,\"name\":\"Portada\",\"item\":\"https:\/\/noti-america.com\/site\/colombia\/\"},{\"@type\":\"ListItem\",\"position\":2,\"name\":\"Una nueva masacre en el departamento de Nari\u00f1o\"}]},{\"@type\":\"WebSite\",\"@id\":\"https:\/\/noti-america.com\/site\/colombia\/#website\",\"url\":\"https:\/\/noti-america.com\/site\/colombia\/\",\"name\":\"Colombia | Noti-America.com\",\"description\":\"\",\"potentialAction\":[{\"@type\":\"SearchAction\",\"target\":{\"@type\":\"EntryPoint\",\"urlTemplate\":\"https:\/\/noti-america.com\/site\/colombia\/?s={search_term_string}\"},\"query-input\":{\"@type\":\"PropertyValueSpecification\",\"valueRequired\":true,\"valueName\":\"search_term_string\"}}],\"inLanguage\":\"es\"},{\"@type\":\"Person\",\"@id\":\"https:\/\/noti-america.com\/site\/colombia\/#\/schema\/person\/eb01881981abf1d02e3bc14527a88e8f\",\"name\":\"Julian Ortiz\",\"image\":{\"@type\":\"ImageObject\",\"inLanguage\":\"es\",\"@id\":\"https:\/\/secure.gravatar.com\/avatar\/538f67c8e966ab4c39ad15913dfecfa3902d52730c1c7194ed5a337bf2268d69?s=96&d=mm&r=g\",\"url\":\"https:\/\/secure.gravatar.com\/avatar\/538f67c8e966ab4c39ad15913dfecfa3902d52730c1c7194ed5a337bf2268d69?s=96&d=mm&r=g\",\"contentUrl\":\"https:\/\/secure.gravatar.com\/avatar\/538f67c8e966ab4c39ad15913dfecfa3902d52730c1c7194ed5a337bf2268d69?s=96&d=mm&r=g\",\"caption\":\"Julian Ortiz\"},\"url\":\"https:\/\/noti-america.com\/site\/colombia\/author\/jortiz\/\"}]}<\/script>\n<!-- \/ Yoast SEO Premium plugin. -->","yoast_head_json":{"title":"Una nueva masacre en el departamento de Nari\u00f1o - Colombia | Noti-America.com","robots":{"index":"index","follow":"follow","max-snippet":"max-snippet:-1","max-image-preview":"max-image-preview:large","max-video-preview":"max-video-preview:-1"},"canonical":"https:\/\/noti-america.com\/site\/colombia\/2020\/09\/04\/una-nueva-masacre-en-el-departamento-de-narino\/","og_locale":"es_ES","og_type":"article","og_title":"Una nueva masacre en el departamento de Nari\u00f1o","og_description":"Fueron encontradas cuatro personas sin vida en el municipio de Buesaco. El departamento de Nari\u00f1o, sigue siendo el epicentro de masacres y acciones terroristas, esta vez los hechos se presentaron en el municipio de&#46;&#46;&#46;","og_url":"https:\/\/noti-america.com\/site\/colombia\/2020\/09\/04\/una-nueva-masacre-en-el-departamento-de-narino\/","og_site_name":"Colombia | Noti-America.com","article_published_time":"2020-09-04T23:38:16+00:00","og_image":[{"width":210,"height":158,"url":"https:\/\/noti-america.com\/site\/colombia\/wp-content\/uploads\/sites\/20\/2020\/09\/images-e1599262521180.jpeg","type":"image\/jpeg"}],"author":"Julian Ortiz","twitter_card":"summary_large_image","twitter_creator":"@notiamerica","twitter_site":"@notiamerica","twitter_misc":{"Escrito por":"Julian Ortiz","Tiempo estimado de lectura":"1 minuto"},"schema":{"@context":"https:\/\/schema.org","@graph":[{"@type":"Article","@id":"https:\/\/noti-america.com\/site\/colombia\/2020\/09\/04\/una-nueva-masacre-en-el-departamento-de-narino\/#article","isPartOf":{"@id":"https:\/\/noti-america.com\/site\/colombia\/2020\/09\/04\/una-nueva-masacre-en-el-departamento-de-narino\/"},"author":{"name":"Julian Ortiz","@id":"https:\/\/noti-america.com\/site\/colombia\/#\/schema\/person\/eb01881981abf1d02e3bc14527a88e8f"},"headline":"Una nueva masacre en el departamento de Nari\u00f1o","datePublished":"2020-09-04T23:38:16+00:00","mainEntityOfPage":{"@id":"https:\/\/noti-america.com\/site\/colombia\/2020\/09\/04\/una-nueva-masacre-en-el-departamento-de-narino\/"},"wordCount":205,"commentCount":0,"image":{"@id":"https:\/\/noti-america.com\/site\/colombia\/2020\/09\/04\/una-nueva-masacre-en-el-departamento-de-narino\/#primaryimage"},"thumbnailUrl":"https:\/\/noti-america.com\/site\/colombia\/wp-content\/uploads\/sites\/20\/2020\/09\/images-e1599262521180.jpeg","articleSection":["Conflictos","Judicial","Noticias"],"inLanguage":"es","potentialAction":[{"@type":"CommentAction","name":"Comment","target":["https:\/\/noti-america.com\/site\/colombia\/2020\/09\/04\/una-nueva-masacre-en-el-departamento-de-narino\/#respond"]}]},{"@type":"WebPage","@id":"https:\/\/noti-america.com\/site\/colombia\/2020\/09\/04\/una-nueva-masacre-en-el-departamento-de-narino\/","url":"https:\/\/noti-america.com\/site\/colombia\/2020\/09\/04\/una-nueva-masacre-en-el-departamento-de-narino\/","name":"Una nueva masacre en el departamento de Nari\u00f1o - Colombia | Noti-America.com","isPartOf":{"@id":"https:\/\/noti-america.com\/site\/colombia\/#website"},"primaryImageOfPage":{"@id":"https:\/\/noti-america.com\/site\/colombia\/2020\/09\/04\/una-nueva-masacre-en-el-departamento-de-narino\/#primaryimage"},"image":{"@id":"https:\/\/noti-america.com\/site\/colombia\/2020\/09\/04\/una-nueva-masacre-en-el-departamento-de-narino\/#primaryimage"},"thumbnailUrl":"https:\/\/noti-america.com\/site\/colombia\/wp-content\/uploads\/sites\/20\/2020\/09\/images-e1599262521180.jpeg","datePublished":"2020-09-04T23:38:16+00:00","author":{"@id":"https:\/\/noti-america.com\/site\/colombia\/#\/schema\/person\/eb01881981abf1d02e3bc14527a88e8f"},"breadcrumb":{"@id":"https:\/\/noti-america.com\/site\/colombia\/2020\/09\/04\/una-nueva-masacre-en-el-departamento-de-narino\/#breadcrumb"},"inLanguage":"es","potentialAction":[{"@type":"ReadAction","target":["https:\/\/noti-america.com\/site\/colombia\/2020\/09\/04\/una-nueva-masacre-en-el-departamento-de-narino\/"]}]},{"@type":"ImageObject","inLanguage":"es","@id":"https:\/\/noti-america.com\/site\/colombia\/2020\/09\/04\/una-nueva-masacre-en-el-departamento-de-narino\/#primaryimage","url":"https:\/\/noti-america.com\/site\/colombia\/wp-content\/uploads\/sites\/20\/2020\/09\/images-e1599262521180.jpeg","contentUrl":"https:\/\/noti-america.com\/site\/colombia\/wp-content\/uploads\/sites\/20\/2020\/09\/images-e1599262521180.jpeg","width":210,"height":158},{"@type":"BreadcrumbList","@id":"https:\/\/noti-america.com\/site\/colombia\/2020\/09\/04\/una-nueva-masacre-en-el-departamento-de-narino\/#breadcrumb","itemListElement":[{"@type":"ListItem","position":1,"name":"Portada","item":"https:\/\/noti-america.com\/site\/colombia\/"},{"@type":"ListItem","position":2,"name":"Una nueva masacre en el departamento de Nari\u00f1o"}]},{"@type":"WebSite","@id":"https:\/\/noti-america.com\/site\/colombia\/#website","url":"https:\/\/noti-america.com\/site\/colombia\/","name":"Colombia | Noti-America.com","description":"","potentialAction":[{"@type":"SearchAction","target":{"@type":"EntryPoint","urlTemplate":"https:\/\/noti-america.com\/site\/colombia\/?s={search_term_string}"},"query-input":{"@type":"PropertyValueSpecification","valueRequired":true,"valueName":"search_term_string"}}],"inLanguage":"es"},{"@type":"Person","@id":"https:\/\/noti-america.com\/site\/colombia\/#\/schema\/person\/eb01881981abf1d02e3bc14527a88e8f","name":"Julian Ortiz","image":{"@type":"ImageObject","inLanguage":"es","@id":"https:\/\/secure.gravatar.com\/avatar\/538f67c8e966ab4c39ad15913dfecfa3902d52730c1c7194ed5a337bf2268d69?s=96&d=mm&r=g","url":"https:\/\/secure.gravatar.com\/avatar\/538f67c8e966ab4c39ad15913dfecfa3902d52730c1c7194ed5a337bf2268d69?s=96&d=mm&r=g","contentUrl":"https:\/\/secure.gravatar.com\/avatar\/538f67c8e966ab4c39ad15913dfecfa3902d52730c1c7194ed5a337bf2268d69?s=96&d=mm&r=g","caption":"Julian Ortiz"},"url":"https:\/\/noti-america.com\/site\/colombia\/author\/jortiz\/"}]}},"_links":{"self":[{"href":"https:\/\/noti-america.com\/site\/colombia\/wp-json\/wp\/v2\/posts\/5595","targetHints":{"allow":["GET"]}}],"collection":[{"href":"https:\/\/noti-america.com\/site\/colombia\/wp-json\/wp\/v2\/posts"}],"about":[{"href":"https:\/\/noti-america.com\/site\/colombia\/wp-json\/wp\/v2\/types\/post"}],"author":[{"embeddable":true,"href":"https:\/\/noti-america.com\/site\/colombia\/wp-json\/wp\/v2\/users\/84"}],"replies":[{"embeddable":true,"href":"https:\/\/noti-america.com\/site\/colombia\/wp-json\/wp\/v2\/comments?post=5595"}],"version-history":[{"count":1,"href":"https:\/\/noti-america.com\/site\/colombia\/wp-json\/wp\/v2\/posts\/5595\/revisions"}],"predecessor-version":[{"id":5597,"href":"https:\/\/noti-america.com\/site\/colombia\/wp-json\/wp\/v2\/posts\/5595\/revisions\/5597"}],"wp:featuredmedia":[{"embeddable":true,"href":"https:\/\/noti-america.com\/site\/colombia\/wp-json\/wp\/v2\/media\/5596"}],"wp:attachment":[{"href":"https:\/\/noti-america.com\/site\/colombia\/wp-json\/wp\/v2\/media?parent=5595"}],"wp:term":[{"taxonomy":"category","embeddable":true,"href":"https:\/\/noti-america.com\/site\/colombia\/wp-json\/wp\/v2\/categories?post=5595"},{"taxonomy":"post_tag","embeddable":true,"href":"https:\/\/noti-america.com\/site\/colombia\/wp-json\/wp\/v2\/tags?post=5595"}],"curies":[{"name":"wp","href":"https:\/\/api.w.org\/{rel}","templated":true}]}}