{"id":5584,"date":"2020-09-04T13:42:25","date_gmt":"2020-09-04T13:42:25","guid":{"rendered":"https:\/\/noti-america.com\/site\/colombia\/?p=5584"},"modified":"2020-09-04T13:42:25","modified_gmt":"2020-09-04T13:42:25","slug":"me-toco-coserme-la-boca-para-que-nos-escuchen","status":"publish","type":"post","link":"https:\/\/noti-america.com\/site\/colombia\/2020\/09\/04\/me-toco-coserme-la-boca-para-que-nos-escuchen\/","title":{"rendered":"\u00abMe toc\u00f3 coserme la boca para que nos escuchen\u00bb"},"content":{"rendered":"<div class=\"video-container\"><iframe loading=\"lazy\" title=\"Jhon Fitzgerald  Huelga de hambre\" width=\"500\" height=\"281\" src=\"https:\/\/www.youtube.com\/embed\/QDZdV1MRBY0?feature=oembed&#038;wmode=opaque\" frameborder=\"0\" allow=\"accelerometer; autoplay; clipboard-write; encrypted-media; gyroscope; picture-in-picture; web-share\" referrerpolicy=\"strict-origin-when-cross-origin\" allowfullscreen><\/iframe><\/div>\n<p>&nbsp;<\/p>\n<p><strong>Nota de Prensa: Camilo S\u00e1nchez<\/strong><\/p>\n<p style=\"text-align: justify\">10 de la ma\u00f1ana del 30 de agosto. Centro de Bogot\u00e1, calle 19 con carrera 4, un grupo de personas comienzan a reunirse a pesar de estar prohibida las aglomeraciones en tiempos de pandemia.<\/p>\n<p style=\"text-align: justify\">Una carpa servir\u00eda de refugio para el artista pl\u00e1stico colombiano Jhon Fitzgerald qui\u00e9n lleg\u00f3 acompa\u00f1ado de una escultura en memoria a Dylan Cruz, aquel joven que el pasado 23 de noviembre, mientras se realizaban manifestaciones a lo largo del pa\u00eds, fuera impactado por un proyectil proveniente de un agente del Escudaron M\u00f3vil Anti Disturbios (ESMAD) y que al final dar\u00eda con la muerte del joven.<\/p>\n<p style=\"text-align: justify\">Fitzgerald junto a un grupo de artistas tomaron la decisi\u00f3n de realizar una huelga de hambre cosi\u00e9ndose la boca, con el fin de reunirse con el presidente Iv\u00e1n Duque y as\u00ed poder plantearle sus preocupaciones respecto al abandono, en el que seg\u00fan \u00e9l se encuentra el gremio art\u00edstico por parte del gobierno colombiano.<\/p>\n<p style=\"text-align: justify\">Otro de los puntos a tratar ser\u00eda el incremento de masacres o como el mismo mandatario nombr\u00f3 con eufemismo \u00abasesinatos colectivos\u00bb que se han venido presentando en los \u00faltimos d\u00edas.<\/p>\n<p><img loading=\"lazy\" decoding=\"async\" class=\"size-medium wp-image-5585 aligncenter\" src=\"https:\/\/noti-america.com\/site\/colombia\/wp-content\/uploads\/sites\/20\/2020\/09\/IMG_20200904_084022-223x300.jpg\" alt=\"\" width=\"223\" height=\"300\" srcset=\"https:\/\/noti-america.com\/site\/colombia\/wp-content\/uploads\/sites\/20\/2020\/09\/IMG_20200904_084022-223x300.jpg 223w, https:\/\/noti-america.com\/site\/colombia\/wp-content\/uploads\/sites\/20\/2020\/09\/IMG_20200904_084022.jpg 670w\" sizes=\"auto, (max-width: 223px) 100vw, 223px\" \/><\/p>\n<p style=\"text-align: justify\">Cinco d\u00edas han transcurrido sin que Jhon pruebe bocado o beba algo, su estado de salud poco a poco va mostrando las secuelas de la manifestaci\u00f3n de protesta, sin embargo la premisa de Fitzgerald es una sola \u00abO el estado se sienta a negociar con nosotros o me mata, as\u00ed de sencillo\u00bb.<\/p>\n<p>&nbsp;<\/p>\n","protected":false},"excerpt":{"rendered":"<p>&nbsp; Nota de Prensa: Camilo S\u00e1nchez 10 de la ma\u00f1ana del 30 de agosto. Centro de Bogot\u00e1, calle 19 con carrera 4, un grupo de personas comienzan a reunirse a pesar de estar prohibida&#46;&#46;&#46;<\/p>\n","protected":false},"author":84,"featured_media":5586,"comment_status":"open","ping_status":"open","sticky":false,"template":"","format":"standard","meta":{"_acf_changed":false,"om_disable_all_campaigns":false,"rop_custom_images_group":[],"rop_custom_messages_group":[],"rop_publish_now":"initial","rop_publish_now_accounts":{"twitter_242054905_242054905":""},"rop_publish_now_history":[],"rop_publish_now_status":"pending","_uf_show_specific_survey":0,"_uf_disable_surveys":false,"footnotes":""},"categories":[121,8,40],"tags":[],"class_list":["post-5584","post","type-post","status-publish","format-standard","has-post-thumbnail","hentry","category-actualidad","category-arte-y-espectaculos","category-noticias"],"acf":[],"aioseo_notices":[],"yoast_head":"<!-- This site is optimized with the Yoast SEO Premium plugin v24.9 (Yoast SEO v27.2) - https:\/\/yoast.com\/product\/yoast-seo-premium-wordpress\/ -->\n<title>&quot;Me toc\u00f3 coserme la boca para que nos escuchen&quot; - Colombia | Noti-America.com<\/title>\n<meta name=\"robots\" content=\"index, follow, max-snippet:-1, max-image-preview:large, max-video-preview:-1\" \/>\n<link rel=\"canonical\" href=\"https:\/\/noti-america.com\/site\/colombia\/2020\/09\/04\/me-toco-coserme-la-boca-para-que-nos-escuchen\/\" \/>\n<meta property=\"og:locale\" content=\"es_ES\" \/>\n<meta property=\"og:type\" content=\"article\" \/>\n<meta property=\"og:title\" content=\"&quot;Me toc\u00f3 coserme la boca para que nos escuchen&quot;\" \/>\n<meta property=\"og:description\" content=\"&nbsp; Nota de Prensa: Camilo S\u00e1nchez 10 de la ma\u00f1ana del 30 de agosto. Centro de Bogot\u00e1, calle 19 con carrera 4, un grupo de personas comienzan a reunirse a pesar de estar prohibida&#046;&#046;&#046;\" \/>\n<meta property=\"og:url\" content=\"https:\/\/noti-america.com\/site\/colombia\/2020\/09\/04\/me-toco-coserme-la-boca-para-que-nos-escuchen\/\" \/>\n<meta property=\"og:site_name\" content=\"Colombia | Noti-America.com\" \/>\n<meta property=\"article:published_time\" content=\"2020-09-04T13:42:25+00:00\" \/>\n<meta property=\"og:image\" content=\"https:\/\/noti-america.com\/site\/colombia\/wp-content\/uploads\/sites\/20\/2020\/09\/IMG_20200904_084028.jpg\" \/>\n\t<meta property=\"og:image:width\" content=\"720\" \/>\n\t<meta property=\"og:image:height\" content=\"900\" \/>\n\t<meta property=\"og:image:type\" content=\"image\/jpeg\" \/>\n<meta name=\"author\" content=\"Julian Ortiz\" \/>\n<meta name=\"twitter:card\" content=\"summary_large_image\" \/>\n<meta name=\"twitter:creator\" content=\"@notiamerica\" \/>\n<meta name=\"twitter:site\" content=\"@notiamerica\" \/>\n<meta name=\"twitter:label1\" content=\"Escrito por\" \/>\n\t<meta name=\"twitter:data1\" content=\"Julian Ortiz\" \/>\n\t<meta name=\"twitter:label2\" content=\"Tiempo estimado de lectura\" \/>\n\t<meta name=\"twitter:data2\" content=\"1 minuto\" \/>\n<script type=\"application\/ld+json\" class=\"yoast-schema-graph\">{\"@context\":\"https:\/\/schema.org\",\"@graph\":[{\"@type\":\"Article\",\"@id\":\"https:\/\/noti-america.com\/site\/colombia\/2020\/09\/04\/me-toco-coserme-la-boca-para-que-nos-escuchen\/#article\",\"isPartOf\":{\"@id\":\"https:\/\/noti-america.com\/site\/colombia\/2020\/09\/04\/me-toco-coserme-la-boca-para-que-nos-escuchen\/\"},\"author\":{\"name\":\"Julian Ortiz\",\"@id\":\"https:\/\/noti-america.com\/site\/colombia\/#\/schema\/person\/eb01881981abf1d02e3bc14527a88e8f\"},\"headline\":\"\u00abMe toc\u00f3 coserme la boca para que nos escuchen\u00bb\",\"datePublished\":\"2020-09-04T13:42:25+00:00\",\"mainEntityOfPage\":{\"@id\":\"https:\/\/noti-america.com\/site\/colombia\/2020\/09\/04\/me-toco-coserme-la-boca-para-que-nos-escuchen\/\"},\"wordCount\":268,\"commentCount\":0,\"image\":{\"@id\":\"https:\/\/noti-america.com\/site\/colombia\/2020\/09\/04\/me-toco-coserme-la-boca-para-que-nos-escuchen\/#primaryimage\"},\"thumbnailUrl\":\"https:\/\/noti-america.com\/site\/colombia\/wp-content\/uploads\/sites\/20\/2020\/09\/IMG_20200904_084028.jpg\",\"articleSection\":[\"Actualidad\",\"Arte y Espect\u00e1culos\",\"Noticias\"],\"inLanguage\":\"es\",\"potentialAction\":[{\"@type\":\"CommentAction\",\"name\":\"Comment\",\"target\":[\"https:\/\/noti-america.com\/site\/colombia\/2020\/09\/04\/me-toco-coserme-la-boca-para-que-nos-escuchen\/#respond\"]}]},{\"@type\":\"WebPage\",\"@id\":\"https:\/\/noti-america.com\/site\/colombia\/2020\/09\/04\/me-toco-coserme-la-boca-para-que-nos-escuchen\/\",\"url\":\"https:\/\/noti-america.com\/site\/colombia\/2020\/09\/04\/me-toco-coserme-la-boca-para-que-nos-escuchen\/\",\"name\":\"\\\"Me toc\u00f3 coserme la boca para que nos escuchen\\\" - Colombia | Noti-America.com\",\"isPartOf\":{\"@id\":\"https:\/\/noti-america.com\/site\/colombia\/#website\"},\"primaryImageOfPage\":{\"@id\":\"https:\/\/noti-america.com\/site\/colombia\/2020\/09\/04\/me-toco-coserme-la-boca-para-que-nos-escuchen\/#primaryimage\"},\"image\":{\"@id\":\"https:\/\/noti-america.com\/site\/colombia\/2020\/09\/04\/me-toco-coserme-la-boca-para-que-nos-escuchen\/#primaryimage\"},\"thumbnailUrl\":\"https:\/\/noti-america.com\/site\/colombia\/wp-content\/uploads\/sites\/20\/2020\/09\/IMG_20200904_084028.jpg\",\"datePublished\":\"2020-09-04T13:42:25+00:00\",\"author\":{\"@id\":\"https:\/\/noti-america.com\/site\/colombia\/#\/schema\/person\/eb01881981abf1d02e3bc14527a88e8f\"},\"breadcrumb\":{\"@id\":\"https:\/\/noti-america.com\/site\/colombia\/2020\/09\/04\/me-toco-coserme-la-boca-para-que-nos-escuchen\/#breadcrumb\"},\"inLanguage\":\"es\",\"potentialAction\":[{\"@type\":\"ReadAction\",\"target\":[\"https:\/\/noti-america.com\/site\/colombia\/2020\/09\/04\/me-toco-coserme-la-boca-para-que-nos-escuchen\/\"]}]},{\"@type\":\"ImageObject\",\"inLanguage\":\"es\",\"@id\":\"https:\/\/noti-america.com\/site\/colombia\/2020\/09\/04\/me-toco-coserme-la-boca-para-que-nos-escuchen\/#primaryimage\",\"url\":\"https:\/\/noti-america.com\/site\/colombia\/wp-content\/uploads\/sites\/20\/2020\/09\/IMG_20200904_084028.jpg\",\"contentUrl\":\"https:\/\/noti-america.com\/site\/colombia\/wp-content\/uploads\/sites\/20\/2020\/09\/IMG_20200904_084028.jpg\",\"width\":720,\"height\":900},{\"@type\":\"BreadcrumbList\",\"@id\":\"https:\/\/noti-america.com\/site\/colombia\/2020\/09\/04\/me-toco-coserme-la-boca-para-que-nos-escuchen\/#breadcrumb\",\"itemListElement\":[{\"@type\":\"ListItem\",\"position\":1,\"name\":\"Portada\",\"item\":\"https:\/\/noti-america.com\/site\/colombia\/\"},{\"@type\":\"ListItem\",\"position\":2,\"name\":\"\u00abMe toc\u00f3 coserme la boca para que nos escuchen\u00bb\"}]},{\"@type\":\"WebSite\",\"@id\":\"https:\/\/noti-america.com\/site\/colombia\/#website\",\"url\":\"https:\/\/noti-america.com\/site\/colombia\/\",\"name\":\"Colombia | Noti-America.com\",\"description\":\"\",\"potentialAction\":[{\"@type\":\"SearchAction\",\"target\":{\"@type\":\"EntryPoint\",\"urlTemplate\":\"https:\/\/noti-america.com\/site\/colombia\/?s={search_term_string}\"},\"query-input\":{\"@type\":\"PropertyValueSpecification\",\"valueRequired\":true,\"valueName\":\"search_term_string\"}}],\"inLanguage\":\"es\"},{\"@type\":\"Person\",\"@id\":\"https:\/\/noti-america.com\/site\/colombia\/#\/schema\/person\/eb01881981abf1d02e3bc14527a88e8f\",\"name\":\"Julian Ortiz\",\"image\":{\"@type\":\"ImageObject\",\"inLanguage\":\"es\",\"@id\":\"https:\/\/secure.gravatar.com\/avatar\/538f67c8e966ab4c39ad15913dfecfa3902d52730c1c7194ed5a337bf2268d69?s=96&d=mm&r=g\",\"url\":\"https:\/\/secure.gravatar.com\/avatar\/538f67c8e966ab4c39ad15913dfecfa3902d52730c1c7194ed5a337bf2268d69?s=96&d=mm&r=g\",\"contentUrl\":\"https:\/\/secure.gravatar.com\/avatar\/538f67c8e966ab4c39ad15913dfecfa3902d52730c1c7194ed5a337bf2268d69?s=96&d=mm&r=g\",\"caption\":\"Julian Ortiz\"},\"url\":\"https:\/\/noti-america.com\/site\/colombia\/author\/jortiz\/\"}]}<\/script>\n<!-- \/ Yoast SEO Premium plugin. -->","yoast_head_json":{"title":"\"Me toc\u00f3 coserme la boca para que nos escuchen\" - Colombia | Noti-America.com","robots":{"index":"index","follow":"follow","max-snippet":"max-snippet:-1","max-image-preview":"max-image-preview:large","max-video-preview":"max-video-preview:-1"},"canonical":"https:\/\/noti-america.com\/site\/colombia\/2020\/09\/04\/me-toco-coserme-la-boca-para-que-nos-escuchen\/","og_locale":"es_ES","og_type":"article","og_title":"\"Me toc\u00f3 coserme la boca para que nos escuchen\"","og_description":"&nbsp; Nota de Prensa: Camilo S\u00e1nchez 10 de la ma\u00f1ana del 30 de agosto. Centro de Bogot\u00e1, calle 19 con carrera 4, un grupo de personas comienzan a reunirse a pesar de estar prohibida&#46;&#46;&#46;","og_url":"https:\/\/noti-america.com\/site\/colombia\/2020\/09\/04\/me-toco-coserme-la-boca-para-que-nos-escuchen\/","og_site_name":"Colombia | Noti-America.com","article_published_time":"2020-09-04T13:42:25+00:00","og_image":[{"width":720,"height":900,"url":"https:\/\/noti-america.com\/site\/colombia\/wp-content\/uploads\/sites\/20\/2020\/09\/IMG_20200904_084028.jpg","type":"image\/jpeg"}],"author":"Julian Ortiz","twitter_card":"summary_large_image","twitter_creator":"@notiamerica","twitter_site":"@notiamerica","twitter_misc":{"Escrito por":"Julian Ortiz","Tiempo estimado de lectura":"1 minuto"},"schema":{"@context":"https:\/\/schema.org","@graph":[{"@type":"Article","@id":"https:\/\/noti-america.com\/site\/colombia\/2020\/09\/04\/me-toco-coserme-la-boca-para-que-nos-escuchen\/#article","isPartOf":{"@id":"https:\/\/noti-america.com\/site\/colombia\/2020\/09\/04\/me-toco-coserme-la-boca-para-que-nos-escuchen\/"},"author":{"name":"Julian Ortiz","@id":"https:\/\/noti-america.com\/site\/colombia\/#\/schema\/person\/eb01881981abf1d02e3bc14527a88e8f"},"headline":"\u00abMe toc\u00f3 coserme la boca para que nos escuchen\u00bb","datePublished":"2020-09-04T13:42:25+00:00","mainEntityOfPage":{"@id":"https:\/\/noti-america.com\/site\/colombia\/2020\/09\/04\/me-toco-coserme-la-boca-para-que-nos-escuchen\/"},"wordCount":268,"commentCount":0,"image":{"@id":"https:\/\/noti-america.com\/site\/colombia\/2020\/09\/04\/me-toco-coserme-la-boca-para-que-nos-escuchen\/#primaryimage"},"thumbnailUrl":"https:\/\/noti-america.com\/site\/colombia\/wp-content\/uploads\/sites\/20\/2020\/09\/IMG_20200904_084028.jpg","articleSection":["Actualidad","Arte y Espect\u00e1culos","Noticias"],"inLanguage":"es","potentialAction":[{"@type":"CommentAction","name":"Comment","target":["https:\/\/noti-america.com\/site\/colombia\/2020\/09\/04\/me-toco-coserme-la-boca-para-que-nos-escuchen\/#respond"]}]},{"@type":"WebPage","@id":"https:\/\/noti-america.com\/site\/colombia\/2020\/09\/04\/me-toco-coserme-la-boca-para-que-nos-escuchen\/","url":"https:\/\/noti-america.com\/site\/colombia\/2020\/09\/04\/me-toco-coserme-la-boca-para-que-nos-escuchen\/","name":"\"Me toc\u00f3 coserme la boca para que nos escuchen\" - Colombia | Noti-America.com","isPartOf":{"@id":"https:\/\/noti-america.com\/site\/colombia\/#website"},"primaryImageOfPage":{"@id":"https:\/\/noti-america.com\/site\/colombia\/2020\/09\/04\/me-toco-coserme-la-boca-para-que-nos-escuchen\/#primaryimage"},"image":{"@id":"https:\/\/noti-america.com\/site\/colombia\/2020\/09\/04\/me-toco-coserme-la-boca-para-que-nos-escuchen\/#primaryimage"},"thumbnailUrl":"https:\/\/noti-america.com\/site\/colombia\/wp-content\/uploads\/sites\/20\/2020\/09\/IMG_20200904_084028.jpg","datePublished":"2020-09-04T13:42:25+00:00","author":{"@id":"https:\/\/noti-america.com\/site\/colombia\/#\/schema\/person\/eb01881981abf1d02e3bc14527a88e8f"},"breadcrumb":{"@id":"https:\/\/noti-america.com\/site\/colombia\/2020\/09\/04\/me-toco-coserme-la-boca-para-que-nos-escuchen\/#breadcrumb"},"inLanguage":"es","potentialAction":[{"@type":"ReadAction","target":["https:\/\/noti-america.com\/site\/colombia\/2020\/09\/04\/me-toco-coserme-la-boca-para-que-nos-escuchen\/"]}]},{"@type":"ImageObject","inLanguage":"es","@id":"https:\/\/noti-america.com\/site\/colombia\/2020\/09\/04\/me-toco-coserme-la-boca-para-que-nos-escuchen\/#primaryimage","url":"https:\/\/noti-america.com\/site\/colombia\/wp-content\/uploads\/sites\/20\/2020\/09\/IMG_20200904_084028.jpg","contentUrl":"https:\/\/noti-america.com\/site\/colombia\/wp-content\/uploads\/sites\/20\/2020\/09\/IMG_20200904_084028.jpg","width":720,"height":900},{"@type":"BreadcrumbList","@id":"https:\/\/noti-america.com\/site\/colombia\/2020\/09\/04\/me-toco-coserme-la-boca-para-que-nos-escuchen\/#breadcrumb","itemListElement":[{"@type":"ListItem","position":1,"name":"Portada","item":"https:\/\/noti-america.com\/site\/colombia\/"},{"@type":"ListItem","position":2,"name":"\u00abMe toc\u00f3 coserme la boca para que nos escuchen\u00bb"}]},{"@type":"WebSite","@id":"https:\/\/noti-america.com\/site\/colombia\/#website","url":"https:\/\/noti-america.com\/site\/colombia\/","name":"Colombia | Noti-America.com","description":"","potentialAction":[{"@type":"SearchAction","target":{"@type":"EntryPoint","urlTemplate":"https:\/\/noti-america.com\/site\/colombia\/?s={search_term_string}"},"query-input":{"@type":"PropertyValueSpecification","valueRequired":true,"valueName":"search_term_string"}}],"inLanguage":"es"},{"@type":"Person","@id":"https:\/\/noti-america.com\/site\/colombia\/#\/schema\/person\/eb01881981abf1d02e3bc14527a88e8f","name":"Julian Ortiz","image":{"@type":"ImageObject","inLanguage":"es","@id":"https:\/\/secure.gravatar.com\/avatar\/538f67c8e966ab4c39ad15913dfecfa3902d52730c1c7194ed5a337bf2268d69?s=96&d=mm&r=g","url":"https:\/\/secure.gravatar.com\/avatar\/538f67c8e966ab4c39ad15913dfecfa3902d52730c1c7194ed5a337bf2268d69?s=96&d=mm&r=g","contentUrl":"https:\/\/secure.gravatar.com\/avatar\/538f67c8e966ab4c39ad15913dfecfa3902d52730c1c7194ed5a337bf2268d69?s=96&d=mm&r=g","caption":"Julian Ortiz"},"url":"https:\/\/noti-america.com\/site\/colombia\/author\/jortiz\/"}]}},"_links":{"self":[{"href":"https:\/\/noti-america.com\/site\/colombia\/wp-json\/wp\/v2\/posts\/5584","targetHints":{"allow":["GET"]}}],"collection":[{"href":"https:\/\/noti-america.com\/site\/colombia\/wp-json\/wp\/v2\/posts"}],"about":[{"href":"https:\/\/noti-america.com\/site\/colombia\/wp-json\/wp\/v2\/types\/post"}],"author":[{"embeddable":true,"href":"https:\/\/noti-america.com\/site\/colombia\/wp-json\/wp\/v2\/users\/84"}],"replies":[{"embeddable":true,"href":"https:\/\/noti-america.com\/site\/colombia\/wp-json\/wp\/v2\/comments?post=5584"}],"version-history":[{"count":1,"href":"https:\/\/noti-america.com\/site\/colombia\/wp-json\/wp\/v2\/posts\/5584\/revisions"}],"predecessor-version":[{"id":5587,"href":"https:\/\/noti-america.com\/site\/colombia\/wp-json\/wp\/v2\/posts\/5584\/revisions\/5587"}],"wp:featuredmedia":[{"embeddable":true,"href":"https:\/\/noti-america.com\/site\/colombia\/wp-json\/wp\/v2\/media\/5586"}],"wp:attachment":[{"href":"https:\/\/noti-america.com\/site\/colombia\/wp-json\/wp\/v2\/media?parent=5584"}],"wp:term":[{"taxonomy":"category","embeddable":true,"href":"https:\/\/noti-america.com\/site\/colombia\/wp-json\/wp\/v2\/categories?post=5584"},{"taxonomy":"post_tag","embeddable":true,"href":"https:\/\/noti-america.com\/site\/colombia\/wp-json\/wp\/v2\/tags?post=5584"}],"curies":[{"name":"wp","href":"https:\/\/api.w.org\/{rel}","templated":true}]}}