{"id":5375,"date":"2020-08-21T11:40:54","date_gmt":"2020-08-21T11:40:54","guid":{"rendered":"https:\/\/noti-america.com\/site\/colombia\/?p=5375"},"modified":"2020-08-21T11:41:45","modified_gmt":"2020-08-21T11:41:45","slug":"murio-abel-rodriguez-por-covid-19","status":"publish","type":"post","link":"https:\/\/noti-america.com\/site\/colombia\/2020\/08\/21\/murio-abel-rodriguez-por-covid-19\/","title":{"rendered":"Muri\u00f3 Abel Rodr\u00edguez por Covid-19"},"content":{"rendered":"<p><img loading=\"lazy\" decoding=\"async\" class=\"size-medium wp-image-5372 aligncenter\" src=\"https:\/\/noti-america.com\/site\/colombia\/wp-content\/uploads\/sites\/20\/2020\/08\/IMG_20200820_184951-300x201.jpg\" alt=\"\" width=\"300\" height=\"201\" srcset=\"https:\/\/noti-america.com\/site\/colombia\/wp-content\/uploads\/sites\/20\/2020\/08\/IMG_20200820_184951-300x201.jpg 300w, https:\/\/noti-america.com\/site\/colombia\/wp-content\/uploads\/sites\/20\/2020\/08\/IMG_20200820_184951-272x182.jpg 272w, https:\/\/noti-america.com\/site\/colombia\/wp-content\/uploads\/sites\/20\/2020\/08\/IMG_20200820_184951.jpg 532w\" sizes=\"auto, (max-width: 300px) 100vw, 300px\" \/><\/p>\n<p style=\"text-align: justify\"><em>El exsecretario de Educaci\u00f3n de Bogot\u00e1 falleci\u00f3 a los 72 a\u00f1os<\/em><\/p>\n<p style=\"text-align: justify\">Tras una dura y larga batalla contra el coronavirus librada por quien fuera dirigente sindical, exconstituyente, exconcejal y exsecretario de educaci\u00f3n de Bogot\u00e1, Abel Rodr\u00edguez falleci\u00f3, v\u00edctima del Covid-19.<br \/>\nFue uno de los fundadores de la Central Unitaria de los Trabajadores (CUT) e hizo parte de asociaciones de educadores como la ADE y Fecode.<\/p>\n<p style=\"text-align: justify\">Personalidades pol\u00edticas y funcionarios del Distrito lamentaron su muerte.<\/p>\n<blockquote class=\"twitter-tweet\" data-width=\"500\" data-dnt=\"true\">\n<p lang=\"es\" dir=\"ltr\">Y adem\u00e1s de todo, se nos va el Profe Abel Rodr\u00edguez. Qu\u00e9 dolor.<\/p>\n<p>La sabidur\u00eda que le transmiti\u00f3 a generaciones de ni\u00f1os educ\u00e1ndolos, a millones de ciudadanos inspir\u00e1ndonos nos queda como legado.<\/p>\n<p>A su familia, a mi madre que lo amaba, un abrazo que nos consuele y d\u00e9 fortaleza. <a href=\"https:\/\/t.co\/FgUJghtqO4\">pic.twitter.com\/FgUJghtqO4<\/a><\/p>\n<p>&mdash; Claudia L\u00f3pez Hern\u00e1ndez (@ClaudiaLopez) <a href=\"https:\/\/twitter.com\/ClaudiaLopez\/status\/1296424982155796482?ref_src=twsrc%5Etfw\">August 20, 2020<\/a><\/p><\/blockquote>\n<p><script async src=\"https:\/\/platform.twitter.com\/widgets.js\" charset=\"utf-8\"><\/script><\/p>\n<blockquote class=\"twitter-tweet\" data-width=\"500\" data-dnt=\"true\">\n<p lang=\"es\" dir=\"ltr\">Lamento mucho el fallecimiento del ex secretario de Educaci\u00f3n de Bogot\u00e1, el profesor Abel Rodr\u00edguez. Lo conoc\u00ed en mi primer periodo como concejal en 2008 y a pesar de estar en la oposici\u00f3n fui testigo de su conocimiento y entrega por la educaci\u00f3n. Mis condolencias a su familia.<\/p>\n<p>&mdash; Carlos F. Gal\u00e1n (@CarlosFGalan) <a href=\"https:\/\/twitter.com\/CarlosFGalan\/status\/1296427244693401606?ref_src=twsrc%5Etfw\">August 20, 2020<\/a><\/p><\/blockquote>\n<p><script async src=\"https:\/\/platform.twitter.com\/widgets.js\" charset=\"utf-8\"><\/script><\/p>\n<blockquote class=\"twitter-tweet\" data-width=\"500\" data-dnt=\"true\">\n<p lang=\"es\" dir=\"ltr\">Dolorosa partida de un luchador por la educaci\u00f3n y los derechos laborales de los maestros. <\/p>\n<p>Tras d\u00edas de lucha contra el Covid-19 falleci\u00f3 el exsecretario de educaci\u00f3n y l\u00edder sindical Abel Rodriguez. Su vida transform\u00f3 miles de vidas. <\/p>\n<p>Un abrazo solidario para toda su familia.<\/p>\n<p>&mdash; Luis Ernesto G\u00f3mez\ud83d\udc5f (@LuisErnestoGL) <a href=\"https:\/\/twitter.com\/LuisErnestoGL\/status\/1296416949551927297?ref_src=twsrc%5Etfw\">August 20, 2020<\/a><\/p><\/blockquote>\n<p><script async src=\"https:\/\/platform.twitter.com\/widgets.js\" charset=\"utf-8\"><\/script><\/p>\n<p style=\"text-align: justify\">Desde la Secretar\u00eda de Educaci\u00f3n de Bogot\u00e1, sus compa\u00f1eros y amigos expresaron sus condolencias tras la muerte del hombre que como secretario de la entidad, entre los a\u00f1os 2004 y 2009, adelant\u00f3 grandes reformas como, el mejoramiento de las infraestructuras y la gratuidad de la educaci\u00f3n p\u00fablica en la capital.<\/p>\n<blockquote class=\"twitter-tweet\" data-width=\"500\" data-dnt=\"true\">\n<p lang=\"es\" dir=\"ltr\">Lamentamos profundamente la muerte del profesor Abel Rodr\u00edguez, ex secretario de Educaci\u00f3n de Bogot\u00e1 y quien dedic\u00f3 toda su vida a la ense\u00f1anza y a luchar por los derechos de los maestros y las maestras. Un abrazo solidario a su familia, amigos y compa\u00f1eros. <a href=\"https:\/\/t.co\/2NOde5XsN5\">pic.twitter.com\/2NOde5XsN5<\/a><\/p>\n<p>&mdash; Secretar\u00eda de Educaci\u00f3n de Bogot\u00e1 (@Educacionbogota) <a href=\"https:\/\/twitter.com\/Educacionbogota\/status\/1296419136923369472?ref_src=twsrc%5Etfw\">August 20, 2020<\/a><\/p><\/blockquote>\n<p><script async src=\"https:\/\/platform.twitter.com\/widgets.js\" charset=\"utf-8\"><\/script><\/p>\n<p style=\"text-align: justify\">El \u00abmaestro de maestros\u00bb como era llamado por muchos, engros\u00f3 la cifra de v\u00edctimas del Covid-19 pero dej\u00f3 una huella por su esfuerzo en pro de la educaci\u00f3n en nuestro pa\u00eds.<\/p>\n","protected":false},"excerpt":{"rendered":"<p>El exsecretario de Educaci\u00f3n de Bogot\u00e1 falleci\u00f3 a los 72 a\u00f1os Tras una dura y larga batalla contra el coronavirus librada por quien fuera dirigente sindical, exconstituyente, exconcejal y exsecretario de educaci\u00f3n de Bogot\u00e1,&#46;&#46;&#46;<\/p>\n","protected":false},"author":85,"featured_media":5372,"comment_status":"open","ping_status":"open","sticky":false,"template":"","format":"standard","meta":{"_acf_changed":false,"om_disable_all_campaigns":false,"rop_custom_images_group":[],"rop_custom_messages_group":[],"rop_publish_now":"initial","rop_publish_now_accounts":{"twitter_242054905_242054905":""},"rop_publish_now_history":[],"rop_publish_now_status":"pending","_uf_show_specific_survey":0,"_uf_disable_surveys":false,"footnotes":""},"categories":[172,40],"tags":[],"class_list":["post-5375","post","type-post","status-publish","format-standard","has-post-thumbnail","hentry","category-coronavirus-2","category-noticias"],"acf":[],"aioseo_notices":[],"yoast_head":"<!-- This site is optimized with the Yoast SEO Premium plugin v24.9 (Yoast SEO v27.2) - https:\/\/yoast.com\/product\/yoast-seo-premium-wordpress\/ -->\n<title>Muri\u00f3 Abel Rodr\u00edguez por Covid-19 - Colombia | Noti-America.com<\/title>\n<meta name=\"robots\" content=\"index, follow, max-snippet:-1, max-image-preview:large, max-video-preview:-1\" \/>\n<link rel=\"canonical\" href=\"https:\/\/noti-america.com\/site\/colombia\/2020\/08\/21\/murio-abel-rodriguez-por-covid-19\/\" \/>\n<meta property=\"og:locale\" content=\"es_ES\" \/>\n<meta property=\"og:type\" content=\"article\" \/>\n<meta property=\"og:title\" content=\"Muri\u00f3 Abel Rodr\u00edguez por Covid-19\" \/>\n<meta property=\"og:description\" content=\"El exsecretario de Educaci\u00f3n de Bogot\u00e1 falleci\u00f3 a los 72 a\u00f1os Tras una dura y larga batalla contra el coronavirus librada por quien fuera dirigente sindical, exconstituyente, exconcejal y exsecretario de educaci\u00f3n de Bogot\u00e1,&#046;&#046;&#046;\" \/>\n<meta property=\"og:url\" content=\"https:\/\/noti-america.com\/site\/colombia\/2020\/08\/21\/murio-abel-rodriguez-por-covid-19\/\" \/>\n<meta property=\"og:site_name\" content=\"Colombia | Noti-America.com\" \/>\n<meta property=\"article:published_time\" content=\"2020-08-21T11:40:54+00:00\" \/>\n<meta property=\"article:modified_time\" content=\"2020-08-21T11:41:45+00:00\" \/>\n<meta property=\"og:image\" content=\"https:\/\/noti-america.com\/site\/colombia\/wp-content\/uploads\/sites\/20\/2020\/08\/IMG_20200820_184951.jpg\" \/>\n\t<meta property=\"og:image:width\" content=\"532\" \/>\n\t<meta property=\"og:image:height\" content=\"357\" \/>\n\t<meta property=\"og:image:type\" content=\"image\/jpeg\" \/>\n<meta name=\"author\" content=\"Silvia S\u00e1nchez\" \/>\n<meta name=\"twitter:card\" content=\"summary_large_image\" \/>\n<meta name=\"twitter:creator\" content=\"@notiamerica\" \/>\n<meta name=\"twitter:site\" content=\"@notiamerica\" \/>\n<meta name=\"twitter:label1\" content=\"Escrito por\" \/>\n\t<meta name=\"twitter:data1\" content=\"Silvia S\u00e1nchez\" \/>\n\t<meta name=\"twitter:label2\" content=\"Tiempo estimado de lectura\" \/>\n\t<meta name=\"twitter:data2\" content=\"1 minuto\" \/>\n<script type=\"application\/ld+json\" class=\"yoast-schema-graph\">{\"@context\":\"https:\/\/schema.org\",\"@graph\":[{\"@type\":\"Article\",\"@id\":\"https:\/\/noti-america.com\/site\/colombia\/2020\/08\/21\/murio-abel-rodriguez-por-covid-19\/#article\",\"isPartOf\":{\"@id\":\"https:\/\/noti-america.com\/site\/colombia\/2020\/08\/21\/murio-abel-rodriguez-por-covid-19\/\"},\"author\":{\"name\":\"Silvia S\u00e1nchez\",\"@id\":\"https:\/\/noti-america.com\/site\/colombia\/#\/schema\/person\/cbe765ce6466f69388037918684cdbc1\"},\"headline\":\"Muri\u00f3 Abel Rodr\u00edguez por Covid-19\",\"datePublished\":\"2020-08-21T11:40:54+00:00\",\"dateModified\":\"2020-08-21T11:41:45+00:00\",\"mainEntityOfPage\":{\"@id\":\"https:\/\/noti-america.com\/site\/colombia\/2020\/08\/21\/murio-abel-rodriguez-por-covid-19\/\"},\"wordCount\":197,\"commentCount\":0,\"image\":{\"@id\":\"https:\/\/noti-america.com\/site\/colombia\/2020\/08\/21\/murio-abel-rodriguez-por-covid-19\/#primaryimage\"},\"thumbnailUrl\":\"https:\/\/noti-america.com\/site\/colombia\/wp-content\/uploads\/sites\/20\/2020\/08\/IMG_20200820_184951.jpg\",\"articleSection\":[\"Coronavirus\",\"Noticias\"],\"inLanguage\":\"es\",\"potentialAction\":[{\"@type\":\"CommentAction\",\"name\":\"Comment\",\"target\":[\"https:\/\/noti-america.com\/site\/colombia\/2020\/08\/21\/murio-abel-rodriguez-por-covid-19\/#respond\"]}]},{\"@type\":\"WebPage\",\"@id\":\"https:\/\/noti-america.com\/site\/colombia\/2020\/08\/21\/murio-abel-rodriguez-por-covid-19\/\",\"url\":\"https:\/\/noti-america.com\/site\/colombia\/2020\/08\/21\/murio-abel-rodriguez-por-covid-19\/\",\"name\":\"Muri\u00f3 Abel Rodr\u00edguez por Covid-19 - Colombia | Noti-America.com\",\"isPartOf\":{\"@id\":\"https:\/\/noti-america.com\/site\/colombia\/#website\"},\"primaryImageOfPage\":{\"@id\":\"https:\/\/noti-america.com\/site\/colombia\/2020\/08\/21\/murio-abel-rodriguez-por-covid-19\/#primaryimage\"},\"image\":{\"@id\":\"https:\/\/noti-america.com\/site\/colombia\/2020\/08\/21\/murio-abel-rodriguez-por-covid-19\/#primaryimage\"},\"thumbnailUrl\":\"https:\/\/noti-america.com\/site\/colombia\/wp-content\/uploads\/sites\/20\/2020\/08\/IMG_20200820_184951.jpg\",\"datePublished\":\"2020-08-21T11:40:54+00:00\",\"dateModified\":\"2020-08-21T11:41:45+00:00\",\"author\":{\"@id\":\"https:\/\/noti-america.com\/site\/colombia\/#\/schema\/person\/cbe765ce6466f69388037918684cdbc1\"},\"breadcrumb\":{\"@id\":\"https:\/\/noti-america.com\/site\/colombia\/2020\/08\/21\/murio-abel-rodriguez-por-covid-19\/#breadcrumb\"},\"inLanguage\":\"es\",\"potentialAction\":[{\"@type\":\"ReadAction\",\"target\":[\"https:\/\/noti-america.com\/site\/colombia\/2020\/08\/21\/murio-abel-rodriguez-por-covid-19\/\"]}]},{\"@type\":\"ImageObject\",\"inLanguage\":\"es\",\"@id\":\"https:\/\/noti-america.com\/site\/colombia\/2020\/08\/21\/murio-abel-rodriguez-por-covid-19\/#primaryimage\",\"url\":\"https:\/\/noti-america.com\/site\/colombia\/wp-content\/uploads\/sites\/20\/2020\/08\/IMG_20200820_184951.jpg\",\"contentUrl\":\"https:\/\/noti-america.com\/site\/colombia\/wp-content\/uploads\/sites\/20\/2020\/08\/IMG_20200820_184951.jpg\",\"width\":532,\"height\":357},{\"@type\":\"BreadcrumbList\",\"@id\":\"https:\/\/noti-america.com\/site\/colombia\/2020\/08\/21\/murio-abel-rodriguez-por-covid-19\/#breadcrumb\",\"itemListElement\":[{\"@type\":\"ListItem\",\"position\":1,\"name\":\"Portada\",\"item\":\"https:\/\/noti-america.com\/site\/colombia\/\"},{\"@type\":\"ListItem\",\"position\":2,\"name\":\"Muri\u00f3 Abel Rodr\u00edguez por Covid-19\"}]},{\"@type\":\"WebSite\",\"@id\":\"https:\/\/noti-america.com\/site\/colombia\/#website\",\"url\":\"https:\/\/noti-america.com\/site\/colombia\/\",\"name\":\"Colombia | Noti-America.com\",\"description\":\"\",\"potentialAction\":[{\"@type\":\"SearchAction\",\"target\":{\"@type\":\"EntryPoint\",\"urlTemplate\":\"https:\/\/noti-america.com\/site\/colombia\/?s={search_term_string}\"},\"query-input\":{\"@type\":\"PropertyValueSpecification\",\"valueRequired\":true,\"valueName\":\"search_term_string\"}}],\"inLanguage\":\"es\"},{\"@type\":\"Person\",\"@id\":\"https:\/\/noti-america.com\/site\/colombia\/#\/schema\/person\/cbe765ce6466f69388037918684cdbc1\",\"name\":\"Silvia S\u00e1nchez\",\"image\":{\"@type\":\"ImageObject\",\"inLanguage\":\"es\",\"@id\":\"https:\/\/secure.gravatar.com\/avatar\/2287cfc8de78326c0baee5bffce79d09df06b397cb6bd0bce79b2faf6d45aa43?s=96&d=mm&r=g\",\"url\":\"https:\/\/secure.gravatar.com\/avatar\/2287cfc8de78326c0baee5bffce79d09df06b397cb6bd0bce79b2faf6d45aa43?s=96&d=mm&r=g\",\"contentUrl\":\"https:\/\/secure.gravatar.com\/avatar\/2287cfc8de78326c0baee5bffce79d09df06b397cb6bd0bce79b2faf6d45aa43?s=96&d=mm&r=g\",\"caption\":\"Silvia S\u00e1nchez\"},\"url\":\"https:\/\/noti-america.com\/site\/colombia\/author\/ssanchez\/\"}]}<\/script>\n<!-- \/ Yoast SEO Premium plugin. -->","yoast_head_json":{"title":"Muri\u00f3 Abel Rodr\u00edguez por Covid-19 - Colombia | Noti-America.com","robots":{"index":"index","follow":"follow","max-snippet":"max-snippet:-1","max-image-preview":"max-image-preview:large","max-video-preview":"max-video-preview:-1"},"canonical":"https:\/\/noti-america.com\/site\/colombia\/2020\/08\/21\/murio-abel-rodriguez-por-covid-19\/","og_locale":"es_ES","og_type":"article","og_title":"Muri\u00f3 Abel Rodr\u00edguez por Covid-19","og_description":"El exsecretario de Educaci\u00f3n de Bogot\u00e1 falleci\u00f3 a los 72 a\u00f1os Tras una dura y larga batalla contra el coronavirus librada por quien fuera dirigente sindical, exconstituyente, exconcejal y exsecretario de educaci\u00f3n de Bogot\u00e1,&#46;&#46;&#46;","og_url":"https:\/\/noti-america.com\/site\/colombia\/2020\/08\/21\/murio-abel-rodriguez-por-covid-19\/","og_site_name":"Colombia | Noti-America.com","article_published_time":"2020-08-21T11:40:54+00:00","article_modified_time":"2020-08-21T11:41:45+00:00","og_image":[{"width":532,"height":357,"url":"https:\/\/noti-america.com\/site\/colombia\/wp-content\/uploads\/sites\/20\/2020\/08\/IMG_20200820_184951.jpg","type":"image\/jpeg"}],"author":"Silvia S\u00e1nchez","twitter_card":"summary_large_image","twitter_creator":"@notiamerica","twitter_site":"@notiamerica","twitter_misc":{"Escrito por":"Silvia S\u00e1nchez","Tiempo estimado de lectura":"1 minuto"},"schema":{"@context":"https:\/\/schema.org","@graph":[{"@type":"Article","@id":"https:\/\/noti-america.com\/site\/colombia\/2020\/08\/21\/murio-abel-rodriguez-por-covid-19\/#article","isPartOf":{"@id":"https:\/\/noti-america.com\/site\/colombia\/2020\/08\/21\/murio-abel-rodriguez-por-covid-19\/"},"author":{"name":"Silvia S\u00e1nchez","@id":"https:\/\/noti-america.com\/site\/colombia\/#\/schema\/person\/cbe765ce6466f69388037918684cdbc1"},"headline":"Muri\u00f3 Abel Rodr\u00edguez por Covid-19","datePublished":"2020-08-21T11:40:54+00:00","dateModified":"2020-08-21T11:41:45+00:00","mainEntityOfPage":{"@id":"https:\/\/noti-america.com\/site\/colombia\/2020\/08\/21\/murio-abel-rodriguez-por-covid-19\/"},"wordCount":197,"commentCount":0,"image":{"@id":"https:\/\/noti-america.com\/site\/colombia\/2020\/08\/21\/murio-abel-rodriguez-por-covid-19\/#primaryimage"},"thumbnailUrl":"https:\/\/noti-america.com\/site\/colombia\/wp-content\/uploads\/sites\/20\/2020\/08\/IMG_20200820_184951.jpg","articleSection":["Coronavirus","Noticias"],"inLanguage":"es","potentialAction":[{"@type":"CommentAction","name":"Comment","target":["https:\/\/noti-america.com\/site\/colombia\/2020\/08\/21\/murio-abel-rodriguez-por-covid-19\/#respond"]}]},{"@type":"WebPage","@id":"https:\/\/noti-america.com\/site\/colombia\/2020\/08\/21\/murio-abel-rodriguez-por-covid-19\/","url":"https:\/\/noti-america.com\/site\/colombia\/2020\/08\/21\/murio-abel-rodriguez-por-covid-19\/","name":"Muri\u00f3 Abel Rodr\u00edguez por Covid-19 - Colombia | Noti-America.com","isPartOf":{"@id":"https:\/\/noti-america.com\/site\/colombia\/#website"},"primaryImageOfPage":{"@id":"https:\/\/noti-america.com\/site\/colombia\/2020\/08\/21\/murio-abel-rodriguez-por-covid-19\/#primaryimage"},"image":{"@id":"https:\/\/noti-america.com\/site\/colombia\/2020\/08\/21\/murio-abel-rodriguez-por-covid-19\/#primaryimage"},"thumbnailUrl":"https:\/\/noti-america.com\/site\/colombia\/wp-content\/uploads\/sites\/20\/2020\/08\/IMG_20200820_184951.jpg","datePublished":"2020-08-21T11:40:54+00:00","dateModified":"2020-08-21T11:41:45+00:00","author":{"@id":"https:\/\/noti-america.com\/site\/colombia\/#\/schema\/person\/cbe765ce6466f69388037918684cdbc1"},"breadcrumb":{"@id":"https:\/\/noti-america.com\/site\/colombia\/2020\/08\/21\/murio-abel-rodriguez-por-covid-19\/#breadcrumb"},"inLanguage":"es","potentialAction":[{"@type":"ReadAction","target":["https:\/\/noti-america.com\/site\/colombia\/2020\/08\/21\/murio-abel-rodriguez-por-covid-19\/"]}]},{"@type":"ImageObject","inLanguage":"es","@id":"https:\/\/noti-america.com\/site\/colombia\/2020\/08\/21\/murio-abel-rodriguez-por-covid-19\/#primaryimage","url":"https:\/\/noti-america.com\/site\/colombia\/wp-content\/uploads\/sites\/20\/2020\/08\/IMG_20200820_184951.jpg","contentUrl":"https:\/\/noti-america.com\/site\/colombia\/wp-content\/uploads\/sites\/20\/2020\/08\/IMG_20200820_184951.jpg","width":532,"height":357},{"@type":"BreadcrumbList","@id":"https:\/\/noti-america.com\/site\/colombia\/2020\/08\/21\/murio-abel-rodriguez-por-covid-19\/#breadcrumb","itemListElement":[{"@type":"ListItem","position":1,"name":"Portada","item":"https:\/\/noti-america.com\/site\/colombia\/"},{"@type":"ListItem","position":2,"name":"Muri\u00f3 Abel Rodr\u00edguez por Covid-19"}]},{"@type":"WebSite","@id":"https:\/\/noti-america.com\/site\/colombia\/#website","url":"https:\/\/noti-america.com\/site\/colombia\/","name":"Colombia | Noti-America.com","description":"","potentialAction":[{"@type":"SearchAction","target":{"@type":"EntryPoint","urlTemplate":"https:\/\/noti-america.com\/site\/colombia\/?s={search_term_string}"},"query-input":{"@type":"PropertyValueSpecification","valueRequired":true,"valueName":"search_term_string"}}],"inLanguage":"es"},{"@type":"Person","@id":"https:\/\/noti-america.com\/site\/colombia\/#\/schema\/person\/cbe765ce6466f69388037918684cdbc1","name":"Silvia S\u00e1nchez","image":{"@type":"ImageObject","inLanguage":"es","@id":"https:\/\/secure.gravatar.com\/avatar\/2287cfc8de78326c0baee5bffce79d09df06b397cb6bd0bce79b2faf6d45aa43?s=96&d=mm&r=g","url":"https:\/\/secure.gravatar.com\/avatar\/2287cfc8de78326c0baee5bffce79d09df06b397cb6bd0bce79b2faf6d45aa43?s=96&d=mm&r=g","contentUrl":"https:\/\/secure.gravatar.com\/avatar\/2287cfc8de78326c0baee5bffce79d09df06b397cb6bd0bce79b2faf6d45aa43?s=96&d=mm&r=g","caption":"Silvia S\u00e1nchez"},"url":"https:\/\/noti-america.com\/site\/colombia\/author\/ssanchez\/"}]}},"_links":{"self":[{"href":"https:\/\/noti-america.com\/site\/colombia\/wp-json\/wp\/v2\/posts\/5375","targetHints":{"allow":["GET"]}}],"collection":[{"href":"https:\/\/noti-america.com\/site\/colombia\/wp-json\/wp\/v2\/posts"}],"about":[{"href":"https:\/\/noti-america.com\/site\/colombia\/wp-json\/wp\/v2\/types\/post"}],"author":[{"embeddable":true,"href":"https:\/\/noti-america.com\/site\/colombia\/wp-json\/wp\/v2\/users\/85"}],"replies":[{"embeddable":true,"href":"https:\/\/noti-america.com\/site\/colombia\/wp-json\/wp\/v2\/comments?post=5375"}],"version-history":[{"count":1,"href":"https:\/\/noti-america.com\/site\/colombia\/wp-json\/wp\/v2\/posts\/5375\/revisions"}],"predecessor-version":[{"id":5376,"href":"https:\/\/noti-america.com\/site\/colombia\/wp-json\/wp\/v2\/posts\/5375\/revisions\/5376"}],"wp:featuredmedia":[{"embeddable":true,"href":"https:\/\/noti-america.com\/site\/colombia\/wp-json\/wp\/v2\/media\/5372"}],"wp:attachment":[{"href":"https:\/\/noti-america.com\/site\/colombia\/wp-json\/wp\/v2\/media?parent=5375"}],"wp:term":[{"taxonomy":"category","embeddable":true,"href":"https:\/\/noti-america.com\/site\/colombia\/wp-json\/wp\/v2\/categories?post=5375"},{"taxonomy":"post_tag","embeddable":true,"href":"https:\/\/noti-america.com\/site\/colombia\/wp-json\/wp\/v2\/tags?post=5375"}],"curies":[{"name":"wp","href":"https:\/\/api.w.org\/{rel}","templated":true}]}}