{"id":5295,"date":"2020-08-14T11:52:11","date_gmt":"2020-08-14T11:52:11","guid":{"rendered":"https:\/\/noti-america.com\/site\/colombia\/?p=5295"},"modified":"2020-08-14T11:52:11","modified_gmt":"2020-08-14T11:52:11","slug":"siete-localidades-entran-en-cuarentena-a-partir-de-este-domingo-16-de-agosto-en-bogota","status":"publish","type":"post","link":"https:\/\/noti-america.com\/site\/colombia\/2020\/08\/14\/siete-localidades-entran-en-cuarentena-a-partir-de-este-domingo-16-de-agosto-en-bogota\/","title":{"rendered":"Siete localidades entran en cuarentena a partir de este domingo 16 de agosto, en Bogot\u00e1"},"content":{"rendered":"<p style=\"text-align: justify\"><em>Chapinero, Santa Fe, Puente Aranda, Usaqu\u00e9n, Teusaquillo, La Candelaria y Antonio Nari\u00f1o son las localidades que entran en cuarentena estricta, desde el 16 de agosto a las 00:00 hasta el 30 de agosto a las 11:59 p.m.<\/em><\/p>\n<div id=\"attachment_5297\" style=\"width: 167px\" class=\"wp-caption aligncenter\"><img loading=\"lazy\" decoding=\"async\" aria-describedby=\"caption-attachment-5297\" class=\"wp-image-5297 size-medium\" src=\"https:\/\/noti-america.com\/site\/colombia\/wp-content\/uploads\/sites\/20\/2020\/08\/IMG-20200814-WA0004-157x300.jpg\" alt=\"\" width=\"157\" height=\"300\" srcset=\"https:\/\/noti-america.com\/site\/colombia\/wp-content\/uploads\/sites\/20\/2020\/08\/IMG-20200814-WA0004-157x300.jpg 157w, https:\/\/noti-america.com\/site\/colombia\/wp-content\/uploads\/sites\/20\/2020\/08\/IMG-20200814-WA0004-537x1024.jpg 537w, https:\/\/noti-america.com\/site\/colombia\/wp-content\/uploads\/sites\/20\/2020\/08\/IMG-20200814-WA0004.jpg 540w\" sizes=\"auto, (max-width: 157px) 100vw, 157px\" \/><p id=\"caption-attachment-5297\" class=\"wp-caption-text\">Foto: Alejandro Mancipe<\/p><\/div>\n<p style=\"text-align: justify\">La alcaldesa de Bogot\u00e1, Claudia L\u00f3pez, anunci\u00f3 que a partir de este domingo 16 de agosto, siete localidades de la ciudad entrar\u00e1n en cuarentena estricta porque tienen una alta tasa de transmisibilidad del virus (RT). Es decir, en estas localidades el coronavirus se est\u00e1 propagando m\u00e1s r\u00e1pidamente que en otros sectores de la ciudad.<\/p>\n<p style=\"text-align: justify\">Chapinero, Santa Fe, Puente Aranda, Usaqu\u00e9n, Teusaquillo, La Candelaria y Antonio Nari\u00f1o, ser\u00e1n las localidades que entrar\u00e1n en cuarentena estricta, desde el 16 de agosto a las 00:00 hasta el 30 de agosto a las 11:59 p.m.<\/p>\n<p style=\"text-align: justify\">La mandataria de la ciudad recalc\u00f3 que a pesar de que algunas de estas localidades ya hab\u00edan estado en aislamiento estricto, los casos y tasa de contagio han vuelto a subir, por lo que es necesario tomar medidas para<br \/>\nproteger la vida de los ciudadanos.<\/p>\n<p style=\"text-align: justify\">Es importante recordar que en estas localidades habr\u00e1 restricci\u00f3n total de la movilidad, prohibici\u00f3n del expendio de bebidas alcoh\u00f3licas entre viernes y domingo, cierre del comercio (excepto abastecimiento, farmacias y art\u00edculos de primera necesidad) y restricci\u00f3n total de actividades desde las 8:00 p.m. hasta las 5:00 a.m.<\/p>\n<p style=\"text-align: justify\"><strong>Las actividades exceptuadas son:<\/strong><\/p>\n<p style=\"text-align: justify\">-Abastecimiento entre 5:00am y 7:00pm (una sola persona por n\u00facleo familiar).<\/p>\n<p style=\"text-align: justify\">-Servicios de salud p\u00fablicos y privados.<\/p>\n<p style=\"text-align: justify\">-Orden p\u00fablico, seguridad general y atenci\u00f3n sanitaria.<\/p>\n<p style=\"text-align: justify\">-Atender asuntos de fuerza mayor o de extrema necesidad.<\/p>\n<p style=\"text-align: justify\">-Las dem\u00e1s excepciones que rigieron en las Zonas de Cuidado Especial.<\/p>\n<p style=\"text-align: justify\">-Cuidado de mayores, personas con discapacidad, personas vulnerables.<\/p>\n<p style=\"text-align: justify\">En estas localidades se intensificar\u00e1n las acciones de pruebas, rastreo y aislamiento selectivo sostenible de la estrategia PRASS.<\/p>\n<p style=\"text-align: justify\">Adem\u00e1s de un fortalecimiento de las acciones de cultura ciudadana para recordarles a los habitantes las medidas de autocuidado como el uso obligatorio del tapabocas, el distanciamiento social y lavado de manos.<\/p>\n<p style=\"text-align: justify\"><strong>Plan Piloto del aeropuerto El Dorado<\/strong><\/p>\n<p style=\"text-align: justify\">Como parte de las medidas adoptadas por las autoridades de la ciudad, la alcaldesa Claudia L\u00f3pez, se\u00f1al\u00f3 que la primera semana de septiembre comenzar\u00e1 el plan piloto de vuelos en el aeropuerto El Dorado.<\/p>\n<p style=\"text-align: justify\">Las primeras rutas priorizadas, de acuerdo con los an\u00e1lisis adelantados, ser\u00e1n de ida y vuelta desde Bogot\u00e1 a Cartagena, San Andr\u00e9s y Leticia.<\/p>\n<p style=\"text-align: justify\">El plan piloto se adelantar\u00e1 con estas regiones debido a que manejan la misma curva de contagio, menor que la de la capital o ya pasaron el pico.<\/p>\n<p style=\"text-align: justify\">Como parte de este plan piloto, se evaluar\u00e1 la posibilidad de la entrada de nuevas rutas cada tres semanas.<\/p>\n<p style=\"text-align: justify\"><strong>Restaurantes a Cielo Abierto a partir de septiembre<\/strong><\/p>\n<p style=\"text-align: justify\">As\u00ed mismo, L\u00f3pez inform\u00f3 que el plan piloto de Bogot\u00e1 a Cielo Abierto arrancar\u00e1 el primer fin de semana de septiembre, esta estrategia le apuesta a que los sectores de la gastronom\u00eda vuelvan a atender en espacios al aire libre con diversas modalidades.<\/p>\n<p style=\"text-align: justify\">Los restaurantes y cafeter\u00edas que se encuentren entre las zonas autorizadas, deber\u00e1n adelantar su registro en la p\u00e1gina web: www.bogota.gov.co\/reactivacion-economica\/ y cumplir una serie de requisitos para poder funcionar con todas las medidas de bioseguridad.<\/p>\n<p style=\"text-align: justify\">Bogot\u00e1 a Cielo Abierto contempla seis modalidades para implementar la apertura de comercios del sector gastron\u00f3mico y de cafeter\u00edas:<br \/>\n&#8211; Extensiones: en antejardines o terrazas<\/p>\n<p style=\"text-align: justify\">-Andenes: cumpliendo con la normatividad urbana<\/p>\n<p style=\"text-align: justify\">-Cerramientos: Calles peatonales<\/p>\n<p style=\"text-align: justify\">-Utilizaci\u00f3n de plazoletas de parques<\/p>\n<p style=\"text-align: justify\">-&#8216;Drive Thru&#8217;: Comida para llevar o en parqueaderos<\/p>\n<p style=\"text-align: justify\">-Camiones de comida<\/p>\n<p style=\"text-align: justify\"><strong>Recursos para investigaci\u00f3n de tratamientos<\/strong><br \/>\nAdem\u00e1s, la Alcald\u00eda de Bogot\u00e1 destinar\u00e1 204.000 millones de pesos del cupo de endeudamiento para la investigaci\u00f3n cient\u00edfica de tratamientos y vacunas que combatan el COVID-19.<\/p>\n","protected":false},"excerpt":{"rendered":"<p>Chapinero, Santa Fe, Puente Aranda, Usaqu\u00e9n, Teusaquillo, La Candelaria y Antonio Nari\u00f1o son las localidades que entran en cuarentena estricta, desde el 16 de agosto a las 00:00 hasta el 30 de agosto a&#46;&#46;&#46;<\/p>\n","protected":false},"author":84,"featured_media":5298,"comment_status":"open","ping_status":"open","sticky":false,"template":"","format":"standard","meta":{"_acf_changed":false,"om_disable_all_campaigns":false,"rop_custom_images_group":[],"rop_custom_messages_group":[],"rop_publish_now":"initial","rop_publish_now_accounts":{"twitter_242054905_242054905":""},"rop_publish_now_history":[],"rop_publish_now_status":"pending","_uf_show_specific_survey":0,"_uf_disable_surveys":false,"footnotes":""},"categories":[172,40,1],"tags":[],"class_list":["post-5295","post","type-post","status-publish","format-standard","has-post-thumbnail","hentry","category-coronavirus-2","category-noticias","category-uncategorized"],"acf":[],"aioseo_notices":[],"yoast_head":"<!-- This site is optimized with the Yoast SEO Premium plugin v24.9 (Yoast SEO v27.2) - https:\/\/yoast.com\/product\/yoast-seo-premium-wordpress\/ -->\n<title>Siete localidades entran en cuarentena a partir de este domingo 16 de agosto, en Bogot\u00e1 - Colombia | Noti-America.com<\/title>\n<meta name=\"robots\" content=\"index, follow, max-snippet:-1, max-image-preview:large, max-video-preview:-1\" \/>\n<link rel=\"canonical\" href=\"https:\/\/noti-america.com\/site\/colombia\/2020\/08\/14\/siete-localidades-entran-en-cuarentena-a-partir-de-este-domingo-16-de-agosto-en-bogota\/\" \/>\n<meta property=\"og:locale\" content=\"es_ES\" \/>\n<meta property=\"og:type\" content=\"article\" \/>\n<meta property=\"og:title\" content=\"Siete localidades entran en cuarentena a partir de este domingo 16 de agosto, en Bogot\u00e1\" \/>\n<meta property=\"og:description\" content=\"Chapinero, Santa Fe, Puente Aranda, Usaqu\u00e9n, Teusaquillo, La Candelaria y Antonio Nari\u00f1o son las localidades que entran en cuarentena estricta, desde el 16 de agosto a las 00:00 hasta el 30 de agosto a&#046;&#046;&#046;\" \/>\n<meta property=\"og:url\" content=\"https:\/\/noti-america.com\/site\/colombia\/2020\/08\/14\/siete-localidades-entran-en-cuarentena-a-partir-de-este-domingo-16-de-agosto-en-bogota\/\" \/>\n<meta property=\"og:site_name\" content=\"Colombia | Noti-America.com\" \/>\n<meta property=\"article:published_time\" content=\"2020-08-14T11:52:11+00:00\" \/>\n<meta property=\"og:image\" content=\"https:\/\/noti-america.com\/site\/colombia\/wp-content\/uploads\/sites\/20\/2020\/08\/IMG-20200814-WA0003.jpg\" \/>\n\t<meta property=\"og:image:width\" content=\"1280\" \/>\n\t<meta property=\"og:image:height\" content=\"992\" \/>\n\t<meta property=\"og:image:type\" content=\"image\/jpeg\" \/>\n<meta name=\"author\" content=\"Julian Ortiz\" \/>\n<meta name=\"twitter:card\" content=\"summary_large_image\" \/>\n<meta name=\"twitter:creator\" content=\"@notiamerica\" \/>\n<meta name=\"twitter:site\" content=\"@notiamerica\" \/>\n<meta name=\"twitter:label1\" content=\"Escrito por\" \/>\n\t<meta name=\"twitter:data1\" content=\"Julian Ortiz\" \/>\n\t<meta name=\"twitter:label2\" content=\"Tiempo estimado de lectura\" \/>\n\t<meta name=\"twitter:data2\" content=\"3 minutos\" \/>\n<script type=\"application\/ld+json\" class=\"yoast-schema-graph\">{\"@context\":\"https:\/\/schema.org\",\"@graph\":[{\"@type\":\"Article\",\"@id\":\"https:\/\/noti-america.com\/site\/colombia\/2020\/08\/14\/siete-localidades-entran-en-cuarentena-a-partir-de-este-domingo-16-de-agosto-en-bogota\/#article\",\"isPartOf\":{\"@id\":\"https:\/\/noti-america.com\/site\/colombia\/2020\/08\/14\/siete-localidades-entran-en-cuarentena-a-partir-de-este-domingo-16-de-agosto-en-bogota\/\"},\"author\":{\"name\":\"Julian Ortiz\",\"@id\":\"https:\/\/noti-america.com\/site\/colombia\/#\/schema\/person\/eb01881981abf1d02e3bc14527a88e8f\"},\"headline\":\"Siete localidades entran en cuarentena a partir de este domingo 16 de agosto, en Bogot\u00e1\",\"datePublished\":\"2020-08-14T11:52:11+00:00\",\"mainEntityOfPage\":{\"@id\":\"https:\/\/noti-america.com\/site\/colombia\/2020\/08\/14\/siete-localidades-entran-en-cuarentena-a-partir-de-este-domingo-16-de-agosto-en-bogota\/\"},\"wordCount\":665,\"commentCount\":0,\"image\":{\"@id\":\"https:\/\/noti-america.com\/site\/colombia\/2020\/08\/14\/siete-localidades-entran-en-cuarentena-a-partir-de-este-domingo-16-de-agosto-en-bogota\/#primaryimage\"},\"thumbnailUrl\":\"https:\/\/noti-america.com\/site\/colombia\/wp-content\/uploads\/sites\/20\/2020\/08\/IMG-20200814-WA0003.jpg\",\"articleSection\":[\"Coronavirus\",\"Noticias\",\"Uncategorized\"],\"inLanguage\":\"es\",\"potentialAction\":[{\"@type\":\"CommentAction\",\"name\":\"Comment\",\"target\":[\"https:\/\/noti-america.com\/site\/colombia\/2020\/08\/14\/siete-localidades-entran-en-cuarentena-a-partir-de-este-domingo-16-de-agosto-en-bogota\/#respond\"]}]},{\"@type\":\"WebPage\",\"@id\":\"https:\/\/noti-america.com\/site\/colombia\/2020\/08\/14\/siete-localidades-entran-en-cuarentena-a-partir-de-este-domingo-16-de-agosto-en-bogota\/\",\"url\":\"https:\/\/noti-america.com\/site\/colombia\/2020\/08\/14\/siete-localidades-entran-en-cuarentena-a-partir-de-este-domingo-16-de-agosto-en-bogota\/\",\"name\":\"Siete localidades entran en cuarentena a partir de este domingo 16 de agosto, en Bogot\u00e1 - Colombia | Noti-America.com\",\"isPartOf\":{\"@id\":\"https:\/\/noti-america.com\/site\/colombia\/#website\"},\"primaryImageOfPage\":{\"@id\":\"https:\/\/noti-america.com\/site\/colombia\/2020\/08\/14\/siete-localidades-entran-en-cuarentena-a-partir-de-este-domingo-16-de-agosto-en-bogota\/#primaryimage\"},\"image\":{\"@id\":\"https:\/\/noti-america.com\/site\/colombia\/2020\/08\/14\/siete-localidades-entran-en-cuarentena-a-partir-de-este-domingo-16-de-agosto-en-bogota\/#primaryimage\"},\"thumbnailUrl\":\"https:\/\/noti-america.com\/site\/colombia\/wp-content\/uploads\/sites\/20\/2020\/08\/IMG-20200814-WA0003.jpg\",\"datePublished\":\"2020-08-14T11:52:11+00:00\",\"author\":{\"@id\":\"https:\/\/noti-america.com\/site\/colombia\/#\/schema\/person\/eb01881981abf1d02e3bc14527a88e8f\"},\"breadcrumb\":{\"@id\":\"https:\/\/noti-america.com\/site\/colombia\/2020\/08\/14\/siete-localidades-entran-en-cuarentena-a-partir-de-este-domingo-16-de-agosto-en-bogota\/#breadcrumb\"},\"inLanguage\":\"es\",\"potentialAction\":[{\"@type\":\"ReadAction\",\"target\":[\"https:\/\/noti-america.com\/site\/colombia\/2020\/08\/14\/siete-localidades-entran-en-cuarentena-a-partir-de-este-domingo-16-de-agosto-en-bogota\/\"]}]},{\"@type\":\"ImageObject\",\"inLanguage\":\"es\",\"@id\":\"https:\/\/noti-america.com\/site\/colombia\/2020\/08\/14\/siete-localidades-entran-en-cuarentena-a-partir-de-este-domingo-16-de-agosto-en-bogota\/#primaryimage\",\"url\":\"https:\/\/noti-america.com\/site\/colombia\/wp-content\/uploads\/sites\/20\/2020\/08\/IMG-20200814-WA0003.jpg\",\"contentUrl\":\"https:\/\/noti-america.com\/site\/colombia\/wp-content\/uploads\/sites\/20\/2020\/08\/IMG-20200814-WA0003.jpg\",\"width\":1280,\"height\":992},{\"@type\":\"BreadcrumbList\",\"@id\":\"https:\/\/noti-america.com\/site\/colombia\/2020\/08\/14\/siete-localidades-entran-en-cuarentena-a-partir-de-este-domingo-16-de-agosto-en-bogota\/#breadcrumb\",\"itemListElement\":[{\"@type\":\"ListItem\",\"position\":1,\"name\":\"Portada\",\"item\":\"https:\/\/noti-america.com\/site\/colombia\/\"},{\"@type\":\"ListItem\",\"position\":2,\"name\":\"Siete localidades entran en cuarentena a partir de este domingo 16 de agosto, en Bogot\u00e1\"}]},{\"@type\":\"WebSite\",\"@id\":\"https:\/\/noti-america.com\/site\/colombia\/#website\",\"url\":\"https:\/\/noti-america.com\/site\/colombia\/\",\"name\":\"Colombia | Noti-America.com\",\"description\":\"\",\"potentialAction\":[{\"@type\":\"SearchAction\",\"target\":{\"@type\":\"EntryPoint\",\"urlTemplate\":\"https:\/\/noti-america.com\/site\/colombia\/?s={search_term_string}\"},\"query-input\":{\"@type\":\"PropertyValueSpecification\",\"valueRequired\":true,\"valueName\":\"search_term_string\"}}],\"inLanguage\":\"es\"},{\"@type\":\"Person\",\"@id\":\"https:\/\/noti-america.com\/site\/colombia\/#\/schema\/person\/eb01881981abf1d02e3bc14527a88e8f\",\"name\":\"Julian Ortiz\",\"image\":{\"@type\":\"ImageObject\",\"inLanguage\":\"es\",\"@id\":\"https:\/\/secure.gravatar.com\/avatar\/538f67c8e966ab4c39ad15913dfecfa3902d52730c1c7194ed5a337bf2268d69?s=96&d=mm&r=g\",\"url\":\"https:\/\/secure.gravatar.com\/avatar\/538f67c8e966ab4c39ad15913dfecfa3902d52730c1c7194ed5a337bf2268d69?s=96&d=mm&r=g\",\"contentUrl\":\"https:\/\/secure.gravatar.com\/avatar\/538f67c8e966ab4c39ad15913dfecfa3902d52730c1c7194ed5a337bf2268d69?s=96&d=mm&r=g\",\"caption\":\"Julian Ortiz\"},\"url\":\"https:\/\/noti-america.com\/site\/colombia\/author\/jortiz\/\"}]}<\/script>\n<!-- \/ Yoast SEO Premium plugin. -->","yoast_head_json":{"title":"Siete localidades entran en cuarentena a partir de este domingo 16 de agosto, en Bogot\u00e1 - Colombia | Noti-America.com","robots":{"index":"index","follow":"follow","max-snippet":"max-snippet:-1","max-image-preview":"max-image-preview:large","max-video-preview":"max-video-preview:-1"},"canonical":"https:\/\/noti-america.com\/site\/colombia\/2020\/08\/14\/siete-localidades-entran-en-cuarentena-a-partir-de-este-domingo-16-de-agosto-en-bogota\/","og_locale":"es_ES","og_type":"article","og_title":"Siete localidades entran en cuarentena a partir de este domingo 16 de agosto, en Bogot\u00e1","og_description":"Chapinero, Santa Fe, Puente Aranda, Usaqu\u00e9n, Teusaquillo, La Candelaria y Antonio Nari\u00f1o son las localidades que entran en cuarentena estricta, desde el 16 de agosto a las 00:00 hasta el 30 de agosto a&#46;&#46;&#46;","og_url":"https:\/\/noti-america.com\/site\/colombia\/2020\/08\/14\/siete-localidades-entran-en-cuarentena-a-partir-de-este-domingo-16-de-agosto-en-bogota\/","og_site_name":"Colombia | Noti-America.com","article_published_time":"2020-08-14T11:52:11+00:00","og_image":[{"width":1280,"height":992,"url":"https:\/\/noti-america.com\/site\/colombia\/wp-content\/uploads\/sites\/20\/2020\/08\/IMG-20200814-WA0003.jpg","type":"image\/jpeg"}],"author":"Julian Ortiz","twitter_card":"summary_large_image","twitter_creator":"@notiamerica","twitter_site":"@notiamerica","twitter_misc":{"Escrito por":"Julian Ortiz","Tiempo estimado de lectura":"3 minutos"},"schema":{"@context":"https:\/\/schema.org","@graph":[{"@type":"Article","@id":"https:\/\/noti-america.com\/site\/colombia\/2020\/08\/14\/siete-localidades-entran-en-cuarentena-a-partir-de-este-domingo-16-de-agosto-en-bogota\/#article","isPartOf":{"@id":"https:\/\/noti-america.com\/site\/colombia\/2020\/08\/14\/siete-localidades-entran-en-cuarentena-a-partir-de-este-domingo-16-de-agosto-en-bogota\/"},"author":{"name":"Julian Ortiz","@id":"https:\/\/noti-america.com\/site\/colombia\/#\/schema\/person\/eb01881981abf1d02e3bc14527a88e8f"},"headline":"Siete localidades entran en cuarentena a partir de este domingo 16 de agosto, en Bogot\u00e1","datePublished":"2020-08-14T11:52:11+00:00","mainEntityOfPage":{"@id":"https:\/\/noti-america.com\/site\/colombia\/2020\/08\/14\/siete-localidades-entran-en-cuarentena-a-partir-de-este-domingo-16-de-agosto-en-bogota\/"},"wordCount":665,"commentCount":0,"image":{"@id":"https:\/\/noti-america.com\/site\/colombia\/2020\/08\/14\/siete-localidades-entran-en-cuarentena-a-partir-de-este-domingo-16-de-agosto-en-bogota\/#primaryimage"},"thumbnailUrl":"https:\/\/noti-america.com\/site\/colombia\/wp-content\/uploads\/sites\/20\/2020\/08\/IMG-20200814-WA0003.jpg","articleSection":["Coronavirus","Noticias","Uncategorized"],"inLanguage":"es","potentialAction":[{"@type":"CommentAction","name":"Comment","target":["https:\/\/noti-america.com\/site\/colombia\/2020\/08\/14\/siete-localidades-entran-en-cuarentena-a-partir-de-este-domingo-16-de-agosto-en-bogota\/#respond"]}]},{"@type":"WebPage","@id":"https:\/\/noti-america.com\/site\/colombia\/2020\/08\/14\/siete-localidades-entran-en-cuarentena-a-partir-de-este-domingo-16-de-agosto-en-bogota\/","url":"https:\/\/noti-america.com\/site\/colombia\/2020\/08\/14\/siete-localidades-entran-en-cuarentena-a-partir-de-este-domingo-16-de-agosto-en-bogota\/","name":"Siete localidades entran en cuarentena a partir de este domingo 16 de agosto, en Bogot\u00e1 - Colombia | Noti-America.com","isPartOf":{"@id":"https:\/\/noti-america.com\/site\/colombia\/#website"},"primaryImageOfPage":{"@id":"https:\/\/noti-america.com\/site\/colombia\/2020\/08\/14\/siete-localidades-entran-en-cuarentena-a-partir-de-este-domingo-16-de-agosto-en-bogota\/#primaryimage"},"image":{"@id":"https:\/\/noti-america.com\/site\/colombia\/2020\/08\/14\/siete-localidades-entran-en-cuarentena-a-partir-de-este-domingo-16-de-agosto-en-bogota\/#primaryimage"},"thumbnailUrl":"https:\/\/noti-america.com\/site\/colombia\/wp-content\/uploads\/sites\/20\/2020\/08\/IMG-20200814-WA0003.jpg","datePublished":"2020-08-14T11:52:11+00:00","author":{"@id":"https:\/\/noti-america.com\/site\/colombia\/#\/schema\/person\/eb01881981abf1d02e3bc14527a88e8f"},"breadcrumb":{"@id":"https:\/\/noti-america.com\/site\/colombia\/2020\/08\/14\/siete-localidades-entran-en-cuarentena-a-partir-de-este-domingo-16-de-agosto-en-bogota\/#breadcrumb"},"inLanguage":"es","potentialAction":[{"@type":"ReadAction","target":["https:\/\/noti-america.com\/site\/colombia\/2020\/08\/14\/siete-localidades-entran-en-cuarentena-a-partir-de-este-domingo-16-de-agosto-en-bogota\/"]}]},{"@type":"ImageObject","inLanguage":"es","@id":"https:\/\/noti-america.com\/site\/colombia\/2020\/08\/14\/siete-localidades-entran-en-cuarentena-a-partir-de-este-domingo-16-de-agosto-en-bogota\/#primaryimage","url":"https:\/\/noti-america.com\/site\/colombia\/wp-content\/uploads\/sites\/20\/2020\/08\/IMG-20200814-WA0003.jpg","contentUrl":"https:\/\/noti-america.com\/site\/colombia\/wp-content\/uploads\/sites\/20\/2020\/08\/IMG-20200814-WA0003.jpg","width":1280,"height":992},{"@type":"BreadcrumbList","@id":"https:\/\/noti-america.com\/site\/colombia\/2020\/08\/14\/siete-localidades-entran-en-cuarentena-a-partir-de-este-domingo-16-de-agosto-en-bogota\/#breadcrumb","itemListElement":[{"@type":"ListItem","position":1,"name":"Portada","item":"https:\/\/noti-america.com\/site\/colombia\/"},{"@type":"ListItem","position":2,"name":"Siete localidades entran en cuarentena a partir de este domingo 16 de agosto, en Bogot\u00e1"}]},{"@type":"WebSite","@id":"https:\/\/noti-america.com\/site\/colombia\/#website","url":"https:\/\/noti-america.com\/site\/colombia\/","name":"Colombia | Noti-America.com","description":"","potentialAction":[{"@type":"SearchAction","target":{"@type":"EntryPoint","urlTemplate":"https:\/\/noti-america.com\/site\/colombia\/?s={search_term_string}"},"query-input":{"@type":"PropertyValueSpecification","valueRequired":true,"valueName":"search_term_string"}}],"inLanguage":"es"},{"@type":"Person","@id":"https:\/\/noti-america.com\/site\/colombia\/#\/schema\/person\/eb01881981abf1d02e3bc14527a88e8f","name":"Julian Ortiz","image":{"@type":"ImageObject","inLanguage":"es","@id":"https:\/\/secure.gravatar.com\/avatar\/538f67c8e966ab4c39ad15913dfecfa3902d52730c1c7194ed5a337bf2268d69?s=96&d=mm&r=g","url":"https:\/\/secure.gravatar.com\/avatar\/538f67c8e966ab4c39ad15913dfecfa3902d52730c1c7194ed5a337bf2268d69?s=96&d=mm&r=g","contentUrl":"https:\/\/secure.gravatar.com\/avatar\/538f67c8e966ab4c39ad15913dfecfa3902d52730c1c7194ed5a337bf2268d69?s=96&d=mm&r=g","caption":"Julian Ortiz"},"url":"https:\/\/noti-america.com\/site\/colombia\/author\/jortiz\/"}]}},"_links":{"self":[{"href":"https:\/\/noti-america.com\/site\/colombia\/wp-json\/wp\/v2\/posts\/5295","targetHints":{"allow":["GET"]}}],"collection":[{"href":"https:\/\/noti-america.com\/site\/colombia\/wp-json\/wp\/v2\/posts"}],"about":[{"href":"https:\/\/noti-america.com\/site\/colombia\/wp-json\/wp\/v2\/types\/post"}],"author":[{"embeddable":true,"href":"https:\/\/noti-america.com\/site\/colombia\/wp-json\/wp\/v2\/users\/84"}],"replies":[{"embeddable":true,"href":"https:\/\/noti-america.com\/site\/colombia\/wp-json\/wp\/v2\/comments?post=5295"}],"version-history":[{"count":1,"href":"https:\/\/noti-america.com\/site\/colombia\/wp-json\/wp\/v2\/posts\/5295\/revisions"}],"predecessor-version":[{"id":5299,"href":"https:\/\/noti-america.com\/site\/colombia\/wp-json\/wp\/v2\/posts\/5295\/revisions\/5299"}],"wp:featuredmedia":[{"embeddable":true,"href":"https:\/\/noti-america.com\/site\/colombia\/wp-json\/wp\/v2\/media\/5298"}],"wp:attachment":[{"href":"https:\/\/noti-america.com\/site\/colombia\/wp-json\/wp\/v2\/media?parent=5295"}],"wp:term":[{"taxonomy":"category","embeddable":true,"href":"https:\/\/noti-america.com\/site\/colombia\/wp-json\/wp\/v2\/categories?post=5295"},{"taxonomy":"post_tag","embeddable":true,"href":"https:\/\/noti-america.com\/site\/colombia\/wp-json\/wp\/v2\/tags?post=5295"}],"curies":[{"name":"wp","href":"https:\/\/api.w.org\/{rel}","templated":true}]}}