{"id":5216,"date":"2020-08-06T05:10:39","date_gmt":"2020-08-06T05:10:39","guid":{"rendered":"https:\/\/noti-america.com\/site\/colombia\/?p=5216"},"modified":"2020-08-06T05:10:39","modified_gmt":"2020-08-06T05:10:39","slug":"alvaro-uribe-dio-positivo-en-la-prueba-de-covid-19","status":"publish","type":"post","link":"https:\/\/noti-america.com\/site\/colombia\/2020\/08\/06\/alvaro-uribe-dio-positivo-en-la-prueba-de-covid-19\/","title":{"rendered":"\u00c1lvaro Uribe dio positivo en la prueba de Covid-19"},"content":{"rendered":"<p style=\"text-align: justify\"><em>Sus hijos, Tom\u00e1s y Jer\u00f3nimo tambi\u00e9n habr\u00edan resultado positivos en las pruebas realizadas<\/em>.<\/p>\n<div id=\"attachment_5217\" style=\"width: 310px\" class=\"wp-caption aligncenter\"><img loading=\"lazy\" decoding=\"async\" aria-describedby=\"caption-attachment-5217\" class=\"wp-image-5217 size-medium\" src=\"https:\/\/noti-america.com\/site\/colombia\/wp-content\/uploads\/sites\/20\/2020\/08\/web_colp_hf208526_big_ce_VL430264_MG17894370-1-300x200.jpg\" alt=\"\" width=\"300\" height=\"200\" srcset=\"https:\/\/noti-america.com\/site\/colombia\/wp-content\/uploads\/sites\/20\/2020\/08\/web_colp_hf208526_big_ce_VL430264_MG17894370-1-300x200.jpg 300w, https:\/\/noti-america.com\/site\/colombia\/wp-content\/uploads\/sites\/20\/2020\/08\/web_colp_hf208526_big_ce_VL430264_MG17894370-1-272x182.jpg 272w, https:\/\/noti-america.com\/site\/colombia\/wp-content\/uploads\/sites\/20\/2020\/08\/web_colp_hf208526_big_ce_VL430264_MG17894370-1.jpg 716w\" sizes=\"auto, (max-width: 300px) 100vw, 300px\" \/><p id=\"caption-attachment-5217\" class=\"wp-caption-text\">\u00a0Colprensa<\/p><\/div>\n<p style=\"text-align: justify\">\u201cEl presidente \u00c1lvaro Uribe ha sido diagnosticado con covid-19. Sin embargo, su estado de salud es \u00f3ptimo, no ha presentado mayores s\u00edntomas, ni ningunas dificultades respiratorias\u201d, dijo Gabriel Velasco, senador y vocero del Centro Democr\u00e1tico, partido del expresidente Uribe, quien se ser\u00eda asintom\u00e1tico y se encontrar\u00eda en buen estado de salud.<\/p>\n<p style=\"text-align: justify\">\nLa noticia se conoce un d\u00eda despu\u00e9s de que la Corte Suprema de Justicia dictar una medida de aseguramiento al senador por el proceso de los falsos testigos.<\/p>\n<p style=\"text-align: justify\">\nEn la finca El Ub\u00e9rrimo, en Monter\u00eda, Uribe, pasa su aislamiento y su detenci\u00f3n domiciliaria. Con fuerte presencia de la Polic\u00eda y del Ej\u00e9rcito.<\/p>\n","protected":false},"excerpt":{"rendered":"<p>Sus hijos, Tom\u00e1s y Jer\u00f3nimo tambi\u00e9n habr\u00edan resultado positivos en las pruebas realizadas. \u201cEl presidente \u00c1lvaro Uribe ha sido diagnosticado con covid-19. Sin embargo, su estado de salud es \u00f3ptimo, no ha presentado mayores&#46;&#46;&#46;<\/p>\n","protected":false},"author":84,"featured_media":5217,"comment_status":"open","ping_status":"open","sticky":false,"template":"","format":"standard","meta":{"_acf_changed":false,"om_disable_all_campaigns":false,"rop_custom_images_group":[],"rop_custom_messages_group":[],"rop_publish_now":"initial","rop_publish_now_accounts":{"twitter_242054905_242054905":""},"rop_publish_now_history":[],"rop_publish_now_status":"pending","_uf_show_specific_survey":0,"_uf_disable_surveys":false,"footnotes":""},"categories":[172,35],"tags":[],"class_list":["post-5216","post","type-post","status-publish","format-standard","has-post-thumbnail","hentry","category-coronavirus-2","category-salud"],"acf":[],"aioseo_notices":[],"yoast_head":"<!-- This site is optimized with the Yoast SEO Premium plugin v24.9 (Yoast SEO v27.2) - https:\/\/yoast.com\/product\/yoast-seo-premium-wordpress\/ -->\n<title>\u00c1lvaro Uribe dio positivo en la prueba de Covid-19 - Colombia | Noti-America.com<\/title>\n<meta name=\"robots\" content=\"index, follow, max-snippet:-1, max-image-preview:large, max-video-preview:-1\" \/>\n<link rel=\"canonical\" href=\"https:\/\/noti-america.com\/site\/colombia\/2020\/08\/06\/alvaro-uribe-dio-positivo-en-la-prueba-de-covid-19\/\" \/>\n<meta property=\"og:locale\" content=\"es_ES\" \/>\n<meta property=\"og:type\" content=\"article\" \/>\n<meta property=\"og:title\" content=\"\u00c1lvaro Uribe dio positivo en la prueba de Covid-19\" \/>\n<meta property=\"og:description\" content=\"Sus hijos, Tom\u00e1s y Jer\u00f3nimo tambi\u00e9n habr\u00edan resultado positivos en las pruebas realizadas. \u201cEl presidente \u00c1lvaro Uribe ha sido diagnosticado con covid-19. Sin embargo, su estado de salud es \u00f3ptimo, no ha presentado mayores&#046;&#046;&#046;\" \/>\n<meta property=\"og:url\" content=\"https:\/\/noti-america.com\/site\/colombia\/2020\/08\/06\/alvaro-uribe-dio-positivo-en-la-prueba-de-covid-19\/\" \/>\n<meta property=\"og:site_name\" content=\"Colombia | Noti-America.com\" \/>\n<meta property=\"article:published_time\" content=\"2020-08-06T05:10:39+00:00\" \/>\n<meta property=\"og:image\" content=\"https:\/\/noti-america.com\/site\/colombia\/wp-content\/uploads\/sites\/20\/2020\/08\/web_colp_hf208526_big_ce_VL430264_MG17894370-1.jpg\" \/>\n\t<meta property=\"og:image:width\" content=\"716\" \/>\n\t<meta property=\"og:image:height\" content=\"477\" \/>\n\t<meta property=\"og:image:type\" content=\"image\/jpeg\" \/>\n<meta name=\"author\" content=\"Julian Ortiz\" \/>\n<meta name=\"twitter:card\" content=\"summary_large_image\" \/>\n<meta name=\"twitter:creator\" content=\"@notiamerica\" \/>\n<meta name=\"twitter:site\" content=\"@notiamerica\" \/>\n<meta name=\"twitter:label1\" content=\"Escrito por\" \/>\n\t<meta name=\"twitter:data1\" content=\"Julian Ortiz\" \/>\n\t<meta name=\"twitter:label2\" content=\"Tiempo estimado de lectura\" \/>\n\t<meta name=\"twitter:data2\" content=\"1 minuto\" \/>\n<script type=\"application\/ld+json\" class=\"yoast-schema-graph\">{\"@context\":\"https:\/\/schema.org\",\"@graph\":[{\"@type\":\"Article\",\"@id\":\"https:\/\/noti-america.com\/site\/colombia\/2020\/08\/06\/alvaro-uribe-dio-positivo-en-la-prueba-de-covid-19\/#article\",\"isPartOf\":{\"@id\":\"https:\/\/noti-america.com\/site\/colombia\/2020\/08\/06\/alvaro-uribe-dio-positivo-en-la-prueba-de-covid-19\/\"},\"author\":{\"name\":\"Julian Ortiz\",\"@id\":\"https:\/\/noti-america.com\/site\/colombia\/#\/schema\/person\/eb01881981abf1d02e3bc14527a88e8f\"},\"headline\":\"\u00c1lvaro Uribe dio positivo en la prueba de Covid-19\",\"datePublished\":\"2020-08-06T05:10:39+00:00\",\"mainEntityOfPage\":{\"@id\":\"https:\/\/noti-america.com\/site\/colombia\/2020\/08\/06\/alvaro-uribe-dio-positivo-en-la-prueba-de-covid-19\/\"},\"wordCount\":149,\"commentCount\":0,\"image\":{\"@id\":\"https:\/\/noti-america.com\/site\/colombia\/2020\/08\/06\/alvaro-uribe-dio-positivo-en-la-prueba-de-covid-19\/#primaryimage\"},\"thumbnailUrl\":\"https:\/\/noti-america.com\/site\/colombia\/wp-content\/uploads\/sites\/20\/2020\/08\/web_colp_hf208526_big_ce_VL430264_MG17894370-1.jpg\",\"articleSection\":[\"Coronavirus\",\"Salud\"],\"inLanguage\":\"es\",\"potentialAction\":[{\"@type\":\"CommentAction\",\"name\":\"Comment\",\"target\":[\"https:\/\/noti-america.com\/site\/colombia\/2020\/08\/06\/alvaro-uribe-dio-positivo-en-la-prueba-de-covid-19\/#respond\"]}]},{\"@type\":\"WebPage\",\"@id\":\"https:\/\/noti-america.com\/site\/colombia\/2020\/08\/06\/alvaro-uribe-dio-positivo-en-la-prueba-de-covid-19\/\",\"url\":\"https:\/\/noti-america.com\/site\/colombia\/2020\/08\/06\/alvaro-uribe-dio-positivo-en-la-prueba-de-covid-19\/\",\"name\":\"\u00c1lvaro Uribe dio positivo en la prueba de Covid-19 - Colombia | Noti-America.com\",\"isPartOf\":{\"@id\":\"https:\/\/noti-america.com\/site\/colombia\/#website\"},\"primaryImageOfPage\":{\"@id\":\"https:\/\/noti-america.com\/site\/colombia\/2020\/08\/06\/alvaro-uribe-dio-positivo-en-la-prueba-de-covid-19\/#primaryimage\"},\"image\":{\"@id\":\"https:\/\/noti-america.com\/site\/colombia\/2020\/08\/06\/alvaro-uribe-dio-positivo-en-la-prueba-de-covid-19\/#primaryimage\"},\"thumbnailUrl\":\"https:\/\/noti-america.com\/site\/colombia\/wp-content\/uploads\/sites\/20\/2020\/08\/web_colp_hf208526_big_ce_VL430264_MG17894370-1.jpg\",\"datePublished\":\"2020-08-06T05:10:39+00:00\",\"author\":{\"@id\":\"https:\/\/noti-america.com\/site\/colombia\/#\/schema\/person\/eb01881981abf1d02e3bc14527a88e8f\"},\"breadcrumb\":{\"@id\":\"https:\/\/noti-america.com\/site\/colombia\/2020\/08\/06\/alvaro-uribe-dio-positivo-en-la-prueba-de-covid-19\/#breadcrumb\"},\"inLanguage\":\"es\",\"potentialAction\":[{\"@type\":\"ReadAction\",\"target\":[\"https:\/\/noti-america.com\/site\/colombia\/2020\/08\/06\/alvaro-uribe-dio-positivo-en-la-prueba-de-covid-19\/\"]}]},{\"@type\":\"ImageObject\",\"inLanguage\":\"es\",\"@id\":\"https:\/\/noti-america.com\/site\/colombia\/2020\/08\/06\/alvaro-uribe-dio-positivo-en-la-prueba-de-covid-19\/#primaryimage\",\"url\":\"https:\/\/noti-america.com\/site\/colombia\/wp-content\/uploads\/sites\/20\/2020\/08\/web_colp_hf208526_big_ce_VL430264_MG17894370-1.jpg\",\"contentUrl\":\"https:\/\/noti-america.com\/site\/colombia\/wp-content\/uploads\/sites\/20\/2020\/08\/web_colp_hf208526_big_ce_VL430264_MG17894370-1.jpg\",\"width\":716,\"height\":477,\"caption\":\"EL EXPRESIDENTE ALVARO URIBE, CON SUS HIJOS TOM\u00c1S Y JER\u00d3NIMO URIBE (COLPRENSA- CASA DE NARI\u00d1O).\"},{\"@type\":\"BreadcrumbList\",\"@id\":\"https:\/\/noti-america.com\/site\/colombia\/2020\/08\/06\/alvaro-uribe-dio-positivo-en-la-prueba-de-covid-19\/#breadcrumb\",\"itemListElement\":[{\"@type\":\"ListItem\",\"position\":1,\"name\":\"Portada\",\"item\":\"https:\/\/noti-america.com\/site\/colombia\/\"},{\"@type\":\"ListItem\",\"position\":2,\"name\":\"\u00c1lvaro Uribe dio positivo en la prueba de Covid-19\"}]},{\"@type\":\"WebSite\",\"@id\":\"https:\/\/noti-america.com\/site\/colombia\/#website\",\"url\":\"https:\/\/noti-america.com\/site\/colombia\/\",\"name\":\"Colombia | Noti-America.com\",\"description\":\"\",\"potentialAction\":[{\"@type\":\"SearchAction\",\"target\":{\"@type\":\"EntryPoint\",\"urlTemplate\":\"https:\/\/noti-america.com\/site\/colombia\/?s={search_term_string}\"},\"query-input\":{\"@type\":\"PropertyValueSpecification\",\"valueRequired\":true,\"valueName\":\"search_term_string\"}}],\"inLanguage\":\"es\"},{\"@type\":\"Person\",\"@id\":\"https:\/\/noti-america.com\/site\/colombia\/#\/schema\/person\/eb01881981abf1d02e3bc14527a88e8f\",\"name\":\"Julian Ortiz\",\"image\":{\"@type\":\"ImageObject\",\"inLanguage\":\"es\",\"@id\":\"https:\/\/secure.gravatar.com\/avatar\/538f67c8e966ab4c39ad15913dfecfa3902d52730c1c7194ed5a337bf2268d69?s=96&d=mm&r=g\",\"url\":\"https:\/\/secure.gravatar.com\/avatar\/538f67c8e966ab4c39ad15913dfecfa3902d52730c1c7194ed5a337bf2268d69?s=96&d=mm&r=g\",\"contentUrl\":\"https:\/\/secure.gravatar.com\/avatar\/538f67c8e966ab4c39ad15913dfecfa3902d52730c1c7194ed5a337bf2268d69?s=96&d=mm&r=g\",\"caption\":\"Julian Ortiz\"},\"url\":\"https:\/\/noti-america.com\/site\/colombia\/author\/jortiz\/\"}]}<\/script>\n<!-- \/ Yoast SEO Premium plugin. -->","yoast_head_json":{"title":"\u00c1lvaro Uribe dio positivo en la prueba de Covid-19 - Colombia | Noti-America.com","robots":{"index":"index","follow":"follow","max-snippet":"max-snippet:-1","max-image-preview":"max-image-preview:large","max-video-preview":"max-video-preview:-1"},"canonical":"https:\/\/noti-america.com\/site\/colombia\/2020\/08\/06\/alvaro-uribe-dio-positivo-en-la-prueba-de-covid-19\/","og_locale":"es_ES","og_type":"article","og_title":"\u00c1lvaro Uribe dio positivo en la prueba de Covid-19","og_description":"Sus hijos, Tom\u00e1s y Jer\u00f3nimo tambi\u00e9n habr\u00edan resultado positivos en las pruebas realizadas. \u201cEl presidente \u00c1lvaro Uribe ha sido diagnosticado con covid-19. Sin embargo, su estado de salud es \u00f3ptimo, no ha presentado mayores&#46;&#46;&#46;","og_url":"https:\/\/noti-america.com\/site\/colombia\/2020\/08\/06\/alvaro-uribe-dio-positivo-en-la-prueba-de-covid-19\/","og_site_name":"Colombia | Noti-America.com","article_published_time":"2020-08-06T05:10:39+00:00","og_image":[{"width":716,"height":477,"url":"https:\/\/noti-america.com\/site\/colombia\/wp-content\/uploads\/sites\/20\/2020\/08\/web_colp_hf208526_big_ce_VL430264_MG17894370-1.jpg","type":"image\/jpeg"}],"author":"Julian Ortiz","twitter_card":"summary_large_image","twitter_creator":"@notiamerica","twitter_site":"@notiamerica","twitter_misc":{"Escrito por":"Julian Ortiz","Tiempo estimado de lectura":"1 minuto"},"schema":{"@context":"https:\/\/schema.org","@graph":[{"@type":"Article","@id":"https:\/\/noti-america.com\/site\/colombia\/2020\/08\/06\/alvaro-uribe-dio-positivo-en-la-prueba-de-covid-19\/#article","isPartOf":{"@id":"https:\/\/noti-america.com\/site\/colombia\/2020\/08\/06\/alvaro-uribe-dio-positivo-en-la-prueba-de-covid-19\/"},"author":{"name":"Julian Ortiz","@id":"https:\/\/noti-america.com\/site\/colombia\/#\/schema\/person\/eb01881981abf1d02e3bc14527a88e8f"},"headline":"\u00c1lvaro Uribe dio positivo en la prueba de Covid-19","datePublished":"2020-08-06T05:10:39+00:00","mainEntityOfPage":{"@id":"https:\/\/noti-america.com\/site\/colombia\/2020\/08\/06\/alvaro-uribe-dio-positivo-en-la-prueba-de-covid-19\/"},"wordCount":149,"commentCount":0,"image":{"@id":"https:\/\/noti-america.com\/site\/colombia\/2020\/08\/06\/alvaro-uribe-dio-positivo-en-la-prueba-de-covid-19\/#primaryimage"},"thumbnailUrl":"https:\/\/noti-america.com\/site\/colombia\/wp-content\/uploads\/sites\/20\/2020\/08\/web_colp_hf208526_big_ce_VL430264_MG17894370-1.jpg","articleSection":["Coronavirus","Salud"],"inLanguage":"es","potentialAction":[{"@type":"CommentAction","name":"Comment","target":["https:\/\/noti-america.com\/site\/colombia\/2020\/08\/06\/alvaro-uribe-dio-positivo-en-la-prueba-de-covid-19\/#respond"]}]},{"@type":"WebPage","@id":"https:\/\/noti-america.com\/site\/colombia\/2020\/08\/06\/alvaro-uribe-dio-positivo-en-la-prueba-de-covid-19\/","url":"https:\/\/noti-america.com\/site\/colombia\/2020\/08\/06\/alvaro-uribe-dio-positivo-en-la-prueba-de-covid-19\/","name":"\u00c1lvaro Uribe dio positivo en la prueba de Covid-19 - Colombia | Noti-America.com","isPartOf":{"@id":"https:\/\/noti-america.com\/site\/colombia\/#website"},"primaryImageOfPage":{"@id":"https:\/\/noti-america.com\/site\/colombia\/2020\/08\/06\/alvaro-uribe-dio-positivo-en-la-prueba-de-covid-19\/#primaryimage"},"image":{"@id":"https:\/\/noti-america.com\/site\/colombia\/2020\/08\/06\/alvaro-uribe-dio-positivo-en-la-prueba-de-covid-19\/#primaryimage"},"thumbnailUrl":"https:\/\/noti-america.com\/site\/colombia\/wp-content\/uploads\/sites\/20\/2020\/08\/web_colp_hf208526_big_ce_VL430264_MG17894370-1.jpg","datePublished":"2020-08-06T05:10:39+00:00","author":{"@id":"https:\/\/noti-america.com\/site\/colombia\/#\/schema\/person\/eb01881981abf1d02e3bc14527a88e8f"},"breadcrumb":{"@id":"https:\/\/noti-america.com\/site\/colombia\/2020\/08\/06\/alvaro-uribe-dio-positivo-en-la-prueba-de-covid-19\/#breadcrumb"},"inLanguage":"es","potentialAction":[{"@type":"ReadAction","target":["https:\/\/noti-america.com\/site\/colombia\/2020\/08\/06\/alvaro-uribe-dio-positivo-en-la-prueba-de-covid-19\/"]}]},{"@type":"ImageObject","inLanguage":"es","@id":"https:\/\/noti-america.com\/site\/colombia\/2020\/08\/06\/alvaro-uribe-dio-positivo-en-la-prueba-de-covid-19\/#primaryimage","url":"https:\/\/noti-america.com\/site\/colombia\/wp-content\/uploads\/sites\/20\/2020\/08\/web_colp_hf208526_big_ce_VL430264_MG17894370-1.jpg","contentUrl":"https:\/\/noti-america.com\/site\/colombia\/wp-content\/uploads\/sites\/20\/2020\/08\/web_colp_hf208526_big_ce_VL430264_MG17894370-1.jpg","width":716,"height":477,"caption":"EL EXPRESIDENTE ALVARO URIBE, CON SUS HIJOS TOM\u00c1S Y JER\u00d3NIMO URIBE (COLPRENSA- CASA DE NARI\u00d1O)."},{"@type":"BreadcrumbList","@id":"https:\/\/noti-america.com\/site\/colombia\/2020\/08\/06\/alvaro-uribe-dio-positivo-en-la-prueba-de-covid-19\/#breadcrumb","itemListElement":[{"@type":"ListItem","position":1,"name":"Portada","item":"https:\/\/noti-america.com\/site\/colombia\/"},{"@type":"ListItem","position":2,"name":"\u00c1lvaro Uribe dio positivo en la prueba de Covid-19"}]},{"@type":"WebSite","@id":"https:\/\/noti-america.com\/site\/colombia\/#website","url":"https:\/\/noti-america.com\/site\/colombia\/","name":"Colombia | Noti-America.com","description":"","potentialAction":[{"@type":"SearchAction","target":{"@type":"EntryPoint","urlTemplate":"https:\/\/noti-america.com\/site\/colombia\/?s={search_term_string}"},"query-input":{"@type":"PropertyValueSpecification","valueRequired":true,"valueName":"search_term_string"}}],"inLanguage":"es"},{"@type":"Person","@id":"https:\/\/noti-america.com\/site\/colombia\/#\/schema\/person\/eb01881981abf1d02e3bc14527a88e8f","name":"Julian Ortiz","image":{"@type":"ImageObject","inLanguage":"es","@id":"https:\/\/secure.gravatar.com\/avatar\/538f67c8e966ab4c39ad15913dfecfa3902d52730c1c7194ed5a337bf2268d69?s=96&d=mm&r=g","url":"https:\/\/secure.gravatar.com\/avatar\/538f67c8e966ab4c39ad15913dfecfa3902d52730c1c7194ed5a337bf2268d69?s=96&d=mm&r=g","contentUrl":"https:\/\/secure.gravatar.com\/avatar\/538f67c8e966ab4c39ad15913dfecfa3902d52730c1c7194ed5a337bf2268d69?s=96&d=mm&r=g","caption":"Julian Ortiz"},"url":"https:\/\/noti-america.com\/site\/colombia\/author\/jortiz\/"}]}},"_links":{"self":[{"href":"https:\/\/noti-america.com\/site\/colombia\/wp-json\/wp\/v2\/posts\/5216","targetHints":{"allow":["GET"]}}],"collection":[{"href":"https:\/\/noti-america.com\/site\/colombia\/wp-json\/wp\/v2\/posts"}],"about":[{"href":"https:\/\/noti-america.com\/site\/colombia\/wp-json\/wp\/v2\/types\/post"}],"author":[{"embeddable":true,"href":"https:\/\/noti-america.com\/site\/colombia\/wp-json\/wp\/v2\/users\/84"}],"replies":[{"embeddable":true,"href":"https:\/\/noti-america.com\/site\/colombia\/wp-json\/wp\/v2\/comments?post=5216"}],"version-history":[{"count":1,"href":"https:\/\/noti-america.com\/site\/colombia\/wp-json\/wp\/v2\/posts\/5216\/revisions"}],"predecessor-version":[{"id":5218,"href":"https:\/\/noti-america.com\/site\/colombia\/wp-json\/wp\/v2\/posts\/5216\/revisions\/5218"}],"wp:featuredmedia":[{"embeddable":true,"href":"https:\/\/noti-america.com\/site\/colombia\/wp-json\/wp\/v2\/media\/5217"}],"wp:attachment":[{"href":"https:\/\/noti-america.com\/site\/colombia\/wp-json\/wp\/v2\/media?parent=5216"}],"wp:term":[{"taxonomy":"category","embeddable":true,"href":"https:\/\/noti-america.com\/site\/colombia\/wp-json\/wp\/v2\/categories?post=5216"},{"taxonomy":"post_tag","embeddable":true,"href":"https:\/\/noti-america.com\/site\/colombia\/wp-json\/wp\/v2\/tags?post=5216"}],"curies":[{"name":"wp","href":"https:\/\/api.w.org\/{rel}","templated":true}]}}