{"id":5029,"date":"2020-07-24T16:24:03","date_gmt":"2020-07-24T16:24:03","guid":{"rendered":"https:\/\/noti-america.com\/site\/colombia\/?p=5029"},"modified":"2020-07-24T16:24:03","modified_gmt":"2020-07-24T16:24:03","slug":"victoria-decisiva","status":"publish","type":"post","link":"https:\/\/noti-america.com\/site\/colombia\/2020\/07\/24\/victoria-decisiva\/","title":{"rendered":"\u00abVICTORIA DECISIVA\u00bb"},"content":{"rendered":"<div class=\"gs\">\n<div class=\"\">\n<div id=\":lz\" class=\"ii gt\">\n<div id=\":ly\" class=\"a3s aXjCH \">\n<div dir=\"auto\">\n<p dir=\"ltr\"><strong>NOTI-AMERICA.COM (COLOMBIA \/ CARTAGENA)<\/strong><\/p>\n<p dir=\"ltr\"><img loading=\"lazy\" decoding=\"async\" class=\"wp-image-5030 aligncenter\" src=\"https:\/\/noti-america.com\/site\/colombia\/wp-content\/uploads\/sites\/20\/2020\/07\/tmp660567471845015553-300x225.jpg\" alt=\"\" width=\"527\" height=\"395\" srcset=\"https:\/\/noti-america.com\/site\/colombia\/wp-content\/uploads\/sites\/20\/2020\/07\/tmp660567471845015553-300x225.jpg 300w, https:\/\/noti-america.com\/site\/colombia\/wp-content\/uploads\/sites\/20\/2020\/07\/tmp660567471845015553-768x576.jpg 768w, https:\/\/noti-america.com\/site\/colombia\/wp-content\/uploads\/sites\/20\/2020\/07\/tmp660567471845015553.jpg 1024w\" sizes=\"auto, (max-width: 527px) 100vw, 527px\" \/><\/p>\n<p dir=\"ltr\" style=\"text-align: justify\">El\u00a0<b>combate naval que se realiz\u00f3 en el lago de Maracaibo<\/b> fue un enfrentamiento naval ocurrido el 24 de julio de 1823 entre la escuadra de la Rep\u00fablica de Colombia liderada por el almirante neogranadino Jos\u00e9 Prudencio Padilla defensor naval de Cartagena durante el sitio emprendido por la escuadra Armada del Reino de Espa\u00f1a, dirigida por el capit\u00e1n de nav\u00edo \u00c1ngel Laborde y Navarro, Padilla particip\u00f3 en el movimiento independentista de Cartagena, adelant\u00f3 operaciones en el mar que culminaron en la Batalla Naval del Lago de Maracaibo y consolid\u00f3 la independencia del norte de la Gran Colombia.\u00a0 .La batalla se libr\u00f3 en el lago de Maracaibo, al oeste de \u00a0Venezuela&#8230;Resultando una <strong>\u00abVICTORIA DECISIVA\u00bb<\/strong> para las fuerzas republicanas&#8230;con la captura o destrucci\u00f3n de la casi totalidad de la escuadra espa\u00f1ola. La derrota de las fuerzas espa\u00f1olas en el Lago fue seguida por la capitulaci\u00f3n y entrega de la ciudad de Maracaibo, que hab\u00eda sido ocupada por los realistas en septiembre de 1822. Como consecuencia de esta victoria se consolid\u00f3 definitivamente la independencia de las antiguas colonias espa\u00f1olas de la Nueva Granada y Venezuela, agrupadas bajo la denominaci\u00f3n de Rep\u00fablica de Colombia, quedando como \u00faltimo reducto realista en los territorios independizados la plaza de Puerto Cabello. En Colombia y Venezuela, la batalla se conmemora un d\u00eda como hoy 24 de Julio,\u00a0 <strong>D\u00eda de la<\/strong> <b>Armada Nacional de Colombia y de la Armada de la Rep\u00fablica<\/b> <strong>Bolivariana<\/strong><b> de Venezuela. <\/b>EL Almirante Padilla fue fusilado en Bogot\u00e1, el 2 de octubre de 1828. La Escuela Naval de Cadetes \u201cAlmirante Padilla\u201d contin\u00faa comprometida con la formaci\u00f3n integral de los futuros Oficiales de la Armada Nacional, haciendo gala a su lema de honor y tradici\u00f3n, propendiendo por entregar al pa\u00eds ciudadanos ejemplares, respetuosos de las tradiciones navales, para aportar al desarrollo del Poder Mar\u00edtimo colombiano.<\/p>\n<\/div>\n<\/div>\n<div class=\"yj6qo\"><\/div>\n<div class=\"yj6qo\"><\/div>\n<div class=\"yj6qo\"><\/div>\n<div class=\"yj6qo\"><\/div>\n<\/div>\n<div class=\"hi\"><\/div>\n<\/div>\n<\/div>\n","protected":false},"excerpt":{"rendered":"<p>NOTI-AMERICA.COM (COLOMBIA \/ CARTAGENA) El\u00a0combate naval que se realiz\u00f3 en el lago de Maracaibo fue un enfrentamiento naval ocurrido el 24 de julio de 1823 entre la escuadra de la Rep\u00fablica de Colombia liderada&#46;&#46;&#46;<\/p>\n","protected":false},"author":86,"featured_media":5031,"comment_status":"open","ping_status":"open","sticky":false,"template":"","format":"standard","meta":{"_acf_changed":false,"om_disable_all_campaigns":false,"rop_custom_images_group":[],"rop_custom_messages_group":[],"rop_publish_now":"initial","rop_publish_now_accounts":{"twitter_242054905_242054905":""},"rop_publish_now_history":[],"rop_publish_now_status":"pending","_uf_show_specific_survey":0,"_uf_disable_surveys":false,"footnotes":""},"categories":[121],"tags":[],"class_list":["post-5029","post","type-post","status-publish","format-standard","has-post-thumbnail","hentry","category-actualidad"],"acf":[],"aioseo_notices":[],"yoast_head":"<!-- This site is optimized with the Yoast SEO Premium plugin v24.9 (Yoast SEO v27.2) - https:\/\/yoast.com\/product\/yoast-seo-premium-wordpress\/ -->\n<title>&quot;VICTORIA DECISIVA&quot; - Colombia | Noti-America.com<\/title>\n<meta name=\"robots\" content=\"index, follow, max-snippet:-1, max-image-preview:large, max-video-preview:-1\" \/>\n<link rel=\"canonical\" href=\"https:\/\/noti-america.com\/site\/colombia\/2020\/07\/24\/victoria-decisiva\/\" \/>\n<meta property=\"og:locale\" content=\"es_ES\" \/>\n<meta property=\"og:type\" content=\"article\" \/>\n<meta property=\"og:title\" content=\"&quot;VICTORIA DECISIVA&quot;\" \/>\n<meta property=\"og:description\" content=\"NOTI-AMERICA.COM (COLOMBIA \/ CARTAGENA) El\u00a0combate naval que se realiz\u00f3 en el lago de Maracaibo fue un enfrentamiento naval ocurrido el 24 de julio de 1823 entre la escuadra de la Rep\u00fablica de Colombia liderada&#046;&#046;&#046;\" \/>\n<meta property=\"og:url\" content=\"https:\/\/noti-america.com\/site\/colombia\/2020\/07\/24\/victoria-decisiva\/\" \/>\n<meta property=\"og:site_name\" content=\"Colombia | Noti-America.com\" \/>\n<meta property=\"article:published_time\" content=\"2020-07-24T16:24:03+00:00\" \/>\n<meta property=\"og:image\" content=\"https:\/\/noti-america.com\/site\/colombia\/wp-content\/uploads\/sites\/20\/2020\/07\/5551f304191f47c9ba4fa79704be8866.jpe\" \/>\n\t<meta property=\"og:image:width\" content=\"847\" \/>\n\t<meta property=\"og:image:height\" content=\"476\" \/>\n\t<meta property=\"og:image:type\" content=\"image\/jpeg\" \/>\n<meta name=\"author\" content=\"Leansy Arias\" \/>\n<meta name=\"twitter:card\" content=\"summary_large_image\" \/>\n<meta name=\"twitter:creator\" content=\"@tumatey\" \/>\n<meta name=\"twitter:site\" content=\"@notiamerica\" \/>\n<meta name=\"twitter:label1\" content=\"Escrito por\" \/>\n\t<meta name=\"twitter:data1\" content=\"Leansy Arias\" \/>\n\t<meta name=\"twitter:label2\" content=\"Tiempo estimado de lectura\" \/>\n\t<meta name=\"twitter:data2\" content=\"2 minutos\" \/>\n<script type=\"application\/ld+json\" class=\"yoast-schema-graph\">{\"@context\":\"https:\/\/schema.org\",\"@graph\":[{\"@type\":\"Article\",\"@id\":\"https:\/\/noti-america.com\/site\/colombia\/2020\/07\/24\/victoria-decisiva\/#article\",\"isPartOf\":{\"@id\":\"https:\/\/noti-america.com\/site\/colombia\/2020\/07\/24\/victoria-decisiva\/\"},\"author\":{\"name\":\"Leansy Arias\",\"@id\":\"https:\/\/noti-america.com\/site\/colombia\/#\/schema\/person\/085033a49d4d60529a72f48972833561\"},\"headline\":\"\u00abVICTORIA DECISIVA\u00bb\",\"datePublished\":\"2020-07-24T16:24:03+00:00\",\"mainEntityOfPage\":{\"@id\":\"https:\/\/noti-america.com\/site\/colombia\/2020\/07\/24\/victoria-decisiva\/\"},\"wordCount\":321,\"commentCount\":0,\"image\":{\"@id\":\"https:\/\/noti-america.com\/site\/colombia\/2020\/07\/24\/victoria-decisiva\/#primaryimage\"},\"thumbnailUrl\":\"https:\/\/noti-america.com\/site\/colombia\/wp-content\/uploads\/sites\/20\/2020\/07\/5551f304191f47c9ba4fa79704be8866.jpe\",\"articleSection\":[\"Actualidad\"],\"inLanguage\":\"es\",\"potentialAction\":[{\"@type\":\"CommentAction\",\"name\":\"Comment\",\"target\":[\"https:\/\/noti-america.com\/site\/colombia\/2020\/07\/24\/victoria-decisiva\/#respond\"]}]},{\"@type\":\"WebPage\",\"@id\":\"https:\/\/noti-america.com\/site\/colombia\/2020\/07\/24\/victoria-decisiva\/\",\"url\":\"https:\/\/noti-america.com\/site\/colombia\/2020\/07\/24\/victoria-decisiva\/\",\"name\":\"\\\"VICTORIA DECISIVA\\\" - Colombia | Noti-America.com\",\"isPartOf\":{\"@id\":\"https:\/\/noti-america.com\/site\/colombia\/#website\"},\"primaryImageOfPage\":{\"@id\":\"https:\/\/noti-america.com\/site\/colombia\/2020\/07\/24\/victoria-decisiva\/#primaryimage\"},\"image\":{\"@id\":\"https:\/\/noti-america.com\/site\/colombia\/2020\/07\/24\/victoria-decisiva\/#primaryimage\"},\"thumbnailUrl\":\"https:\/\/noti-america.com\/site\/colombia\/wp-content\/uploads\/sites\/20\/2020\/07\/5551f304191f47c9ba4fa79704be8866.jpe\",\"datePublished\":\"2020-07-24T16:24:03+00:00\",\"author\":{\"@id\":\"https:\/\/noti-america.com\/site\/colombia\/#\/schema\/person\/085033a49d4d60529a72f48972833561\"},\"breadcrumb\":{\"@id\":\"https:\/\/noti-america.com\/site\/colombia\/2020\/07\/24\/victoria-decisiva\/#breadcrumb\"},\"inLanguage\":\"es\",\"potentialAction\":[{\"@type\":\"ReadAction\",\"target\":[\"https:\/\/noti-america.com\/site\/colombia\/2020\/07\/24\/victoria-decisiva\/\"]}]},{\"@type\":\"ImageObject\",\"inLanguage\":\"es\",\"@id\":\"https:\/\/noti-america.com\/site\/colombia\/2020\/07\/24\/victoria-decisiva\/#primaryimage\",\"url\":\"https:\/\/noti-america.com\/site\/colombia\/wp-content\/uploads\/sites\/20\/2020\/07\/5551f304191f47c9ba4fa79704be8866.jpe\",\"contentUrl\":\"https:\/\/noti-america.com\/site\/colombia\/wp-content\/uploads\/sites\/20\/2020\/07\/5551f304191f47c9ba4fa79704be8866.jpe\",\"width\":847,\"height\":476},{\"@type\":\"BreadcrumbList\",\"@id\":\"https:\/\/noti-america.com\/site\/colombia\/2020\/07\/24\/victoria-decisiva\/#breadcrumb\",\"itemListElement\":[{\"@type\":\"ListItem\",\"position\":1,\"name\":\"Portada\",\"item\":\"https:\/\/noti-america.com\/site\/colombia\/\"},{\"@type\":\"ListItem\",\"position\":2,\"name\":\"\u00abVICTORIA DECISIVA\u00bb\"}]},{\"@type\":\"WebSite\",\"@id\":\"https:\/\/noti-america.com\/site\/colombia\/#website\",\"url\":\"https:\/\/noti-america.com\/site\/colombia\/\",\"name\":\"Colombia | Noti-America.com\",\"description\":\"\",\"potentialAction\":[{\"@type\":\"SearchAction\",\"target\":{\"@type\":\"EntryPoint\",\"urlTemplate\":\"https:\/\/noti-america.com\/site\/colombia\/?s={search_term_string}\"},\"query-input\":{\"@type\":\"PropertyValueSpecification\",\"valueRequired\":true,\"valueName\":\"search_term_string\"}}],\"inLanguage\":\"es\"},{\"@type\":\"Person\",\"@id\":\"https:\/\/noti-america.com\/site\/colombia\/#\/schema\/person\/085033a49d4d60529a72f48972833561\",\"name\":\"Leansy Arias\",\"image\":{\"@type\":\"ImageObject\",\"inLanguage\":\"es\",\"@id\":\"https:\/\/secure.gravatar.com\/avatar\/4130ef1c88173c974c1ac11b2a7542b57e9f2c87795e22a99a94ce4c02897b51?s=96&d=mm&r=g\",\"url\":\"https:\/\/secure.gravatar.com\/avatar\/4130ef1c88173c974c1ac11b2a7542b57e9f2c87795e22a99a94ce4c02897b51?s=96&d=mm&r=g\",\"contentUrl\":\"https:\/\/secure.gravatar.com\/avatar\/4130ef1c88173c974c1ac11b2a7542b57e9f2c87795e22a99a94ce4c02897b51?s=96&d=mm&r=g\",\"caption\":\"Leansy Arias\"},\"description\":\"Alto desempe\u00f1o en arte, escultura, dise\u00f1o, locuci\u00f3n y publicidad, todo basado en valores como: empat\u00eda, agilidad, colaboraci\u00f3n, seguridad y trabajo en equipo. Artes aplicadas, fotograf\u00eda, dise\u00f1o. impresi\u00f3n, coordinaci\u00f3n de eventos\",\"sameAs\":[\"https:\/\/x.com\/tumatey\"],\"url\":\"https:\/\/noti-america.com\/site\/colombia\/author\/larias\/\"}]}<\/script>\n<!-- \/ Yoast SEO Premium plugin. -->","yoast_head_json":{"title":"\"VICTORIA DECISIVA\" - Colombia | Noti-America.com","robots":{"index":"index","follow":"follow","max-snippet":"max-snippet:-1","max-image-preview":"max-image-preview:large","max-video-preview":"max-video-preview:-1"},"canonical":"https:\/\/noti-america.com\/site\/colombia\/2020\/07\/24\/victoria-decisiva\/","og_locale":"es_ES","og_type":"article","og_title":"\"VICTORIA DECISIVA\"","og_description":"NOTI-AMERICA.COM (COLOMBIA \/ CARTAGENA) El\u00a0combate naval que se realiz\u00f3 en el lago de Maracaibo fue un enfrentamiento naval ocurrido el 24 de julio de 1823 entre la escuadra de la Rep\u00fablica de Colombia liderada&#46;&#46;&#46;","og_url":"https:\/\/noti-america.com\/site\/colombia\/2020\/07\/24\/victoria-decisiva\/","og_site_name":"Colombia | Noti-America.com","article_published_time":"2020-07-24T16:24:03+00:00","og_image":[{"width":847,"height":476,"url":"https:\/\/noti-america.com\/site\/colombia\/wp-content\/uploads\/sites\/20\/2020\/07\/5551f304191f47c9ba4fa79704be8866.jpe","type":"image\/jpeg"}],"author":"Leansy Arias","twitter_card":"summary_large_image","twitter_creator":"@tumatey","twitter_site":"@notiamerica","twitter_misc":{"Escrito por":"Leansy Arias","Tiempo estimado de lectura":"2 minutos"},"schema":{"@context":"https:\/\/schema.org","@graph":[{"@type":"Article","@id":"https:\/\/noti-america.com\/site\/colombia\/2020\/07\/24\/victoria-decisiva\/#article","isPartOf":{"@id":"https:\/\/noti-america.com\/site\/colombia\/2020\/07\/24\/victoria-decisiva\/"},"author":{"name":"Leansy Arias","@id":"https:\/\/noti-america.com\/site\/colombia\/#\/schema\/person\/085033a49d4d60529a72f48972833561"},"headline":"\u00abVICTORIA DECISIVA\u00bb","datePublished":"2020-07-24T16:24:03+00:00","mainEntityOfPage":{"@id":"https:\/\/noti-america.com\/site\/colombia\/2020\/07\/24\/victoria-decisiva\/"},"wordCount":321,"commentCount":0,"image":{"@id":"https:\/\/noti-america.com\/site\/colombia\/2020\/07\/24\/victoria-decisiva\/#primaryimage"},"thumbnailUrl":"https:\/\/noti-america.com\/site\/colombia\/wp-content\/uploads\/sites\/20\/2020\/07\/5551f304191f47c9ba4fa79704be8866.jpe","articleSection":["Actualidad"],"inLanguage":"es","potentialAction":[{"@type":"CommentAction","name":"Comment","target":["https:\/\/noti-america.com\/site\/colombia\/2020\/07\/24\/victoria-decisiva\/#respond"]}]},{"@type":"WebPage","@id":"https:\/\/noti-america.com\/site\/colombia\/2020\/07\/24\/victoria-decisiva\/","url":"https:\/\/noti-america.com\/site\/colombia\/2020\/07\/24\/victoria-decisiva\/","name":"\"VICTORIA DECISIVA\" - Colombia | Noti-America.com","isPartOf":{"@id":"https:\/\/noti-america.com\/site\/colombia\/#website"},"primaryImageOfPage":{"@id":"https:\/\/noti-america.com\/site\/colombia\/2020\/07\/24\/victoria-decisiva\/#primaryimage"},"image":{"@id":"https:\/\/noti-america.com\/site\/colombia\/2020\/07\/24\/victoria-decisiva\/#primaryimage"},"thumbnailUrl":"https:\/\/noti-america.com\/site\/colombia\/wp-content\/uploads\/sites\/20\/2020\/07\/5551f304191f47c9ba4fa79704be8866.jpe","datePublished":"2020-07-24T16:24:03+00:00","author":{"@id":"https:\/\/noti-america.com\/site\/colombia\/#\/schema\/person\/085033a49d4d60529a72f48972833561"},"breadcrumb":{"@id":"https:\/\/noti-america.com\/site\/colombia\/2020\/07\/24\/victoria-decisiva\/#breadcrumb"},"inLanguage":"es","potentialAction":[{"@type":"ReadAction","target":["https:\/\/noti-america.com\/site\/colombia\/2020\/07\/24\/victoria-decisiva\/"]}]},{"@type":"ImageObject","inLanguage":"es","@id":"https:\/\/noti-america.com\/site\/colombia\/2020\/07\/24\/victoria-decisiva\/#primaryimage","url":"https:\/\/noti-america.com\/site\/colombia\/wp-content\/uploads\/sites\/20\/2020\/07\/5551f304191f47c9ba4fa79704be8866.jpe","contentUrl":"https:\/\/noti-america.com\/site\/colombia\/wp-content\/uploads\/sites\/20\/2020\/07\/5551f304191f47c9ba4fa79704be8866.jpe","width":847,"height":476},{"@type":"BreadcrumbList","@id":"https:\/\/noti-america.com\/site\/colombia\/2020\/07\/24\/victoria-decisiva\/#breadcrumb","itemListElement":[{"@type":"ListItem","position":1,"name":"Portada","item":"https:\/\/noti-america.com\/site\/colombia\/"},{"@type":"ListItem","position":2,"name":"\u00abVICTORIA DECISIVA\u00bb"}]},{"@type":"WebSite","@id":"https:\/\/noti-america.com\/site\/colombia\/#website","url":"https:\/\/noti-america.com\/site\/colombia\/","name":"Colombia | Noti-America.com","description":"","potentialAction":[{"@type":"SearchAction","target":{"@type":"EntryPoint","urlTemplate":"https:\/\/noti-america.com\/site\/colombia\/?s={search_term_string}"},"query-input":{"@type":"PropertyValueSpecification","valueRequired":true,"valueName":"search_term_string"}}],"inLanguage":"es"},{"@type":"Person","@id":"https:\/\/noti-america.com\/site\/colombia\/#\/schema\/person\/085033a49d4d60529a72f48972833561","name":"Leansy Arias","image":{"@type":"ImageObject","inLanguage":"es","@id":"https:\/\/secure.gravatar.com\/avatar\/4130ef1c88173c974c1ac11b2a7542b57e9f2c87795e22a99a94ce4c02897b51?s=96&d=mm&r=g","url":"https:\/\/secure.gravatar.com\/avatar\/4130ef1c88173c974c1ac11b2a7542b57e9f2c87795e22a99a94ce4c02897b51?s=96&d=mm&r=g","contentUrl":"https:\/\/secure.gravatar.com\/avatar\/4130ef1c88173c974c1ac11b2a7542b57e9f2c87795e22a99a94ce4c02897b51?s=96&d=mm&r=g","caption":"Leansy Arias"},"description":"Alto desempe\u00f1o en arte, escultura, dise\u00f1o, locuci\u00f3n y publicidad, todo basado en valores como: empat\u00eda, agilidad, colaboraci\u00f3n, seguridad y trabajo en equipo. Artes aplicadas, fotograf\u00eda, dise\u00f1o. impresi\u00f3n, coordinaci\u00f3n de eventos","sameAs":["https:\/\/x.com\/tumatey"],"url":"https:\/\/noti-america.com\/site\/colombia\/author\/larias\/"}]}},"_links":{"self":[{"href":"https:\/\/noti-america.com\/site\/colombia\/wp-json\/wp\/v2\/posts\/5029","targetHints":{"allow":["GET"]}}],"collection":[{"href":"https:\/\/noti-america.com\/site\/colombia\/wp-json\/wp\/v2\/posts"}],"about":[{"href":"https:\/\/noti-america.com\/site\/colombia\/wp-json\/wp\/v2\/types\/post"}],"author":[{"embeddable":true,"href":"https:\/\/noti-america.com\/site\/colombia\/wp-json\/wp\/v2\/users\/86"}],"replies":[{"embeddable":true,"href":"https:\/\/noti-america.com\/site\/colombia\/wp-json\/wp\/v2\/comments?post=5029"}],"version-history":[{"count":1,"href":"https:\/\/noti-america.com\/site\/colombia\/wp-json\/wp\/v2\/posts\/5029\/revisions"}],"predecessor-version":[{"id":5032,"href":"https:\/\/noti-america.com\/site\/colombia\/wp-json\/wp\/v2\/posts\/5029\/revisions\/5032"}],"wp:featuredmedia":[{"embeddable":true,"href":"https:\/\/noti-america.com\/site\/colombia\/wp-json\/wp\/v2\/media\/5031"}],"wp:attachment":[{"href":"https:\/\/noti-america.com\/site\/colombia\/wp-json\/wp\/v2\/media?parent=5029"}],"wp:term":[{"taxonomy":"category","embeddable":true,"href":"https:\/\/noti-america.com\/site\/colombia\/wp-json\/wp\/v2\/categories?post=5029"},{"taxonomy":"post_tag","embeddable":true,"href":"https:\/\/noti-america.com\/site\/colombia\/wp-json\/wp\/v2\/tags?post=5029"}],"curies":[{"name":"wp","href":"https:\/\/api.w.org\/{rel}","templated":true}]}}