{"id":5020,"date":"2020-07-23T12:32:23","date_gmt":"2020-07-23T12:32:23","guid":{"rendered":"https:\/\/noti-america.com\/site\/colombia\/?p=5020"},"modified":"2020-07-23T12:32:23","modified_gmt":"2020-07-23T12:32:23","slug":"hallan-los-dos-cuerpos-de-los-militares-desaparecidos-tras-accidente","status":"publish","type":"post","link":"https:\/\/noti-america.com\/site\/colombia\/2020\/07\/23\/hallan-los-dos-cuerpos-de-los-militares-desaparecidos-tras-accidente\/","title":{"rendered":"Hallan los dos cuerpos de los militares desaparecidos tras accidente"},"content":{"rendered":"<p style=\"text-align: justify\"><em>Los miembros del Ej\u00e9rcito estar\u00edan descendiendo del helic\u00f3ptero en la modalidad r\u00e1pel cuando ocurrieron los hechos<\/em><\/p>\n<p><img loading=\"lazy\" decoding=\"async\" class=\"size-medium wp-image-5017 aligncenter\" src=\"https:\/\/noti-america.com\/site\/colombia\/wp-content\/uploads\/sites\/20\/2020\/07\/uh-60-black-hawk-2679340_1920-300x200.jpg\" alt=\"\" width=\"300\" height=\"200\" srcset=\"https:\/\/noti-america.com\/site\/colombia\/wp-content\/uploads\/sites\/20\/2020\/07\/uh-60-black-hawk-2679340_1920-300x200.jpg 300w, https:\/\/noti-america.com\/site\/colombia\/wp-content\/uploads\/sites\/20\/2020\/07\/uh-60-black-hawk-2679340_1920-1024x683.jpg 1024w, https:\/\/noti-america.com\/site\/colombia\/wp-content\/uploads\/sites\/20\/2020\/07\/uh-60-black-hawk-2679340_1920-768x512.jpg 768w, https:\/\/noti-america.com\/site\/colombia\/wp-content\/uploads\/sites\/20\/2020\/07\/uh-60-black-hawk-2679340_1920-1536x1024.jpg 1536w, https:\/\/noti-america.com\/site\/colombia\/wp-content\/uploads\/sites\/20\/2020\/07\/uh-60-black-hawk-2679340_1920-272x182.jpg 272w, https:\/\/noti-america.com\/site\/colombia\/wp-content\/uploads\/sites\/20\/2020\/07\/uh-60-black-hawk-2679340_1920.jpg 1920w\" sizes=\"auto, (max-width: 300px) 100vw, 300px\" \/><\/p>\n<p style=\"text-align: justify\">Los cuerpos del sargento viceprimero Flaudio Rojas G\u00f3mez y del soldado profesional Jos\u00e9 Elmer Vergara, fueron encontrados por buzos de la Armada Nacional quienes realizaron trabajos de b\u00fasqueda en el r\u00edo In\u00edrida, en el Guaviare, lugar donde al parecer habr\u00eda ca\u00eddo el helic\u00f3ptero.<\/p>\n<p style=\"text-align: justify\">Con el hallazgo de estos dos militares sin vida, ser\u00edan 11 los soldados fallecidos en el accidente ocurrido en la madrugada del martes, los \u00faltimos cuerpos que fueron encontrados ser\u00e1n trasladados a Mit\u00fa, en el departamento del Vaup\u00e9s, donde se encuentran los otros 9 cuerpos de los uniformados muertos en el siniestro.<\/p>\n<p style=\"text-align: justify\">El helic\u00f3ptero Black Hawk de matr\u00edcula EJC-2176 era sometido a cuatro inspecciones al d\u00eda, por eso se desconoce los hechos por los que se habr\u00eda precipitado a tierra.<\/p>\n<p style=\"text-align: justify\">De los 17 uniformados se conoce que se desplazaban a la zona para adelantar operaciones en contra de las disidencias de las Farc encabezada por alias \u2018Iv\u00e1n Mordisco\u2019, cuando, en la regi\u00f3n de Ca\u00f1o Mosco, en la zona Rural de San Jos\u00e9 del Guaviare, inesperadamente el helic\u00f3ptero cay\u00f3.<\/p>\n<p style=\"text-align: justify\">Los otros 6 uniformados que resultaron heridos, fueron trasladados al Hospital Militar en Bogot\u00e1, pero seg\u00fan informe del centro hospitalario, se encuentran en buen estado de salud y podr\u00edan ser dados de altas en las \u00faltimas horas, seg\u00fan su evoluci\u00f3n.<\/p>\n","protected":false},"excerpt":{"rendered":"<p>Los miembros del Ej\u00e9rcito estar\u00edan descendiendo del helic\u00f3ptero en la modalidad r\u00e1pel cuando ocurrieron los hechos Los cuerpos del sargento viceprimero Flaudio Rojas G\u00f3mez y del soldado profesional Jos\u00e9 Elmer Vergara, fueron encontrados por&#46;&#46;&#46;<\/p>\n","protected":false},"author":84,"featured_media":5017,"comment_status":"open","ping_status":"open","sticky":false,"template":"","format":"standard","meta":{"_acf_changed":false,"om_disable_all_campaigns":false,"rop_custom_images_group":[],"rop_custom_messages_group":[],"rop_publish_now":"initial","rop_publish_now_accounts":{"twitter_242054905_242054905":""},"rop_publish_now_history":[],"rop_publish_now_status":"pending","_uf_show_specific_survey":0,"_uf_disable_surveys":false,"footnotes":""},"categories":[167],"tags":[],"class_list":["post-5020","post","type-post","status-publish","format-standard","has-post-thumbnail","hentry","category-acturalidad"],"acf":[],"aioseo_notices":[],"yoast_head":"<!-- This site is optimized with the Yoast SEO Premium plugin v24.9 (Yoast SEO v27.2) - https:\/\/yoast.com\/product\/yoast-seo-premium-wordpress\/ -->\n<title>Hallan los dos cuerpos de los militares desaparecidos tras accidente - Colombia | Noti-America.com<\/title>\n<meta name=\"robots\" content=\"index, follow, max-snippet:-1, max-image-preview:large, max-video-preview:-1\" \/>\n<link rel=\"canonical\" href=\"https:\/\/noti-america.com\/site\/colombia\/2020\/07\/23\/hallan-los-dos-cuerpos-de-los-militares-desaparecidos-tras-accidente\/\" \/>\n<meta property=\"og:locale\" content=\"es_ES\" \/>\n<meta property=\"og:type\" content=\"article\" \/>\n<meta property=\"og:title\" content=\"Hallan los dos cuerpos de los militares desaparecidos tras accidente\" \/>\n<meta property=\"og:description\" content=\"Los miembros del Ej\u00e9rcito estar\u00edan descendiendo del helic\u00f3ptero en la modalidad r\u00e1pel cuando ocurrieron los hechos Los cuerpos del sargento viceprimero Flaudio Rojas G\u00f3mez y del soldado profesional Jos\u00e9 Elmer Vergara, fueron encontrados por&#046;&#046;&#046;\" \/>\n<meta property=\"og:url\" content=\"https:\/\/noti-america.com\/site\/colombia\/2020\/07\/23\/hallan-los-dos-cuerpos-de-los-militares-desaparecidos-tras-accidente\/\" \/>\n<meta property=\"og:site_name\" content=\"Colombia | Noti-America.com\" \/>\n<meta property=\"article:published_time\" content=\"2020-07-23T12:32:23+00:00\" \/>\n<meta property=\"og:image\" content=\"https:\/\/noti-america.com\/site\/colombia\/wp-content\/uploads\/sites\/20\/2020\/07\/uh-60-black-hawk-2679340_1920.jpg\" \/>\n\t<meta property=\"og:image:width\" content=\"1920\" \/>\n\t<meta property=\"og:image:height\" content=\"1280\" \/>\n\t<meta property=\"og:image:type\" content=\"image\/jpeg\" \/>\n<meta name=\"author\" content=\"Julian Ortiz\" \/>\n<meta name=\"twitter:card\" content=\"summary_large_image\" \/>\n<meta name=\"twitter:creator\" content=\"@notiamerica\" \/>\n<meta name=\"twitter:site\" content=\"@notiamerica\" \/>\n<meta name=\"twitter:label1\" content=\"Escrito por\" \/>\n\t<meta name=\"twitter:data1\" content=\"Julian Ortiz\" \/>\n\t<meta name=\"twitter:label2\" content=\"Tiempo estimado de lectura\" \/>\n\t<meta name=\"twitter:data2\" content=\"1 minuto\" \/>\n<script type=\"application\/ld+json\" class=\"yoast-schema-graph\">{\"@context\":\"https:\/\/schema.org\",\"@graph\":[{\"@type\":\"Article\",\"@id\":\"https:\/\/noti-america.com\/site\/colombia\/2020\/07\/23\/hallan-los-dos-cuerpos-de-los-militares-desaparecidos-tras-accidente\/#article\",\"isPartOf\":{\"@id\":\"https:\/\/noti-america.com\/site\/colombia\/2020\/07\/23\/hallan-los-dos-cuerpos-de-los-militares-desaparecidos-tras-accidente\/\"},\"author\":{\"name\":\"Julian Ortiz\",\"@id\":\"https:\/\/noti-america.com\/site\/colombia\/#\/schema\/person\/eb01881981abf1d02e3bc14527a88e8f\"},\"headline\":\"Hallan los dos cuerpos de los militares desaparecidos tras accidente\",\"datePublished\":\"2020-07-23T12:32:23+00:00\",\"mainEntityOfPage\":{\"@id\":\"https:\/\/noti-america.com\/site\/colombia\/2020\/07\/23\/hallan-los-dos-cuerpos-de-los-militares-desaparecidos-tras-accidente\/\"},\"wordCount\":259,\"commentCount\":0,\"image\":{\"@id\":\"https:\/\/noti-america.com\/site\/colombia\/2020\/07\/23\/hallan-los-dos-cuerpos-de-los-militares-desaparecidos-tras-accidente\/#primaryimage\"},\"thumbnailUrl\":\"https:\/\/noti-america.com\/site\/colombia\/wp-content\/uploads\/sites\/20\/2020\/07\/uh-60-black-hawk-2679340_1920.jpg\",\"articleSection\":[\"Actualidad\"],\"inLanguage\":\"es\",\"potentialAction\":[{\"@type\":\"CommentAction\",\"name\":\"Comment\",\"target\":[\"https:\/\/noti-america.com\/site\/colombia\/2020\/07\/23\/hallan-los-dos-cuerpos-de-los-militares-desaparecidos-tras-accidente\/#respond\"]}]},{\"@type\":\"WebPage\",\"@id\":\"https:\/\/noti-america.com\/site\/colombia\/2020\/07\/23\/hallan-los-dos-cuerpos-de-los-militares-desaparecidos-tras-accidente\/\",\"url\":\"https:\/\/noti-america.com\/site\/colombia\/2020\/07\/23\/hallan-los-dos-cuerpos-de-los-militares-desaparecidos-tras-accidente\/\",\"name\":\"Hallan los dos cuerpos de los militares desaparecidos tras accidente - Colombia | Noti-America.com\",\"isPartOf\":{\"@id\":\"https:\/\/noti-america.com\/site\/colombia\/#website\"},\"primaryImageOfPage\":{\"@id\":\"https:\/\/noti-america.com\/site\/colombia\/2020\/07\/23\/hallan-los-dos-cuerpos-de-los-militares-desaparecidos-tras-accidente\/#primaryimage\"},\"image\":{\"@id\":\"https:\/\/noti-america.com\/site\/colombia\/2020\/07\/23\/hallan-los-dos-cuerpos-de-los-militares-desaparecidos-tras-accidente\/#primaryimage\"},\"thumbnailUrl\":\"https:\/\/noti-america.com\/site\/colombia\/wp-content\/uploads\/sites\/20\/2020\/07\/uh-60-black-hawk-2679340_1920.jpg\",\"datePublished\":\"2020-07-23T12:32:23+00:00\",\"author\":{\"@id\":\"https:\/\/noti-america.com\/site\/colombia\/#\/schema\/person\/eb01881981abf1d02e3bc14527a88e8f\"},\"breadcrumb\":{\"@id\":\"https:\/\/noti-america.com\/site\/colombia\/2020\/07\/23\/hallan-los-dos-cuerpos-de-los-militares-desaparecidos-tras-accidente\/#breadcrumb\"},\"inLanguage\":\"es\",\"potentialAction\":[{\"@type\":\"ReadAction\",\"target\":[\"https:\/\/noti-america.com\/site\/colombia\/2020\/07\/23\/hallan-los-dos-cuerpos-de-los-militares-desaparecidos-tras-accidente\/\"]}]},{\"@type\":\"ImageObject\",\"inLanguage\":\"es\",\"@id\":\"https:\/\/noti-america.com\/site\/colombia\/2020\/07\/23\/hallan-los-dos-cuerpos-de-los-militares-desaparecidos-tras-accidente\/#primaryimage\",\"url\":\"https:\/\/noti-america.com\/site\/colombia\/wp-content\/uploads\/sites\/20\/2020\/07\/uh-60-black-hawk-2679340_1920.jpg\",\"contentUrl\":\"https:\/\/noti-america.com\/site\/colombia\/wp-content\/uploads\/sites\/20\/2020\/07\/uh-60-black-hawk-2679340_1920.jpg\",\"width\":1920,\"height\":1280},{\"@type\":\"BreadcrumbList\",\"@id\":\"https:\/\/noti-america.com\/site\/colombia\/2020\/07\/23\/hallan-los-dos-cuerpos-de-los-militares-desaparecidos-tras-accidente\/#breadcrumb\",\"itemListElement\":[{\"@type\":\"ListItem\",\"position\":1,\"name\":\"Portada\",\"item\":\"https:\/\/noti-america.com\/site\/colombia\/\"},{\"@type\":\"ListItem\",\"position\":2,\"name\":\"Hallan los dos cuerpos de los militares desaparecidos tras accidente\"}]},{\"@type\":\"WebSite\",\"@id\":\"https:\/\/noti-america.com\/site\/colombia\/#website\",\"url\":\"https:\/\/noti-america.com\/site\/colombia\/\",\"name\":\"Colombia | Noti-America.com\",\"description\":\"\",\"potentialAction\":[{\"@type\":\"SearchAction\",\"target\":{\"@type\":\"EntryPoint\",\"urlTemplate\":\"https:\/\/noti-america.com\/site\/colombia\/?s={search_term_string}\"},\"query-input\":{\"@type\":\"PropertyValueSpecification\",\"valueRequired\":true,\"valueName\":\"search_term_string\"}}],\"inLanguage\":\"es\"},{\"@type\":\"Person\",\"@id\":\"https:\/\/noti-america.com\/site\/colombia\/#\/schema\/person\/eb01881981abf1d02e3bc14527a88e8f\",\"name\":\"Julian Ortiz\",\"image\":{\"@type\":\"ImageObject\",\"inLanguage\":\"es\",\"@id\":\"https:\/\/secure.gravatar.com\/avatar\/538f67c8e966ab4c39ad15913dfecfa3902d52730c1c7194ed5a337bf2268d69?s=96&d=mm&r=g\",\"url\":\"https:\/\/secure.gravatar.com\/avatar\/538f67c8e966ab4c39ad15913dfecfa3902d52730c1c7194ed5a337bf2268d69?s=96&d=mm&r=g\",\"contentUrl\":\"https:\/\/secure.gravatar.com\/avatar\/538f67c8e966ab4c39ad15913dfecfa3902d52730c1c7194ed5a337bf2268d69?s=96&d=mm&r=g\",\"caption\":\"Julian Ortiz\"},\"url\":\"https:\/\/noti-america.com\/site\/colombia\/author\/jortiz\/\"}]}<\/script>\n<!-- \/ Yoast SEO Premium plugin. -->","yoast_head_json":{"title":"Hallan los dos cuerpos de los militares desaparecidos tras accidente - Colombia | Noti-America.com","robots":{"index":"index","follow":"follow","max-snippet":"max-snippet:-1","max-image-preview":"max-image-preview:large","max-video-preview":"max-video-preview:-1"},"canonical":"https:\/\/noti-america.com\/site\/colombia\/2020\/07\/23\/hallan-los-dos-cuerpos-de-los-militares-desaparecidos-tras-accidente\/","og_locale":"es_ES","og_type":"article","og_title":"Hallan los dos cuerpos de los militares desaparecidos tras accidente","og_description":"Los miembros del Ej\u00e9rcito estar\u00edan descendiendo del helic\u00f3ptero en la modalidad r\u00e1pel cuando ocurrieron los hechos Los cuerpos del sargento viceprimero Flaudio Rojas G\u00f3mez y del soldado profesional Jos\u00e9 Elmer Vergara, fueron encontrados por&#46;&#46;&#46;","og_url":"https:\/\/noti-america.com\/site\/colombia\/2020\/07\/23\/hallan-los-dos-cuerpos-de-los-militares-desaparecidos-tras-accidente\/","og_site_name":"Colombia | Noti-America.com","article_published_time":"2020-07-23T12:32:23+00:00","og_image":[{"width":1920,"height":1280,"url":"https:\/\/noti-america.com\/site\/colombia\/wp-content\/uploads\/sites\/20\/2020\/07\/uh-60-black-hawk-2679340_1920.jpg","type":"image\/jpeg"}],"author":"Julian Ortiz","twitter_card":"summary_large_image","twitter_creator":"@notiamerica","twitter_site":"@notiamerica","twitter_misc":{"Escrito por":"Julian Ortiz","Tiempo estimado de lectura":"1 minuto"},"schema":{"@context":"https:\/\/schema.org","@graph":[{"@type":"Article","@id":"https:\/\/noti-america.com\/site\/colombia\/2020\/07\/23\/hallan-los-dos-cuerpos-de-los-militares-desaparecidos-tras-accidente\/#article","isPartOf":{"@id":"https:\/\/noti-america.com\/site\/colombia\/2020\/07\/23\/hallan-los-dos-cuerpos-de-los-militares-desaparecidos-tras-accidente\/"},"author":{"name":"Julian Ortiz","@id":"https:\/\/noti-america.com\/site\/colombia\/#\/schema\/person\/eb01881981abf1d02e3bc14527a88e8f"},"headline":"Hallan los dos cuerpos de los militares desaparecidos tras accidente","datePublished":"2020-07-23T12:32:23+00:00","mainEntityOfPage":{"@id":"https:\/\/noti-america.com\/site\/colombia\/2020\/07\/23\/hallan-los-dos-cuerpos-de-los-militares-desaparecidos-tras-accidente\/"},"wordCount":259,"commentCount":0,"image":{"@id":"https:\/\/noti-america.com\/site\/colombia\/2020\/07\/23\/hallan-los-dos-cuerpos-de-los-militares-desaparecidos-tras-accidente\/#primaryimage"},"thumbnailUrl":"https:\/\/noti-america.com\/site\/colombia\/wp-content\/uploads\/sites\/20\/2020\/07\/uh-60-black-hawk-2679340_1920.jpg","articleSection":["Actualidad"],"inLanguage":"es","potentialAction":[{"@type":"CommentAction","name":"Comment","target":["https:\/\/noti-america.com\/site\/colombia\/2020\/07\/23\/hallan-los-dos-cuerpos-de-los-militares-desaparecidos-tras-accidente\/#respond"]}]},{"@type":"WebPage","@id":"https:\/\/noti-america.com\/site\/colombia\/2020\/07\/23\/hallan-los-dos-cuerpos-de-los-militares-desaparecidos-tras-accidente\/","url":"https:\/\/noti-america.com\/site\/colombia\/2020\/07\/23\/hallan-los-dos-cuerpos-de-los-militares-desaparecidos-tras-accidente\/","name":"Hallan los dos cuerpos de los militares desaparecidos tras accidente - Colombia | Noti-America.com","isPartOf":{"@id":"https:\/\/noti-america.com\/site\/colombia\/#website"},"primaryImageOfPage":{"@id":"https:\/\/noti-america.com\/site\/colombia\/2020\/07\/23\/hallan-los-dos-cuerpos-de-los-militares-desaparecidos-tras-accidente\/#primaryimage"},"image":{"@id":"https:\/\/noti-america.com\/site\/colombia\/2020\/07\/23\/hallan-los-dos-cuerpos-de-los-militares-desaparecidos-tras-accidente\/#primaryimage"},"thumbnailUrl":"https:\/\/noti-america.com\/site\/colombia\/wp-content\/uploads\/sites\/20\/2020\/07\/uh-60-black-hawk-2679340_1920.jpg","datePublished":"2020-07-23T12:32:23+00:00","author":{"@id":"https:\/\/noti-america.com\/site\/colombia\/#\/schema\/person\/eb01881981abf1d02e3bc14527a88e8f"},"breadcrumb":{"@id":"https:\/\/noti-america.com\/site\/colombia\/2020\/07\/23\/hallan-los-dos-cuerpos-de-los-militares-desaparecidos-tras-accidente\/#breadcrumb"},"inLanguage":"es","potentialAction":[{"@type":"ReadAction","target":["https:\/\/noti-america.com\/site\/colombia\/2020\/07\/23\/hallan-los-dos-cuerpos-de-los-militares-desaparecidos-tras-accidente\/"]}]},{"@type":"ImageObject","inLanguage":"es","@id":"https:\/\/noti-america.com\/site\/colombia\/2020\/07\/23\/hallan-los-dos-cuerpos-de-los-militares-desaparecidos-tras-accidente\/#primaryimage","url":"https:\/\/noti-america.com\/site\/colombia\/wp-content\/uploads\/sites\/20\/2020\/07\/uh-60-black-hawk-2679340_1920.jpg","contentUrl":"https:\/\/noti-america.com\/site\/colombia\/wp-content\/uploads\/sites\/20\/2020\/07\/uh-60-black-hawk-2679340_1920.jpg","width":1920,"height":1280},{"@type":"BreadcrumbList","@id":"https:\/\/noti-america.com\/site\/colombia\/2020\/07\/23\/hallan-los-dos-cuerpos-de-los-militares-desaparecidos-tras-accidente\/#breadcrumb","itemListElement":[{"@type":"ListItem","position":1,"name":"Portada","item":"https:\/\/noti-america.com\/site\/colombia\/"},{"@type":"ListItem","position":2,"name":"Hallan los dos cuerpos de los militares desaparecidos tras accidente"}]},{"@type":"WebSite","@id":"https:\/\/noti-america.com\/site\/colombia\/#website","url":"https:\/\/noti-america.com\/site\/colombia\/","name":"Colombia | Noti-America.com","description":"","potentialAction":[{"@type":"SearchAction","target":{"@type":"EntryPoint","urlTemplate":"https:\/\/noti-america.com\/site\/colombia\/?s={search_term_string}"},"query-input":{"@type":"PropertyValueSpecification","valueRequired":true,"valueName":"search_term_string"}}],"inLanguage":"es"},{"@type":"Person","@id":"https:\/\/noti-america.com\/site\/colombia\/#\/schema\/person\/eb01881981abf1d02e3bc14527a88e8f","name":"Julian Ortiz","image":{"@type":"ImageObject","inLanguage":"es","@id":"https:\/\/secure.gravatar.com\/avatar\/538f67c8e966ab4c39ad15913dfecfa3902d52730c1c7194ed5a337bf2268d69?s=96&d=mm&r=g","url":"https:\/\/secure.gravatar.com\/avatar\/538f67c8e966ab4c39ad15913dfecfa3902d52730c1c7194ed5a337bf2268d69?s=96&d=mm&r=g","contentUrl":"https:\/\/secure.gravatar.com\/avatar\/538f67c8e966ab4c39ad15913dfecfa3902d52730c1c7194ed5a337bf2268d69?s=96&d=mm&r=g","caption":"Julian Ortiz"},"url":"https:\/\/noti-america.com\/site\/colombia\/author\/jortiz\/"}]}},"_links":{"self":[{"href":"https:\/\/noti-america.com\/site\/colombia\/wp-json\/wp\/v2\/posts\/5020","targetHints":{"allow":["GET"]}}],"collection":[{"href":"https:\/\/noti-america.com\/site\/colombia\/wp-json\/wp\/v2\/posts"}],"about":[{"href":"https:\/\/noti-america.com\/site\/colombia\/wp-json\/wp\/v2\/types\/post"}],"author":[{"embeddable":true,"href":"https:\/\/noti-america.com\/site\/colombia\/wp-json\/wp\/v2\/users\/84"}],"replies":[{"embeddable":true,"href":"https:\/\/noti-america.com\/site\/colombia\/wp-json\/wp\/v2\/comments?post=5020"}],"version-history":[{"count":1,"href":"https:\/\/noti-america.com\/site\/colombia\/wp-json\/wp\/v2\/posts\/5020\/revisions"}],"predecessor-version":[{"id":5021,"href":"https:\/\/noti-america.com\/site\/colombia\/wp-json\/wp\/v2\/posts\/5020\/revisions\/5021"}],"wp:featuredmedia":[{"embeddable":true,"href":"https:\/\/noti-america.com\/site\/colombia\/wp-json\/wp\/v2\/media\/5017"}],"wp:attachment":[{"href":"https:\/\/noti-america.com\/site\/colombia\/wp-json\/wp\/v2\/media?parent=5020"}],"wp:term":[{"taxonomy":"category","embeddable":true,"href":"https:\/\/noti-america.com\/site\/colombia\/wp-json\/wp\/v2\/categories?post=5020"},{"taxonomy":"post_tag","embeddable":true,"href":"https:\/\/noti-america.com\/site\/colombia\/wp-json\/wp\/v2\/tags?post=5020"}],"curies":[{"name":"wp","href":"https:\/\/api.w.org\/{rel}","templated":true}]}}