{"id":4996,"date":"2020-07-22T23:14:57","date_gmt":"2020-07-22T23:14:57","guid":{"rendered":"https:\/\/noti-america.com\/site\/colombia\/?p=4996"},"modified":"2020-07-22T23:14:57","modified_gmt":"2020-07-22T23:14:57","slug":"segundas-pruebas-de-covid-19-no-se-realizaran-a-pacientes-asintomaticos-o-leves","status":"publish","type":"post","link":"https:\/\/noti-america.com\/site\/colombia\/2020\/07\/22\/segundas-pruebas-de-covid-19-no-se-realizaran-a-pacientes-asintomaticos-o-leves\/","title":{"rendered":"Segundas pruebas de Covid-19 no se realizar\u00e1n a pacientes asintom\u00e1ticos o leves"},"content":{"rendered":"<p style=\"text-align: justify\"><i><span style=\"font-weight: 400\">Gobierno busca priorizar el tamizaje a la poblaci\u00f3n de alto riesgo.\u00a0\u00a0<\/span><\/i><\/p>\n<p style=\"text-align: justify\"><img loading=\"lazy\" decoding=\"async\" class=\"alignnone size-medium wp-image-4838\" src=\"https:\/\/noti-america.com\/site\/colombia\/wp-content\/uploads\/sites\/20\/2020\/07\/laboratory-2815632_1920-300x206.jpg\" alt=\"\" width=\"300\" height=\"206\" srcset=\"https:\/\/noti-america.com\/site\/colombia\/wp-content\/uploads\/sites\/20\/2020\/07\/laboratory-2815632_1920-300x206.jpg 300w, https:\/\/noti-america.com\/site\/colombia\/wp-content\/uploads\/sites\/20\/2020\/07\/laboratory-2815632_1920-1024x702.jpg 1024w, https:\/\/noti-america.com\/site\/colombia\/wp-content\/uploads\/sites\/20\/2020\/07\/laboratory-2815632_1920-768x526.jpg 768w, https:\/\/noti-america.com\/site\/colombia\/wp-content\/uploads\/sites\/20\/2020\/07\/laboratory-2815632_1920-1536x1053.jpg 1536w, https:\/\/noti-america.com\/site\/colombia\/wp-content\/uploads\/sites\/20\/2020\/07\/laboratory-2815632_1920.jpg 1920w\" sizes=\"auto, (max-width: 300px) 100vw, 300px\" \/><\/p>\n<p style=\"text-align: justify\"><span style=\"font-weight: 400\">El Ministerio de Salud anunci\u00f3 que la segunda prueba de confirmaci\u00f3n que se hace 14 d\u00edas despu\u00e9s, de resultar positivo para Covid-19, no se realizar\u00e1 para quienes sean asintom\u00e1ticos o presenten s\u00edntomas leves, esto con el fin de priorizar las pruebas para las personas que est\u00e1n en delicado estado de salud.\u00a0<\/span><\/p>\n<p style=\"text-align: justify\"><span style=\"font-weight: 400\">Seg\u00fan el Ministerio, teniendo en cuenta los criterios cl\u00ednicos, quienes hayan dado positivo para Covid-19, pero 14 d\u00edas despu\u00e9s no presenten s\u00edntomas que afecten su salud, se consideran ya recuperados. Sin dejar de un lado que en todos los casos se debe continuar cumpliendo con el protocolo establecido para confirmados del virus.\u00a0<\/span><\/p>\n<p style=\"text-align: justify\"><span style=\"font-weight: 400\">Las pruebas de diagn\u00f3stico continuar\u00e1n teniendo prioridad para grupos de riesgo, hospitalizados, trabajadores de la salud o con s\u00edntomas moderados o graves. Mientras que las segundas pruebas moleculares estar\u00e1n limitadas para personas consideradas como \u201cde riesgo\u201d.\u00a0<\/span><\/p>\n","protected":false},"excerpt":{"rendered":"<p>Gobierno busca priorizar el tamizaje a la poblaci\u00f3n de alto riesgo.\u00a0\u00a0 El Ministerio de Salud anunci\u00f3 que la segunda prueba de confirmaci\u00f3n que se hace 14 d\u00edas despu\u00e9s, de resultar positivo para Covid-19, no&#46;&#46;&#46;<\/p>\n","protected":false},"author":85,"featured_media":4403,"comment_status":"open","ping_status":"open","sticky":false,"template":"","format":"standard","meta":{"_acf_changed":false,"om_disable_all_campaigns":false,"rop_custom_images_group":[],"rop_custom_messages_group":[],"rop_publish_now":"initial","rop_publish_now_accounts":{"twitter_242054905_242054905":""},"rop_publish_now_history":[],"rop_publish_now_status":"pending","_uf_show_specific_survey":0,"_uf_disable_surveys":false,"footnotes":""},"categories":[172],"tags":[],"class_list":["post-4996","post","type-post","status-publish","format-standard","has-post-thumbnail","hentry","category-coronavirus-2"],"acf":[],"aioseo_notices":[],"yoast_head":"<!-- This site is optimized with the Yoast SEO Premium plugin v24.9 (Yoast SEO v27.2) - https:\/\/yoast.com\/product\/yoast-seo-premium-wordpress\/ -->\n<title>Segundas pruebas de Covid-19 no se realizar\u00e1n a pacientes asintom\u00e1ticos o leves - Colombia | Noti-America.com<\/title>\n<meta name=\"robots\" content=\"index, follow, max-snippet:-1, max-image-preview:large, max-video-preview:-1\" \/>\n<link rel=\"canonical\" href=\"https:\/\/noti-america.com\/site\/colombia\/2020\/07\/22\/segundas-pruebas-de-covid-19-no-se-realizaran-a-pacientes-asintomaticos-o-leves\/\" \/>\n<meta property=\"og:locale\" content=\"es_ES\" \/>\n<meta property=\"og:type\" content=\"article\" \/>\n<meta property=\"og:title\" content=\"Segundas pruebas de Covid-19 no se realizar\u00e1n a pacientes asintom\u00e1ticos o leves\" \/>\n<meta property=\"og:description\" content=\"Gobierno busca priorizar el tamizaje a la poblaci\u00f3n de alto riesgo.\u00a0\u00a0 El Ministerio de Salud anunci\u00f3 que la segunda prueba de confirmaci\u00f3n que se hace 14 d\u00edas despu\u00e9s, de resultar positivo para Covid-19, no&#046;&#046;&#046;\" \/>\n<meta property=\"og:url\" content=\"https:\/\/noti-america.com\/site\/colombia\/2020\/07\/22\/segundas-pruebas-de-covid-19-no-se-realizaran-a-pacientes-asintomaticos-o-leves\/\" \/>\n<meta property=\"og:site_name\" content=\"Colombia | Noti-America.com\" \/>\n<meta property=\"article:published_time\" content=\"2020-07-22T23:14:57+00:00\" \/>\n<meta property=\"og:image\" content=\"https:\/\/noti-america.com\/site\/colombia\/wp-content\/uploads\/sites\/20\/2020\/06\/bogot\u00e1-salud.jpg\" \/>\n\t<meta property=\"og:image:width\" content=\"400\" \/>\n\t<meta property=\"og:image:height\" content=\"266\" \/>\n\t<meta property=\"og:image:type\" content=\"image\/jpeg\" \/>\n<meta name=\"author\" content=\"Silvia S\u00e1nchez\" \/>\n<meta name=\"twitter:card\" content=\"summary_large_image\" \/>\n<meta name=\"twitter:creator\" content=\"@notiamerica\" \/>\n<meta name=\"twitter:site\" content=\"@notiamerica\" \/>\n<meta name=\"twitter:label1\" content=\"Escrito por\" \/>\n\t<meta name=\"twitter:data1\" content=\"Silvia S\u00e1nchez\" \/>\n\t<meta name=\"twitter:label2\" content=\"Tiempo estimado de lectura\" \/>\n\t<meta name=\"twitter:data2\" content=\"1 minuto\" \/>\n<script type=\"application\/ld+json\" class=\"yoast-schema-graph\">{\"@context\":\"https:\/\/schema.org\",\"@graph\":[{\"@type\":\"Article\",\"@id\":\"https:\/\/noti-america.com\/site\/colombia\/2020\/07\/22\/segundas-pruebas-de-covid-19-no-se-realizaran-a-pacientes-asintomaticos-o-leves\/#article\",\"isPartOf\":{\"@id\":\"https:\/\/noti-america.com\/site\/colombia\/2020\/07\/22\/segundas-pruebas-de-covid-19-no-se-realizaran-a-pacientes-asintomaticos-o-leves\/\"},\"author\":{\"name\":\"Silvia S\u00e1nchez\",\"@id\":\"https:\/\/noti-america.com\/site\/colombia\/#\/schema\/person\/cbe765ce6466f69388037918684cdbc1\"},\"headline\":\"Segundas pruebas de Covid-19 no se realizar\u00e1n a pacientes asintom\u00e1ticos o leves\",\"datePublished\":\"2020-07-22T23:14:57+00:00\",\"mainEntityOfPage\":{\"@id\":\"https:\/\/noti-america.com\/site\/colombia\/2020\/07\/22\/segundas-pruebas-de-covid-19-no-se-realizaran-a-pacientes-asintomaticos-o-leves\/\"},\"wordCount\":178,\"commentCount\":0,\"image\":{\"@id\":\"https:\/\/noti-america.com\/site\/colombia\/2020\/07\/22\/segundas-pruebas-de-covid-19-no-se-realizaran-a-pacientes-asintomaticos-o-leves\/#primaryimage\"},\"thumbnailUrl\":\"https:\/\/noti-america.com\/site\/colombia\/wp-content\/uploads\/sites\/20\/2020\/06\/bogot\u00e1-salud.jpg\",\"articleSection\":[\"Coronavirus\"],\"inLanguage\":\"es\",\"potentialAction\":[{\"@type\":\"CommentAction\",\"name\":\"Comment\",\"target\":[\"https:\/\/noti-america.com\/site\/colombia\/2020\/07\/22\/segundas-pruebas-de-covid-19-no-se-realizaran-a-pacientes-asintomaticos-o-leves\/#respond\"]}]},{\"@type\":\"WebPage\",\"@id\":\"https:\/\/noti-america.com\/site\/colombia\/2020\/07\/22\/segundas-pruebas-de-covid-19-no-se-realizaran-a-pacientes-asintomaticos-o-leves\/\",\"url\":\"https:\/\/noti-america.com\/site\/colombia\/2020\/07\/22\/segundas-pruebas-de-covid-19-no-se-realizaran-a-pacientes-asintomaticos-o-leves\/\",\"name\":\"Segundas pruebas de Covid-19 no se realizar\u00e1n a pacientes asintom\u00e1ticos o leves - Colombia | Noti-America.com\",\"isPartOf\":{\"@id\":\"https:\/\/noti-america.com\/site\/colombia\/#website\"},\"primaryImageOfPage\":{\"@id\":\"https:\/\/noti-america.com\/site\/colombia\/2020\/07\/22\/segundas-pruebas-de-covid-19-no-se-realizaran-a-pacientes-asintomaticos-o-leves\/#primaryimage\"},\"image\":{\"@id\":\"https:\/\/noti-america.com\/site\/colombia\/2020\/07\/22\/segundas-pruebas-de-covid-19-no-se-realizaran-a-pacientes-asintomaticos-o-leves\/#primaryimage\"},\"thumbnailUrl\":\"https:\/\/noti-america.com\/site\/colombia\/wp-content\/uploads\/sites\/20\/2020\/06\/bogot\u00e1-salud.jpg\",\"datePublished\":\"2020-07-22T23:14:57+00:00\",\"author\":{\"@id\":\"https:\/\/noti-america.com\/site\/colombia\/#\/schema\/person\/cbe765ce6466f69388037918684cdbc1\"},\"breadcrumb\":{\"@id\":\"https:\/\/noti-america.com\/site\/colombia\/2020\/07\/22\/segundas-pruebas-de-covid-19-no-se-realizaran-a-pacientes-asintomaticos-o-leves\/#breadcrumb\"},\"inLanguage\":\"es\",\"potentialAction\":[{\"@type\":\"ReadAction\",\"target\":[\"https:\/\/noti-america.com\/site\/colombia\/2020\/07\/22\/segundas-pruebas-de-covid-19-no-se-realizaran-a-pacientes-asintomaticos-o-leves\/\"]}]},{\"@type\":\"ImageObject\",\"inLanguage\":\"es\",\"@id\":\"https:\/\/noti-america.com\/site\/colombia\/2020\/07\/22\/segundas-pruebas-de-covid-19-no-se-realizaran-a-pacientes-asintomaticos-o-leves\/#primaryimage\",\"url\":\"https:\/\/noti-america.com\/site\/colombia\/wp-content\/uploads\/sites\/20\/2020\/06\/bogot\u00e1-salud.jpg\",\"contentUrl\":\"https:\/\/noti-america.com\/site\/colombia\/wp-content\/uploads\/sites\/20\/2020\/06\/bogot\u00e1-salud.jpg\",\"width\":400,\"height\":266},{\"@type\":\"BreadcrumbList\",\"@id\":\"https:\/\/noti-america.com\/site\/colombia\/2020\/07\/22\/segundas-pruebas-de-covid-19-no-se-realizaran-a-pacientes-asintomaticos-o-leves\/#breadcrumb\",\"itemListElement\":[{\"@type\":\"ListItem\",\"position\":1,\"name\":\"Portada\",\"item\":\"https:\/\/noti-america.com\/site\/colombia\/\"},{\"@type\":\"ListItem\",\"position\":2,\"name\":\"Segundas pruebas de Covid-19 no se realizar\u00e1n a pacientes asintom\u00e1ticos o leves\"}]},{\"@type\":\"WebSite\",\"@id\":\"https:\/\/noti-america.com\/site\/colombia\/#website\",\"url\":\"https:\/\/noti-america.com\/site\/colombia\/\",\"name\":\"Colombia | Noti-America.com\",\"description\":\"\",\"potentialAction\":[{\"@type\":\"SearchAction\",\"target\":{\"@type\":\"EntryPoint\",\"urlTemplate\":\"https:\/\/noti-america.com\/site\/colombia\/?s={search_term_string}\"},\"query-input\":{\"@type\":\"PropertyValueSpecification\",\"valueRequired\":true,\"valueName\":\"search_term_string\"}}],\"inLanguage\":\"es\"},{\"@type\":\"Person\",\"@id\":\"https:\/\/noti-america.com\/site\/colombia\/#\/schema\/person\/cbe765ce6466f69388037918684cdbc1\",\"name\":\"Silvia S\u00e1nchez\",\"image\":{\"@type\":\"ImageObject\",\"inLanguage\":\"es\",\"@id\":\"https:\/\/secure.gravatar.com\/avatar\/2287cfc8de78326c0baee5bffce79d09df06b397cb6bd0bce79b2faf6d45aa43?s=96&d=mm&r=g\",\"url\":\"https:\/\/secure.gravatar.com\/avatar\/2287cfc8de78326c0baee5bffce79d09df06b397cb6bd0bce79b2faf6d45aa43?s=96&d=mm&r=g\",\"contentUrl\":\"https:\/\/secure.gravatar.com\/avatar\/2287cfc8de78326c0baee5bffce79d09df06b397cb6bd0bce79b2faf6d45aa43?s=96&d=mm&r=g\",\"caption\":\"Silvia S\u00e1nchez\"},\"url\":\"https:\/\/noti-america.com\/site\/colombia\/author\/ssanchez\/\"}]}<\/script>\n<!-- \/ Yoast SEO Premium plugin. -->","yoast_head_json":{"title":"Segundas pruebas de Covid-19 no se realizar\u00e1n a pacientes asintom\u00e1ticos o leves - Colombia | Noti-America.com","robots":{"index":"index","follow":"follow","max-snippet":"max-snippet:-1","max-image-preview":"max-image-preview:large","max-video-preview":"max-video-preview:-1"},"canonical":"https:\/\/noti-america.com\/site\/colombia\/2020\/07\/22\/segundas-pruebas-de-covid-19-no-se-realizaran-a-pacientes-asintomaticos-o-leves\/","og_locale":"es_ES","og_type":"article","og_title":"Segundas pruebas de Covid-19 no se realizar\u00e1n a pacientes asintom\u00e1ticos o leves","og_description":"Gobierno busca priorizar el tamizaje a la poblaci\u00f3n de alto riesgo.\u00a0\u00a0 El Ministerio de Salud anunci\u00f3 que la segunda prueba de confirmaci\u00f3n que se hace 14 d\u00edas despu\u00e9s, de resultar positivo para Covid-19, no&#46;&#46;&#46;","og_url":"https:\/\/noti-america.com\/site\/colombia\/2020\/07\/22\/segundas-pruebas-de-covid-19-no-se-realizaran-a-pacientes-asintomaticos-o-leves\/","og_site_name":"Colombia | Noti-America.com","article_published_time":"2020-07-22T23:14:57+00:00","og_image":[{"width":400,"height":266,"url":"https:\/\/noti-america.com\/site\/colombia\/wp-content\/uploads\/sites\/20\/2020\/06\/bogot\u00e1-salud.jpg","type":"image\/jpeg"}],"author":"Silvia S\u00e1nchez","twitter_card":"summary_large_image","twitter_creator":"@notiamerica","twitter_site":"@notiamerica","twitter_misc":{"Escrito por":"Silvia S\u00e1nchez","Tiempo estimado de lectura":"1 minuto"},"schema":{"@context":"https:\/\/schema.org","@graph":[{"@type":"Article","@id":"https:\/\/noti-america.com\/site\/colombia\/2020\/07\/22\/segundas-pruebas-de-covid-19-no-se-realizaran-a-pacientes-asintomaticos-o-leves\/#article","isPartOf":{"@id":"https:\/\/noti-america.com\/site\/colombia\/2020\/07\/22\/segundas-pruebas-de-covid-19-no-se-realizaran-a-pacientes-asintomaticos-o-leves\/"},"author":{"name":"Silvia S\u00e1nchez","@id":"https:\/\/noti-america.com\/site\/colombia\/#\/schema\/person\/cbe765ce6466f69388037918684cdbc1"},"headline":"Segundas pruebas de Covid-19 no se realizar\u00e1n a pacientes asintom\u00e1ticos o leves","datePublished":"2020-07-22T23:14:57+00:00","mainEntityOfPage":{"@id":"https:\/\/noti-america.com\/site\/colombia\/2020\/07\/22\/segundas-pruebas-de-covid-19-no-se-realizaran-a-pacientes-asintomaticos-o-leves\/"},"wordCount":178,"commentCount":0,"image":{"@id":"https:\/\/noti-america.com\/site\/colombia\/2020\/07\/22\/segundas-pruebas-de-covid-19-no-se-realizaran-a-pacientes-asintomaticos-o-leves\/#primaryimage"},"thumbnailUrl":"https:\/\/noti-america.com\/site\/colombia\/wp-content\/uploads\/sites\/20\/2020\/06\/bogot\u00e1-salud.jpg","articleSection":["Coronavirus"],"inLanguage":"es","potentialAction":[{"@type":"CommentAction","name":"Comment","target":["https:\/\/noti-america.com\/site\/colombia\/2020\/07\/22\/segundas-pruebas-de-covid-19-no-se-realizaran-a-pacientes-asintomaticos-o-leves\/#respond"]}]},{"@type":"WebPage","@id":"https:\/\/noti-america.com\/site\/colombia\/2020\/07\/22\/segundas-pruebas-de-covid-19-no-se-realizaran-a-pacientes-asintomaticos-o-leves\/","url":"https:\/\/noti-america.com\/site\/colombia\/2020\/07\/22\/segundas-pruebas-de-covid-19-no-se-realizaran-a-pacientes-asintomaticos-o-leves\/","name":"Segundas pruebas de Covid-19 no se realizar\u00e1n a pacientes asintom\u00e1ticos o leves - Colombia | Noti-America.com","isPartOf":{"@id":"https:\/\/noti-america.com\/site\/colombia\/#website"},"primaryImageOfPage":{"@id":"https:\/\/noti-america.com\/site\/colombia\/2020\/07\/22\/segundas-pruebas-de-covid-19-no-se-realizaran-a-pacientes-asintomaticos-o-leves\/#primaryimage"},"image":{"@id":"https:\/\/noti-america.com\/site\/colombia\/2020\/07\/22\/segundas-pruebas-de-covid-19-no-se-realizaran-a-pacientes-asintomaticos-o-leves\/#primaryimage"},"thumbnailUrl":"https:\/\/noti-america.com\/site\/colombia\/wp-content\/uploads\/sites\/20\/2020\/06\/bogot\u00e1-salud.jpg","datePublished":"2020-07-22T23:14:57+00:00","author":{"@id":"https:\/\/noti-america.com\/site\/colombia\/#\/schema\/person\/cbe765ce6466f69388037918684cdbc1"},"breadcrumb":{"@id":"https:\/\/noti-america.com\/site\/colombia\/2020\/07\/22\/segundas-pruebas-de-covid-19-no-se-realizaran-a-pacientes-asintomaticos-o-leves\/#breadcrumb"},"inLanguage":"es","potentialAction":[{"@type":"ReadAction","target":["https:\/\/noti-america.com\/site\/colombia\/2020\/07\/22\/segundas-pruebas-de-covid-19-no-se-realizaran-a-pacientes-asintomaticos-o-leves\/"]}]},{"@type":"ImageObject","inLanguage":"es","@id":"https:\/\/noti-america.com\/site\/colombia\/2020\/07\/22\/segundas-pruebas-de-covid-19-no-se-realizaran-a-pacientes-asintomaticos-o-leves\/#primaryimage","url":"https:\/\/noti-america.com\/site\/colombia\/wp-content\/uploads\/sites\/20\/2020\/06\/bogot\u00e1-salud.jpg","contentUrl":"https:\/\/noti-america.com\/site\/colombia\/wp-content\/uploads\/sites\/20\/2020\/06\/bogot\u00e1-salud.jpg","width":400,"height":266},{"@type":"BreadcrumbList","@id":"https:\/\/noti-america.com\/site\/colombia\/2020\/07\/22\/segundas-pruebas-de-covid-19-no-se-realizaran-a-pacientes-asintomaticos-o-leves\/#breadcrumb","itemListElement":[{"@type":"ListItem","position":1,"name":"Portada","item":"https:\/\/noti-america.com\/site\/colombia\/"},{"@type":"ListItem","position":2,"name":"Segundas pruebas de Covid-19 no se realizar\u00e1n a pacientes asintom\u00e1ticos o leves"}]},{"@type":"WebSite","@id":"https:\/\/noti-america.com\/site\/colombia\/#website","url":"https:\/\/noti-america.com\/site\/colombia\/","name":"Colombia | Noti-America.com","description":"","potentialAction":[{"@type":"SearchAction","target":{"@type":"EntryPoint","urlTemplate":"https:\/\/noti-america.com\/site\/colombia\/?s={search_term_string}"},"query-input":{"@type":"PropertyValueSpecification","valueRequired":true,"valueName":"search_term_string"}}],"inLanguage":"es"},{"@type":"Person","@id":"https:\/\/noti-america.com\/site\/colombia\/#\/schema\/person\/cbe765ce6466f69388037918684cdbc1","name":"Silvia S\u00e1nchez","image":{"@type":"ImageObject","inLanguage":"es","@id":"https:\/\/secure.gravatar.com\/avatar\/2287cfc8de78326c0baee5bffce79d09df06b397cb6bd0bce79b2faf6d45aa43?s=96&d=mm&r=g","url":"https:\/\/secure.gravatar.com\/avatar\/2287cfc8de78326c0baee5bffce79d09df06b397cb6bd0bce79b2faf6d45aa43?s=96&d=mm&r=g","contentUrl":"https:\/\/secure.gravatar.com\/avatar\/2287cfc8de78326c0baee5bffce79d09df06b397cb6bd0bce79b2faf6d45aa43?s=96&d=mm&r=g","caption":"Silvia S\u00e1nchez"},"url":"https:\/\/noti-america.com\/site\/colombia\/author\/ssanchez\/"}]}},"_links":{"self":[{"href":"https:\/\/noti-america.com\/site\/colombia\/wp-json\/wp\/v2\/posts\/4996","targetHints":{"allow":["GET"]}}],"collection":[{"href":"https:\/\/noti-america.com\/site\/colombia\/wp-json\/wp\/v2\/posts"}],"about":[{"href":"https:\/\/noti-america.com\/site\/colombia\/wp-json\/wp\/v2\/types\/post"}],"author":[{"embeddable":true,"href":"https:\/\/noti-america.com\/site\/colombia\/wp-json\/wp\/v2\/users\/85"}],"replies":[{"embeddable":true,"href":"https:\/\/noti-america.com\/site\/colombia\/wp-json\/wp\/v2\/comments?post=4996"}],"version-history":[{"count":1,"href":"https:\/\/noti-america.com\/site\/colombia\/wp-json\/wp\/v2\/posts\/4996\/revisions"}],"predecessor-version":[{"id":4997,"href":"https:\/\/noti-america.com\/site\/colombia\/wp-json\/wp\/v2\/posts\/4996\/revisions\/4997"}],"wp:featuredmedia":[{"embeddable":true,"href":"https:\/\/noti-america.com\/site\/colombia\/wp-json\/wp\/v2\/media\/4403"}],"wp:attachment":[{"href":"https:\/\/noti-america.com\/site\/colombia\/wp-json\/wp\/v2\/media?parent=4996"}],"wp:term":[{"taxonomy":"category","embeddable":true,"href":"https:\/\/noti-america.com\/site\/colombia\/wp-json\/wp\/v2\/categories?post=4996"},{"taxonomy":"post_tag","embeddable":true,"href":"https:\/\/noti-america.com\/site\/colombia\/wp-json\/wp\/v2\/tags?post=4996"}],"curies":[{"name":"wp","href":"https:\/\/api.w.org\/{rel}","templated":true}]}}