{"id":4965,"date":"2020-07-22T04:31:49","date_gmt":"2020-07-22T04:31:49","guid":{"rendered":"https:\/\/noti-america.com\/site\/colombia\/?p=4965"},"modified":"2020-07-22T04:31:49","modified_gmt":"2020-07-22T04:31:49","slug":"nordic-wolverine","status":"publish","type":"post","link":"https:\/\/noti-america.com\/site\/colombia\/2020\/07\/22\/nordic-wolverine\/","title":{"rendered":"\u00abNORDIC WOLVERINE\u00bb"},"content":{"rendered":"<p>&nbsp;<\/p>\n<p>&nbsp;<\/p>\n<p>&nbsp;<\/p>\n<p style=\"text-align: center\"><strong>\u00a0\u00a0\u00a0<\/strong><strong>\u00a0\u00a0 \u00a0NOTI-AMERICA.COM (COLOMBIA\/CARTAGENA)<\/strong><strong>\u00a0 \u00a0 \u00a0 \u00a0 \u00a0<\/strong><\/p>\n<p><strong><img loading=\"lazy\" decoding=\"async\" class=\"wp-image-4966 aligncenter\" src=\"https:\/\/noti-america.com\/site\/colombia\/wp-content\/uploads\/sites\/20\/2020\/07\/descarga.jpe\" alt=\"\" width=\"542\" height=\"306\" \/> \u00a0 \u00a0 \u00a0<\/strong><\/p>\n<p style=\"text-align: justify\">El buque encallado el pasado domingo en el canal de Boca Cenizas de nombre <strong>\u201cNORDIC WOLVERINE\u201d<\/strong> se mantiene a la espera de un remolcador procedente de <strong>E.E.U.U.<\/strong> que llegara en las pr\u00f3ximas horas, adem\u00e1s de un equipo de personas de Argentina y Panam\u00e1 especialistas en este tipo de operaciones.<\/p>\n<p style=\"text-align: justify\">La Direcci\u00f3n General Mar\u00edtima (Dimar) indico que el buque de bandera Noruega ten\u00eda como destino el Por Magdalena, tambi\u00e9n se\u00f1ala en su comunicado que las operaciones en el Puerto de Barranquilla se encuentran restringidas temporalmente<strong>\u00a0\u201cen espera del an\u00e1lisis de estas circunstancias a trav\u00e9s de las capacidades t\u00e9cnicas y humanas con las que cuenta Dimar a trav\u00e9s del CIOH Caribe\u201d.<\/strong><\/p>\n<p style=\"text-align: justify\">Las autoridades portuarias y mar\u00edtimas de Barranquilla realizan labores de verificaci\u00f3n y evaluaci\u00f3n del estado de la embarcaci\u00f3n, por \u00a0los niveles de riesgo, ya que la carga que contiene es de productos qu\u00edmicos entre otros, esto con el fin de verificar que no haya vertimiento de qu\u00edmicos que pueda ocasionar una emergencia ambiental. \u00ab<strong>Se adelanta una operaci\u00f3n especia<\/strong>l par a evitar m\u00e1s da\u00f1o a la embarcaci\u00f3n, pero tambi\u00e9n la prioridad es que <strong>no haya una contaminaci\u00f3n ambiental o marina\u00bb<\/strong>. Por esta raz\u00f3n, se mantendr\u00e1 especial cuidado en las maniobras para evitar que pudiera sufrir alguna aver\u00eda en su casco con el fondo rocoso del tajamar occidental. Esto pese a que los buques quimiqueros como este est\u00e1n fabricados con doble casco, precisamente para prevenir da\u00f1os ambientales, ante cualquier emergencia.<\/p>\n<p><strong>\u00a0 \u00a0 \u00a0 \u00a0 \u00a0 \u00a0 \u00a0 \u00a0 \u00a0 \u00a0 \u00a0 \u00a0 \u00a0 \u00a0 \u00a0 \u00a0 \u00a0\u00a0<\/strong><strong>\u00a0 \u00a0 \u00a0 \u00a0\u00a0<\/strong><\/p>\n<p style=\"text-align: justify\">\n","protected":false},"excerpt":{"rendered":"<p>&nbsp; &nbsp; &nbsp; \u00a0\u00a0\u00a0\u00a0\u00a0 \u00a0NOTI-AMERICA.COM (COLOMBIA\/CARTAGENA)\u00a0 \u00a0 \u00a0 \u00a0 \u00a0 \u00a0 \u00a0 \u00a0 El buque encallado el pasado domingo en el canal de Boca Cenizas de nombre \u201cNORDIC WOLVERINE\u201d se mantiene a la espera&#46;&#46;&#46;<\/p>\n","protected":false},"author":86,"featured_media":4967,"comment_status":"open","ping_status":"open","sticky":false,"template":"","format":"standard","meta":{"_acf_changed":false,"om_disable_all_campaigns":false,"rop_custom_images_group":[],"rop_custom_messages_group":[],"rop_publish_now":"initial","rop_publish_now_accounts":{"twitter_242054905_242054905":""},"rop_publish_now_history":[],"rop_publish_now_status":"pending","_uf_show_specific_survey":0,"_uf_disable_surveys":false,"footnotes":""},"categories":[162,160],"tags":[],"class_list":["post-4965","post","type-post","status-publish","format-standard","has-post-thumbnail","hentry","category-medio-ambiente","category-seguridad"],"acf":[],"aioseo_notices":[],"yoast_head":"<!-- This site is optimized with the Yoast SEO Premium plugin v24.9 (Yoast SEO v27.2) - https:\/\/yoast.com\/product\/yoast-seo-premium-wordpress\/ -->\n<title>&quot;NORDIC WOLVERINE&quot; - Colombia | Noti-America.com<\/title>\n<meta name=\"robots\" content=\"index, follow, max-snippet:-1, max-image-preview:large, max-video-preview:-1\" \/>\n<link rel=\"canonical\" href=\"https:\/\/noti-america.com\/site\/colombia\/2020\/07\/22\/nordic-wolverine\/\" \/>\n<meta property=\"og:locale\" content=\"es_ES\" \/>\n<meta property=\"og:type\" content=\"article\" \/>\n<meta property=\"og:title\" content=\"&quot;NORDIC WOLVERINE&quot;\" \/>\n<meta property=\"og:description\" content=\"&nbsp; &nbsp; &nbsp; \u00a0\u00a0\u00a0\u00a0\u00a0 \u00a0NOTI-AMERICA.COM (COLOMBIA\/CARTAGENA)\u00a0 \u00a0 \u00a0 \u00a0 \u00a0 \u00a0 \u00a0 \u00a0 El buque encallado el pasado domingo en el canal de Boca Cenizas de nombre \u201cNORDIC WOLVERINE\u201d se mantiene a la espera&#046;&#046;&#046;\" \/>\n<meta property=\"og:url\" content=\"https:\/\/noti-america.com\/site\/colombia\/2020\/07\/22\/nordic-wolverine\/\" \/>\n<meta property=\"og:site_name\" content=\"Colombia | Noti-America.com\" \/>\n<meta property=\"article:published_time\" content=\"2020-07-22T04:31:49+00:00\" \/>\n<meta property=\"og:image\" content=\"https:\/\/noti-america.com\/site\/colombia\/wp-content\/uploads\/sites\/20\/2020\/07\/colombia-encallo-800x445-1.jpg\" \/>\n\t<meta property=\"og:image:width\" content=\"800\" \/>\n\t<meta property=\"og:image:height\" content=\"445\" \/>\n\t<meta property=\"og:image:type\" content=\"image\/jpeg\" \/>\n<meta name=\"author\" content=\"Leansy Arias\" \/>\n<meta name=\"twitter:card\" content=\"summary_large_image\" \/>\n<meta name=\"twitter:creator\" content=\"@tumatey\" \/>\n<meta name=\"twitter:site\" content=\"@notiamerica\" \/>\n<meta name=\"twitter:label1\" content=\"Escrito por\" \/>\n\t<meta name=\"twitter:data1\" content=\"Leansy Arias\" \/>\n\t<meta name=\"twitter:label2\" content=\"Tiempo estimado de lectura\" \/>\n\t<meta name=\"twitter:data2\" content=\"1 minuto\" \/>\n<script type=\"application\/ld+json\" class=\"yoast-schema-graph\">{\"@context\":\"https:\/\/schema.org\",\"@graph\":[{\"@type\":\"Article\",\"@id\":\"https:\/\/noti-america.com\/site\/colombia\/2020\/07\/22\/nordic-wolverine\/#article\",\"isPartOf\":{\"@id\":\"https:\/\/noti-america.com\/site\/colombia\/2020\/07\/22\/nordic-wolverine\/\"},\"author\":{\"name\":\"Leansy Arias\",\"@id\":\"https:\/\/noti-america.com\/site\/colombia\/#\/schema\/person\/085033a49d4d60529a72f48972833561\"},\"headline\":\"\u00abNORDIC WOLVERINE\u00bb\",\"datePublished\":\"2020-07-22T04:31:49+00:00\",\"mainEntityOfPage\":{\"@id\":\"https:\/\/noti-america.com\/site\/colombia\/2020\/07\/22\/nordic-wolverine\/\"},\"wordCount\":276,\"commentCount\":0,\"image\":{\"@id\":\"https:\/\/noti-america.com\/site\/colombia\/2020\/07\/22\/nordic-wolverine\/#primaryimage\"},\"thumbnailUrl\":\"https:\/\/noti-america.com\/site\/colombia\/wp-content\/uploads\/sites\/20\/2020\/07\/colombia-encallo-800x445-1.jpg\",\"articleSection\":[\"Medio ambiente\",\"Seguridad\"],\"inLanguage\":\"es\",\"potentialAction\":[{\"@type\":\"CommentAction\",\"name\":\"Comment\",\"target\":[\"https:\/\/noti-america.com\/site\/colombia\/2020\/07\/22\/nordic-wolverine\/#respond\"]}]},{\"@type\":\"WebPage\",\"@id\":\"https:\/\/noti-america.com\/site\/colombia\/2020\/07\/22\/nordic-wolverine\/\",\"url\":\"https:\/\/noti-america.com\/site\/colombia\/2020\/07\/22\/nordic-wolverine\/\",\"name\":\"\\\"NORDIC WOLVERINE\\\" - Colombia | Noti-America.com\",\"isPartOf\":{\"@id\":\"https:\/\/noti-america.com\/site\/colombia\/#website\"},\"primaryImageOfPage\":{\"@id\":\"https:\/\/noti-america.com\/site\/colombia\/2020\/07\/22\/nordic-wolverine\/#primaryimage\"},\"image\":{\"@id\":\"https:\/\/noti-america.com\/site\/colombia\/2020\/07\/22\/nordic-wolverine\/#primaryimage\"},\"thumbnailUrl\":\"https:\/\/noti-america.com\/site\/colombia\/wp-content\/uploads\/sites\/20\/2020\/07\/colombia-encallo-800x445-1.jpg\",\"datePublished\":\"2020-07-22T04:31:49+00:00\",\"author\":{\"@id\":\"https:\/\/noti-america.com\/site\/colombia\/#\/schema\/person\/085033a49d4d60529a72f48972833561\"},\"breadcrumb\":{\"@id\":\"https:\/\/noti-america.com\/site\/colombia\/2020\/07\/22\/nordic-wolverine\/#breadcrumb\"},\"inLanguage\":\"es\",\"potentialAction\":[{\"@type\":\"ReadAction\",\"target\":[\"https:\/\/noti-america.com\/site\/colombia\/2020\/07\/22\/nordic-wolverine\/\"]}]},{\"@type\":\"ImageObject\",\"inLanguage\":\"es\",\"@id\":\"https:\/\/noti-america.com\/site\/colombia\/2020\/07\/22\/nordic-wolverine\/#primaryimage\",\"url\":\"https:\/\/noti-america.com\/site\/colombia\/wp-content\/uploads\/sites\/20\/2020\/07\/colombia-encallo-800x445-1.jpg\",\"contentUrl\":\"https:\/\/noti-america.com\/site\/colombia\/wp-content\/uploads\/sites\/20\/2020\/07\/colombia-encallo-800x445-1.jpg\",\"width\":800,\"height\":445},{\"@type\":\"BreadcrumbList\",\"@id\":\"https:\/\/noti-america.com\/site\/colombia\/2020\/07\/22\/nordic-wolverine\/#breadcrumb\",\"itemListElement\":[{\"@type\":\"ListItem\",\"position\":1,\"name\":\"Portada\",\"item\":\"https:\/\/noti-america.com\/site\/colombia\/\"},{\"@type\":\"ListItem\",\"position\":2,\"name\":\"\u00abNORDIC WOLVERINE\u00bb\"}]},{\"@type\":\"WebSite\",\"@id\":\"https:\/\/noti-america.com\/site\/colombia\/#website\",\"url\":\"https:\/\/noti-america.com\/site\/colombia\/\",\"name\":\"Colombia | Noti-America.com\",\"description\":\"\",\"potentialAction\":[{\"@type\":\"SearchAction\",\"target\":{\"@type\":\"EntryPoint\",\"urlTemplate\":\"https:\/\/noti-america.com\/site\/colombia\/?s={search_term_string}\"},\"query-input\":{\"@type\":\"PropertyValueSpecification\",\"valueRequired\":true,\"valueName\":\"search_term_string\"}}],\"inLanguage\":\"es\"},{\"@type\":\"Person\",\"@id\":\"https:\/\/noti-america.com\/site\/colombia\/#\/schema\/person\/085033a49d4d60529a72f48972833561\",\"name\":\"Leansy Arias\",\"image\":{\"@type\":\"ImageObject\",\"inLanguage\":\"es\",\"@id\":\"https:\/\/secure.gravatar.com\/avatar\/4130ef1c88173c974c1ac11b2a7542b57e9f2c87795e22a99a94ce4c02897b51?s=96&d=mm&r=g\",\"url\":\"https:\/\/secure.gravatar.com\/avatar\/4130ef1c88173c974c1ac11b2a7542b57e9f2c87795e22a99a94ce4c02897b51?s=96&d=mm&r=g\",\"contentUrl\":\"https:\/\/secure.gravatar.com\/avatar\/4130ef1c88173c974c1ac11b2a7542b57e9f2c87795e22a99a94ce4c02897b51?s=96&d=mm&r=g\",\"caption\":\"Leansy Arias\"},\"description\":\"Alto desempe\u00f1o en arte, escultura, dise\u00f1o, locuci\u00f3n y publicidad, todo basado en valores como: empat\u00eda, agilidad, colaboraci\u00f3n, seguridad y trabajo en equipo. Artes aplicadas, fotograf\u00eda, dise\u00f1o. impresi\u00f3n, coordinaci\u00f3n de eventos\",\"sameAs\":[\"https:\/\/x.com\/tumatey\"],\"url\":\"https:\/\/noti-america.com\/site\/colombia\/author\/larias\/\"}]}<\/script>\n<!-- \/ Yoast SEO Premium plugin. -->","yoast_head_json":{"title":"\"NORDIC WOLVERINE\" - Colombia | Noti-America.com","robots":{"index":"index","follow":"follow","max-snippet":"max-snippet:-1","max-image-preview":"max-image-preview:large","max-video-preview":"max-video-preview:-1"},"canonical":"https:\/\/noti-america.com\/site\/colombia\/2020\/07\/22\/nordic-wolverine\/","og_locale":"es_ES","og_type":"article","og_title":"\"NORDIC WOLVERINE\"","og_description":"&nbsp; &nbsp; &nbsp; \u00a0\u00a0\u00a0\u00a0\u00a0 \u00a0NOTI-AMERICA.COM (COLOMBIA\/CARTAGENA)\u00a0 \u00a0 \u00a0 \u00a0 \u00a0 \u00a0 \u00a0 \u00a0 El buque encallado el pasado domingo en el canal de Boca Cenizas de nombre \u201cNORDIC WOLVERINE\u201d se mantiene a la espera&#46;&#46;&#46;","og_url":"https:\/\/noti-america.com\/site\/colombia\/2020\/07\/22\/nordic-wolverine\/","og_site_name":"Colombia | Noti-America.com","article_published_time":"2020-07-22T04:31:49+00:00","og_image":[{"width":800,"height":445,"url":"https:\/\/noti-america.com\/site\/colombia\/wp-content\/uploads\/sites\/20\/2020\/07\/colombia-encallo-800x445-1.jpg","type":"image\/jpeg"}],"author":"Leansy Arias","twitter_card":"summary_large_image","twitter_creator":"@tumatey","twitter_site":"@notiamerica","twitter_misc":{"Escrito por":"Leansy Arias","Tiempo estimado de lectura":"1 minuto"},"schema":{"@context":"https:\/\/schema.org","@graph":[{"@type":"Article","@id":"https:\/\/noti-america.com\/site\/colombia\/2020\/07\/22\/nordic-wolverine\/#article","isPartOf":{"@id":"https:\/\/noti-america.com\/site\/colombia\/2020\/07\/22\/nordic-wolverine\/"},"author":{"name":"Leansy Arias","@id":"https:\/\/noti-america.com\/site\/colombia\/#\/schema\/person\/085033a49d4d60529a72f48972833561"},"headline":"\u00abNORDIC WOLVERINE\u00bb","datePublished":"2020-07-22T04:31:49+00:00","mainEntityOfPage":{"@id":"https:\/\/noti-america.com\/site\/colombia\/2020\/07\/22\/nordic-wolverine\/"},"wordCount":276,"commentCount":0,"image":{"@id":"https:\/\/noti-america.com\/site\/colombia\/2020\/07\/22\/nordic-wolverine\/#primaryimage"},"thumbnailUrl":"https:\/\/noti-america.com\/site\/colombia\/wp-content\/uploads\/sites\/20\/2020\/07\/colombia-encallo-800x445-1.jpg","articleSection":["Medio ambiente","Seguridad"],"inLanguage":"es","potentialAction":[{"@type":"CommentAction","name":"Comment","target":["https:\/\/noti-america.com\/site\/colombia\/2020\/07\/22\/nordic-wolverine\/#respond"]}]},{"@type":"WebPage","@id":"https:\/\/noti-america.com\/site\/colombia\/2020\/07\/22\/nordic-wolverine\/","url":"https:\/\/noti-america.com\/site\/colombia\/2020\/07\/22\/nordic-wolverine\/","name":"\"NORDIC WOLVERINE\" - Colombia | Noti-America.com","isPartOf":{"@id":"https:\/\/noti-america.com\/site\/colombia\/#website"},"primaryImageOfPage":{"@id":"https:\/\/noti-america.com\/site\/colombia\/2020\/07\/22\/nordic-wolverine\/#primaryimage"},"image":{"@id":"https:\/\/noti-america.com\/site\/colombia\/2020\/07\/22\/nordic-wolverine\/#primaryimage"},"thumbnailUrl":"https:\/\/noti-america.com\/site\/colombia\/wp-content\/uploads\/sites\/20\/2020\/07\/colombia-encallo-800x445-1.jpg","datePublished":"2020-07-22T04:31:49+00:00","author":{"@id":"https:\/\/noti-america.com\/site\/colombia\/#\/schema\/person\/085033a49d4d60529a72f48972833561"},"breadcrumb":{"@id":"https:\/\/noti-america.com\/site\/colombia\/2020\/07\/22\/nordic-wolverine\/#breadcrumb"},"inLanguage":"es","potentialAction":[{"@type":"ReadAction","target":["https:\/\/noti-america.com\/site\/colombia\/2020\/07\/22\/nordic-wolverine\/"]}]},{"@type":"ImageObject","inLanguage":"es","@id":"https:\/\/noti-america.com\/site\/colombia\/2020\/07\/22\/nordic-wolverine\/#primaryimage","url":"https:\/\/noti-america.com\/site\/colombia\/wp-content\/uploads\/sites\/20\/2020\/07\/colombia-encallo-800x445-1.jpg","contentUrl":"https:\/\/noti-america.com\/site\/colombia\/wp-content\/uploads\/sites\/20\/2020\/07\/colombia-encallo-800x445-1.jpg","width":800,"height":445},{"@type":"BreadcrumbList","@id":"https:\/\/noti-america.com\/site\/colombia\/2020\/07\/22\/nordic-wolverine\/#breadcrumb","itemListElement":[{"@type":"ListItem","position":1,"name":"Portada","item":"https:\/\/noti-america.com\/site\/colombia\/"},{"@type":"ListItem","position":2,"name":"\u00abNORDIC WOLVERINE\u00bb"}]},{"@type":"WebSite","@id":"https:\/\/noti-america.com\/site\/colombia\/#website","url":"https:\/\/noti-america.com\/site\/colombia\/","name":"Colombia | Noti-America.com","description":"","potentialAction":[{"@type":"SearchAction","target":{"@type":"EntryPoint","urlTemplate":"https:\/\/noti-america.com\/site\/colombia\/?s={search_term_string}"},"query-input":{"@type":"PropertyValueSpecification","valueRequired":true,"valueName":"search_term_string"}}],"inLanguage":"es"},{"@type":"Person","@id":"https:\/\/noti-america.com\/site\/colombia\/#\/schema\/person\/085033a49d4d60529a72f48972833561","name":"Leansy Arias","image":{"@type":"ImageObject","inLanguage":"es","@id":"https:\/\/secure.gravatar.com\/avatar\/4130ef1c88173c974c1ac11b2a7542b57e9f2c87795e22a99a94ce4c02897b51?s=96&d=mm&r=g","url":"https:\/\/secure.gravatar.com\/avatar\/4130ef1c88173c974c1ac11b2a7542b57e9f2c87795e22a99a94ce4c02897b51?s=96&d=mm&r=g","contentUrl":"https:\/\/secure.gravatar.com\/avatar\/4130ef1c88173c974c1ac11b2a7542b57e9f2c87795e22a99a94ce4c02897b51?s=96&d=mm&r=g","caption":"Leansy Arias"},"description":"Alto desempe\u00f1o en arte, escultura, dise\u00f1o, locuci\u00f3n y publicidad, todo basado en valores como: empat\u00eda, agilidad, colaboraci\u00f3n, seguridad y trabajo en equipo. Artes aplicadas, fotograf\u00eda, dise\u00f1o. impresi\u00f3n, coordinaci\u00f3n de eventos","sameAs":["https:\/\/x.com\/tumatey"],"url":"https:\/\/noti-america.com\/site\/colombia\/author\/larias\/"}]}},"_links":{"self":[{"href":"https:\/\/noti-america.com\/site\/colombia\/wp-json\/wp\/v2\/posts\/4965","targetHints":{"allow":["GET"]}}],"collection":[{"href":"https:\/\/noti-america.com\/site\/colombia\/wp-json\/wp\/v2\/posts"}],"about":[{"href":"https:\/\/noti-america.com\/site\/colombia\/wp-json\/wp\/v2\/types\/post"}],"author":[{"embeddable":true,"href":"https:\/\/noti-america.com\/site\/colombia\/wp-json\/wp\/v2\/users\/86"}],"replies":[{"embeddable":true,"href":"https:\/\/noti-america.com\/site\/colombia\/wp-json\/wp\/v2\/comments?post=4965"}],"version-history":[{"count":2,"href":"https:\/\/noti-america.com\/site\/colombia\/wp-json\/wp\/v2\/posts\/4965\/revisions"}],"predecessor-version":[{"id":4969,"href":"https:\/\/noti-america.com\/site\/colombia\/wp-json\/wp\/v2\/posts\/4965\/revisions\/4969"}],"wp:featuredmedia":[{"embeddable":true,"href":"https:\/\/noti-america.com\/site\/colombia\/wp-json\/wp\/v2\/media\/4967"}],"wp:attachment":[{"href":"https:\/\/noti-america.com\/site\/colombia\/wp-json\/wp\/v2\/media?parent=4965"}],"wp:term":[{"taxonomy":"category","embeddable":true,"href":"https:\/\/noti-america.com\/site\/colombia\/wp-json\/wp\/v2\/categories?post=4965"},{"taxonomy":"post_tag","embeddable":true,"href":"https:\/\/noti-america.com\/site\/colombia\/wp-json\/wp\/v2\/tags?post=4965"}],"curies":[{"name":"wp","href":"https:\/\/api.w.org\/{rel}","templated":true}]}}