{"id":4868,"date":"2020-07-18T03:26:51","date_gmt":"2020-07-18T03:26:51","guid":{"rendered":"https:\/\/noti-america.com\/site\/colombia\/?p=4868"},"modified":"2020-07-18T03:26:51","modified_gmt":"2020-07-18T03:26:51","slug":"estimulante-2020-version-covid-19-invitacion","status":"publish","type":"post","link":"https:\/\/noti-america.com\/site\/colombia\/2020\/07\/18\/estimulante-2020-version-covid-19-invitacion\/","title":{"rendered":"ESTIMULANTE 2020 VERSI\u00d3N COVID-19 INVITACI\u00d3N"},"content":{"rendered":"<p style=\"text-align: justify\">En respuesta a la coyuntura actual generada por la pandemia del coronavirus en el mundo, el instituto de Patrimonio y Cultura de Cartagena de Indias (IPCC) ha extendido una invitaci\u00f3n p\u00fablica en el marco de las convocatorias que realiza la instituci\u00f3n denominada<strong>\u00abEstimulante 2020 Versi\u00f3n COVID-19\u00bb.<\/strong><\/p>\n<p><img loading=\"lazy\" decoding=\"async\" class=\"alignnone  wp-image-4864 aligncenter\" src=\"https:\/\/noti-america.com\/site\/colombia\/wp-content\/uploads\/sites\/20\/2020\/07\/artes-300x176.jpg\" alt=\"\" width=\"464\" height=\"272\" srcset=\"https:\/\/noti-america.com\/site\/colombia\/wp-content\/uploads\/sites\/20\/2020\/07\/artes-300x176.jpg 300w, https:\/\/noti-america.com\/site\/colombia\/wp-content\/uploads\/sites\/20\/2020\/07\/artes-1024x600.jpg 1024w, https:\/\/noti-america.com\/site\/colombia\/wp-content\/uploads\/sites\/20\/2020\/07\/artes-768x450.jpg 768w, https:\/\/noti-america.com\/site\/colombia\/wp-content\/uploads\/sites\/20\/2020\/07\/artes.jpg 1100w\" sizes=\"auto, (max-width: 464px) 100vw, 464px\" \/><\/p>\n<p style=\"text-align: justify\">Esta iniciativa es un llamado a las personas que trabajan de la cultura y las artes, para que pongan al servicio de la sociedad su saber hacer en estos tiempos de emergencia.Con esta iniciativa se pretende activar el empleo, as\u00ed como promover nuevas formas de pensar, hacer y circular de manera individual y mejor aun colectiva. La convocatoria propone al sector cultural de Cartagena que imagine y experimente, que prototipe comunidades en las que los valores de la solidaridad, el apoyo mutuo, la empat\u00eda y la prevenci\u00f3n sean los protagonistas, buscando as\u00ed producciones in\u00e9ditas en las artes, pero tambi\u00e9n contenidos y propuestas que involucren toda su cadena de producci\u00f3n.<\/p>\n","protected":false},"excerpt":{"rendered":"<p>En respuesta a la coyuntura actual generada por la pandemia del coronavirus en el mundo, el instituto de Patrimonio y Cultura de Cartagena de Indias (IPCC) ha extendido una invitaci\u00f3n p\u00fablica en el marco&#46;&#46;&#46;<\/p>\n","protected":false},"author":86,"featured_media":4864,"comment_status":"open","ping_status":"open","sticky":false,"template":"","format":"standard","meta":{"_acf_changed":false,"om_disable_all_campaigns":false,"rop_custom_images_group":[],"rop_custom_messages_group":[],"rop_publish_now":"initial","rop_publish_now_accounts":{"twitter_242054905_242054905":""},"rop_publish_now_history":[],"rop_publish_now_status":"pending","_uf_show_specific_survey":0,"_uf_disable_surveys":false,"footnotes":""},"categories":[8],"tags":[],"class_list":["post-4868","post","type-post","status-publish","format-standard","has-post-thumbnail","hentry","category-arte-y-espectaculos"],"acf":[],"aioseo_notices":[],"yoast_head":"<!-- This site is optimized with the Yoast SEO Premium plugin v24.9 (Yoast SEO v27.2) - https:\/\/yoast.com\/product\/yoast-seo-premium-wordpress\/ -->\n<title>ESTIMULANTE 2020 VERSI\u00d3N COVID-19 INVITACI\u00d3N - Colombia | Noti-America.com<\/title>\n<meta name=\"robots\" content=\"index, follow, max-snippet:-1, max-image-preview:large, max-video-preview:-1\" \/>\n<link rel=\"canonical\" href=\"https:\/\/noti-america.com\/site\/colombia\/2020\/07\/18\/estimulante-2020-version-covid-19-invitacion\/\" \/>\n<meta property=\"og:locale\" content=\"es_ES\" \/>\n<meta property=\"og:type\" content=\"article\" \/>\n<meta property=\"og:title\" content=\"ESTIMULANTE 2020 VERSI\u00d3N COVID-19 INVITACI\u00d3N\" \/>\n<meta property=\"og:description\" content=\"En respuesta a la coyuntura actual generada por la pandemia del coronavirus en el mundo, el instituto de Patrimonio y Cultura de Cartagena de Indias (IPCC) ha extendido una invitaci\u00f3n p\u00fablica en el marco&#046;&#046;&#046;\" \/>\n<meta property=\"og:url\" content=\"https:\/\/noti-america.com\/site\/colombia\/2020\/07\/18\/estimulante-2020-version-covid-19-invitacion\/\" \/>\n<meta property=\"og:site_name\" content=\"Colombia | Noti-America.com\" \/>\n<meta property=\"article:published_time\" content=\"2020-07-18T03:26:51+00:00\" \/>\n<meta property=\"og:image\" content=\"https:\/\/noti-america.com\/site\/colombia\/wp-content\/uploads\/sites\/20\/2020\/07\/artes.jpg\" \/>\n\t<meta property=\"og:image:width\" content=\"1100\" \/>\n\t<meta property=\"og:image:height\" content=\"644\" \/>\n\t<meta property=\"og:image:type\" content=\"image\/jpeg\" \/>\n<meta name=\"author\" content=\"Leansy Arias\" \/>\n<meta name=\"twitter:card\" content=\"summary_large_image\" \/>\n<meta name=\"twitter:creator\" content=\"@tumatey\" \/>\n<meta name=\"twitter:site\" content=\"@notiamerica\" \/>\n<meta name=\"twitter:label1\" content=\"Escrito por\" \/>\n\t<meta name=\"twitter:data1\" content=\"Leansy Arias\" \/>\n\t<meta name=\"twitter:label2\" content=\"Tiempo estimado de lectura\" \/>\n\t<meta name=\"twitter:data2\" content=\"1 minuto\" \/>\n<script type=\"application\/ld+json\" class=\"yoast-schema-graph\">{\"@context\":\"https:\/\/schema.org\",\"@graph\":[{\"@type\":\"Article\",\"@id\":\"https:\/\/noti-america.com\/site\/colombia\/2020\/07\/18\/estimulante-2020-version-covid-19-invitacion\/#article\",\"isPartOf\":{\"@id\":\"https:\/\/noti-america.com\/site\/colombia\/2020\/07\/18\/estimulante-2020-version-covid-19-invitacion\/\"},\"author\":{\"name\":\"Leansy Arias\",\"@id\":\"https:\/\/noti-america.com\/site\/colombia\/#\/schema\/person\/085033a49d4d60529a72f48972833561\"},\"headline\":\"ESTIMULANTE 2020 VERSI\u00d3N COVID-19 INVITACI\u00d3N\",\"datePublished\":\"2020-07-18T03:26:51+00:00\",\"mainEntityOfPage\":{\"@id\":\"https:\/\/noti-america.com\/site\/colombia\/2020\/07\/18\/estimulante-2020-version-covid-19-invitacion\/\"},\"wordCount\":170,\"commentCount\":0,\"image\":{\"@id\":\"https:\/\/noti-america.com\/site\/colombia\/2020\/07\/18\/estimulante-2020-version-covid-19-invitacion\/#primaryimage\"},\"thumbnailUrl\":\"https:\/\/noti-america.com\/site\/colombia\/wp-content\/uploads\/sites\/20\/2020\/07\/artes.jpg\",\"articleSection\":[\"Arte y Espect\u00e1culos\"],\"inLanguage\":\"es\",\"potentialAction\":[{\"@type\":\"CommentAction\",\"name\":\"Comment\",\"target\":[\"https:\/\/noti-america.com\/site\/colombia\/2020\/07\/18\/estimulante-2020-version-covid-19-invitacion\/#respond\"]}]},{\"@type\":\"WebPage\",\"@id\":\"https:\/\/noti-america.com\/site\/colombia\/2020\/07\/18\/estimulante-2020-version-covid-19-invitacion\/\",\"url\":\"https:\/\/noti-america.com\/site\/colombia\/2020\/07\/18\/estimulante-2020-version-covid-19-invitacion\/\",\"name\":\"ESTIMULANTE 2020 VERSI\u00d3N COVID-19 INVITACI\u00d3N - Colombia | Noti-America.com\",\"isPartOf\":{\"@id\":\"https:\/\/noti-america.com\/site\/colombia\/#website\"},\"primaryImageOfPage\":{\"@id\":\"https:\/\/noti-america.com\/site\/colombia\/2020\/07\/18\/estimulante-2020-version-covid-19-invitacion\/#primaryimage\"},\"image\":{\"@id\":\"https:\/\/noti-america.com\/site\/colombia\/2020\/07\/18\/estimulante-2020-version-covid-19-invitacion\/#primaryimage\"},\"thumbnailUrl\":\"https:\/\/noti-america.com\/site\/colombia\/wp-content\/uploads\/sites\/20\/2020\/07\/artes.jpg\",\"datePublished\":\"2020-07-18T03:26:51+00:00\",\"author\":{\"@id\":\"https:\/\/noti-america.com\/site\/colombia\/#\/schema\/person\/085033a49d4d60529a72f48972833561\"},\"breadcrumb\":{\"@id\":\"https:\/\/noti-america.com\/site\/colombia\/2020\/07\/18\/estimulante-2020-version-covid-19-invitacion\/#breadcrumb\"},\"inLanguage\":\"es\",\"potentialAction\":[{\"@type\":\"ReadAction\",\"target\":[\"https:\/\/noti-america.com\/site\/colombia\/2020\/07\/18\/estimulante-2020-version-covid-19-invitacion\/\"]}]},{\"@type\":\"ImageObject\",\"inLanguage\":\"es\",\"@id\":\"https:\/\/noti-america.com\/site\/colombia\/2020\/07\/18\/estimulante-2020-version-covid-19-invitacion\/#primaryimage\",\"url\":\"https:\/\/noti-america.com\/site\/colombia\/wp-content\/uploads\/sites\/20\/2020\/07\/artes.jpg\",\"contentUrl\":\"https:\/\/noti-america.com\/site\/colombia\/wp-content\/uploads\/sites\/20\/2020\/07\/artes.jpg\",\"width\":1100,\"height\":644},{\"@type\":\"BreadcrumbList\",\"@id\":\"https:\/\/noti-america.com\/site\/colombia\/2020\/07\/18\/estimulante-2020-version-covid-19-invitacion\/#breadcrumb\",\"itemListElement\":[{\"@type\":\"ListItem\",\"position\":1,\"name\":\"Portada\",\"item\":\"https:\/\/noti-america.com\/site\/colombia\/\"},{\"@type\":\"ListItem\",\"position\":2,\"name\":\"ESTIMULANTE 2020 VERSI\u00d3N COVID-19 INVITACI\u00d3N\"}]},{\"@type\":\"WebSite\",\"@id\":\"https:\/\/noti-america.com\/site\/colombia\/#website\",\"url\":\"https:\/\/noti-america.com\/site\/colombia\/\",\"name\":\"Colombia | Noti-America.com\",\"description\":\"\",\"potentialAction\":[{\"@type\":\"SearchAction\",\"target\":{\"@type\":\"EntryPoint\",\"urlTemplate\":\"https:\/\/noti-america.com\/site\/colombia\/?s={search_term_string}\"},\"query-input\":{\"@type\":\"PropertyValueSpecification\",\"valueRequired\":true,\"valueName\":\"search_term_string\"}}],\"inLanguage\":\"es\"},{\"@type\":\"Person\",\"@id\":\"https:\/\/noti-america.com\/site\/colombia\/#\/schema\/person\/085033a49d4d60529a72f48972833561\",\"name\":\"Leansy Arias\",\"image\":{\"@type\":\"ImageObject\",\"inLanguage\":\"es\",\"@id\":\"https:\/\/secure.gravatar.com\/avatar\/4130ef1c88173c974c1ac11b2a7542b57e9f2c87795e22a99a94ce4c02897b51?s=96&d=mm&r=g\",\"url\":\"https:\/\/secure.gravatar.com\/avatar\/4130ef1c88173c974c1ac11b2a7542b57e9f2c87795e22a99a94ce4c02897b51?s=96&d=mm&r=g\",\"contentUrl\":\"https:\/\/secure.gravatar.com\/avatar\/4130ef1c88173c974c1ac11b2a7542b57e9f2c87795e22a99a94ce4c02897b51?s=96&d=mm&r=g\",\"caption\":\"Leansy Arias\"},\"description\":\"Alto desempe\u00f1o en arte, escultura, dise\u00f1o, locuci\u00f3n y publicidad, todo basado en valores como: empat\u00eda, agilidad, colaboraci\u00f3n, seguridad y trabajo en equipo. Artes aplicadas, fotograf\u00eda, dise\u00f1o. impresi\u00f3n, coordinaci\u00f3n de eventos\",\"sameAs\":[\"https:\/\/x.com\/tumatey\"],\"url\":\"https:\/\/noti-america.com\/site\/colombia\/author\/larias\/\"}]}<\/script>\n<!-- \/ Yoast SEO Premium plugin. -->","yoast_head_json":{"title":"ESTIMULANTE 2020 VERSI\u00d3N COVID-19 INVITACI\u00d3N - Colombia | Noti-America.com","robots":{"index":"index","follow":"follow","max-snippet":"max-snippet:-1","max-image-preview":"max-image-preview:large","max-video-preview":"max-video-preview:-1"},"canonical":"https:\/\/noti-america.com\/site\/colombia\/2020\/07\/18\/estimulante-2020-version-covid-19-invitacion\/","og_locale":"es_ES","og_type":"article","og_title":"ESTIMULANTE 2020 VERSI\u00d3N COVID-19 INVITACI\u00d3N","og_description":"En respuesta a la coyuntura actual generada por la pandemia del coronavirus en el mundo, el instituto de Patrimonio y Cultura de Cartagena de Indias (IPCC) ha extendido una invitaci\u00f3n p\u00fablica en el marco&#46;&#46;&#46;","og_url":"https:\/\/noti-america.com\/site\/colombia\/2020\/07\/18\/estimulante-2020-version-covid-19-invitacion\/","og_site_name":"Colombia | Noti-America.com","article_published_time":"2020-07-18T03:26:51+00:00","og_image":[{"width":1100,"height":644,"url":"https:\/\/noti-america.com\/site\/colombia\/wp-content\/uploads\/sites\/20\/2020\/07\/artes.jpg","type":"image\/jpeg"}],"author":"Leansy Arias","twitter_card":"summary_large_image","twitter_creator":"@tumatey","twitter_site":"@notiamerica","twitter_misc":{"Escrito por":"Leansy Arias","Tiempo estimado de lectura":"1 minuto"},"schema":{"@context":"https:\/\/schema.org","@graph":[{"@type":"Article","@id":"https:\/\/noti-america.com\/site\/colombia\/2020\/07\/18\/estimulante-2020-version-covid-19-invitacion\/#article","isPartOf":{"@id":"https:\/\/noti-america.com\/site\/colombia\/2020\/07\/18\/estimulante-2020-version-covid-19-invitacion\/"},"author":{"name":"Leansy Arias","@id":"https:\/\/noti-america.com\/site\/colombia\/#\/schema\/person\/085033a49d4d60529a72f48972833561"},"headline":"ESTIMULANTE 2020 VERSI\u00d3N COVID-19 INVITACI\u00d3N","datePublished":"2020-07-18T03:26:51+00:00","mainEntityOfPage":{"@id":"https:\/\/noti-america.com\/site\/colombia\/2020\/07\/18\/estimulante-2020-version-covid-19-invitacion\/"},"wordCount":170,"commentCount":0,"image":{"@id":"https:\/\/noti-america.com\/site\/colombia\/2020\/07\/18\/estimulante-2020-version-covid-19-invitacion\/#primaryimage"},"thumbnailUrl":"https:\/\/noti-america.com\/site\/colombia\/wp-content\/uploads\/sites\/20\/2020\/07\/artes.jpg","articleSection":["Arte y Espect\u00e1culos"],"inLanguage":"es","potentialAction":[{"@type":"CommentAction","name":"Comment","target":["https:\/\/noti-america.com\/site\/colombia\/2020\/07\/18\/estimulante-2020-version-covid-19-invitacion\/#respond"]}]},{"@type":"WebPage","@id":"https:\/\/noti-america.com\/site\/colombia\/2020\/07\/18\/estimulante-2020-version-covid-19-invitacion\/","url":"https:\/\/noti-america.com\/site\/colombia\/2020\/07\/18\/estimulante-2020-version-covid-19-invitacion\/","name":"ESTIMULANTE 2020 VERSI\u00d3N COVID-19 INVITACI\u00d3N - Colombia | Noti-America.com","isPartOf":{"@id":"https:\/\/noti-america.com\/site\/colombia\/#website"},"primaryImageOfPage":{"@id":"https:\/\/noti-america.com\/site\/colombia\/2020\/07\/18\/estimulante-2020-version-covid-19-invitacion\/#primaryimage"},"image":{"@id":"https:\/\/noti-america.com\/site\/colombia\/2020\/07\/18\/estimulante-2020-version-covid-19-invitacion\/#primaryimage"},"thumbnailUrl":"https:\/\/noti-america.com\/site\/colombia\/wp-content\/uploads\/sites\/20\/2020\/07\/artes.jpg","datePublished":"2020-07-18T03:26:51+00:00","author":{"@id":"https:\/\/noti-america.com\/site\/colombia\/#\/schema\/person\/085033a49d4d60529a72f48972833561"},"breadcrumb":{"@id":"https:\/\/noti-america.com\/site\/colombia\/2020\/07\/18\/estimulante-2020-version-covid-19-invitacion\/#breadcrumb"},"inLanguage":"es","potentialAction":[{"@type":"ReadAction","target":["https:\/\/noti-america.com\/site\/colombia\/2020\/07\/18\/estimulante-2020-version-covid-19-invitacion\/"]}]},{"@type":"ImageObject","inLanguage":"es","@id":"https:\/\/noti-america.com\/site\/colombia\/2020\/07\/18\/estimulante-2020-version-covid-19-invitacion\/#primaryimage","url":"https:\/\/noti-america.com\/site\/colombia\/wp-content\/uploads\/sites\/20\/2020\/07\/artes.jpg","contentUrl":"https:\/\/noti-america.com\/site\/colombia\/wp-content\/uploads\/sites\/20\/2020\/07\/artes.jpg","width":1100,"height":644},{"@type":"BreadcrumbList","@id":"https:\/\/noti-america.com\/site\/colombia\/2020\/07\/18\/estimulante-2020-version-covid-19-invitacion\/#breadcrumb","itemListElement":[{"@type":"ListItem","position":1,"name":"Portada","item":"https:\/\/noti-america.com\/site\/colombia\/"},{"@type":"ListItem","position":2,"name":"ESTIMULANTE 2020 VERSI\u00d3N COVID-19 INVITACI\u00d3N"}]},{"@type":"WebSite","@id":"https:\/\/noti-america.com\/site\/colombia\/#website","url":"https:\/\/noti-america.com\/site\/colombia\/","name":"Colombia | Noti-America.com","description":"","potentialAction":[{"@type":"SearchAction","target":{"@type":"EntryPoint","urlTemplate":"https:\/\/noti-america.com\/site\/colombia\/?s={search_term_string}"},"query-input":{"@type":"PropertyValueSpecification","valueRequired":true,"valueName":"search_term_string"}}],"inLanguage":"es"},{"@type":"Person","@id":"https:\/\/noti-america.com\/site\/colombia\/#\/schema\/person\/085033a49d4d60529a72f48972833561","name":"Leansy Arias","image":{"@type":"ImageObject","inLanguage":"es","@id":"https:\/\/secure.gravatar.com\/avatar\/4130ef1c88173c974c1ac11b2a7542b57e9f2c87795e22a99a94ce4c02897b51?s=96&d=mm&r=g","url":"https:\/\/secure.gravatar.com\/avatar\/4130ef1c88173c974c1ac11b2a7542b57e9f2c87795e22a99a94ce4c02897b51?s=96&d=mm&r=g","contentUrl":"https:\/\/secure.gravatar.com\/avatar\/4130ef1c88173c974c1ac11b2a7542b57e9f2c87795e22a99a94ce4c02897b51?s=96&d=mm&r=g","caption":"Leansy Arias"},"description":"Alto desempe\u00f1o en arte, escultura, dise\u00f1o, locuci\u00f3n y publicidad, todo basado en valores como: empat\u00eda, agilidad, colaboraci\u00f3n, seguridad y trabajo en equipo. Artes aplicadas, fotograf\u00eda, dise\u00f1o. impresi\u00f3n, coordinaci\u00f3n de eventos","sameAs":["https:\/\/x.com\/tumatey"],"url":"https:\/\/noti-america.com\/site\/colombia\/author\/larias\/"}]}},"_links":{"self":[{"href":"https:\/\/noti-america.com\/site\/colombia\/wp-json\/wp\/v2\/posts\/4868","targetHints":{"allow":["GET"]}}],"collection":[{"href":"https:\/\/noti-america.com\/site\/colombia\/wp-json\/wp\/v2\/posts"}],"about":[{"href":"https:\/\/noti-america.com\/site\/colombia\/wp-json\/wp\/v2\/types\/post"}],"author":[{"embeddable":true,"href":"https:\/\/noti-america.com\/site\/colombia\/wp-json\/wp\/v2\/users\/86"}],"replies":[{"embeddable":true,"href":"https:\/\/noti-america.com\/site\/colombia\/wp-json\/wp\/v2\/comments?post=4868"}],"version-history":[{"count":1,"href":"https:\/\/noti-america.com\/site\/colombia\/wp-json\/wp\/v2\/posts\/4868\/revisions"}],"predecessor-version":[{"id":4869,"href":"https:\/\/noti-america.com\/site\/colombia\/wp-json\/wp\/v2\/posts\/4868\/revisions\/4869"}],"wp:featuredmedia":[{"embeddable":true,"href":"https:\/\/noti-america.com\/site\/colombia\/wp-json\/wp\/v2\/media\/4864"}],"wp:attachment":[{"href":"https:\/\/noti-america.com\/site\/colombia\/wp-json\/wp\/v2\/media?parent=4868"}],"wp:term":[{"taxonomy":"category","embeddable":true,"href":"https:\/\/noti-america.com\/site\/colombia\/wp-json\/wp\/v2\/categories?post=4868"},{"taxonomy":"post_tag","embeddable":true,"href":"https:\/\/noti-america.com\/site\/colombia\/wp-json\/wp\/v2\/tags?post=4868"}],"curies":[{"name":"wp","href":"https:\/\/api.w.org\/{rel}","templated":true}]}}