{"id":4773,"date":"2020-07-06T13:21:00","date_gmt":"2020-07-06T13:21:00","guid":{"rendered":"http:\/\/noti-america.com\/site\/colombia\/?p=4773"},"modified":"2020-07-06T13:21:00","modified_gmt":"2020-07-06T13:21:00","slug":"quibdo-volvera-a-aislamiento-preventivo-obligatorio","status":"publish","type":"post","link":"https:\/\/noti-america.com\/site\/colombia\/2020\/07\/06\/quibdo-volvera-a-aislamiento-preventivo-obligatorio\/","title":{"rendered":"Quibd\u00f3 volver\u00e1 a aislamiento preventivo obligatorio"},"content":{"rendered":"<p style=\"text-align: justify\"><i><span style=\"font-weight: 400\">Por incremento en casos de Covid-19, el Gobierno Nacional pide se vuelva a imponer la medida en la ciudad.\u00a0<\/span><\/i><\/p>\n<div id=\"attachment_4774\" style=\"width: 310px\" class=\"wp-caption aligncenter\"><img loading=\"lazy\" decoding=\"async\" aria-describedby=\"caption-attachment-4774\" class=\"wp-image-4774 size-medium\" src=\"http:\/\/noti-america.com\/site\/colombia\/wp-content\/uploads\/sites\/20\/2020\/07\/b9def02b6d20f4f0adb6e889f99af491_XL-300x200.jpg\" alt=\"\" width=\"300\" height=\"200\" srcset=\"https:\/\/noti-america.com\/site\/colombia\/wp-content\/uploads\/sites\/20\/2020\/07\/b9def02b6d20f4f0adb6e889f99af491_XL-300x200.jpg 300w, https:\/\/noti-america.com\/site\/colombia\/wp-content\/uploads\/sites\/20\/2020\/07\/b9def02b6d20f4f0adb6e889f99af491_XL-768x511.jpg 768w, https:\/\/noti-america.com\/site\/colombia\/wp-content\/uploads\/sites\/20\/2020\/07\/b9def02b6d20f4f0adb6e889f99af491_XL-272x182.jpg 272w, https:\/\/noti-america.com\/site\/colombia\/wp-content\/uploads\/sites\/20\/2020\/07\/b9def02b6d20f4f0adb6e889f99af491_XL.jpg 900w\" sizes=\"auto, (max-width: 300px) 100vw, 300px\" \/><p id=\"caption-attachment-4774\" class=\"wp-caption-text\">Cortes\u00eda<\/p><\/div>\n<p style=\"text-align: justify\"><span style=\"font-weight: 400\">El gobernador encargado del Choc\u00f3, Y\u00e9fferson Mena confirm\u00f3 la solicitud hecha por el Ministerio del Interior de volver al aislamiento obligatorio, por el incremento de casos de coronavirus en la capital chocoana, afirm\u00f3 \u201cNosotros vamos a acatar las medidas dadas por el MinInterior y vamos a tener en cuenta todas las recomendaciones\u201d.<\/span><\/p>\n<p style=\"text-align: justify\"><span style=\"font-weight: 400\">El gobernador debe reunirse con el Alcalde de Quibd\u00f3 para decidir qu\u00e9 medidas sanitarias deben adoptar para contrarrestar el incremento de casos.<\/span><\/p>\n<p style=\"text-align: justify\"><span style=\"font-weight: 400\">La ciudad tendr\u00eda toque de queda los fines de semana las 24 horas del d\u00eda y entre semana solamente en horarios de la noche, tambi\u00e9n se implantar\u00eda la ley seca permanente para evitar la propagaci\u00f3n del virus.<\/span><\/p>\n<p style=\"text-align: justify\"><span style=\"font-weight: 400\">\u201cLa gente tiene que entender que tenemos que bajar el n\u00famero de socializaci\u00f3n que tenemos hoy en el departamento y en el municipio de Quibd\u00f3. Que no se trata solamente de tener solas las calles, sino tambi\u00e9n de tener buen comportamiento en los barrios\u201d afirma el gobernador.<\/span><\/p>\n<p style=\"text-align: justify\"><span style=\"font-weight: 400\">De esta manera solo podr\u00e1n estar en las calles las actividades netamente esenciales como abastecimiento de alimentos, medicamentos, atenci\u00f3n en salud, socorro, aseo, servicios bancarios y notariales, servicios f\u00fanebres y cadena de producci\u00f3n.<\/span><\/p>\n<p style=\"text-align: justify\"><span style=\"font-weight: 400\">A la fecha, Quibd\u00f3 registra 66 muertos por el coronavirus y 1.883 contagios.<\/span><\/p>\n","protected":false},"excerpt":{"rendered":"<p>Por incremento en casos de Covid-19, el Gobierno Nacional pide se vuelva a imponer la medida en la ciudad.\u00a0 El gobernador encargado del Choc\u00f3, Y\u00e9fferson Mena confirm\u00f3 la solicitud hecha por el Ministerio del&#46;&#46;&#46;<\/p>\n","protected":false},"author":84,"featured_media":4774,"comment_status":"open","ping_status":"open","sticky":false,"template":"","format":"standard","meta":{"_acf_changed":false,"om_disable_all_campaigns":false,"rop_custom_images_group":[],"rop_custom_messages_group":[],"rop_publish_now":"initial","rop_publish_now_accounts":{"twitter_242054905_242054905":""},"rop_publish_now_history":[],"rop_publish_now_status":"pending","_uf_show_specific_survey":0,"_uf_disable_surveys":false,"footnotes":""},"categories":[172],"tags":[],"class_list":["post-4773","post","type-post","status-publish","format-standard","has-post-thumbnail","hentry","category-coronavirus-2"],"acf":[],"aioseo_notices":[],"yoast_head":"<!-- This site is optimized with the Yoast SEO Premium plugin v24.9 (Yoast SEO v27.2) - https:\/\/yoast.com\/product\/yoast-seo-premium-wordpress\/ -->\n<title>Quibd\u00f3 volver\u00e1 a aislamiento preventivo obligatorio - Colombia | Noti-America.com<\/title>\n<meta name=\"robots\" content=\"index, follow, max-snippet:-1, max-image-preview:large, max-video-preview:-1\" \/>\n<link rel=\"canonical\" href=\"https:\/\/noti-america.com\/site\/colombia\/2020\/07\/06\/quibdo-volvera-a-aislamiento-preventivo-obligatorio\/\" \/>\n<meta property=\"og:locale\" content=\"es_ES\" \/>\n<meta property=\"og:type\" content=\"article\" \/>\n<meta property=\"og:title\" content=\"Quibd\u00f3 volver\u00e1 a aislamiento preventivo obligatorio\" \/>\n<meta property=\"og:description\" content=\"Por incremento en casos de Covid-19, el Gobierno Nacional pide se vuelva a imponer la medida en la ciudad.\u00a0 El gobernador encargado del Choc\u00f3, Y\u00e9fferson Mena confirm\u00f3 la solicitud hecha por el Ministerio del&#046;&#046;&#046;\" \/>\n<meta property=\"og:url\" content=\"https:\/\/noti-america.com\/site\/colombia\/2020\/07\/06\/quibdo-volvera-a-aislamiento-preventivo-obligatorio\/\" \/>\n<meta property=\"og:site_name\" content=\"Colombia | Noti-America.com\" \/>\n<meta property=\"article:published_time\" content=\"2020-07-06T13:21:00+00:00\" \/>\n<meta property=\"og:image\" content=\"https:\/\/noti-america.com\/site\/colombia\/wp-content\/uploads\/sites\/20\/2020\/07\/b9def02b6d20f4f0adb6e889f99af491_XL.jpg\" \/>\n\t<meta property=\"og:image:width\" content=\"900\" \/>\n\t<meta property=\"og:image:height\" content=\"599\" \/>\n\t<meta property=\"og:image:type\" content=\"image\/jpeg\" \/>\n<meta name=\"author\" content=\"Julian Ortiz\" \/>\n<meta name=\"twitter:card\" content=\"summary_large_image\" \/>\n<meta name=\"twitter:creator\" content=\"@notiamerica\" \/>\n<meta name=\"twitter:site\" content=\"@notiamerica\" \/>\n<meta name=\"twitter:label1\" content=\"Escrito por\" \/>\n\t<meta name=\"twitter:data1\" content=\"Julian Ortiz\" \/>\n\t<meta name=\"twitter:label2\" content=\"Tiempo estimado de lectura\" \/>\n\t<meta name=\"twitter:data2\" content=\"1 minuto\" \/>\n<script type=\"application\/ld+json\" class=\"yoast-schema-graph\">{\"@context\":\"https:\/\/schema.org\",\"@graph\":[{\"@type\":\"Article\",\"@id\":\"https:\/\/noti-america.com\/site\/colombia\/2020\/07\/06\/quibdo-volvera-a-aislamiento-preventivo-obligatorio\/#article\",\"isPartOf\":{\"@id\":\"https:\/\/noti-america.com\/site\/colombia\/2020\/07\/06\/quibdo-volvera-a-aislamiento-preventivo-obligatorio\/\"},\"author\":{\"name\":\"Julian Ortiz\",\"@id\":\"https:\/\/noti-america.com\/site\/colombia\/#\/schema\/person\/eb01881981abf1d02e3bc14527a88e8f\"},\"headline\":\"Quibd\u00f3 volver\u00e1 a aislamiento preventivo obligatorio\",\"datePublished\":\"2020-07-06T13:21:00+00:00\",\"mainEntityOfPage\":{\"@id\":\"https:\/\/noti-america.com\/site\/colombia\/2020\/07\/06\/quibdo-volvera-a-aislamiento-preventivo-obligatorio\/\"},\"wordCount\":248,\"commentCount\":0,\"image\":{\"@id\":\"https:\/\/noti-america.com\/site\/colombia\/2020\/07\/06\/quibdo-volvera-a-aislamiento-preventivo-obligatorio\/#primaryimage\"},\"thumbnailUrl\":\"https:\/\/noti-america.com\/site\/colombia\/wp-content\/uploads\/sites\/20\/2020\/07\/b9def02b6d20f4f0adb6e889f99af491_XL.jpg\",\"articleSection\":[\"Coronavirus\"],\"inLanguage\":\"es\",\"potentialAction\":[{\"@type\":\"CommentAction\",\"name\":\"Comment\",\"target\":[\"https:\/\/noti-america.com\/site\/colombia\/2020\/07\/06\/quibdo-volvera-a-aislamiento-preventivo-obligatorio\/#respond\"]}]},{\"@type\":\"WebPage\",\"@id\":\"https:\/\/noti-america.com\/site\/colombia\/2020\/07\/06\/quibdo-volvera-a-aislamiento-preventivo-obligatorio\/\",\"url\":\"https:\/\/noti-america.com\/site\/colombia\/2020\/07\/06\/quibdo-volvera-a-aislamiento-preventivo-obligatorio\/\",\"name\":\"Quibd\u00f3 volver\u00e1 a aislamiento preventivo obligatorio - Colombia | Noti-America.com\",\"isPartOf\":{\"@id\":\"https:\/\/noti-america.com\/site\/colombia\/#website\"},\"primaryImageOfPage\":{\"@id\":\"https:\/\/noti-america.com\/site\/colombia\/2020\/07\/06\/quibdo-volvera-a-aislamiento-preventivo-obligatorio\/#primaryimage\"},\"image\":{\"@id\":\"https:\/\/noti-america.com\/site\/colombia\/2020\/07\/06\/quibdo-volvera-a-aislamiento-preventivo-obligatorio\/#primaryimage\"},\"thumbnailUrl\":\"https:\/\/noti-america.com\/site\/colombia\/wp-content\/uploads\/sites\/20\/2020\/07\/b9def02b6d20f4f0adb6e889f99af491_XL.jpg\",\"datePublished\":\"2020-07-06T13:21:00+00:00\",\"author\":{\"@id\":\"https:\/\/noti-america.com\/site\/colombia\/#\/schema\/person\/eb01881981abf1d02e3bc14527a88e8f\"},\"breadcrumb\":{\"@id\":\"https:\/\/noti-america.com\/site\/colombia\/2020\/07\/06\/quibdo-volvera-a-aislamiento-preventivo-obligatorio\/#breadcrumb\"},\"inLanguage\":\"es\",\"potentialAction\":[{\"@type\":\"ReadAction\",\"target\":[\"https:\/\/noti-america.com\/site\/colombia\/2020\/07\/06\/quibdo-volvera-a-aislamiento-preventivo-obligatorio\/\"]}]},{\"@type\":\"ImageObject\",\"inLanguage\":\"es\",\"@id\":\"https:\/\/noti-america.com\/site\/colombia\/2020\/07\/06\/quibdo-volvera-a-aislamiento-preventivo-obligatorio\/#primaryimage\",\"url\":\"https:\/\/noti-america.com\/site\/colombia\/wp-content\/uploads\/sites\/20\/2020\/07\/b9def02b6d20f4f0adb6e889f99af491_XL.jpg\",\"contentUrl\":\"https:\/\/noti-america.com\/site\/colombia\/wp-content\/uploads\/sites\/20\/2020\/07\/b9def02b6d20f4f0adb6e889f99af491_XL.jpg\",\"width\":900,\"height\":599},{\"@type\":\"BreadcrumbList\",\"@id\":\"https:\/\/noti-america.com\/site\/colombia\/2020\/07\/06\/quibdo-volvera-a-aislamiento-preventivo-obligatorio\/#breadcrumb\",\"itemListElement\":[{\"@type\":\"ListItem\",\"position\":1,\"name\":\"Portada\",\"item\":\"https:\/\/noti-america.com\/site\/colombia\/\"},{\"@type\":\"ListItem\",\"position\":2,\"name\":\"Quibd\u00f3 volver\u00e1 a aislamiento preventivo obligatorio\"}]},{\"@type\":\"WebSite\",\"@id\":\"https:\/\/noti-america.com\/site\/colombia\/#website\",\"url\":\"https:\/\/noti-america.com\/site\/colombia\/\",\"name\":\"Colombia | Noti-America.com\",\"description\":\"\",\"potentialAction\":[{\"@type\":\"SearchAction\",\"target\":{\"@type\":\"EntryPoint\",\"urlTemplate\":\"https:\/\/noti-america.com\/site\/colombia\/?s={search_term_string}\"},\"query-input\":{\"@type\":\"PropertyValueSpecification\",\"valueRequired\":true,\"valueName\":\"search_term_string\"}}],\"inLanguage\":\"es\"},{\"@type\":\"Person\",\"@id\":\"https:\/\/noti-america.com\/site\/colombia\/#\/schema\/person\/eb01881981abf1d02e3bc14527a88e8f\",\"name\":\"Julian Ortiz\",\"image\":{\"@type\":\"ImageObject\",\"inLanguage\":\"es\",\"@id\":\"https:\/\/secure.gravatar.com\/avatar\/538f67c8e966ab4c39ad15913dfecfa3902d52730c1c7194ed5a337bf2268d69?s=96&d=mm&r=g\",\"url\":\"https:\/\/secure.gravatar.com\/avatar\/538f67c8e966ab4c39ad15913dfecfa3902d52730c1c7194ed5a337bf2268d69?s=96&d=mm&r=g\",\"contentUrl\":\"https:\/\/secure.gravatar.com\/avatar\/538f67c8e966ab4c39ad15913dfecfa3902d52730c1c7194ed5a337bf2268d69?s=96&d=mm&r=g\",\"caption\":\"Julian Ortiz\"},\"url\":\"https:\/\/noti-america.com\/site\/colombia\/author\/jortiz\/\"}]}<\/script>\n<!-- \/ Yoast SEO Premium plugin. -->","yoast_head_json":{"title":"Quibd\u00f3 volver\u00e1 a aislamiento preventivo obligatorio - Colombia | Noti-America.com","robots":{"index":"index","follow":"follow","max-snippet":"max-snippet:-1","max-image-preview":"max-image-preview:large","max-video-preview":"max-video-preview:-1"},"canonical":"https:\/\/noti-america.com\/site\/colombia\/2020\/07\/06\/quibdo-volvera-a-aislamiento-preventivo-obligatorio\/","og_locale":"es_ES","og_type":"article","og_title":"Quibd\u00f3 volver\u00e1 a aislamiento preventivo obligatorio","og_description":"Por incremento en casos de Covid-19, el Gobierno Nacional pide se vuelva a imponer la medida en la ciudad.\u00a0 El gobernador encargado del Choc\u00f3, Y\u00e9fferson Mena confirm\u00f3 la solicitud hecha por el Ministerio del&#46;&#46;&#46;","og_url":"https:\/\/noti-america.com\/site\/colombia\/2020\/07\/06\/quibdo-volvera-a-aislamiento-preventivo-obligatorio\/","og_site_name":"Colombia | Noti-America.com","article_published_time":"2020-07-06T13:21:00+00:00","og_image":[{"width":900,"height":599,"url":"https:\/\/noti-america.com\/site\/colombia\/wp-content\/uploads\/sites\/20\/2020\/07\/b9def02b6d20f4f0adb6e889f99af491_XL.jpg","type":"image\/jpeg"}],"author":"Julian Ortiz","twitter_card":"summary_large_image","twitter_creator":"@notiamerica","twitter_site":"@notiamerica","twitter_misc":{"Escrito por":"Julian Ortiz","Tiempo estimado de lectura":"1 minuto"},"schema":{"@context":"https:\/\/schema.org","@graph":[{"@type":"Article","@id":"https:\/\/noti-america.com\/site\/colombia\/2020\/07\/06\/quibdo-volvera-a-aislamiento-preventivo-obligatorio\/#article","isPartOf":{"@id":"https:\/\/noti-america.com\/site\/colombia\/2020\/07\/06\/quibdo-volvera-a-aislamiento-preventivo-obligatorio\/"},"author":{"name":"Julian Ortiz","@id":"https:\/\/noti-america.com\/site\/colombia\/#\/schema\/person\/eb01881981abf1d02e3bc14527a88e8f"},"headline":"Quibd\u00f3 volver\u00e1 a aislamiento preventivo obligatorio","datePublished":"2020-07-06T13:21:00+00:00","mainEntityOfPage":{"@id":"https:\/\/noti-america.com\/site\/colombia\/2020\/07\/06\/quibdo-volvera-a-aislamiento-preventivo-obligatorio\/"},"wordCount":248,"commentCount":0,"image":{"@id":"https:\/\/noti-america.com\/site\/colombia\/2020\/07\/06\/quibdo-volvera-a-aislamiento-preventivo-obligatorio\/#primaryimage"},"thumbnailUrl":"https:\/\/noti-america.com\/site\/colombia\/wp-content\/uploads\/sites\/20\/2020\/07\/b9def02b6d20f4f0adb6e889f99af491_XL.jpg","articleSection":["Coronavirus"],"inLanguage":"es","potentialAction":[{"@type":"CommentAction","name":"Comment","target":["https:\/\/noti-america.com\/site\/colombia\/2020\/07\/06\/quibdo-volvera-a-aislamiento-preventivo-obligatorio\/#respond"]}]},{"@type":"WebPage","@id":"https:\/\/noti-america.com\/site\/colombia\/2020\/07\/06\/quibdo-volvera-a-aislamiento-preventivo-obligatorio\/","url":"https:\/\/noti-america.com\/site\/colombia\/2020\/07\/06\/quibdo-volvera-a-aislamiento-preventivo-obligatorio\/","name":"Quibd\u00f3 volver\u00e1 a aislamiento preventivo obligatorio - Colombia | Noti-America.com","isPartOf":{"@id":"https:\/\/noti-america.com\/site\/colombia\/#website"},"primaryImageOfPage":{"@id":"https:\/\/noti-america.com\/site\/colombia\/2020\/07\/06\/quibdo-volvera-a-aislamiento-preventivo-obligatorio\/#primaryimage"},"image":{"@id":"https:\/\/noti-america.com\/site\/colombia\/2020\/07\/06\/quibdo-volvera-a-aislamiento-preventivo-obligatorio\/#primaryimage"},"thumbnailUrl":"https:\/\/noti-america.com\/site\/colombia\/wp-content\/uploads\/sites\/20\/2020\/07\/b9def02b6d20f4f0adb6e889f99af491_XL.jpg","datePublished":"2020-07-06T13:21:00+00:00","author":{"@id":"https:\/\/noti-america.com\/site\/colombia\/#\/schema\/person\/eb01881981abf1d02e3bc14527a88e8f"},"breadcrumb":{"@id":"https:\/\/noti-america.com\/site\/colombia\/2020\/07\/06\/quibdo-volvera-a-aislamiento-preventivo-obligatorio\/#breadcrumb"},"inLanguage":"es","potentialAction":[{"@type":"ReadAction","target":["https:\/\/noti-america.com\/site\/colombia\/2020\/07\/06\/quibdo-volvera-a-aislamiento-preventivo-obligatorio\/"]}]},{"@type":"ImageObject","inLanguage":"es","@id":"https:\/\/noti-america.com\/site\/colombia\/2020\/07\/06\/quibdo-volvera-a-aislamiento-preventivo-obligatorio\/#primaryimage","url":"https:\/\/noti-america.com\/site\/colombia\/wp-content\/uploads\/sites\/20\/2020\/07\/b9def02b6d20f4f0adb6e889f99af491_XL.jpg","contentUrl":"https:\/\/noti-america.com\/site\/colombia\/wp-content\/uploads\/sites\/20\/2020\/07\/b9def02b6d20f4f0adb6e889f99af491_XL.jpg","width":900,"height":599},{"@type":"BreadcrumbList","@id":"https:\/\/noti-america.com\/site\/colombia\/2020\/07\/06\/quibdo-volvera-a-aislamiento-preventivo-obligatorio\/#breadcrumb","itemListElement":[{"@type":"ListItem","position":1,"name":"Portada","item":"https:\/\/noti-america.com\/site\/colombia\/"},{"@type":"ListItem","position":2,"name":"Quibd\u00f3 volver\u00e1 a aislamiento preventivo obligatorio"}]},{"@type":"WebSite","@id":"https:\/\/noti-america.com\/site\/colombia\/#website","url":"https:\/\/noti-america.com\/site\/colombia\/","name":"Colombia | Noti-America.com","description":"","potentialAction":[{"@type":"SearchAction","target":{"@type":"EntryPoint","urlTemplate":"https:\/\/noti-america.com\/site\/colombia\/?s={search_term_string}"},"query-input":{"@type":"PropertyValueSpecification","valueRequired":true,"valueName":"search_term_string"}}],"inLanguage":"es"},{"@type":"Person","@id":"https:\/\/noti-america.com\/site\/colombia\/#\/schema\/person\/eb01881981abf1d02e3bc14527a88e8f","name":"Julian Ortiz","image":{"@type":"ImageObject","inLanguage":"es","@id":"https:\/\/secure.gravatar.com\/avatar\/538f67c8e966ab4c39ad15913dfecfa3902d52730c1c7194ed5a337bf2268d69?s=96&d=mm&r=g","url":"https:\/\/secure.gravatar.com\/avatar\/538f67c8e966ab4c39ad15913dfecfa3902d52730c1c7194ed5a337bf2268d69?s=96&d=mm&r=g","contentUrl":"https:\/\/secure.gravatar.com\/avatar\/538f67c8e966ab4c39ad15913dfecfa3902d52730c1c7194ed5a337bf2268d69?s=96&d=mm&r=g","caption":"Julian Ortiz"},"url":"https:\/\/noti-america.com\/site\/colombia\/author\/jortiz\/"}]}},"_links":{"self":[{"href":"https:\/\/noti-america.com\/site\/colombia\/wp-json\/wp\/v2\/posts\/4773","targetHints":{"allow":["GET"]}}],"collection":[{"href":"https:\/\/noti-america.com\/site\/colombia\/wp-json\/wp\/v2\/posts"}],"about":[{"href":"https:\/\/noti-america.com\/site\/colombia\/wp-json\/wp\/v2\/types\/post"}],"author":[{"embeddable":true,"href":"https:\/\/noti-america.com\/site\/colombia\/wp-json\/wp\/v2\/users\/84"}],"replies":[{"embeddable":true,"href":"https:\/\/noti-america.com\/site\/colombia\/wp-json\/wp\/v2\/comments?post=4773"}],"version-history":[{"count":1,"href":"https:\/\/noti-america.com\/site\/colombia\/wp-json\/wp\/v2\/posts\/4773\/revisions"}],"predecessor-version":[{"id":4775,"href":"https:\/\/noti-america.com\/site\/colombia\/wp-json\/wp\/v2\/posts\/4773\/revisions\/4775"}],"wp:featuredmedia":[{"embeddable":true,"href":"https:\/\/noti-america.com\/site\/colombia\/wp-json\/wp\/v2\/media\/4774"}],"wp:attachment":[{"href":"https:\/\/noti-america.com\/site\/colombia\/wp-json\/wp\/v2\/media?parent=4773"}],"wp:term":[{"taxonomy":"category","embeddable":true,"href":"https:\/\/noti-america.com\/site\/colombia\/wp-json\/wp\/v2\/categories?post=4773"},{"taxonomy":"post_tag","embeddable":true,"href":"https:\/\/noti-america.com\/site\/colombia\/wp-json\/wp\/v2\/tags?post=4773"}],"curies":[{"name":"wp","href":"https:\/\/api.w.org\/{rel}","templated":true}]}}