{"id":4719,"date":"2020-07-01T21:37:16","date_gmt":"2020-07-01T21:37:16","guid":{"rendered":"http:\/\/noti-america.com\/site\/colombia\/?p=4719"},"modified":"2020-07-01T21:37:16","modified_gmt":"2020-07-01T21:37:16","slug":"buena-actuacion-de-los-futbolistas-colombianos-en-europa","status":"publish","type":"post","link":"https:\/\/noti-america.com\/site\/colombia\/2020\/07\/01\/buena-actuacion-de-los-futbolistas-colombianos-en-europa\/","title":{"rendered":"Buena actuaci\u00f3n de los futbolistas colombianos en Europa"},"content":{"rendered":"<p style=\"text-align: justify\"><em>Cuadrado, Arias y Hern\u00e1ndez se destacaron con sus equipos en esta jornada.<\/em><\/p>\n<p><img loading=\"lazy\" decoding=\"async\" class=\"size-medium wp-image-4720 aligncenter\" src=\"http:\/\/noti-america.com\/site\/colombia\/wp-content\/uploads\/sites\/20\/2020\/07\/futbol-234x300.jpeg\" alt=\"\" width=\"234\" height=\"300\" srcset=\"https:\/\/noti-america.com\/site\/colombia\/wp-content\/uploads\/sites\/20\/2020\/07\/futbol-234x300.jpeg 234w, https:\/\/noti-america.com\/site\/colombia\/wp-content\/uploads\/sites\/20\/2020\/07\/futbol.jpeg 561w\" sizes=\"auto, (max-width: 234px) 100vw, 234px\" \/><\/p>\n<p style=\"text-align: justify\">Con Juan Guillermo Cuadrado como titular, Juventus venci\u00f3 1-3 como visitante al Genoa de Cristian Zapata en la fecha 29 de la Serie A del f\u00fatbol italiano, y contin\u00faa como l\u00edder con 72 puntos.<\/p>\n<p style=\"text-align: justify\">El jugador colombiano que jug\u00f3 los 90 minutos, hizo una buena asistencia para Dybala que termin\u00f3 en gol. La actuaci\u00f3n de Cuadrado durante el encuentro, mereci\u00f3 un 8.9 de calificaci\u00f3n de los especialistas.<\/p>\n<p style=\"text-align: justify\">Por su parte, Juan\u00a0Camilo el &#8216;Cucho&#8217; Hern\u00e1ndez, marc\u00f3 un golazo en la victoria del Mallorca 5 \u2013 1 sobre el Celta; triunfo que aleja del descenso al Mallorca y le devuelve la esperanza a sus aficionados. El delantero colombiano recibi\u00f3 de espalda, se desmarc\u00f3 de su compatriota Jeison Murillo y remat\u00f3 a todo el \u00e1ngulo. El partido tuvo un pol\u00e9mico penalti a favor del Mallorca y la anulaci\u00f3n de gol de Murillo que habr\u00eda sido el empate del Celta a uno.<\/p>\n<p style=\"text-align: justify\">Mientras tanto, el lateral Santiago Arias fue titular y tuvo una buena actuaci\u00f3n en la marca, en el empate del Atl\u00e9tico de Madrid 2 \u2013 2 contra el Barcelona, de visitante. Partido en el que Lionel Messi se hizo presente en el marcador y lleg\u00f3 al gol 700 en su carrera profesional.<\/p>\n<p style=\"text-align: justify\">Este jueves a las 3 p.m. (hora colombiana), Real Madrid, recibe al Getafe, juego para el que figura en la lista de convocados, el colombiano James Rodr\u00edguez.<\/p>\n","protected":false},"excerpt":{"rendered":"<p>Cuadrado, Arias y Hern\u00e1ndez se destacaron con sus equipos en esta jornada. Con Juan Guillermo Cuadrado como titular, Juventus venci\u00f3 1-3 como visitante al Genoa de Cristian Zapata en la fecha 29 de la&#46;&#46;&#46;<\/p>\n","protected":false},"author":85,"featured_media":4720,"comment_status":"open","ping_status":"open","sticky":false,"template":"","format":"standard","meta":{"_acf_changed":false,"om_disable_all_campaigns":false,"rop_custom_images_group":[],"rop_custom_messages_group":[],"rop_publish_now":"initial","rop_publish_now_accounts":{"twitter_242054905_242054905":""},"rop_publish_now_history":[],"rop_publish_now_status":"pending","_uf_show_specific_survey":0,"_uf_disable_surveys":false,"footnotes":""},"categories":[16],"tags":[],"class_list":["post-4719","post","type-post","status-publish","format-standard","has-post-thumbnail","hentry","category-deportes"],"acf":[],"aioseo_notices":[],"yoast_head":"<!-- This site is optimized with the Yoast SEO Premium plugin v24.9 (Yoast SEO v27.2) - https:\/\/yoast.com\/product\/yoast-seo-premium-wordpress\/ -->\n<title>Buena actuaci\u00f3n de los futbolistas colombianos en Europa - Colombia | Noti-America.com<\/title>\n<meta name=\"robots\" content=\"index, follow, max-snippet:-1, max-image-preview:large, max-video-preview:-1\" \/>\n<link rel=\"canonical\" href=\"https:\/\/noti-america.com\/site\/colombia\/2020\/07\/01\/buena-actuacion-de-los-futbolistas-colombianos-en-europa\/\" \/>\n<meta property=\"og:locale\" content=\"es_ES\" \/>\n<meta property=\"og:type\" content=\"article\" \/>\n<meta property=\"og:title\" content=\"Buena actuaci\u00f3n de los futbolistas colombianos en Europa\" \/>\n<meta property=\"og:description\" content=\"Cuadrado, Arias y Hern\u00e1ndez se destacaron con sus equipos en esta jornada. Con Juan Guillermo Cuadrado como titular, Juventus venci\u00f3 1-3 como visitante al Genoa de Cristian Zapata en la fecha 29 de la&#046;&#046;&#046;\" \/>\n<meta property=\"og:url\" content=\"https:\/\/noti-america.com\/site\/colombia\/2020\/07\/01\/buena-actuacion-de-los-futbolistas-colombianos-en-europa\/\" \/>\n<meta property=\"og:site_name\" content=\"Colombia | Noti-America.com\" \/>\n<meta property=\"article:published_time\" content=\"2020-07-01T21:37:16+00:00\" \/>\n<meta property=\"og:image\" content=\"https:\/\/noti-america.com\/site\/colombia\/wp-content\/uploads\/sites\/20\/2020\/07\/futbol.jpeg\" \/>\n\t<meta property=\"og:image:width\" content=\"561\" \/>\n\t<meta property=\"og:image:height\" content=\"720\" \/>\n\t<meta property=\"og:image:type\" content=\"image\/jpeg\" \/>\n<meta name=\"author\" content=\"Silvia S\u00e1nchez\" \/>\n<meta name=\"twitter:card\" content=\"summary_large_image\" \/>\n<meta name=\"twitter:creator\" content=\"@notiamerica\" \/>\n<meta name=\"twitter:site\" content=\"@notiamerica\" \/>\n<meta name=\"twitter:label1\" content=\"Escrito por\" \/>\n\t<meta name=\"twitter:data1\" content=\"Silvia S\u00e1nchez\" \/>\n\t<meta name=\"twitter:label2\" content=\"Tiempo estimado de lectura\" \/>\n\t<meta name=\"twitter:data2\" content=\"1 minuto\" \/>\n<script type=\"application\/ld+json\" class=\"yoast-schema-graph\">{\"@context\":\"https:\/\/schema.org\",\"@graph\":[{\"@type\":\"Article\",\"@id\":\"https:\/\/noti-america.com\/site\/colombia\/2020\/07\/01\/buena-actuacion-de-los-futbolistas-colombianos-en-europa\/#article\",\"isPartOf\":{\"@id\":\"https:\/\/noti-america.com\/site\/colombia\/2020\/07\/01\/buena-actuacion-de-los-futbolistas-colombianos-en-europa\/\"},\"author\":{\"name\":\"Silvia S\u00e1nchez\",\"@id\":\"https:\/\/noti-america.com\/site\/colombia\/#\/schema\/person\/cbe765ce6466f69388037918684cdbc1\"},\"headline\":\"Buena actuaci\u00f3n de los futbolistas colombianos en Europa\",\"datePublished\":\"2020-07-01T21:37:16+00:00\",\"mainEntityOfPage\":{\"@id\":\"https:\/\/noti-america.com\/site\/colombia\/2020\/07\/01\/buena-actuacion-de-los-futbolistas-colombianos-en-europa\/\"},\"wordCount\":251,\"commentCount\":0,\"image\":{\"@id\":\"https:\/\/noti-america.com\/site\/colombia\/2020\/07\/01\/buena-actuacion-de-los-futbolistas-colombianos-en-europa\/#primaryimage\"},\"thumbnailUrl\":\"https:\/\/noti-america.com\/site\/colombia\/wp-content\/uploads\/sites\/20\/2020\/07\/futbol.jpeg\",\"articleSection\":[\"Deportes\"],\"inLanguage\":\"es\",\"potentialAction\":[{\"@type\":\"CommentAction\",\"name\":\"Comment\",\"target\":[\"https:\/\/noti-america.com\/site\/colombia\/2020\/07\/01\/buena-actuacion-de-los-futbolistas-colombianos-en-europa\/#respond\"]}]},{\"@type\":\"WebPage\",\"@id\":\"https:\/\/noti-america.com\/site\/colombia\/2020\/07\/01\/buena-actuacion-de-los-futbolistas-colombianos-en-europa\/\",\"url\":\"https:\/\/noti-america.com\/site\/colombia\/2020\/07\/01\/buena-actuacion-de-los-futbolistas-colombianos-en-europa\/\",\"name\":\"Buena actuaci\u00f3n de los futbolistas colombianos en Europa - Colombia | Noti-America.com\",\"isPartOf\":{\"@id\":\"https:\/\/noti-america.com\/site\/colombia\/#website\"},\"primaryImageOfPage\":{\"@id\":\"https:\/\/noti-america.com\/site\/colombia\/2020\/07\/01\/buena-actuacion-de-los-futbolistas-colombianos-en-europa\/#primaryimage\"},\"image\":{\"@id\":\"https:\/\/noti-america.com\/site\/colombia\/2020\/07\/01\/buena-actuacion-de-los-futbolistas-colombianos-en-europa\/#primaryimage\"},\"thumbnailUrl\":\"https:\/\/noti-america.com\/site\/colombia\/wp-content\/uploads\/sites\/20\/2020\/07\/futbol.jpeg\",\"datePublished\":\"2020-07-01T21:37:16+00:00\",\"author\":{\"@id\":\"https:\/\/noti-america.com\/site\/colombia\/#\/schema\/person\/cbe765ce6466f69388037918684cdbc1\"},\"breadcrumb\":{\"@id\":\"https:\/\/noti-america.com\/site\/colombia\/2020\/07\/01\/buena-actuacion-de-los-futbolistas-colombianos-en-europa\/#breadcrumb\"},\"inLanguage\":\"es\",\"potentialAction\":[{\"@type\":\"ReadAction\",\"target\":[\"https:\/\/noti-america.com\/site\/colombia\/2020\/07\/01\/buena-actuacion-de-los-futbolistas-colombianos-en-europa\/\"]}]},{\"@type\":\"ImageObject\",\"inLanguage\":\"es\",\"@id\":\"https:\/\/noti-america.com\/site\/colombia\/2020\/07\/01\/buena-actuacion-de-los-futbolistas-colombianos-en-europa\/#primaryimage\",\"url\":\"https:\/\/noti-america.com\/site\/colombia\/wp-content\/uploads\/sites\/20\/2020\/07\/futbol.jpeg\",\"contentUrl\":\"https:\/\/noti-america.com\/site\/colombia\/wp-content\/uploads\/sites\/20\/2020\/07\/futbol.jpeg\",\"width\":561,\"height\":720},{\"@type\":\"BreadcrumbList\",\"@id\":\"https:\/\/noti-america.com\/site\/colombia\/2020\/07\/01\/buena-actuacion-de-los-futbolistas-colombianos-en-europa\/#breadcrumb\",\"itemListElement\":[{\"@type\":\"ListItem\",\"position\":1,\"name\":\"Portada\",\"item\":\"https:\/\/noti-america.com\/site\/colombia\/\"},{\"@type\":\"ListItem\",\"position\":2,\"name\":\"Buena actuaci\u00f3n de los futbolistas colombianos en Europa\"}]},{\"@type\":\"WebSite\",\"@id\":\"https:\/\/noti-america.com\/site\/colombia\/#website\",\"url\":\"https:\/\/noti-america.com\/site\/colombia\/\",\"name\":\"Colombia | Noti-America.com\",\"description\":\"\",\"potentialAction\":[{\"@type\":\"SearchAction\",\"target\":{\"@type\":\"EntryPoint\",\"urlTemplate\":\"https:\/\/noti-america.com\/site\/colombia\/?s={search_term_string}\"},\"query-input\":{\"@type\":\"PropertyValueSpecification\",\"valueRequired\":true,\"valueName\":\"search_term_string\"}}],\"inLanguage\":\"es\"},{\"@type\":\"Person\",\"@id\":\"https:\/\/noti-america.com\/site\/colombia\/#\/schema\/person\/cbe765ce6466f69388037918684cdbc1\",\"name\":\"Silvia S\u00e1nchez\",\"image\":{\"@type\":\"ImageObject\",\"inLanguage\":\"es\",\"@id\":\"https:\/\/secure.gravatar.com\/avatar\/2287cfc8de78326c0baee5bffce79d09df06b397cb6bd0bce79b2faf6d45aa43?s=96&d=mm&r=g\",\"url\":\"https:\/\/secure.gravatar.com\/avatar\/2287cfc8de78326c0baee5bffce79d09df06b397cb6bd0bce79b2faf6d45aa43?s=96&d=mm&r=g\",\"contentUrl\":\"https:\/\/secure.gravatar.com\/avatar\/2287cfc8de78326c0baee5bffce79d09df06b397cb6bd0bce79b2faf6d45aa43?s=96&d=mm&r=g\",\"caption\":\"Silvia S\u00e1nchez\"},\"url\":\"https:\/\/noti-america.com\/site\/colombia\/author\/ssanchez\/\"}]}<\/script>\n<!-- \/ Yoast SEO Premium plugin. -->","yoast_head_json":{"title":"Buena actuaci\u00f3n de los futbolistas colombianos en Europa - Colombia | Noti-America.com","robots":{"index":"index","follow":"follow","max-snippet":"max-snippet:-1","max-image-preview":"max-image-preview:large","max-video-preview":"max-video-preview:-1"},"canonical":"https:\/\/noti-america.com\/site\/colombia\/2020\/07\/01\/buena-actuacion-de-los-futbolistas-colombianos-en-europa\/","og_locale":"es_ES","og_type":"article","og_title":"Buena actuaci\u00f3n de los futbolistas colombianos en Europa","og_description":"Cuadrado, Arias y Hern\u00e1ndez se destacaron con sus equipos en esta jornada. Con Juan Guillermo Cuadrado como titular, Juventus venci\u00f3 1-3 como visitante al Genoa de Cristian Zapata en la fecha 29 de la&#46;&#46;&#46;","og_url":"https:\/\/noti-america.com\/site\/colombia\/2020\/07\/01\/buena-actuacion-de-los-futbolistas-colombianos-en-europa\/","og_site_name":"Colombia | Noti-America.com","article_published_time":"2020-07-01T21:37:16+00:00","og_image":[{"width":561,"height":720,"url":"https:\/\/noti-america.com\/site\/colombia\/wp-content\/uploads\/sites\/20\/2020\/07\/futbol.jpeg","type":"image\/jpeg"}],"author":"Silvia S\u00e1nchez","twitter_card":"summary_large_image","twitter_creator":"@notiamerica","twitter_site":"@notiamerica","twitter_misc":{"Escrito por":"Silvia S\u00e1nchez","Tiempo estimado de lectura":"1 minuto"},"schema":{"@context":"https:\/\/schema.org","@graph":[{"@type":"Article","@id":"https:\/\/noti-america.com\/site\/colombia\/2020\/07\/01\/buena-actuacion-de-los-futbolistas-colombianos-en-europa\/#article","isPartOf":{"@id":"https:\/\/noti-america.com\/site\/colombia\/2020\/07\/01\/buena-actuacion-de-los-futbolistas-colombianos-en-europa\/"},"author":{"name":"Silvia S\u00e1nchez","@id":"https:\/\/noti-america.com\/site\/colombia\/#\/schema\/person\/cbe765ce6466f69388037918684cdbc1"},"headline":"Buena actuaci\u00f3n de los futbolistas colombianos en Europa","datePublished":"2020-07-01T21:37:16+00:00","mainEntityOfPage":{"@id":"https:\/\/noti-america.com\/site\/colombia\/2020\/07\/01\/buena-actuacion-de-los-futbolistas-colombianos-en-europa\/"},"wordCount":251,"commentCount":0,"image":{"@id":"https:\/\/noti-america.com\/site\/colombia\/2020\/07\/01\/buena-actuacion-de-los-futbolistas-colombianos-en-europa\/#primaryimage"},"thumbnailUrl":"https:\/\/noti-america.com\/site\/colombia\/wp-content\/uploads\/sites\/20\/2020\/07\/futbol.jpeg","articleSection":["Deportes"],"inLanguage":"es","potentialAction":[{"@type":"CommentAction","name":"Comment","target":["https:\/\/noti-america.com\/site\/colombia\/2020\/07\/01\/buena-actuacion-de-los-futbolistas-colombianos-en-europa\/#respond"]}]},{"@type":"WebPage","@id":"https:\/\/noti-america.com\/site\/colombia\/2020\/07\/01\/buena-actuacion-de-los-futbolistas-colombianos-en-europa\/","url":"https:\/\/noti-america.com\/site\/colombia\/2020\/07\/01\/buena-actuacion-de-los-futbolistas-colombianos-en-europa\/","name":"Buena actuaci\u00f3n de los futbolistas colombianos en Europa - Colombia | Noti-America.com","isPartOf":{"@id":"https:\/\/noti-america.com\/site\/colombia\/#website"},"primaryImageOfPage":{"@id":"https:\/\/noti-america.com\/site\/colombia\/2020\/07\/01\/buena-actuacion-de-los-futbolistas-colombianos-en-europa\/#primaryimage"},"image":{"@id":"https:\/\/noti-america.com\/site\/colombia\/2020\/07\/01\/buena-actuacion-de-los-futbolistas-colombianos-en-europa\/#primaryimage"},"thumbnailUrl":"https:\/\/noti-america.com\/site\/colombia\/wp-content\/uploads\/sites\/20\/2020\/07\/futbol.jpeg","datePublished":"2020-07-01T21:37:16+00:00","author":{"@id":"https:\/\/noti-america.com\/site\/colombia\/#\/schema\/person\/cbe765ce6466f69388037918684cdbc1"},"breadcrumb":{"@id":"https:\/\/noti-america.com\/site\/colombia\/2020\/07\/01\/buena-actuacion-de-los-futbolistas-colombianos-en-europa\/#breadcrumb"},"inLanguage":"es","potentialAction":[{"@type":"ReadAction","target":["https:\/\/noti-america.com\/site\/colombia\/2020\/07\/01\/buena-actuacion-de-los-futbolistas-colombianos-en-europa\/"]}]},{"@type":"ImageObject","inLanguage":"es","@id":"https:\/\/noti-america.com\/site\/colombia\/2020\/07\/01\/buena-actuacion-de-los-futbolistas-colombianos-en-europa\/#primaryimage","url":"https:\/\/noti-america.com\/site\/colombia\/wp-content\/uploads\/sites\/20\/2020\/07\/futbol.jpeg","contentUrl":"https:\/\/noti-america.com\/site\/colombia\/wp-content\/uploads\/sites\/20\/2020\/07\/futbol.jpeg","width":561,"height":720},{"@type":"BreadcrumbList","@id":"https:\/\/noti-america.com\/site\/colombia\/2020\/07\/01\/buena-actuacion-de-los-futbolistas-colombianos-en-europa\/#breadcrumb","itemListElement":[{"@type":"ListItem","position":1,"name":"Portada","item":"https:\/\/noti-america.com\/site\/colombia\/"},{"@type":"ListItem","position":2,"name":"Buena actuaci\u00f3n de los futbolistas colombianos en Europa"}]},{"@type":"WebSite","@id":"https:\/\/noti-america.com\/site\/colombia\/#website","url":"https:\/\/noti-america.com\/site\/colombia\/","name":"Colombia | Noti-America.com","description":"","potentialAction":[{"@type":"SearchAction","target":{"@type":"EntryPoint","urlTemplate":"https:\/\/noti-america.com\/site\/colombia\/?s={search_term_string}"},"query-input":{"@type":"PropertyValueSpecification","valueRequired":true,"valueName":"search_term_string"}}],"inLanguage":"es"},{"@type":"Person","@id":"https:\/\/noti-america.com\/site\/colombia\/#\/schema\/person\/cbe765ce6466f69388037918684cdbc1","name":"Silvia S\u00e1nchez","image":{"@type":"ImageObject","inLanguage":"es","@id":"https:\/\/secure.gravatar.com\/avatar\/2287cfc8de78326c0baee5bffce79d09df06b397cb6bd0bce79b2faf6d45aa43?s=96&d=mm&r=g","url":"https:\/\/secure.gravatar.com\/avatar\/2287cfc8de78326c0baee5bffce79d09df06b397cb6bd0bce79b2faf6d45aa43?s=96&d=mm&r=g","contentUrl":"https:\/\/secure.gravatar.com\/avatar\/2287cfc8de78326c0baee5bffce79d09df06b397cb6bd0bce79b2faf6d45aa43?s=96&d=mm&r=g","caption":"Silvia S\u00e1nchez"},"url":"https:\/\/noti-america.com\/site\/colombia\/author\/ssanchez\/"}]}},"_links":{"self":[{"href":"https:\/\/noti-america.com\/site\/colombia\/wp-json\/wp\/v2\/posts\/4719","targetHints":{"allow":["GET"]}}],"collection":[{"href":"https:\/\/noti-america.com\/site\/colombia\/wp-json\/wp\/v2\/posts"}],"about":[{"href":"https:\/\/noti-america.com\/site\/colombia\/wp-json\/wp\/v2\/types\/post"}],"author":[{"embeddable":true,"href":"https:\/\/noti-america.com\/site\/colombia\/wp-json\/wp\/v2\/users\/85"}],"replies":[{"embeddable":true,"href":"https:\/\/noti-america.com\/site\/colombia\/wp-json\/wp\/v2\/comments?post=4719"}],"version-history":[{"count":1,"href":"https:\/\/noti-america.com\/site\/colombia\/wp-json\/wp\/v2\/posts\/4719\/revisions"}],"predecessor-version":[{"id":4721,"href":"https:\/\/noti-america.com\/site\/colombia\/wp-json\/wp\/v2\/posts\/4719\/revisions\/4721"}],"wp:featuredmedia":[{"embeddable":true,"href":"https:\/\/noti-america.com\/site\/colombia\/wp-json\/wp\/v2\/media\/4720"}],"wp:attachment":[{"href":"https:\/\/noti-america.com\/site\/colombia\/wp-json\/wp\/v2\/media?parent=4719"}],"wp:term":[{"taxonomy":"category","embeddable":true,"href":"https:\/\/noti-america.com\/site\/colombia\/wp-json\/wp\/v2\/categories?post=4719"},{"taxonomy":"post_tag","embeddable":true,"href":"https:\/\/noti-america.com\/site\/colombia\/wp-json\/wp\/v2\/tags?post=4719"}],"curies":[{"name":"wp","href":"https:\/\/api.w.org\/{rel}","templated":true}]}}