{"id":4656,"date":"2020-06-26T21:06:39","date_gmt":"2020-06-26T21:06:39","guid":{"rendered":"http:\/\/noti-america.com\/site\/colombia\/?p=4656"},"modified":"2020-06-26T21:06:39","modified_gmt":"2020-06-26T21:06:39","slug":"barranquilla-implementara-toque-de-queda-el-dia-sin-iva","status":"publish","type":"post","link":"https:\/\/noti-america.com\/site\/colombia\/2020\/06\/26\/barranquilla-implementara-toque-de-queda-el-dia-sin-iva\/","title":{"rendered":"Barranquilla implementar\u00e1 \u2018Toque de Queda\u2019 el D\u00eda sin Iva"},"content":{"rendered":"<p style=\"text-align: justify\"><em>Solo se permitir\u00e1n ventas por internet y se prolongar\u00e1 la medida de pico y c\u00e9dula hasta el 15 de julio.<\/em><\/p>\n<p style=\"text-align: justify\"><img loading=\"lazy\" decoding=\"async\" class=\"size-medium wp-image-4658 aligncenter\" src=\"http:\/\/noti-america.com\/site\/colombia\/wp-content\/uploads\/sites\/20\/2020\/06\/alcalde-de-barranquilla-300x189.jpg\" alt=\"\" width=\"300\" height=\"189\" srcset=\"https:\/\/noti-america.com\/site\/colombia\/wp-content\/uploads\/sites\/20\/2020\/06\/alcalde-de-barranquilla-300x189.jpg 300w, https:\/\/noti-america.com\/site\/colombia\/wp-content\/uploads\/sites\/20\/2020\/06\/alcalde-de-barranquilla-768x483.jpg 768w, https:\/\/noti-america.com\/site\/colombia\/wp-content\/uploads\/sites\/20\/2020\/06\/alcalde-de-barranquilla.jpg 806w\" sizes=\"auto, (max-width: 300px) 100vw, 300px\" \/><\/p>\n<p style=\"text-align: justify\">Seg\u00fan el reporte del Ministerio de Salud, ayer 25 de junio, murieron 81 personas por el virus en Barranquilla, lo que evidencia el cr\u00edtico momento por el que est\u00e1 pasando la ciudad en materia de la emegencia sanitaria. Por este motivo el mandatario local Jaime Pumarejo, tom\u00f3 la decisi\u00f3n <strong>de imponer la medida del \u2018Toque de Queda\u2019 en la ciudad para el 3 de julio<\/strong>, fecha establecida por el Gobierno Nacional para llevar a cabo el \u2018D\u00eda sin Iva\u2019.<\/p>\n<p style=\"text-align: justify\">\u00abSe proh\u00edbe la circulaci\u00f3n de personas y veh\u00edculos\u00a0<strong>desde las cero horas del 3 de julio hasta las cero horas del 4 de julio\u00bb <\/strong>y s\u00f3lo se permitir\u00e1n compras electr\u00f3nicas. Las personas autorizadas para ejercer la venta y el despacho de manera virtual podr\u00e1n asistir a trabajar.<\/p>\n<p style=\"text-align: justify\">Para transitar en la ciudad, lo podr\u00e1n hacer las personas que cumplan con las excepciones contempladas para emergencias m\u00e9dicas y laborales.<\/p>\n<p style=\"text-align: justify\">En lo que respecta a la \u201cley seca\u201d, la medida est\u00e1 contemplada para todos los fines de semana las 24 horas del d\u00eda y de lunes a viernes se implementa desde las 5 p.m. hasta las 8 a.m. del d\u00eda siguiente; el puente que inicia hoy tendr\u00e1 \u2018Toque de Queda\u2019 desde las 8 p.m. de hoy hasta las 5 a.m. del martes 30 de junio.<\/p>\n<p style=\"text-align: justify\">Entre otras decisiones tomadas por el alcalde, est\u00e1 la prolongaci\u00f3n del pico y c\u00e9dula en dos d\u00edgitos; y comercio no esencial y centros comerciales continuar\u00e1n cerrados para el p\u00fablico hasta el 15 de julio.<\/p>\n<p style=\"text-align: justify\">Con estas medidas establecidas por el gobierno local se pretende bajar la cifra de contagios y muertes en la capital del departamento del Atl\u00e1ntico.<\/p>\n","protected":false},"excerpt":{"rendered":"<p>Solo se permitir\u00e1n ventas por internet y se prolongar\u00e1 la medida de pico y c\u00e9dula hasta el 15 de julio. Seg\u00fan el reporte del Ministerio de Salud, ayer 25 de junio, murieron 81 personas&#46;&#46;&#46;<\/p>\n","protected":false},"author":84,"featured_media":4657,"comment_status":"open","ping_status":"open","sticky":false,"template":"","format":"standard","meta":{"_acf_changed":false,"om_disable_all_campaigns":false,"rop_custom_images_group":[],"rop_custom_messages_group":[],"rop_publish_now":"initial","rop_publish_now_accounts":{"twitter_242054905_242054905":""},"rop_publish_now_history":[],"rop_publish_now_status":"pending","_uf_show_specific_survey":0,"_uf_disable_surveys":false,"footnotes":""},"categories":[172],"tags":[],"class_list":["post-4656","post","type-post","status-publish","format-standard","has-post-thumbnail","hentry","category-coronavirus-2"],"acf":[],"aioseo_notices":[],"yoast_head":"<!-- This site is optimized with the Yoast SEO Premium plugin v24.9 (Yoast SEO v27.2) - https:\/\/yoast.com\/product\/yoast-seo-premium-wordpress\/ -->\n<title>Barranquilla implementar\u00e1 \u2018Toque de Queda\u2019 el D\u00eda sin Iva - Colombia | Noti-America.com<\/title>\n<meta name=\"robots\" content=\"index, follow, max-snippet:-1, max-image-preview:large, max-video-preview:-1\" \/>\n<link rel=\"canonical\" href=\"https:\/\/noti-america.com\/site\/colombia\/2020\/06\/26\/barranquilla-implementara-toque-de-queda-el-dia-sin-iva\/\" \/>\n<meta property=\"og:locale\" content=\"es_ES\" \/>\n<meta property=\"og:type\" content=\"article\" \/>\n<meta property=\"og:title\" content=\"Barranquilla implementar\u00e1 \u2018Toque de Queda\u2019 el D\u00eda sin Iva\" \/>\n<meta property=\"og:description\" content=\"Solo se permitir\u00e1n ventas por internet y se prolongar\u00e1 la medida de pico y c\u00e9dula hasta el 15 de julio. Seg\u00fan el reporte del Ministerio de Salud, ayer 25 de junio, murieron 81 personas&#046;&#046;&#046;\" \/>\n<meta property=\"og:url\" content=\"https:\/\/noti-america.com\/site\/colombia\/2020\/06\/26\/barranquilla-implementara-toque-de-queda-el-dia-sin-iva\/\" \/>\n<meta property=\"og:site_name\" content=\"Colombia | Noti-America.com\" \/>\n<meta property=\"article:published_time\" content=\"2020-06-26T21:06:39+00:00\" \/>\n<meta property=\"og:image\" content=\"https:\/\/noti-america.com\/site\/colombia\/wp-content\/uploads\/sites\/20\/2020\/06\/descubre-barranquilla-6.jpeg\" \/>\n\t<meta property=\"og:image:width\" content=\"1280\" \/>\n\t<meta property=\"og:image:height\" content=\"853\" \/>\n\t<meta property=\"og:image:type\" content=\"image\/jpeg\" \/>\n<meta name=\"author\" content=\"Julian Ortiz\" \/>\n<meta name=\"twitter:card\" content=\"summary_large_image\" \/>\n<meta name=\"twitter:creator\" content=\"@notiamerica\" \/>\n<meta name=\"twitter:site\" content=\"@notiamerica\" \/>\n<meta name=\"twitter:label1\" content=\"Escrito por\" \/>\n\t<meta name=\"twitter:data1\" content=\"Julian Ortiz\" \/>\n\t<meta name=\"twitter:label2\" content=\"Tiempo estimado de lectura\" \/>\n\t<meta name=\"twitter:data2\" content=\"2 minutos\" \/>\n<script type=\"application\/ld+json\" class=\"yoast-schema-graph\">{\"@context\":\"https:\/\/schema.org\",\"@graph\":[{\"@type\":\"Article\",\"@id\":\"https:\/\/noti-america.com\/site\/colombia\/2020\/06\/26\/barranquilla-implementara-toque-de-queda-el-dia-sin-iva\/#article\",\"isPartOf\":{\"@id\":\"https:\/\/noti-america.com\/site\/colombia\/2020\/06\/26\/barranquilla-implementara-toque-de-queda-el-dia-sin-iva\/\"},\"author\":{\"name\":\"Julian Ortiz\",\"@id\":\"https:\/\/noti-america.com\/site\/colombia\/#\/schema\/person\/eb01881981abf1d02e3bc14527a88e8f\"},\"headline\":\"Barranquilla implementar\u00e1 \u2018Toque de Queda\u2019 el D\u00eda sin Iva\",\"datePublished\":\"2020-06-26T21:06:39+00:00\",\"mainEntityOfPage\":{\"@id\":\"https:\/\/noti-america.com\/site\/colombia\/2020\/06\/26\/barranquilla-implementara-toque-de-queda-el-dia-sin-iva\/\"},\"wordCount\":314,\"commentCount\":0,\"image\":{\"@id\":\"https:\/\/noti-america.com\/site\/colombia\/2020\/06\/26\/barranquilla-implementara-toque-de-queda-el-dia-sin-iva\/#primaryimage\"},\"thumbnailUrl\":\"https:\/\/noti-america.com\/site\/colombia\/wp-content\/uploads\/sites\/20\/2020\/06\/descubre-barranquilla-6.jpeg\",\"articleSection\":[\"Coronavirus\"],\"inLanguage\":\"es\",\"potentialAction\":[{\"@type\":\"CommentAction\",\"name\":\"Comment\",\"target\":[\"https:\/\/noti-america.com\/site\/colombia\/2020\/06\/26\/barranquilla-implementara-toque-de-queda-el-dia-sin-iva\/#respond\"]}]},{\"@type\":\"WebPage\",\"@id\":\"https:\/\/noti-america.com\/site\/colombia\/2020\/06\/26\/barranquilla-implementara-toque-de-queda-el-dia-sin-iva\/\",\"url\":\"https:\/\/noti-america.com\/site\/colombia\/2020\/06\/26\/barranquilla-implementara-toque-de-queda-el-dia-sin-iva\/\",\"name\":\"Barranquilla implementar\u00e1 \u2018Toque de Queda\u2019 el D\u00eda sin Iva - Colombia | Noti-America.com\",\"isPartOf\":{\"@id\":\"https:\/\/noti-america.com\/site\/colombia\/#website\"},\"primaryImageOfPage\":{\"@id\":\"https:\/\/noti-america.com\/site\/colombia\/2020\/06\/26\/barranquilla-implementara-toque-de-queda-el-dia-sin-iva\/#primaryimage\"},\"image\":{\"@id\":\"https:\/\/noti-america.com\/site\/colombia\/2020\/06\/26\/barranquilla-implementara-toque-de-queda-el-dia-sin-iva\/#primaryimage\"},\"thumbnailUrl\":\"https:\/\/noti-america.com\/site\/colombia\/wp-content\/uploads\/sites\/20\/2020\/06\/descubre-barranquilla-6.jpeg\",\"datePublished\":\"2020-06-26T21:06:39+00:00\",\"author\":{\"@id\":\"https:\/\/noti-america.com\/site\/colombia\/#\/schema\/person\/eb01881981abf1d02e3bc14527a88e8f\"},\"breadcrumb\":{\"@id\":\"https:\/\/noti-america.com\/site\/colombia\/2020\/06\/26\/barranquilla-implementara-toque-de-queda-el-dia-sin-iva\/#breadcrumb\"},\"inLanguage\":\"es\",\"potentialAction\":[{\"@type\":\"ReadAction\",\"target\":[\"https:\/\/noti-america.com\/site\/colombia\/2020\/06\/26\/barranquilla-implementara-toque-de-queda-el-dia-sin-iva\/\"]}]},{\"@type\":\"ImageObject\",\"inLanguage\":\"es\",\"@id\":\"https:\/\/noti-america.com\/site\/colombia\/2020\/06\/26\/barranquilla-implementara-toque-de-queda-el-dia-sin-iva\/#primaryimage\",\"url\":\"https:\/\/noti-america.com\/site\/colombia\/wp-content\/uploads\/sites\/20\/2020\/06\/descubre-barranquilla-6.jpeg\",\"contentUrl\":\"https:\/\/noti-america.com\/site\/colombia\/wp-content\/uploads\/sites\/20\/2020\/06\/descubre-barranquilla-6.jpeg\",\"width\":1280,\"height\":853},{\"@type\":\"BreadcrumbList\",\"@id\":\"https:\/\/noti-america.com\/site\/colombia\/2020\/06\/26\/barranquilla-implementara-toque-de-queda-el-dia-sin-iva\/#breadcrumb\",\"itemListElement\":[{\"@type\":\"ListItem\",\"position\":1,\"name\":\"Portada\",\"item\":\"https:\/\/noti-america.com\/site\/colombia\/\"},{\"@type\":\"ListItem\",\"position\":2,\"name\":\"Barranquilla implementar\u00e1 \u2018Toque de Queda\u2019 el D\u00eda sin Iva\"}]},{\"@type\":\"WebSite\",\"@id\":\"https:\/\/noti-america.com\/site\/colombia\/#website\",\"url\":\"https:\/\/noti-america.com\/site\/colombia\/\",\"name\":\"Colombia | Noti-America.com\",\"description\":\"\",\"potentialAction\":[{\"@type\":\"SearchAction\",\"target\":{\"@type\":\"EntryPoint\",\"urlTemplate\":\"https:\/\/noti-america.com\/site\/colombia\/?s={search_term_string}\"},\"query-input\":{\"@type\":\"PropertyValueSpecification\",\"valueRequired\":true,\"valueName\":\"search_term_string\"}}],\"inLanguage\":\"es\"},{\"@type\":\"Person\",\"@id\":\"https:\/\/noti-america.com\/site\/colombia\/#\/schema\/person\/eb01881981abf1d02e3bc14527a88e8f\",\"name\":\"Julian Ortiz\",\"image\":{\"@type\":\"ImageObject\",\"inLanguage\":\"es\",\"@id\":\"https:\/\/secure.gravatar.com\/avatar\/538f67c8e966ab4c39ad15913dfecfa3902d52730c1c7194ed5a337bf2268d69?s=96&d=mm&r=g\",\"url\":\"https:\/\/secure.gravatar.com\/avatar\/538f67c8e966ab4c39ad15913dfecfa3902d52730c1c7194ed5a337bf2268d69?s=96&d=mm&r=g\",\"contentUrl\":\"https:\/\/secure.gravatar.com\/avatar\/538f67c8e966ab4c39ad15913dfecfa3902d52730c1c7194ed5a337bf2268d69?s=96&d=mm&r=g\",\"caption\":\"Julian Ortiz\"},\"url\":\"https:\/\/noti-america.com\/site\/colombia\/author\/jortiz\/\"}]}<\/script>\n<!-- \/ Yoast SEO Premium plugin. -->","yoast_head_json":{"title":"Barranquilla implementar\u00e1 \u2018Toque de Queda\u2019 el D\u00eda sin Iva - Colombia | Noti-America.com","robots":{"index":"index","follow":"follow","max-snippet":"max-snippet:-1","max-image-preview":"max-image-preview:large","max-video-preview":"max-video-preview:-1"},"canonical":"https:\/\/noti-america.com\/site\/colombia\/2020\/06\/26\/barranquilla-implementara-toque-de-queda-el-dia-sin-iva\/","og_locale":"es_ES","og_type":"article","og_title":"Barranquilla implementar\u00e1 \u2018Toque de Queda\u2019 el D\u00eda sin Iva","og_description":"Solo se permitir\u00e1n ventas por internet y se prolongar\u00e1 la medida de pico y c\u00e9dula hasta el 15 de julio. Seg\u00fan el reporte del Ministerio de Salud, ayer 25 de junio, murieron 81 personas&#46;&#46;&#46;","og_url":"https:\/\/noti-america.com\/site\/colombia\/2020\/06\/26\/barranquilla-implementara-toque-de-queda-el-dia-sin-iva\/","og_site_name":"Colombia | Noti-America.com","article_published_time":"2020-06-26T21:06:39+00:00","og_image":[{"width":1280,"height":853,"url":"https:\/\/noti-america.com\/site\/colombia\/wp-content\/uploads\/sites\/20\/2020\/06\/descubre-barranquilla-6.jpeg","type":"image\/jpeg"}],"author":"Julian Ortiz","twitter_card":"summary_large_image","twitter_creator":"@notiamerica","twitter_site":"@notiamerica","twitter_misc":{"Escrito por":"Julian Ortiz","Tiempo estimado de lectura":"2 minutos"},"schema":{"@context":"https:\/\/schema.org","@graph":[{"@type":"Article","@id":"https:\/\/noti-america.com\/site\/colombia\/2020\/06\/26\/barranquilla-implementara-toque-de-queda-el-dia-sin-iva\/#article","isPartOf":{"@id":"https:\/\/noti-america.com\/site\/colombia\/2020\/06\/26\/barranquilla-implementara-toque-de-queda-el-dia-sin-iva\/"},"author":{"name":"Julian Ortiz","@id":"https:\/\/noti-america.com\/site\/colombia\/#\/schema\/person\/eb01881981abf1d02e3bc14527a88e8f"},"headline":"Barranquilla implementar\u00e1 \u2018Toque de Queda\u2019 el D\u00eda sin Iva","datePublished":"2020-06-26T21:06:39+00:00","mainEntityOfPage":{"@id":"https:\/\/noti-america.com\/site\/colombia\/2020\/06\/26\/barranquilla-implementara-toque-de-queda-el-dia-sin-iva\/"},"wordCount":314,"commentCount":0,"image":{"@id":"https:\/\/noti-america.com\/site\/colombia\/2020\/06\/26\/barranquilla-implementara-toque-de-queda-el-dia-sin-iva\/#primaryimage"},"thumbnailUrl":"https:\/\/noti-america.com\/site\/colombia\/wp-content\/uploads\/sites\/20\/2020\/06\/descubre-barranquilla-6.jpeg","articleSection":["Coronavirus"],"inLanguage":"es","potentialAction":[{"@type":"CommentAction","name":"Comment","target":["https:\/\/noti-america.com\/site\/colombia\/2020\/06\/26\/barranquilla-implementara-toque-de-queda-el-dia-sin-iva\/#respond"]}]},{"@type":"WebPage","@id":"https:\/\/noti-america.com\/site\/colombia\/2020\/06\/26\/barranquilla-implementara-toque-de-queda-el-dia-sin-iva\/","url":"https:\/\/noti-america.com\/site\/colombia\/2020\/06\/26\/barranquilla-implementara-toque-de-queda-el-dia-sin-iva\/","name":"Barranquilla implementar\u00e1 \u2018Toque de Queda\u2019 el D\u00eda sin Iva - Colombia | Noti-America.com","isPartOf":{"@id":"https:\/\/noti-america.com\/site\/colombia\/#website"},"primaryImageOfPage":{"@id":"https:\/\/noti-america.com\/site\/colombia\/2020\/06\/26\/barranquilla-implementara-toque-de-queda-el-dia-sin-iva\/#primaryimage"},"image":{"@id":"https:\/\/noti-america.com\/site\/colombia\/2020\/06\/26\/barranquilla-implementara-toque-de-queda-el-dia-sin-iva\/#primaryimage"},"thumbnailUrl":"https:\/\/noti-america.com\/site\/colombia\/wp-content\/uploads\/sites\/20\/2020\/06\/descubre-barranquilla-6.jpeg","datePublished":"2020-06-26T21:06:39+00:00","author":{"@id":"https:\/\/noti-america.com\/site\/colombia\/#\/schema\/person\/eb01881981abf1d02e3bc14527a88e8f"},"breadcrumb":{"@id":"https:\/\/noti-america.com\/site\/colombia\/2020\/06\/26\/barranquilla-implementara-toque-de-queda-el-dia-sin-iva\/#breadcrumb"},"inLanguage":"es","potentialAction":[{"@type":"ReadAction","target":["https:\/\/noti-america.com\/site\/colombia\/2020\/06\/26\/barranquilla-implementara-toque-de-queda-el-dia-sin-iva\/"]}]},{"@type":"ImageObject","inLanguage":"es","@id":"https:\/\/noti-america.com\/site\/colombia\/2020\/06\/26\/barranquilla-implementara-toque-de-queda-el-dia-sin-iva\/#primaryimage","url":"https:\/\/noti-america.com\/site\/colombia\/wp-content\/uploads\/sites\/20\/2020\/06\/descubre-barranquilla-6.jpeg","contentUrl":"https:\/\/noti-america.com\/site\/colombia\/wp-content\/uploads\/sites\/20\/2020\/06\/descubre-barranquilla-6.jpeg","width":1280,"height":853},{"@type":"BreadcrumbList","@id":"https:\/\/noti-america.com\/site\/colombia\/2020\/06\/26\/barranquilla-implementara-toque-de-queda-el-dia-sin-iva\/#breadcrumb","itemListElement":[{"@type":"ListItem","position":1,"name":"Portada","item":"https:\/\/noti-america.com\/site\/colombia\/"},{"@type":"ListItem","position":2,"name":"Barranquilla implementar\u00e1 \u2018Toque de Queda\u2019 el D\u00eda sin Iva"}]},{"@type":"WebSite","@id":"https:\/\/noti-america.com\/site\/colombia\/#website","url":"https:\/\/noti-america.com\/site\/colombia\/","name":"Colombia | Noti-America.com","description":"","potentialAction":[{"@type":"SearchAction","target":{"@type":"EntryPoint","urlTemplate":"https:\/\/noti-america.com\/site\/colombia\/?s={search_term_string}"},"query-input":{"@type":"PropertyValueSpecification","valueRequired":true,"valueName":"search_term_string"}}],"inLanguage":"es"},{"@type":"Person","@id":"https:\/\/noti-america.com\/site\/colombia\/#\/schema\/person\/eb01881981abf1d02e3bc14527a88e8f","name":"Julian Ortiz","image":{"@type":"ImageObject","inLanguage":"es","@id":"https:\/\/secure.gravatar.com\/avatar\/538f67c8e966ab4c39ad15913dfecfa3902d52730c1c7194ed5a337bf2268d69?s=96&d=mm&r=g","url":"https:\/\/secure.gravatar.com\/avatar\/538f67c8e966ab4c39ad15913dfecfa3902d52730c1c7194ed5a337bf2268d69?s=96&d=mm&r=g","contentUrl":"https:\/\/secure.gravatar.com\/avatar\/538f67c8e966ab4c39ad15913dfecfa3902d52730c1c7194ed5a337bf2268d69?s=96&d=mm&r=g","caption":"Julian Ortiz"},"url":"https:\/\/noti-america.com\/site\/colombia\/author\/jortiz\/"}]}},"_links":{"self":[{"href":"https:\/\/noti-america.com\/site\/colombia\/wp-json\/wp\/v2\/posts\/4656","targetHints":{"allow":["GET"]}}],"collection":[{"href":"https:\/\/noti-america.com\/site\/colombia\/wp-json\/wp\/v2\/posts"}],"about":[{"href":"https:\/\/noti-america.com\/site\/colombia\/wp-json\/wp\/v2\/types\/post"}],"author":[{"embeddable":true,"href":"https:\/\/noti-america.com\/site\/colombia\/wp-json\/wp\/v2\/users\/84"}],"replies":[{"embeddable":true,"href":"https:\/\/noti-america.com\/site\/colombia\/wp-json\/wp\/v2\/comments?post=4656"}],"version-history":[{"count":1,"href":"https:\/\/noti-america.com\/site\/colombia\/wp-json\/wp\/v2\/posts\/4656\/revisions"}],"predecessor-version":[{"id":4659,"href":"https:\/\/noti-america.com\/site\/colombia\/wp-json\/wp\/v2\/posts\/4656\/revisions\/4659"}],"wp:featuredmedia":[{"embeddable":true,"href":"https:\/\/noti-america.com\/site\/colombia\/wp-json\/wp\/v2\/media\/4657"}],"wp:attachment":[{"href":"https:\/\/noti-america.com\/site\/colombia\/wp-json\/wp\/v2\/media?parent=4656"}],"wp:term":[{"taxonomy":"category","embeddable":true,"href":"https:\/\/noti-america.com\/site\/colombia\/wp-json\/wp\/v2\/categories?post=4656"},{"taxonomy":"post_tag","embeddable":true,"href":"https:\/\/noti-america.com\/site\/colombia\/wp-json\/wp\/v2\/tags?post=4656"}],"curies":[{"name":"wp","href":"https:\/\/api.w.org\/{rel}","templated":true}]}}