{"id":4424,"date":"2020-06-14T03:34:37","date_gmt":"2020-06-14T03:34:37","guid":{"rendered":"http:\/\/noti-america.com\/site\/colombia\/?p=4424"},"modified":"2020-06-15T01:35:16","modified_gmt":"2020-06-15T01:35:16","slug":"a-la-senorita-colombia-daniel-alvarez-le-amputaron-el-pie-izquierdo","status":"publish","type":"post","link":"https:\/\/noti-america.com\/site\/colombia\/2020\/06\/14\/a-la-senorita-colombia-daniel-alvarez-le-amputaron-el-pie-izquierdo\/","title":{"rendered":"A la Se\u00f1orita Colombia, Daniel \u00c1lvarez, le amputaron el pie izquierdo."},"content":{"rendered":"<p style=\"text-align: justify\"><em>Todo comenz\u00f3 con una \u00abcirug\u00eda sencilla\u00bb en su est\u00f3mago que no sali\u00f3 como se esperaba.<\/em><\/p>\n<div id=\"attachment_4427\" style=\"width: 310px\" class=\"wp-caption aligncenter\"><img loading=\"lazy\" decoding=\"async\" aria-describedby=\"caption-attachment-4427\" class=\"wp-image-4427 size-medium\" src=\"http:\/\/noti-america.com\/site\/colombia\/wp-content\/uploads\/sites\/20\/2020\/06\/daniela-alvarez-300x300.jpg\" alt=\"\" width=\"300\" height=\"300\" srcset=\"https:\/\/noti-america.com\/site\/colombia\/wp-content\/uploads\/sites\/20\/2020\/06\/daniela-alvarez-300x300.jpg 300w, https:\/\/noti-america.com\/site\/colombia\/wp-content\/uploads\/sites\/20\/2020\/06\/daniela-alvarez-1024x1024.jpg 1024w, https:\/\/noti-america.com\/site\/colombia\/wp-content\/uploads\/sites\/20\/2020\/06\/daniela-alvarez-150x150.jpg 150w, https:\/\/noti-america.com\/site\/colombia\/wp-content\/uploads\/sites\/20\/2020\/06\/daniela-alvarez-768x768.jpg 768w, https:\/\/noti-america.com\/site\/colombia\/wp-content\/uploads\/sites\/20\/2020\/06\/daniela-alvarez-80x80.jpg 80w, https:\/\/noti-america.com\/site\/colombia\/wp-content\/uploads\/sites\/20\/2020\/06\/daniela-alvarez-320x320.jpg 320w, https:\/\/noti-america.com\/site\/colombia\/wp-content\/uploads\/sites\/20\/2020\/06\/daniela-alvarez.jpg 1080w\" sizes=\"auto, (max-width: 300px) 100vw, 300px\" \/><p id=\"caption-attachment-4427\" class=\"wp-caption-text\">@danielaalvareztv<\/p><\/div>\n<p style=\"text-align: justify\">La exse\u00f1orita Colombia, Daniela \u00c1lvarez (2011-2012), cont\u00f3 en su cuenta de Instagram y explic\u00f3 como sucedi\u00f3 todo, despu\u00e9s de tener varios problemas de salud que concluyeron con la amputaci\u00f3n de su pie izquierdo.<\/p>\n<p style=\"text-align: justify\"><img loading=\"lazy\" decoding=\"async\" class=\"size-medium wp-image-4426 aligncenter\" src=\"http:\/\/noti-america.com\/site\/colombia\/wp-content\/uploads\/sites\/20\/2020\/06\/daniela-alvarez-4-240x300.jpg\" alt=\"\" width=\"240\" height=\"300\" srcset=\"https:\/\/noti-america.com\/site\/colombia\/wp-content\/uploads\/sites\/20\/2020\/06\/daniela-alvarez-4-240x300.jpg 240w, https:\/\/noti-america.com\/site\/colombia\/wp-content\/uploads\/sites\/20\/2020\/06\/daniela-alvarez-4-819x1024.jpg 819w, https:\/\/noti-america.com\/site\/colombia\/wp-content\/uploads\/sites\/20\/2020\/06\/daniela-alvarez-4-768x960.jpg 768w, https:\/\/noti-america.com\/site\/colombia\/wp-content\/uploads\/sites\/20\/2020\/06\/daniela-alvarez-4.jpg 1080w\" sizes=\"auto, (max-width: 240px) 100vw, 240px\" \/>Todo comenz\u00f3 hace menos de un mes y seg\u00fan la exreina \u00abera una cirug\u00eda muy sencilla\u00bb en su est\u00f3mago, solo era retirar una masa peque\u00f1a, no mayor a una moneda de $200 como lo calific\u00f3 la modelo, pero lastimosamente la masa estaba afectando su vena aorta y los m\u00e9dicos tuvieron que hacer dos procedimientos m\u00e1s para poder retirarla.<\/p>\n<p style=\"text-align: justify\">Despu\u00e9s de estas intervenciones, afirma Daniela, \u00abY aunque la aorta qued\u00f3 muy bien, me caus\u00f3 una isquemia\u201d que afect\u00f3 el flujo sangu\u00edneo en sus extremidades inferiores, espec\u00edficamente su pie izquierdo.<\/p>\n<p style=\"text-align: justify\">\u201cGracias a Dios mis piernas est\u00e1n muy bien, pero mis pies se vieron muy afectados. Especialmente mi pie izquierdo. Me hicieron una cuarta cirug\u00eda (\u2026) pero, finalmente, nunca pudo llegar la sangre suficiente a mi pie\u201d.<\/p>\n<p style=\"text-align: justify\"><img loading=\"lazy\" decoding=\"async\" class=\"size-medium wp-image-4425 aligncenter\" src=\"http:\/\/noti-america.com\/site\/colombia\/wp-content\/uploads\/sites\/20\/2020\/06\/daniela-alvarez-2-300x300.jpg\" alt=\"\" width=\"300\" height=\"300\" srcset=\"https:\/\/noti-america.com\/site\/colombia\/wp-content\/uploads\/sites\/20\/2020\/06\/daniela-alvarez-2-300x300.jpg 300w, https:\/\/noti-america.com\/site\/colombia\/wp-content\/uploads\/sites\/20\/2020\/06\/daniela-alvarez-2-1024x1024.jpg 1024w, https:\/\/noti-america.com\/site\/colombia\/wp-content\/uploads\/sites\/20\/2020\/06\/daniela-alvarez-2-150x150.jpg 150w, https:\/\/noti-america.com\/site\/colombia\/wp-content\/uploads\/sites\/20\/2020\/06\/daniela-alvarez-2-768x768.jpg 768w, https:\/\/noti-america.com\/site\/colombia\/wp-content\/uploads\/sites\/20\/2020\/06\/daniela-alvarez-2-80x80.jpg 80w, https:\/\/noti-america.com\/site\/colombia\/wp-content\/uploads\/sites\/20\/2020\/06\/daniela-alvarez-2-320x320.jpg 320w, https:\/\/noti-america.com\/site\/colombia\/wp-content\/uploads\/sites\/20\/2020\/06\/daniela-alvarez-2.jpg 1080w\" sizes=\"auto, (max-width: 300px) 100vw, 300px\" \/><\/p>\n<p style=\"text-align: justify\">Por eso tuvo que ser intervenida quir\u00fargicamente de nuevo,\u00bb tendr\u00e9 una nueva operaci\u00f3n en la que tendr\u00e1n que quitarme mi pie izquierdo\u201d, fue una decisi\u00f3n muy dif\u00edcil, dijo la tambi\u00e9n presentadora, \u201cYo podr\u00eda tener mi pie, pero no ser\u00eda un pie funcional (\u2026) en familia hablamos y yo tom\u00e9 la decisi\u00f3n\u201d.<\/p>\n<p style=\"text-align: justify\"><img loading=\"lazy\" decoding=\"async\" class=\"size-medium wp-image-4428 aligncenter\" src=\"http:\/\/noti-america.com\/site\/colombia\/wp-content\/uploads\/sites\/20\/2020\/06\/daniela-alvarez3-240x300.jpg\" alt=\"\" width=\"240\" height=\"300\" srcset=\"https:\/\/noti-america.com\/site\/colombia\/wp-content\/uploads\/sites\/20\/2020\/06\/daniela-alvarez3-240x300.jpg 240w, https:\/\/noti-america.com\/site\/colombia\/wp-content\/uploads\/sites\/20\/2020\/06\/daniela-alvarez3-819x1024.jpg 819w, https:\/\/noti-america.com\/site\/colombia\/wp-content\/uploads\/sites\/20\/2020\/06\/daniela-alvarez3-768x960.jpg 768w, https:\/\/noti-america.com\/site\/colombia\/wp-content\/uploads\/sites\/20\/2020\/06\/daniela-alvarez3.jpg 1080w\" sizes=\"auto, (max-width: 240px) 100vw, 240px\" \/><\/p>\n<p style=\"text-align: justify\">La exreina fue sometida a una quinta cirug\u00eda en tan solo un mes y, seg\u00fan allegados a Daniela, la intervenci\u00f3n quir\u00fargica fue un \u00e9xito.<\/p>\n<p>https:\/\/www.instagram.com\/tv\/CBW5CT2pHI7\/?utm_source=ig_web_copy_link<\/p>\n","protected":false},"excerpt":{"rendered":"<p>Todo comenz\u00f3 con una \u00abcirug\u00eda sencilla\u00bb en su est\u00f3mago que no sali\u00f3 como se esperaba. La exse\u00f1orita Colombia, Daniela \u00c1lvarez (2011-2012), cont\u00f3 en su cuenta de Instagram y explic\u00f3 como sucedi\u00f3 todo, despu\u00e9s de&#46;&#46;&#46;<\/p>\n","protected":false},"author":84,"featured_media":4441,"comment_status":"open","ping_status":"open","sticky":false,"template":"","format":"gallery","meta":{"_acf_changed":false,"om_disable_all_campaigns":false,"rop_custom_images_group":[],"rop_custom_messages_group":[],"rop_publish_now":"initial","rop_publish_now_accounts":{"twitter_242054905_242054905":""},"rop_publish_now_history":[],"rop_publish_now_status":"pending","_uf_show_specific_survey":0,"_uf_disable_surveys":false,"footnotes":""},"categories":[166],"tags":[],"class_list":["post-4424","post","type-post","status-publish","format-gallery","has-post-thumbnail","hentry","category-sociales","post_format-post-format-gallery"],"acf":[],"aioseo_notices":[],"yoast_head":"<!-- This site is optimized with the Yoast SEO Premium plugin v24.9 (Yoast SEO v27.2) - https:\/\/yoast.com\/product\/yoast-seo-premium-wordpress\/ -->\n<title>A la Se\u00f1orita Colombia, Daniel \u00c1lvarez, le amputaron el pie izquierdo. - Colombia | Noti-America.com<\/title>\n<meta name=\"robots\" content=\"index, follow, max-snippet:-1, max-image-preview:large, max-video-preview:-1\" \/>\n<link rel=\"canonical\" href=\"https:\/\/noti-america.com\/site\/colombia\/2020\/06\/14\/a-la-senorita-colombia-daniel-alvarez-le-amputaron-el-pie-izquierdo\/\" \/>\n<meta property=\"og:locale\" content=\"es_ES\" \/>\n<meta property=\"og:type\" content=\"article\" \/>\n<meta property=\"og:title\" content=\"A la Se\u00f1orita Colombia, Daniel \u00c1lvarez, le amputaron el pie izquierdo.\" \/>\n<meta property=\"og:description\" content=\"Todo comenz\u00f3 con una \u00abcirug\u00eda sencilla\u00bb en su est\u00f3mago que no sali\u00f3 como se esperaba. La exse\u00f1orita Colombia, Daniela \u00c1lvarez (2011-2012), cont\u00f3 en su cuenta de Instagram y explic\u00f3 como sucedi\u00f3 todo, despu\u00e9s de&#046;&#046;&#046;\" \/>\n<meta property=\"og:url\" content=\"https:\/\/noti-america.com\/site\/colombia\/2020\/06\/14\/a-la-senorita-colombia-daniel-alvarez-le-amputaron-el-pie-izquierdo\/\" \/>\n<meta property=\"og:site_name\" content=\"Colombia | Noti-America.com\" \/>\n<meta property=\"article:published_time\" content=\"2020-06-14T03:34:37+00:00\" \/>\n<meta property=\"article:modified_time\" content=\"2020-06-15T01:35:16+00:00\" \/>\n<meta property=\"og:image\" content=\"https:\/\/noti-america.com\/site\/colombia\/wp-content\/uploads\/sites\/20\/2020\/06\/daniela-alvarez-5-e1592184893710.jpg\" \/>\n\t<meta property=\"og:image:width\" content=\"918\" \/>\n\t<meta property=\"og:image:height\" content=\"810\" \/>\n\t<meta property=\"og:image:type\" content=\"image\/jpeg\" \/>\n<meta name=\"author\" content=\"Julian Ortiz\" \/>\n<meta name=\"twitter:card\" content=\"summary_large_image\" \/>\n<meta name=\"twitter:creator\" content=\"@notiamerica\" \/>\n<meta name=\"twitter:site\" content=\"@notiamerica\" \/>\n<meta name=\"twitter:label1\" content=\"Escrito por\" \/>\n\t<meta name=\"twitter:data1\" content=\"Julian Ortiz\" \/>\n\t<meta name=\"twitter:label2\" content=\"Tiempo estimado de lectura\" \/>\n\t<meta name=\"twitter:data2\" content=\"1 minuto\" \/>\n<script type=\"application\/ld+json\" class=\"yoast-schema-graph\">{\"@context\":\"https:\/\/schema.org\",\"@graph\":[{\"@type\":\"Article\",\"@id\":\"https:\/\/noti-america.com\/site\/colombia\/2020\/06\/14\/a-la-senorita-colombia-daniel-alvarez-le-amputaron-el-pie-izquierdo\/#article\",\"isPartOf\":{\"@id\":\"https:\/\/noti-america.com\/site\/colombia\/2020\/06\/14\/a-la-senorita-colombia-daniel-alvarez-le-amputaron-el-pie-izquierdo\/\"},\"author\":{\"name\":\"Julian Ortiz\",\"@id\":\"https:\/\/noti-america.com\/site\/colombia\/#\/schema\/person\/eb01881981abf1d02e3bc14527a88e8f\"},\"headline\":\"A la Se\u00f1orita Colombia, Daniel \u00c1lvarez, le amputaron el pie izquierdo.\",\"datePublished\":\"2020-06-14T03:34:37+00:00\",\"dateModified\":\"2020-06-15T01:35:16+00:00\",\"mainEntityOfPage\":{\"@id\":\"https:\/\/noti-america.com\/site\/colombia\/2020\/06\/14\/a-la-senorita-colombia-daniel-alvarez-le-amputaron-el-pie-izquierdo\/\"},\"wordCount\":307,\"commentCount\":0,\"image\":{\"@id\":\"https:\/\/noti-america.com\/site\/colombia\/2020\/06\/14\/a-la-senorita-colombia-daniel-alvarez-le-amputaron-el-pie-izquierdo\/#primaryimage\"},\"thumbnailUrl\":\"https:\/\/noti-america.com\/site\/colombia\/wp-content\/uploads\/sites\/20\/2020\/06\/daniela-alvarez-5-e1592184893710.jpg\",\"articleSection\":[\"Sociales\"],\"inLanguage\":\"es\",\"potentialAction\":[{\"@type\":\"CommentAction\",\"name\":\"Comment\",\"target\":[\"https:\/\/noti-america.com\/site\/colombia\/2020\/06\/14\/a-la-senorita-colombia-daniel-alvarez-le-amputaron-el-pie-izquierdo\/#respond\"]}]},{\"@type\":\"WebPage\",\"@id\":\"https:\/\/noti-america.com\/site\/colombia\/2020\/06\/14\/a-la-senorita-colombia-daniel-alvarez-le-amputaron-el-pie-izquierdo\/\",\"url\":\"https:\/\/noti-america.com\/site\/colombia\/2020\/06\/14\/a-la-senorita-colombia-daniel-alvarez-le-amputaron-el-pie-izquierdo\/\",\"name\":\"A la Se\u00f1orita Colombia, Daniel \u00c1lvarez, le amputaron el pie izquierdo. - Colombia | Noti-America.com\",\"isPartOf\":{\"@id\":\"https:\/\/noti-america.com\/site\/colombia\/#website\"},\"primaryImageOfPage\":{\"@id\":\"https:\/\/noti-america.com\/site\/colombia\/2020\/06\/14\/a-la-senorita-colombia-daniel-alvarez-le-amputaron-el-pie-izquierdo\/#primaryimage\"},\"image\":{\"@id\":\"https:\/\/noti-america.com\/site\/colombia\/2020\/06\/14\/a-la-senorita-colombia-daniel-alvarez-le-amputaron-el-pie-izquierdo\/#primaryimage\"},\"thumbnailUrl\":\"https:\/\/noti-america.com\/site\/colombia\/wp-content\/uploads\/sites\/20\/2020\/06\/daniela-alvarez-5-e1592184893710.jpg\",\"datePublished\":\"2020-06-14T03:34:37+00:00\",\"dateModified\":\"2020-06-15T01:35:16+00:00\",\"author\":{\"@id\":\"https:\/\/noti-america.com\/site\/colombia\/#\/schema\/person\/eb01881981abf1d02e3bc14527a88e8f\"},\"breadcrumb\":{\"@id\":\"https:\/\/noti-america.com\/site\/colombia\/2020\/06\/14\/a-la-senorita-colombia-daniel-alvarez-le-amputaron-el-pie-izquierdo\/#breadcrumb\"},\"inLanguage\":\"es\",\"potentialAction\":[{\"@type\":\"ReadAction\",\"target\":[\"https:\/\/noti-america.com\/site\/colombia\/2020\/06\/14\/a-la-senorita-colombia-daniel-alvarez-le-amputaron-el-pie-izquierdo\/\"]}]},{\"@type\":\"ImageObject\",\"inLanguage\":\"es\",\"@id\":\"https:\/\/noti-america.com\/site\/colombia\/2020\/06\/14\/a-la-senorita-colombia-daniel-alvarez-le-amputaron-el-pie-izquierdo\/#primaryimage\",\"url\":\"https:\/\/noti-america.com\/site\/colombia\/wp-content\/uploads\/sites\/20\/2020\/06\/daniela-alvarez-5-e1592184893710.jpg\",\"contentUrl\":\"https:\/\/noti-america.com\/site\/colombia\/wp-content\/uploads\/sites\/20\/2020\/06\/daniela-alvarez-5-e1592184893710.jpg\",\"width\":918,\"height\":810},{\"@type\":\"BreadcrumbList\",\"@id\":\"https:\/\/noti-america.com\/site\/colombia\/2020\/06\/14\/a-la-senorita-colombia-daniel-alvarez-le-amputaron-el-pie-izquierdo\/#breadcrumb\",\"itemListElement\":[{\"@type\":\"ListItem\",\"position\":1,\"name\":\"Portada\",\"item\":\"https:\/\/noti-america.com\/site\/colombia\/\"},{\"@type\":\"ListItem\",\"position\":2,\"name\":\"A la Se\u00f1orita Colombia, Daniel \u00c1lvarez, le amputaron el pie izquierdo.\"}]},{\"@type\":\"WebSite\",\"@id\":\"https:\/\/noti-america.com\/site\/colombia\/#website\",\"url\":\"https:\/\/noti-america.com\/site\/colombia\/\",\"name\":\"Colombia | Noti-America.com\",\"description\":\"\",\"potentialAction\":[{\"@type\":\"SearchAction\",\"target\":{\"@type\":\"EntryPoint\",\"urlTemplate\":\"https:\/\/noti-america.com\/site\/colombia\/?s={search_term_string}\"},\"query-input\":{\"@type\":\"PropertyValueSpecification\",\"valueRequired\":true,\"valueName\":\"search_term_string\"}}],\"inLanguage\":\"es\"},{\"@type\":\"Person\",\"@id\":\"https:\/\/noti-america.com\/site\/colombia\/#\/schema\/person\/eb01881981abf1d02e3bc14527a88e8f\",\"name\":\"Julian Ortiz\",\"image\":{\"@type\":\"ImageObject\",\"inLanguage\":\"es\",\"@id\":\"https:\/\/secure.gravatar.com\/avatar\/538f67c8e966ab4c39ad15913dfecfa3902d52730c1c7194ed5a337bf2268d69?s=96&d=mm&r=g\",\"url\":\"https:\/\/secure.gravatar.com\/avatar\/538f67c8e966ab4c39ad15913dfecfa3902d52730c1c7194ed5a337bf2268d69?s=96&d=mm&r=g\",\"contentUrl\":\"https:\/\/secure.gravatar.com\/avatar\/538f67c8e966ab4c39ad15913dfecfa3902d52730c1c7194ed5a337bf2268d69?s=96&d=mm&r=g\",\"caption\":\"Julian Ortiz\"},\"url\":\"https:\/\/noti-america.com\/site\/colombia\/author\/jortiz\/\"}]}<\/script>\n<!-- \/ Yoast SEO Premium plugin. -->","yoast_head_json":{"title":"A la Se\u00f1orita Colombia, Daniel \u00c1lvarez, le amputaron el pie izquierdo. - Colombia | Noti-America.com","robots":{"index":"index","follow":"follow","max-snippet":"max-snippet:-1","max-image-preview":"max-image-preview:large","max-video-preview":"max-video-preview:-1"},"canonical":"https:\/\/noti-america.com\/site\/colombia\/2020\/06\/14\/a-la-senorita-colombia-daniel-alvarez-le-amputaron-el-pie-izquierdo\/","og_locale":"es_ES","og_type":"article","og_title":"A la Se\u00f1orita Colombia, Daniel \u00c1lvarez, le amputaron el pie izquierdo.","og_description":"Todo comenz\u00f3 con una \u00abcirug\u00eda sencilla\u00bb en su est\u00f3mago que no sali\u00f3 como se esperaba. La exse\u00f1orita Colombia, Daniela \u00c1lvarez (2011-2012), cont\u00f3 en su cuenta de Instagram y explic\u00f3 como sucedi\u00f3 todo, despu\u00e9s de&#46;&#46;&#46;","og_url":"https:\/\/noti-america.com\/site\/colombia\/2020\/06\/14\/a-la-senorita-colombia-daniel-alvarez-le-amputaron-el-pie-izquierdo\/","og_site_name":"Colombia | Noti-America.com","article_published_time":"2020-06-14T03:34:37+00:00","article_modified_time":"2020-06-15T01:35:16+00:00","og_image":[{"width":918,"height":810,"url":"https:\/\/noti-america.com\/site\/colombia\/wp-content\/uploads\/sites\/20\/2020\/06\/daniela-alvarez-5-e1592184893710.jpg","type":"image\/jpeg"}],"author":"Julian Ortiz","twitter_card":"summary_large_image","twitter_creator":"@notiamerica","twitter_site":"@notiamerica","twitter_misc":{"Escrito por":"Julian Ortiz","Tiempo estimado de lectura":"1 minuto"},"schema":{"@context":"https:\/\/schema.org","@graph":[{"@type":"Article","@id":"https:\/\/noti-america.com\/site\/colombia\/2020\/06\/14\/a-la-senorita-colombia-daniel-alvarez-le-amputaron-el-pie-izquierdo\/#article","isPartOf":{"@id":"https:\/\/noti-america.com\/site\/colombia\/2020\/06\/14\/a-la-senorita-colombia-daniel-alvarez-le-amputaron-el-pie-izquierdo\/"},"author":{"name":"Julian Ortiz","@id":"https:\/\/noti-america.com\/site\/colombia\/#\/schema\/person\/eb01881981abf1d02e3bc14527a88e8f"},"headline":"A la Se\u00f1orita Colombia, Daniel \u00c1lvarez, le amputaron el pie izquierdo.","datePublished":"2020-06-14T03:34:37+00:00","dateModified":"2020-06-15T01:35:16+00:00","mainEntityOfPage":{"@id":"https:\/\/noti-america.com\/site\/colombia\/2020\/06\/14\/a-la-senorita-colombia-daniel-alvarez-le-amputaron-el-pie-izquierdo\/"},"wordCount":307,"commentCount":0,"image":{"@id":"https:\/\/noti-america.com\/site\/colombia\/2020\/06\/14\/a-la-senorita-colombia-daniel-alvarez-le-amputaron-el-pie-izquierdo\/#primaryimage"},"thumbnailUrl":"https:\/\/noti-america.com\/site\/colombia\/wp-content\/uploads\/sites\/20\/2020\/06\/daniela-alvarez-5-e1592184893710.jpg","articleSection":["Sociales"],"inLanguage":"es","potentialAction":[{"@type":"CommentAction","name":"Comment","target":["https:\/\/noti-america.com\/site\/colombia\/2020\/06\/14\/a-la-senorita-colombia-daniel-alvarez-le-amputaron-el-pie-izquierdo\/#respond"]}]},{"@type":"WebPage","@id":"https:\/\/noti-america.com\/site\/colombia\/2020\/06\/14\/a-la-senorita-colombia-daniel-alvarez-le-amputaron-el-pie-izquierdo\/","url":"https:\/\/noti-america.com\/site\/colombia\/2020\/06\/14\/a-la-senorita-colombia-daniel-alvarez-le-amputaron-el-pie-izquierdo\/","name":"A la Se\u00f1orita Colombia, Daniel \u00c1lvarez, le amputaron el pie izquierdo. - Colombia | Noti-America.com","isPartOf":{"@id":"https:\/\/noti-america.com\/site\/colombia\/#website"},"primaryImageOfPage":{"@id":"https:\/\/noti-america.com\/site\/colombia\/2020\/06\/14\/a-la-senorita-colombia-daniel-alvarez-le-amputaron-el-pie-izquierdo\/#primaryimage"},"image":{"@id":"https:\/\/noti-america.com\/site\/colombia\/2020\/06\/14\/a-la-senorita-colombia-daniel-alvarez-le-amputaron-el-pie-izquierdo\/#primaryimage"},"thumbnailUrl":"https:\/\/noti-america.com\/site\/colombia\/wp-content\/uploads\/sites\/20\/2020\/06\/daniela-alvarez-5-e1592184893710.jpg","datePublished":"2020-06-14T03:34:37+00:00","dateModified":"2020-06-15T01:35:16+00:00","author":{"@id":"https:\/\/noti-america.com\/site\/colombia\/#\/schema\/person\/eb01881981abf1d02e3bc14527a88e8f"},"breadcrumb":{"@id":"https:\/\/noti-america.com\/site\/colombia\/2020\/06\/14\/a-la-senorita-colombia-daniel-alvarez-le-amputaron-el-pie-izquierdo\/#breadcrumb"},"inLanguage":"es","potentialAction":[{"@type":"ReadAction","target":["https:\/\/noti-america.com\/site\/colombia\/2020\/06\/14\/a-la-senorita-colombia-daniel-alvarez-le-amputaron-el-pie-izquierdo\/"]}]},{"@type":"ImageObject","inLanguage":"es","@id":"https:\/\/noti-america.com\/site\/colombia\/2020\/06\/14\/a-la-senorita-colombia-daniel-alvarez-le-amputaron-el-pie-izquierdo\/#primaryimage","url":"https:\/\/noti-america.com\/site\/colombia\/wp-content\/uploads\/sites\/20\/2020\/06\/daniela-alvarez-5-e1592184893710.jpg","contentUrl":"https:\/\/noti-america.com\/site\/colombia\/wp-content\/uploads\/sites\/20\/2020\/06\/daniela-alvarez-5-e1592184893710.jpg","width":918,"height":810},{"@type":"BreadcrumbList","@id":"https:\/\/noti-america.com\/site\/colombia\/2020\/06\/14\/a-la-senorita-colombia-daniel-alvarez-le-amputaron-el-pie-izquierdo\/#breadcrumb","itemListElement":[{"@type":"ListItem","position":1,"name":"Portada","item":"https:\/\/noti-america.com\/site\/colombia\/"},{"@type":"ListItem","position":2,"name":"A la Se\u00f1orita Colombia, Daniel \u00c1lvarez, le amputaron el pie izquierdo."}]},{"@type":"WebSite","@id":"https:\/\/noti-america.com\/site\/colombia\/#website","url":"https:\/\/noti-america.com\/site\/colombia\/","name":"Colombia | Noti-America.com","description":"","potentialAction":[{"@type":"SearchAction","target":{"@type":"EntryPoint","urlTemplate":"https:\/\/noti-america.com\/site\/colombia\/?s={search_term_string}"},"query-input":{"@type":"PropertyValueSpecification","valueRequired":true,"valueName":"search_term_string"}}],"inLanguage":"es"},{"@type":"Person","@id":"https:\/\/noti-america.com\/site\/colombia\/#\/schema\/person\/eb01881981abf1d02e3bc14527a88e8f","name":"Julian Ortiz","image":{"@type":"ImageObject","inLanguage":"es","@id":"https:\/\/secure.gravatar.com\/avatar\/538f67c8e966ab4c39ad15913dfecfa3902d52730c1c7194ed5a337bf2268d69?s=96&d=mm&r=g","url":"https:\/\/secure.gravatar.com\/avatar\/538f67c8e966ab4c39ad15913dfecfa3902d52730c1c7194ed5a337bf2268d69?s=96&d=mm&r=g","contentUrl":"https:\/\/secure.gravatar.com\/avatar\/538f67c8e966ab4c39ad15913dfecfa3902d52730c1c7194ed5a337bf2268d69?s=96&d=mm&r=g","caption":"Julian Ortiz"},"url":"https:\/\/noti-america.com\/site\/colombia\/author\/jortiz\/"}]}},"_links":{"self":[{"href":"https:\/\/noti-america.com\/site\/colombia\/wp-json\/wp\/v2\/posts\/4424","targetHints":{"allow":["GET"]}}],"collection":[{"href":"https:\/\/noti-america.com\/site\/colombia\/wp-json\/wp\/v2\/posts"}],"about":[{"href":"https:\/\/noti-america.com\/site\/colombia\/wp-json\/wp\/v2\/types\/post"}],"author":[{"embeddable":true,"href":"https:\/\/noti-america.com\/site\/colombia\/wp-json\/wp\/v2\/users\/84"}],"replies":[{"embeddable":true,"href":"https:\/\/noti-america.com\/site\/colombia\/wp-json\/wp\/v2\/comments?post=4424"}],"version-history":[{"count":3,"href":"https:\/\/noti-america.com\/site\/colombia\/wp-json\/wp\/v2\/posts\/4424\/revisions"}],"predecessor-version":[{"id":4443,"href":"https:\/\/noti-america.com\/site\/colombia\/wp-json\/wp\/v2\/posts\/4424\/revisions\/4443"}],"wp:featuredmedia":[{"embeddable":true,"href":"https:\/\/noti-america.com\/site\/colombia\/wp-json\/wp\/v2\/media\/4441"}],"wp:attachment":[{"href":"https:\/\/noti-america.com\/site\/colombia\/wp-json\/wp\/v2\/media?parent=4424"}],"wp:term":[{"taxonomy":"category","embeddable":true,"href":"https:\/\/noti-america.com\/site\/colombia\/wp-json\/wp\/v2\/categories?post=4424"},{"taxonomy":"post_tag","embeddable":true,"href":"https:\/\/noti-america.com\/site\/colombia\/wp-json\/wp\/v2\/tags?post=4424"}],"curies":[{"name":"wp","href":"https:\/\/api.w.org\/{rel}","templated":true}]}}