{"id":4376,"date":"2020-06-12T01:43:15","date_gmt":"2020-06-12T01:43:15","guid":{"rendered":"http:\/\/noti-america.com\/site\/colombia\/?p=4376"},"modified":"2020-06-12T03:15:32","modified_gmt":"2020-06-12T03:15:32","slug":"la-polemica-propuesta-de-contratacion-por-horas-en-colombia","status":"publish","type":"post","link":"https:\/\/noti-america.com\/site\/colombia\/2020\/06\/12\/la-polemica-propuesta-de-contratacion-por-horas-en-colombia\/","title":{"rendered":"La pol\u00e9mica propuesta de contrataci\u00f3n por horas en Colombia"},"content":{"rendered":"<p style=\"text-align: justify\"><em>Fenalco asegura que es para bien de los trabajadores. Los trabajadores dicen que nos los pueden ayudar, quit\u00e1ndoles garant\u00edas. \u00a0<\/em><\/p>\n<p style=\"text-align: justify\"><img loading=\"lazy\" decoding=\"async\" class=\"size-medium wp-image-4377 aligncenter\" src=\"http:\/\/noti-america.com\/site\/colombia\/wp-content\/uploads\/sites\/20\/2020\/06\/construction-645465_1920-300x200.jpg\" alt=\"\" width=\"300\" height=\"200\" srcset=\"https:\/\/noti-america.com\/site\/colombia\/wp-content\/uploads\/sites\/20\/2020\/06\/construction-645465_1920-300x200.jpg 300w, https:\/\/noti-america.com\/site\/colombia\/wp-content\/uploads\/sites\/20\/2020\/06\/construction-645465_1920-1024x683.jpg 1024w, https:\/\/noti-america.com\/site\/colombia\/wp-content\/uploads\/sites\/20\/2020\/06\/construction-645465_1920-768x512.jpg 768w, https:\/\/noti-america.com\/site\/colombia\/wp-content\/uploads\/sites\/20\/2020\/06\/construction-645465_1920-1536x1024.jpg 1536w, https:\/\/noti-america.com\/site\/colombia\/wp-content\/uploads\/sites\/20\/2020\/06\/construction-645465_1920-272x182.jpg 272w, https:\/\/noti-america.com\/site\/colombia\/wp-content\/uploads\/sites\/20\/2020\/06\/construction-645465_1920.jpg 1920w\" sizes=\"auto, (max-width: 300px) 100vw, 300px\" \/><\/p>\n<p style=\"text-align: justify\"><strong>La propuesta dice que se contrate por hora trabajada y que los aportes a salud y pensi\u00f3n se paguen de manera proporcionada a lo que se labora, \u00e9sto para cuando sean empleos nuevos, los antiguos conservar\u00edan sus beneficios. <em>\u00a0<\/em><\/strong><\/p>\n<p style=\"text-align: justify\">Seg\u00fan Jaime Alberto Cabal, presidente de Fenalco, el salario integral por horas mitigar\u00eda el desempleo en medio de la pandemia, que en abril lleg\u00f3 al 19.8% en Colombia. \u201c<strong>La contrataci\u00f3n por horas lo que hace es facilitar el ingreso de personas a la recuperaci\u00f3n del empleo, con todas sus prestaciones sociales proporcionales a la hora trabajada\u201d<\/strong> argument\u00f3 Cabal en la emisora Blu Radio.<\/p>\n<blockquote class=\"twitter-tweet\" data-width=\"500\" data-dnt=\"true\">\n<p lang=\"es\" dir=\"ltr\">Para recuperar los empleos perdidos, el salario integral por horas es una herramienta eficaz. Estados Unidos en solo un mes, logr\u00f3 recuperar 2.5 millones de empleos gracias a la facilidad de contrataci\u00f3n. Los desempleados de Colombia lo necesitan. <a href=\"https:\/\/twitter.com\/MintrabajoCol?ref_src=twsrc%5Etfw\">@MintrabajoCol<\/a> <a href=\"https:\/\/twitter.com\/MincomercioCo?ref_src=twsrc%5Etfw\">@MincomercioCo<\/a> <a href=\"https:\/\/t.co\/Yyhn1W3C7s\">pic.twitter.com\/Yyhn1W3C7s<\/a><\/p>\n<p>&mdash; Jaime Alberto Cabal (@JaimeA_Cabal) <a href=\"https:\/\/twitter.com\/JaimeA_Cabal\/status\/1270486427529359360?ref_src=twsrc%5Etfw\">June 9, 2020<\/a><\/p><\/blockquote>\n<p><script async src=\"https:\/\/platform.twitter.com\/widgets.js\" charset=\"utf-8\"><\/script><\/p>\n<p style=\"text-align: justify\">Seg\u00fan datos del DANE, durante estos meses de confinamiento, en el comercio &#8211; sector al que representa Fenalco &#8211; se perdieron cerca de 1,7 millones de empleos.<\/p>\n<p style=\"text-align: justify\">\u201cEst\u00e1 dise\u00f1ado para profesiones como digitadores, dise\u00f1adores gr\u00e1ficos, t\u00e9cnicos, independientes, entre otros, que puedan prestar su servicio por horas a distintas empresas, pero que reciban su remuneraci\u00f3n proporcional de prestaciones sociales y salud\u201d, agreg\u00f3 el presidente de Fenalco en el mismo medio de comunicaci\u00f3n, donde asegur\u00f3, adem\u00e1s, que la propuesta presentada a trav\u00e9s de una carta a los Ministros de Trabajo y de Comercio, cobijar\u00eda a cualquier tipo de nivel salarial.<\/p>\n<p style=\"text-align: justify\"><strong>Reacciones <\/strong><\/p>\n<p style=\"text-align: justify\"><strong>La propuesta no cay\u00f3 bien en el gremio de los trabajadores y las centrales obreras, quienes la rechazaron tajantemente al asegurar que busca que se pierdan las garant\u00edas laborales para los empleados<\/strong>, tomando como excusa la emergencia por la pandemia.<\/p>\n<blockquote class=\"twitter-tweet\" data-width=\"500\" data-dnt=\"true\">\n<p lang=\"es\" dir=\"ltr\">La frase del d\u00eda con <a href=\"https:\/\/twitter.com\/ovillar?ref_src=twsrc%5Etfw\">@ovillar<\/a><\/p>\n<p>&quot;Es falsa la premisa de pretender, que el empleo se dinamiza precarizando las condiciones laborales y llev\u00e1ndolo a las peores condiciones de explotaci\u00f3n&quot; Presidente de la CUT, Di\u00f3genes Orjuela<br \/>\u2022<br \/>Escucha aqu\u00ed \ud83d\udc47<a href=\"https:\/\/t.co\/5PZOkRlI7L\">https:\/\/t.co\/5PZOkRlI7L<\/a><\/p>\n<p>&mdash; La Luci\u00e9rnaga (@LaLuciernaga) <a href=\"https:\/\/twitter.com\/LaLuciernaga\/status\/1270828525482921984?ref_src=twsrc%5Etfw\">June 10, 2020<\/a><\/p><\/blockquote>\n<p><script async src=\"https:\/\/platform.twitter.com\/widgets.js\" charset=\"utf-8\"><\/script><\/p>\n<p style=\"text-align: justify\">El presidente de la Confederaci\u00f3n General del Trabajo, CGT, Julio Roberto G\u00f3mez, tambi\u00e9n dej\u00f3 ver su inconformismo, con lo que considera, busca afectar la calidad de vida de los trabajadores colombianos, asegurando que se quiere generar m\u00e1s empleo, pero \u00bfde qu\u00e9 calidad?. \u00abCon todo respeto por el presidente de Fenalco, Jaime Alberto Cabal, donde yo le quiero decir, que s\u00ed hay un sector que se ha visto favorecido con las situaciones que hemos tenido en cuarentena, es el comercio, particularmente, la l\u00ednea de supermercados\u00bb.<\/p>\n<blockquote class=\"twitter-tweet\" data-width=\"500\" data-dnt=\"true\">\n<p lang=\"es\" dir=\"ltr\">Plant\u00f3n en la ciudad de <a href=\"https:\/\/twitter.com\/hashtag\/Villavicencio?src=hash&amp;ref_src=twsrc%5Etfw\">#Villavicencio<\/a>. Los trabajadores de la educaci\u00f3n, salud y servicios p\u00fablicos <a href=\"https:\/\/twitter.com\/hashtag\/Plantones11DeJunio?src=hash&amp;ref_src=twsrc%5Etfw\">#Plantones11DeJunio<\/a> <a href=\"https:\/\/t.co\/XhdHEvwQU9\">pic.twitter.com\/XhdHEvwQU9<\/a><\/p>\n<p>&mdash; Central Unitaria de Trabajadores (@cutcolombia) <a href=\"https:\/\/twitter.com\/cutcolombia\/status\/1271131376767598600?ref_src=twsrc%5Etfw\">June 11, 2020<\/a><\/p><\/blockquote>\n<p><script async src=\"https:\/\/platform.twitter.com\/widgets.js\" charset=\"utf-8\"><\/script><\/p>\n<p style=\"text-align: justify\">El Gobierno se alista para la convocatoria de expertos que conformen La Misi\u00f3n de Empleo, que analizar\u00e1 temas de la nueva reforma laboral y ahora, la propuesta de Fenalco sobre la implementaci\u00f3n de la jornada laboral por hora en el pa\u00eds, que seg\u00fan el gremio de comercio tambi\u00e9n incluir\u00eda a los congresistas.<\/p>\n<p style=\"text-align: justify\">Por lo pronto, el Gobierno Nacional asegura que las medidas implementadas hasta \u00a0la hora son temporales y aplican s\u00f3lo mientras el pa\u00eds est\u00e9 en emergencia sanitaria. Esperemos que, de aprobarse esta propuesta de Fenalco, en medio de la crisis por la pandemia, las condiciones laborales para los trabajadores mejoren y no sean medidas \u201ctemporales\u201d como el impuesto transitorio del 4xmil que ya va a cumplir 22 a\u00f1os, o la \u201cmodificaci\u00f3n\u201d de los horarios ordinarios que acab\u00f3 con las horas extras por varios a\u00f1os.<\/p>\n","protected":false},"excerpt":{"rendered":"<p>Fenalco asegura que es para bien de los trabajadores. Los trabajadores dicen que nos los pueden ayudar, quit\u00e1ndoles garant\u00edas. \u00a0 La propuesta dice que se contrate por hora trabajada y que los aportes a&#46;&#46;&#46;<\/p>\n","protected":false},"author":85,"featured_media":4377,"comment_status":"open","ping_status":"open","sticky":false,"template":"","format":"standard","meta":{"_acf_changed":false,"om_disable_all_campaigns":false,"rop_custom_images_group":[],"rop_custom_messages_group":[],"rop_publish_now":"initial","rop_publish_now_accounts":{"twitter_242054905_242054905":""},"rop_publish_now_history":[],"rop_publish_now_status":"pending","_uf_show_specific_survey":0,"_uf_disable_surveys":false,"footnotes":""},"categories":[5],"tags":[],"class_list":["post-4376","post","type-post","status-publish","format-standard","has-post-thumbnail","hentry","category-economia"],"acf":[],"aioseo_notices":[],"yoast_head":"<!-- This site is optimized with the Yoast SEO Premium plugin v24.9 (Yoast SEO v27.2) - https:\/\/yoast.com\/product\/yoast-seo-premium-wordpress\/ -->\n<title>La pol\u00e9mica propuesta de contrataci\u00f3n por horas en Colombia - Colombia | Noti-America.com<\/title>\n<meta name=\"robots\" content=\"index, follow, max-snippet:-1, max-image-preview:large, max-video-preview:-1\" \/>\n<link rel=\"canonical\" href=\"https:\/\/noti-america.com\/site\/colombia\/2020\/06\/12\/la-polemica-propuesta-de-contratacion-por-horas-en-colombia\/\" \/>\n<meta property=\"og:locale\" content=\"es_ES\" \/>\n<meta property=\"og:type\" content=\"article\" \/>\n<meta property=\"og:title\" content=\"La pol\u00e9mica propuesta de contrataci\u00f3n por horas en Colombia\" \/>\n<meta property=\"og:description\" content=\"Fenalco asegura que es para bien de los trabajadores. Los trabajadores dicen que nos los pueden ayudar, quit\u00e1ndoles garant\u00edas. \u00a0 La propuesta dice que se contrate por hora trabajada y que los aportes a&#046;&#046;&#046;\" \/>\n<meta property=\"og:url\" content=\"https:\/\/noti-america.com\/site\/colombia\/2020\/06\/12\/la-polemica-propuesta-de-contratacion-por-horas-en-colombia\/\" \/>\n<meta property=\"og:site_name\" content=\"Colombia | Noti-America.com\" \/>\n<meta property=\"article:published_time\" content=\"2020-06-12T01:43:15+00:00\" \/>\n<meta property=\"article:modified_time\" content=\"2020-06-12T03:15:32+00:00\" \/>\n<meta property=\"og:image\" content=\"https:\/\/noti-america.com\/site\/colombia\/wp-content\/uploads\/sites\/20\/2020\/06\/construction-645465_1920.jpg\" \/>\n\t<meta property=\"og:image:width\" content=\"1920\" \/>\n\t<meta property=\"og:image:height\" content=\"1280\" \/>\n\t<meta property=\"og:image:type\" content=\"image\/jpeg\" \/>\n<meta name=\"author\" content=\"Silvia S\u00e1nchez\" \/>\n<meta name=\"twitter:card\" content=\"summary_large_image\" \/>\n<meta name=\"twitter:creator\" content=\"@notiamerica\" \/>\n<meta name=\"twitter:site\" content=\"@notiamerica\" \/>\n<meta name=\"twitter:label1\" content=\"Escrito por\" \/>\n\t<meta name=\"twitter:data1\" content=\"Silvia S\u00e1nchez\" \/>\n\t<meta name=\"twitter:label2\" content=\"Tiempo estimado de lectura\" \/>\n\t<meta name=\"twitter:data2\" content=\"3 minutos\" \/>\n<script type=\"application\/ld+json\" class=\"yoast-schema-graph\">{\"@context\":\"https:\/\/schema.org\",\"@graph\":[{\"@type\":\"Article\",\"@id\":\"https:\/\/noti-america.com\/site\/colombia\/2020\/06\/12\/la-polemica-propuesta-de-contratacion-por-horas-en-colombia\/#article\",\"isPartOf\":{\"@id\":\"https:\/\/noti-america.com\/site\/colombia\/2020\/06\/12\/la-polemica-propuesta-de-contratacion-por-horas-en-colombia\/\"},\"author\":{\"name\":\"Silvia S\u00e1nchez\",\"@id\":\"https:\/\/noti-america.com\/site\/colombia\/#\/schema\/person\/cbe765ce6466f69388037918684cdbc1\"},\"headline\":\"La pol\u00e9mica propuesta de contrataci\u00f3n por horas en Colombia\",\"datePublished\":\"2020-06-12T01:43:15+00:00\",\"dateModified\":\"2020-06-12T03:15:32+00:00\",\"mainEntityOfPage\":{\"@id\":\"https:\/\/noti-america.com\/site\/colombia\/2020\/06\/12\/la-polemica-propuesta-de-contratacion-por-horas-en-colombia\/\"},\"wordCount\":540,\"commentCount\":0,\"image\":{\"@id\":\"https:\/\/noti-america.com\/site\/colombia\/2020\/06\/12\/la-polemica-propuesta-de-contratacion-por-horas-en-colombia\/#primaryimage\"},\"thumbnailUrl\":\"https:\/\/noti-america.com\/site\/colombia\/wp-content\/uploads\/sites\/20\/2020\/06\/construction-645465_1920.jpg\",\"articleSection\":[\"Econom\u00eda\"],\"inLanguage\":\"es\",\"potentialAction\":[{\"@type\":\"CommentAction\",\"name\":\"Comment\",\"target\":[\"https:\/\/noti-america.com\/site\/colombia\/2020\/06\/12\/la-polemica-propuesta-de-contratacion-por-horas-en-colombia\/#respond\"]}]},{\"@type\":\"WebPage\",\"@id\":\"https:\/\/noti-america.com\/site\/colombia\/2020\/06\/12\/la-polemica-propuesta-de-contratacion-por-horas-en-colombia\/\",\"url\":\"https:\/\/noti-america.com\/site\/colombia\/2020\/06\/12\/la-polemica-propuesta-de-contratacion-por-horas-en-colombia\/\",\"name\":\"La pol\u00e9mica propuesta de contrataci\u00f3n por horas en Colombia - Colombia | Noti-America.com\",\"isPartOf\":{\"@id\":\"https:\/\/noti-america.com\/site\/colombia\/#website\"},\"primaryImageOfPage\":{\"@id\":\"https:\/\/noti-america.com\/site\/colombia\/2020\/06\/12\/la-polemica-propuesta-de-contratacion-por-horas-en-colombia\/#primaryimage\"},\"image\":{\"@id\":\"https:\/\/noti-america.com\/site\/colombia\/2020\/06\/12\/la-polemica-propuesta-de-contratacion-por-horas-en-colombia\/#primaryimage\"},\"thumbnailUrl\":\"https:\/\/noti-america.com\/site\/colombia\/wp-content\/uploads\/sites\/20\/2020\/06\/construction-645465_1920.jpg\",\"datePublished\":\"2020-06-12T01:43:15+00:00\",\"dateModified\":\"2020-06-12T03:15:32+00:00\",\"author\":{\"@id\":\"https:\/\/noti-america.com\/site\/colombia\/#\/schema\/person\/cbe765ce6466f69388037918684cdbc1\"},\"breadcrumb\":{\"@id\":\"https:\/\/noti-america.com\/site\/colombia\/2020\/06\/12\/la-polemica-propuesta-de-contratacion-por-horas-en-colombia\/#breadcrumb\"},\"inLanguage\":\"es\",\"potentialAction\":[{\"@type\":\"ReadAction\",\"target\":[\"https:\/\/noti-america.com\/site\/colombia\/2020\/06\/12\/la-polemica-propuesta-de-contratacion-por-horas-en-colombia\/\"]}]},{\"@type\":\"ImageObject\",\"inLanguage\":\"es\",\"@id\":\"https:\/\/noti-america.com\/site\/colombia\/2020\/06\/12\/la-polemica-propuesta-de-contratacion-por-horas-en-colombia\/#primaryimage\",\"url\":\"https:\/\/noti-america.com\/site\/colombia\/wp-content\/uploads\/sites\/20\/2020\/06\/construction-645465_1920.jpg\",\"contentUrl\":\"https:\/\/noti-america.com\/site\/colombia\/wp-content\/uploads\/sites\/20\/2020\/06\/construction-645465_1920.jpg\",\"width\":1920,\"height\":1280},{\"@type\":\"BreadcrumbList\",\"@id\":\"https:\/\/noti-america.com\/site\/colombia\/2020\/06\/12\/la-polemica-propuesta-de-contratacion-por-horas-en-colombia\/#breadcrumb\",\"itemListElement\":[{\"@type\":\"ListItem\",\"position\":1,\"name\":\"Portada\",\"item\":\"https:\/\/noti-america.com\/site\/colombia\/\"},{\"@type\":\"ListItem\",\"position\":2,\"name\":\"La pol\u00e9mica propuesta de contrataci\u00f3n por horas en Colombia\"}]},{\"@type\":\"WebSite\",\"@id\":\"https:\/\/noti-america.com\/site\/colombia\/#website\",\"url\":\"https:\/\/noti-america.com\/site\/colombia\/\",\"name\":\"Colombia | Noti-America.com\",\"description\":\"\",\"potentialAction\":[{\"@type\":\"SearchAction\",\"target\":{\"@type\":\"EntryPoint\",\"urlTemplate\":\"https:\/\/noti-america.com\/site\/colombia\/?s={search_term_string}\"},\"query-input\":{\"@type\":\"PropertyValueSpecification\",\"valueRequired\":true,\"valueName\":\"search_term_string\"}}],\"inLanguage\":\"es\"},{\"@type\":\"Person\",\"@id\":\"https:\/\/noti-america.com\/site\/colombia\/#\/schema\/person\/cbe765ce6466f69388037918684cdbc1\",\"name\":\"Silvia S\u00e1nchez\",\"image\":{\"@type\":\"ImageObject\",\"inLanguage\":\"es\",\"@id\":\"https:\/\/secure.gravatar.com\/avatar\/2287cfc8de78326c0baee5bffce79d09df06b397cb6bd0bce79b2faf6d45aa43?s=96&d=mm&r=g\",\"url\":\"https:\/\/secure.gravatar.com\/avatar\/2287cfc8de78326c0baee5bffce79d09df06b397cb6bd0bce79b2faf6d45aa43?s=96&d=mm&r=g\",\"contentUrl\":\"https:\/\/secure.gravatar.com\/avatar\/2287cfc8de78326c0baee5bffce79d09df06b397cb6bd0bce79b2faf6d45aa43?s=96&d=mm&r=g\",\"caption\":\"Silvia S\u00e1nchez\"},\"url\":\"https:\/\/noti-america.com\/site\/colombia\/author\/ssanchez\/\"}]}<\/script>\n<!-- \/ Yoast SEO Premium plugin. -->","yoast_head_json":{"title":"La pol\u00e9mica propuesta de contrataci\u00f3n por horas en Colombia - Colombia | Noti-America.com","robots":{"index":"index","follow":"follow","max-snippet":"max-snippet:-1","max-image-preview":"max-image-preview:large","max-video-preview":"max-video-preview:-1"},"canonical":"https:\/\/noti-america.com\/site\/colombia\/2020\/06\/12\/la-polemica-propuesta-de-contratacion-por-horas-en-colombia\/","og_locale":"es_ES","og_type":"article","og_title":"La pol\u00e9mica propuesta de contrataci\u00f3n por horas en Colombia","og_description":"Fenalco asegura que es para bien de los trabajadores. Los trabajadores dicen que nos los pueden ayudar, quit\u00e1ndoles garant\u00edas. \u00a0 La propuesta dice que se contrate por hora trabajada y que los aportes a&#46;&#46;&#46;","og_url":"https:\/\/noti-america.com\/site\/colombia\/2020\/06\/12\/la-polemica-propuesta-de-contratacion-por-horas-en-colombia\/","og_site_name":"Colombia | Noti-America.com","article_published_time":"2020-06-12T01:43:15+00:00","article_modified_time":"2020-06-12T03:15:32+00:00","og_image":[{"width":1920,"height":1280,"url":"https:\/\/noti-america.com\/site\/colombia\/wp-content\/uploads\/sites\/20\/2020\/06\/construction-645465_1920.jpg","type":"image\/jpeg"}],"author":"Silvia S\u00e1nchez","twitter_card":"summary_large_image","twitter_creator":"@notiamerica","twitter_site":"@notiamerica","twitter_misc":{"Escrito por":"Silvia S\u00e1nchez","Tiempo estimado de lectura":"3 minutos"},"schema":{"@context":"https:\/\/schema.org","@graph":[{"@type":"Article","@id":"https:\/\/noti-america.com\/site\/colombia\/2020\/06\/12\/la-polemica-propuesta-de-contratacion-por-horas-en-colombia\/#article","isPartOf":{"@id":"https:\/\/noti-america.com\/site\/colombia\/2020\/06\/12\/la-polemica-propuesta-de-contratacion-por-horas-en-colombia\/"},"author":{"name":"Silvia S\u00e1nchez","@id":"https:\/\/noti-america.com\/site\/colombia\/#\/schema\/person\/cbe765ce6466f69388037918684cdbc1"},"headline":"La pol\u00e9mica propuesta de contrataci\u00f3n por horas en Colombia","datePublished":"2020-06-12T01:43:15+00:00","dateModified":"2020-06-12T03:15:32+00:00","mainEntityOfPage":{"@id":"https:\/\/noti-america.com\/site\/colombia\/2020\/06\/12\/la-polemica-propuesta-de-contratacion-por-horas-en-colombia\/"},"wordCount":540,"commentCount":0,"image":{"@id":"https:\/\/noti-america.com\/site\/colombia\/2020\/06\/12\/la-polemica-propuesta-de-contratacion-por-horas-en-colombia\/#primaryimage"},"thumbnailUrl":"https:\/\/noti-america.com\/site\/colombia\/wp-content\/uploads\/sites\/20\/2020\/06\/construction-645465_1920.jpg","articleSection":["Econom\u00eda"],"inLanguage":"es","potentialAction":[{"@type":"CommentAction","name":"Comment","target":["https:\/\/noti-america.com\/site\/colombia\/2020\/06\/12\/la-polemica-propuesta-de-contratacion-por-horas-en-colombia\/#respond"]}]},{"@type":"WebPage","@id":"https:\/\/noti-america.com\/site\/colombia\/2020\/06\/12\/la-polemica-propuesta-de-contratacion-por-horas-en-colombia\/","url":"https:\/\/noti-america.com\/site\/colombia\/2020\/06\/12\/la-polemica-propuesta-de-contratacion-por-horas-en-colombia\/","name":"La pol\u00e9mica propuesta de contrataci\u00f3n por horas en Colombia - Colombia | Noti-America.com","isPartOf":{"@id":"https:\/\/noti-america.com\/site\/colombia\/#website"},"primaryImageOfPage":{"@id":"https:\/\/noti-america.com\/site\/colombia\/2020\/06\/12\/la-polemica-propuesta-de-contratacion-por-horas-en-colombia\/#primaryimage"},"image":{"@id":"https:\/\/noti-america.com\/site\/colombia\/2020\/06\/12\/la-polemica-propuesta-de-contratacion-por-horas-en-colombia\/#primaryimage"},"thumbnailUrl":"https:\/\/noti-america.com\/site\/colombia\/wp-content\/uploads\/sites\/20\/2020\/06\/construction-645465_1920.jpg","datePublished":"2020-06-12T01:43:15+00:00","dateModified":"2020-06-12T03:15:32+00:00","author":{"@id":"https:\/\/noti-america.com\/site\/colombia\/#\/schema\/person\/cbe765ce6466f69388037918684cdbc1"},"breadcrumb":{"@id":"https:\/\/noti-america.com\/site\/colombia\/2020\/06\/12\/la-polemica-propuesta-de-contratacion-por-horas-en-colombia\/#breadcrumb"},"inLanguage":"es","potentialAction":[{"@type":"ReadAction","target":["https:\/\/noti-america.com\/site\/colombia\/2020\/06\/12\/la-polemica-propuesta-de-contratacion-por-horas-en-colombia\/"]}]},{"@type":"ImageObject","inLanguage":"es","@id":"https:\/\/noti-america.com\/site\/colombia\/2020\/06\/12\/la-polemica-propuesta-de-contratacion-por-horas-en-colombia\/#primaryimage","url":"https:\/\/noti-america.com\/site\/colombia\/wp-content\/uploads\/sites\/20\/2020\/06\/construction-645465_1920.jpg","contentUrl":"https:\/\/noti-america.com\/site\/colombia\/wp-content\/uploads\/sites\/20\/2020\/06\/construction-645465_1920.jpg","width":1920,"height":1280},{"@type":"BreadcrumbList","@id":"https:\/\/noti-america.com\/site\/colombia\/2020\/06\/12\/la-polemica-propuesta-de-contratacion-por-horas-en-colombia\/#breadcrumb","itemListElement":[{"@type":"ListItem","position":1,"name":"Portada","item":"https:\/\/noti-america.com\/site\/colombia\/"},{"@type":"ListItem","position":2,"name":"La pol\u00e9mica propuesta de contrataci\u00f3n por horas en Colombia"}]},{"@type":"WebSite","@id":"https:\/\/noti-america.com\/site\/colombia\/#website","url":"https:\/\/noti-america.com\/site\/colombia\/","name":"Colombia | Noti-America.com","description":"","potentialAction":[{"@type":"SearchAction","target":{"@type":"EntryPoint","urlTemplate":"https:\/\/noti-america.com\/site\/colombia\/?s={search_term_string}"},"query-input":{"@type":"PropertyValueSpecification","valueRequired":true,"valueName":"search_term_string"}}],"inLanguage":"es"},{"@type":"Person","@id":"https:\/\/noti-america.com\/site\/colombia\/#\/schema\/person\/cbe765ce6466f69388037918684cdbc1","name":"Silvia S\u00e1nchez","image":{"@type":"ImageObject","inLanguage":"es","@id":"https:\/\/secure.gravatar.com\/avatar\/2287cfc8de78326c0baee5bffce79d09df06b397cb6bd0bce79b2faf6d45aa43?s=96&d=mm&r=g","url":"https:\/\/secure.gravatar.com\/avatar\/2287cfc8de78326c0baee5bffce79d09df06b397cb6bd0bce79b2faf6d45aa43?s=96&d=mm&r=g","contentUrl":"https:\/\/secure.gravatar.com\/avatar\/2287cfc8de78326c0baee5bffce79d09df06b397cb6bd0bce79b2faf6d45aa43?s=96&d=mm&r=g","caption":"Silvia S\u00e1nchez"},"url":"https:\/\/noti-america.com\/site\/colombia\/author\/ssanchez\/"}]}},"_links":{"self":[{"href":"https:\/\/noti-america.com\/site\/colombia\/wp-json\/wp\/v2\/posts\/4376","targetHints":{"allow":["GET"]}}],"collection":[{"href":"https:\/\/noti-america.com\/site\/colombia\/wp-json\/wp\/v2\/posts"}],"about":[{"href":"https:\/\/noti-america.com\/site\/colombia\/wp-json\/wp\/v2\/types\/post"}],"author":[{"embeddable":true,"href":"https:\/\/noti-america.com\/site\/colombia\/wp-json\/wp\/v2\/users\/85"}],"replies":[{"embeddable":true,"href":"https:\/\/noti-america.com\/site\/colombia\/wp-json\/wp\/v2\/comments?post=4376"}],"version-history":[{"count":3,"href":"https:\/\/noti-america.com\/site\/colombia\/wp-json\/wp\/v2\/posts\/4376\/revisions"}],"predecessor-version":[{"id":4388,"href":"https:\/\/noti-america.com\/site\/colombia\/wp-json\/wp\/v2\/posts\/4376\/revisions\/4388"}],"wp:featuredmedia":[{"embeddable":true,"href":"https:\/\/noti-america.com\/site\/colombia\/wp-json\/wp\/v2\/media\/4377"}],"wp:attachment":[{"href":"https:\/\/noti-america.com\/site\/colombia\/wp-json\/wp\/v2\/media?parent=4376"}],"wp:term":[{"taxonomy":"category","embeddable":true,"href":"https:\/\/noti-america.com\/site\/colombia\/wp-json\/wp\/v2\/categories?post=4376"},{"taxonomy":"post_tag","embeddable":true,"href":"https:\/\/noti-america.com\/site\/colombia\/wp-json\/wp\/v2\/tags?post=4376"}],"curies":[{"name":"wp","href":"https:\/\/api.w.org\/{rel}","templated":true}]}}