{"id":4309,"date":"2020-06-09T23:41:48","date_gmt":"2020-06-09T23:41:48","guid":{"rendered":"http:\/\/noti-america.com\/site\/colombia\/?p=4309"},"modified":"2020-06-10T02:06:10","modified_gmt":"2020-06-10T02:06:10","slug":"los-entrenamientos-apocalipticos-de-egan-bernal","status":"publish","type":"post","link":"https:\/\/noti-america.com\/site\/colombia\/2020\/06\/09\/los-entrenamientos-apocalipticos-de-egan-bernal\/","title":{"rendered":"Los entrenamientos \u201capocal\u00edpticos\u201d de Egan Bernal"},"content":{"rendered":"<p style=\"text-align: justify\"><em>El colombiano se prepara intensamente para la reanudaci\u00f3n de las competencias cicl\u00edsticas. \u00a0<\/em><\/p>\n<div id=\"attachment_4310\" style=\"width: 210px\" class=\"wp-caption aligncenter\"><img loading=\"lazy\" decoding=\"async\" aria-describedby=\"caption-attachment-4310\" class=\"wp-image-4310 size-medium\" src=\"http:\/\/noti-america.com\/site\/colombia\/wp-content\/uploads\/sites\/20\/2020\/06\/Egan-200x300.jpg\" alt=\"\" width=\"200\" height=\"300\" srcset=\"https:\/\/noti-america.com\/site\/colombia\/wp-content\/uploads\/sites\/20\/2020\/06\/Egan-200x300.jpg 200w, https:\/\/noti-america.com\/site\/colombia\/wp-content\/uploads\/sites\/20\/2020\/06\/Egan-684x1024.jpg 684w, https:\/\/noti-america.com\/site\/colombia\/wp-content\/uploads\/sites\/20\/2020\/06\/Egan-768x1151.jpg 768w, https:\/\/noti-america.com\/site\/colombia\/wp-content\/uploads\/sites\/20\/2020\/06\/Egan-1025x1536.jpg 1025w, https:\/\/noti-america.com\/site\/colombia\/wp-content\/uploads\/sites\/20\/2020\/06\/Egan.jpg 1367w\" sizes=\"auto, (max-width: 200px) 100vw, 200px\" \/><p id=\"caption-attachment-4310\" class=\"wp-caption-text\">@eganbernal<\/p><\/div>\n<p style=\"text-align: justify\">7 horas, 30 minutos para cubrir un total de 237 kil\u00f3metros en el que super\u00f3 un desnivel de 3.260 metros, a un promedio de 31,7 kms\/hora, fueron los tiempos que comparti\u00f3 el campe\u00f3n del Tour de Francia 2019, Egan Bernal, a trav\u00e9s de su cuenta en twitter con un \u201c Apocalipsis!!!. Bruto pero decidido\u201d<\/p>\n<blockquote class=\"twitter-tweet\" data-width=\"500\" data-dnt=\"true\">\n<p lang=\"es\" dir=\"ltr\">Apocalipsis!!!<br \/>Bruto pero decidido \ud83e\uddd8\u200d\u2642\ufe0f <a href=\"https:\/\/t.co\/Z0PKZ0zKsK\">pic.twitter.com\/Z0PKZ0zKsK<\/a><\/p>\n<p>&mdash; Egan Arley Bernal (@Eganbernal) <a href=\"https:\/\/twitter.com\/Eganbernal\/status\/1269784074991939586?ref_src=twsrc%5Etfw\">June 8, 2020<\/a><\/p><\/blockquote>\n<p><script async src=\"https:\/\/platform.twitter.com\/widgets.js\" charset=\"utf-8\"><\/script><\/p>\n<p style=\"text-align: justify\">Y es que los tiempos de los entrenamientos han sido motivo de orgullo para el l\u00edder de Ineos, quien ha optado por hacer largas preparaciones \u201cSon datos y hay que darlos\u201d twitte\u00f3 hoy el ciclista, ostentando su nuevo tiempo de 7 horas, 17 minutos para cubrir un total de 280 kil\u00f3metros.<\/p>\n<blockquote class=\"twitter-tweet\" data-width=\"500\" data-dnt=\"true\">\n<p lang=\"es\" dir=\"ltr\">Apocalipsis!! Son Datos y hay que darlos.  Otro buen entreno en las piernas \ud83d\udc4c\ud83c\udffd\ud83e\uddd8\u200d\u2642\ufe0f <a href=\"https:\/\/t.co\/x8czq4KvSo\">pic.twitter.com\/x8czq4KvSo<\/a><\/p>\n<p>&mdash; Egan Arley Bernal (@Eganbernal) <a href=\"https:\/\/twitter.com\/Eganbernal\/status\/1270481552716320774?ref_src=twsrc%5Etfw\">June 9, 2020<\/a><\/p><\/blockquote>\n<p><script async src=\"https:\/\/platform.twitter.com\/widgets.js\" charset=\"utf-8\"><\/script><\/p>\n<p style=\"text-align: justify\">A mediados del mes de julio, el zipaquire\u00f1o, al igual que otros ciclistas colombianos, deber\u00e1 volar a Europa para participar en el Tour de Francia y buscar renovar su t\u00edtulo.<\/p>\n","protected":false},"excerpt":{"rendered":"<p>El colombiano se prepara intensamente para la reanudaci\u00f3n de las competencias cicl\u00edsticas. \u00a0 7 horas, 30 minutos para cubrir un total de 237 kil\u00f3metros en el que super\u00f3 un desnivel de 3.260 metros, a&#46;&#46;&#46;<\/p>\n","protected":false},"author":85,"featured_media":4317,"comment_status":"open","ping_status":"open","sticky":false,"template":"","format":"gallery","meta":{"_acf_changed":false,"om_disable_all_campaigns":false,"rop_custom_images_group":[],"rop_custom_messages_group":[],"rop_publish_now":"initial","rop_publish_now_accounts":{"twitter_242054905_242054905":""},"rop_publish_now_history":[],"rop_publish_now_status":"pending","_uf_show_specific_survey":0,"_uf_disable_surveys":false,"footnotes":""},"categories":[16],"tags":[],"class_list":["post-4309","post","type-post","status-publish","format-gallery","has-post-thumbnail","hentry","category-deportes","post_format-post-format-gallery"],"acf":[],"aioseo_notices":[],"yoast_head":"<!-- This site is optimized with the Yoast SEO Premium plugin v24.9 (Yoast SEO v27.2) - https:\/\/yoast.com\/product\/yoast-seo-premium-wordpress\/ -->\n<title>Los entrenamientos \u201capocal\u00edpticos\u201d de Egan Bernal - Colombia | Noti-America.com<\/title>\n<meta name=\"robots\" content=\"index, follow, max-snippet:-1, max-image-preview:large, max-video-preview:-1\" \/>\n<link rel=\"canonical\" href=\"https:\/\/noti-america.com\/site\/colombia\/2020\/06\/09\/los-entrenamientos-apocalipticos-de-egan-bernal\/\" \/>\n<meta property=\"og:locale\" content=\"es_ES\" \/>\n<meta property=\"og:type\" content=\"article\" \/>\n<meta property=\"og:title\" content=\"Los entrenamientos \u201capocal\u00edpticos\u201d de Egan Bernal\" \/>\n<meta property=\"og:description\" content=\"El colombiano se prepara intensamente para la reanudaci\u00f3n de las competencias cicl\u00edsticas. \u00a0 7 horas, 30 minutos para cubrir un total de 237 kil\u00f3metros en el que super\u00f3 un desnivel de 3.260 metros, a&#046;&#046;&#046;\" \/>\n<meta property=\"og:url\" content=\"https:\/\/noti-america.com\/site\/colombia\/2020\/06\/09\/los-entrenamientos-apocalipticos-de-egan-bernal\/\" \/>\n<meta property=\"og:site_name\" content=\"Colombia | Noti-America.com\" \/>\n<meta property=\"article:published_time\" content=\"2020-06-09T23:41:48+00:00\" \/>\n<meta property=\"article:modified_time\" content=\"2020-06-10T02:06:10+00:00\" \/>\n<meta property=\"og:image\" content=\"https:\/\/noti-america.com\/site\/colombia\/wp-content\/uploads\/sites\/20\/2020\/06\/egan-3.jpg\" \/>\n\t<meta property=\"og:image:width\" content=\"1536\" \/>\n\t<meta property=\"og:image:height\" content=\"1024\" \/>\n\t<meta property=\"og:image:type\" content=\"image\/jpeg\" \/>\n<meta name=\"author\" content=\"Silvia S\u00e1nchez\" \/>\n<meta name=\"twitter:card\" content=\"summary_large_image\" \/>\n<meta name=\"twitter:creator\" content=\"@notiamerica\" \/>\n<meta name=\"twitter:site\" content=\"@notiamerica\" \/>\n<meta name=\"twitter:label1\" content=\"Escrito por\" \/>\n\t<meta name=\"twitter:data1\" content=\"Silvia S\u00e1nchez\" \/>\n\t<meta name=\"twitter:label2\" content=\"Tiempo estimado de lectura\" \/>\n\t<meta name=\"twitter:data2\" content=\"1 minuto\" \/>\n<script type=\"application\/ld+json\" class=\"yoast-schema-graph\">{\"@context\":\"https:\/\/schema.org\",\"@graph\":[{\"@type\":\"Article\",\"@id\":\"https:\/\/noti-america.com\/site\/colombia\/2020\/06\/09\/los-entrenamientos-apocalipticos-de-egan-bernal\/#article\",\"isPartOf\":{\"@id\":\"https:\/\/noti-america.com\/site\/colombia\/2020\/06\/09\/los-entrenamientos-apocalipticos-de-egan-bernal\/\"},\"author\":{\"name\":\"Silvia S\u00e1nchez\",\"@id\":\"https:\/\/noti-america.com\/site\/colombia\/#\/schema\/person\/cbe765ce6466f69388037918684cdbc1\"},\"headline\":\"Los entrenamientos \u201capocal\u00edpticos\u201d de Egan Bernal\",\"datePublished\":\"2020-06-09T23:41:48+00:00\",\"dateModified\":\"2020-06-10T02:06:10+00:00\",\"mainEntityOfPage\":{\"@id\":\"https:\/\/noti-america.com\/site\/colombia\/2020\/06\/09\/los-entrenamientos-apocalipticos-de-egan-bernal\/\"},\"wordCount\":172,\"commentCount\":0,\"image\":{\"@id\":\"https:\/\/noti-america.com\/site\/colombia\/2020\/06\/09\/los-entrenamientos-apocalipticos-de-egan-bernal\/#primaryimage\"},\"thumbnailUrl\":\"https:\/\/noti-america.com\/site\/colombia\/wp-content\/uploads\/sites\/20\/2020\/06\/egan-3.jpg\",\"articleSection\":[\"Deportes\"],\"inLanguage\":\"es\",\"potentialAction\":[{\"@type\":\"CommentAction\",\"name\":\"Comment\",\"target\":[\"https:\/\/noti-america.com\/site\/colombia\/2020\/06\/09\/los-entrenamientos-apocalipticos-de-egan-bernal\/#respond\"]}]},{\"@type\":\"WebPage\",\"@id\":\"https:\/\/noti-america.com\/site\/colombia\/2020\/06\/09\/los-entrenamientos-apocalipticos-de-egan-bernal\/\",\"url\":\"https:\/\/noti-america.com\/site\/colombia\/2020\/06\/09\/los-entrenamientos-apocalipticos-de-egan-bernal\/\",\"name\":\"Los entrenamientos \u201capocal\u00edpticos\u201d de Egan Bernal - Colombia | Noti-America.com\",\"isPartOf\":{\"@id\":\"https:\/\/noti-america.com\/site\/colombia\/#website\"},\"primaryImageOfPage\":{\"@id\":\"https:\/\/noti-america.com\/site\/colombia\/2020\/06\/09\/los-entrenamientos-apocalipticos-de-egan-bernal\/#primaryimage\"},\"image\":{\"@id\":\"https:\/\/noti-america.com\/site\/colombia\/2020\/06\/09\/los-entrenamientos-apocalipticos-de-egan-bernal\/#primaryimage\"},\"thumbnailUrl\":\"https:\/\/noti-america.com\/site\/colombia\/wp-content\/uploads\/sites\/20\/2020\/06\/egan-3.jpg\",\"datePublished\":\"2020-06-09T23:41:48+00:00\",\"dateModified\":\"2020-06-10T02:06:10+00:00\",\"author\":{\"@id\":\"https:\/\/noti-america.com\/site\/colombia\/#\/schema\/person\/cbe765ce6466f69388037918684cdbc1\"},\"breadcrumb\":{\"@id\":\"https:\/\/noti-america.com\/site\/colombia\/2020\/06\/09\/los-entrenamientos-apocalipticos-de-egan-bernal\/#breadcrumb\"},\"inLanguage\":\"es\",\"potentialAction\":[{\"@type\":\"ReadAction\",\"target\":[\"https:\/\/noti-america.com\/site\/colombia\/2020\/06\/09\/los-entrenamientos-apocalipticos-de-egan-bernal\/\"]}]},{\"@type\":\"ImageObject\",\"inLanguage\":\"es\",\"@id\":\"https:\/\/noti-america.com\/site\/colombia\/2020\/06\/09\/los-entrenamientos-apocalipticos-de-egan-bernal\/#primaryimage\",\"url\":\"https:\/\/noti-america.com\/site\/colombia\/wp-content\/uploads\/sites\/20\/2020\/06\/egan-3.jpg\",\"contentUrl\":\"https:\/\/noti-america.com\/site\/colombia\/wp-content\/uploads\/sites\/20\/2020\/06\/egan-3.jpg\",\"width\":1536,\"height\":1024},{\"@type\":\"BreadcrumbList\",\"@id\":\"https:\/\/noti-america.com\/site\/colombia\/2020\/06\/09\/los-entrenamientos-apocalipticos-de-egan-bernal\/#breadcrumb\",\"itemListElement\":[{\"@type\":\"ListItem\",\"position\":1,\"name\":\"Portada\",\"item\":\"https:\/\/noti-america.com\/site\/colombia\/\"},{\"@type\":\"ListItem\",\"position\":2,\"name\":\"Los entrenamientos \u201capocal\u00edpticos\u201d de Egan Bernal\"}]},{\"@type\":\"WebSite\",\"@id\":\"https:\/\/noti-america.com\/site\/colombia\/#website\",\"url\":\"https:\/\/noti-america.com\/site\/colombia\/\",\"name\":\"Colombia | Noti-America.com\",\"description\":\"\",\"potentialAction\":[{\"@type\":\"SearchAction\",\"target\":{\"@type\":\"EntryPoint\",\"urlTemplate\":\"https:\/\/noti-america.com\/site\/colombia\/?s={search_term_string}\"},\"query-input\":{\"@type\":\"PropertyValueSpecification\",\"valueRequired\":true,\"valueName\":\"search_term_string\"}}],\"inLanguage\":\"es\"},{\"@type\":\"Person\",\"@id\":\"https:\/\/noti-america.com\/site\/colombia\/#\/schema\/person\/cbe765ce6466f69388037918684cdbc1\",\"name\":\"Silvia S\u00e1nchez\",\"image\":{\"@type\":\"ImageObject\",\"inLanguage\":\"es\",\"@id\":\"https:\/\/secure.gravatar.com\/avatar\/2287cfc8de78326c0baee5bffce79d09df06b397cb6bd0bce79b2faf6d45aa43?s=96&d=mm&r=g\",\"url\":\"https:\/\/secure.gravatar.com\/avatar\/2287cfc8de78326c0baee5bffce79d09df06b397cb6bd0bce79b2faf6d45aa43?s=96&d=mm&r=g\",\"contentUrl\":\"https:\/\/secure.gravatar.com\/avatar\/2287cfc8de78326c0baee5bffce79d09df06b397cb6bd0bce79b2faf6d45aa43?s=96&d=mm&r=g\",\"caption\":\"Silvia S\u00e1nchez\"},\"url\":\"https:\/\/noti-america.com\/site\/colombia\/author\/ssanchez\/\"}]}<\/script>\n<!-- \/ Yoast SEO Premium plugin. -->","yoast_head_json":{"title":"Los entrenamientos \u201capocal\u00edpticos\u201d de Egan Bernal - Colombia | Noti-America.com","robots":{"index":"index","follow":"follow","max-snippet":"max-snippet:-1","max-image-preview":"max-image-preview:large","max-video-preview":"max-video-preview:-1"},"canonical":"https:\/\/noti-america.com\/site\/colombia\/2020\/06\/09\/los-entrenamientos-apocalipticos-de-egan-bernal\/","og_locale":"es_ES","og_type":"article","og_title":"Los entrenamientos \u201capocal\u00edpticos\u201d de Egan Bernal","og_description":"El colombiano se prepara intensamente para la reanudaci\u00f3n de las competencias cicl\u00edsticas. \u00a0 7 horas, 30 minutos para cubrir un total de 237 kil\u00f3metros en el que super\u00f3 un desnivel de 3.260 metros, a&#46;&#46;&#46;","og_url":"https:\/\/noti-america.com\/site\/colombia\/2020\/06\/09\/los-entrenamientos-apocalipticos-de-egan-bernal\/","og_site_name":"Colombia | Noti-America.com","article_published_time":"2020-06-09T23:41:48+00:00","article_modified_time":"2020-06-10T02:06:10+00:00","og_image":[{"width":1536,"height":1024,"url":"https:\/\/noti-america.com\/site\/colombia\/wp-content\/uploads\/sites\/20\/2020\/06\/egan-3.jpg","type":"image\/jpeg"}],"author":"Silvia S\u00e1nchez","twitter_card":"summary_large_image","twitter_creator":"@notiamerica","twitter_site":"@notiamerica","twitter_misc":{"Escrito por":"Silvia S\u00e1nchez","Tiempo estimado de lectura":"1 minuto"},"schema":{"@context":"https:\/\/schema.org","@graph":[{"@type":"Article","@id":"https:\/\/noti-america.com\/site\/colombia\/2020\/06\/09\/los-entrenamientos-apocalipticos-de-egan-bernal\/#article","isPartOf":{"@id":"https:\/\/noti-america.com\/site\/colombia\/2020\/06\/09\/los-entrenamientos-apocalipticos-de-egan-bernal\/"},"author":{"name":"Silvia S\u00e1nchez","@id":"https:\/\/noti-america.com\/site\/colombia\/#\/schema\/person\/cbe765ce6466f69388037918684cdbc1"},"headline":"Los entrenamientos \u201capocal\u00edpticos\u201d de Egan Bernal","datePublished":"2020-06-09T23:41:48+00:00","dateModified":"2020-06-10T02:06:10+00:00","mainEntityOfPage":{"@id":"https:\/\/noti-america.com\/site\/colombia\/2020\/06\/09\/los-entrenamientos-apocalipticos-de-egan-bernal\/"},"wordCount":172,"commentCount":0,"image":{"@id":"https:\/\/noti-america.com\/site\/colombia\/2020\/06\/09\/los-entrenamientos-apocalipticos-de-egan-bernal\/#primaryimage"},"thumbnailUrl":"https:\/\/noti-america.com\/site\/colombia\/wp-content\/uploads\/sites\/20\/2020\/06\/egan-3.jpg","articleSection":["Deportes"],"inLanguage":"es","potentialAction":[{"@type":"CommentAction","name":"Comment","target":["https:\/\/noti-america.com\/site\/colombia\/2020\/06\/09\/los-entrenamientos-apocalipticos-de-egan-bernal\/#respond"]}]},{"@type":"WebPage","@id":"https:\/\/noti-america.com\/site\/colombia\/2020\/06\/09\/los-entrenamientos-apocalipticos-de-egan-bernal\/","url":"https:\/\/noti-america.com\/site\/colombia\/2020\/06\/09\/los-entrenamientos-apocalipticos-de-egan-bernal\/","name":"Los entrenamientos \u201capocal\u00edpticos\u201d de Egan Bernal - Colombia | Noti-America.com","isPartOf":{"@id":"https:\/\/noti-america.com\/site\/colombia\/#website"},"primaryImageOfPage":{"@id":"https:\/\/noti-america.com\/site\/colombia\/2020\/06\/09\/los-entrenamientos-apocalipticos-de-egan-bernal\/#primaryimage"},"image":{"@id":"https:\/\/noti-america.com\/site\/colombia\/2020\/06\/09\/los-entrenamientos-apocalipticos-de-egan-bernal\/#primaryimage"},"thumbnailUrl":"https:\/\/noti-america.com\/site\/colombia\/wp-content\/uploads\/sites\/20\/2020\/06\/egan-3.jpg","datePublished":"2020-06-09T23:41:48+00:00","dateModified":"2020-06-10T02:06:10+00:00","author":{"@id":"https:\/\/noti-america.com\/site\/colombia\/#\/schema\/person\/cbe765ce6466f69388037918684cdbc1"},"breadcrumb":{"@id":"https:\/\/noti-america.com\/site\/colombia\/2020\/06\/09\/los-entrenamientos-apocalipticos-de-egan-bernal\/#breadcrumb"},"inLanguage":"es","potentialAction":[{"@type":"ReadAction","target":["https:\/\/noti-america.com\/site\/colombia\/2020\/06\/09\/los-entrenamientos-apocalipticos-de-egan-bernal\/"]}]},{"@type":"ImageObject","inLanguage":"es","@id":"https:\/\/noti-america.com\/site\/colombia\/2020\/06\/09\/los-entrenamientos-apocalipticos-de-egan-bernal\/#primaryimage","url":"https:\/\/noti-america.com\/site\/colombia\/wp-content\/uploads\/sites\/20\/2020\/06\/egan-3.jpg","contentUrl":"https:\/\/noti-america.com\/site\/colombia\/wp-content\/uploads\/sites\/20\/2020\/06\/egan-3.jpg","width":1536,"height":1024},{"@type":"BreadcrumbList","@id":"https:\/\/noti-america.com\/site\/colombia\/2020\/06\/09\/los-entrenamientos-apocalipticos-de-egan-bernal\/#breadcrumb","itemListElement":[{"@type":"ListItem","position":1,"name":"Portada","item":"https:\/\/noti-america.com\/site\/colombia\/"},{"@type":"ListItem","position":2,"name":"Los entrenamientos \u201capocal\u00edpticos\u201d de Egan Bernal"}]},{"@type":"WebSite","@id":"https:\/\/noti-america.com\/site\/colombia\/#website","url":"https:\/\/noti-america.com\/site\/colombia\/","name":"Colombia | Noti-America.com","description":"","potentialAction":[{"@type":"SearchAction","target":{"@type":"EntryPoint","urlTemplate":"https:\/\/noti-america.com\/site\/colombia\/?s={search_term_string}"},"query-input":{"@type":"PropertyValueSpecification","valueRequired":true,"valueName":"search_term_string"}}],"inLanguage":"es"},{"@type":"Person","@id":"https:\/\/noti-america.com\/site\/colombia\/#\/schema\/person\/cbe765ce6466f69388037918684cdbc1","name":"Silvia S\u00e1nchez","image":{"@type":"ImageObject","inLanguage":"es","@id":"https:\/\/secure.gravatar.com\/avatar\/2287cfc8de78326c0baee5bffce79d09df06b397cb6bd0bce79b2faf6d45aa43?s=96&d=mm&r=g","url":"https:\/\/secure.gravatar.com\/avatar\/2287cfc8de78326c0baee5bffce79d09df06b397cb6bd0bce79b2faf6d45aa43?s=96&d=mm&r=g","contentUrl":"https:\/\/secure.gravatar.com\/avatar\/2287cfc8de78326c0baee5bffce79d09df06b397cb6bd0bce79b2faf6d45aa43?s=96&d=mm&r=g","caption":"Silvia S\u00e1nchez"},"url":"https:\/\/noti-america.com\/site\/colombia\/author\/ssanchez\/"}]}},"_links":{"self":[{"href":"https:\/\/noti-america.com\/site\/colombia\/wp-json\/wp\/v2\/posts\/4309","targetHints":{"allow":["GET"]}}],"collection":[{"href":"https:\/\/noti-america.com\/site\/colombia\/wp-json\/wp\/v2\/posts"}],"about":[{"href":"https:\/\/noti-america.com\/site\/colombia\/wp-json\/wp\/v2\/types\/post"}],"author":[{"embeddable":true,"href":"https:\/\/noti-america.com\/site\/colombia\/wp-json\/wp\/v2\/users\/85"}],"replies":[{"embeddable":true,"href":"https:\/\/noti-america.com\/site\/colombia\/wp-json\/wp\/v2\/comments?post=4309"}],"version-history":[{"count":2,"href":"https:\/\/noti-america.com\/site\/colombia\/wp-json\/wp\/v2\/posts\/4309\/revisions"}],"predecessor-version":[{"id":4318,"href":"https:\/\/noti-america.com\/site\/colombia\/wp-json\/wp\/v2\/posts\/4309\/revisions\/4318"}],"wp:featuredmedia":[{"embeddable":true,"href":"https:\/\/noti-america.com\/site\/colombia\/wp-json\/wp\/v2\/media\/4317"}],"wp:attachment":[{"href":"https:\/\/noti-america.com\/site\/colombia\/wp-json\/wp\/v2\/media?parent=4309"}],"wp:term":[{"taxonomy":"category","embeddable":true,"href":"https:\/\/noti-america.com\/site\/colombia\/wp-json\/wp\/v2\/categories?post=4309"},{"taxonomy":"post_tag","embeddable":true,"href":"https:\/\/noti-america.com\/site\/colombia\/wp-json\/wp\/v2\/tags?post=4309"}],"curies":[{"name":"wp","href":"https:\/\/api.w.org\/{rel}","templated":true}]}}