{"id":4272,"date":"2020-06-08T18:05:34","date_gmt":"2020-06-08T18:05:34","guid":{"rendered":"http:\/\/noti-america.com\/site\/colombia\/?p=4272"},"modified":"2020-06-08T18:05:34","modified_gmt":"2020-06-08T18:05:34","slug":"nairo-quintana-un-angel-para-las-familias-mas-necesitadas-de-boyaca","status":"publish","type":"post","link":"https:\/\/noti-america.com\/site\/colombia\/2020\/06\/08\/nairo-quintana-un-angel-para-las-familias-mas-necesitadas-de-boyaca\/","title":{"rendered":"Nairo Quintana, un \u00e1ngel para las familias m\u00e1s necesitadas de Boyac\u00e1."},"content":{"rendered":"<p style=\"text-align: justify\"><em>Don\u00f3 todo el dinero recaudado de las inscripciones del Gran Fondo de Nairo Quintana<\/em><\/p>\n<div id=\"attachment_4273\" style=\"width: 310px\" class=\"wp-caption aligncenter\"><img loading=\"lazy\" decoding=\"async\" aria-describedby=\"caption-attachment-4273\" class=\"wp-image-4273 size-medium\" src=\"http:\/\/noti-america.com\/site\/colombia\/wp-content\/uploads\/sites\/20\/2020\/06\/nairo-quintana-1-300x200.jpg\" alt=\"\" width=\"300\" height=\"200\" srcset=\"https:\/\/noti-america.com\/site\/colombia\/wp-content\/uploads\/sites\/20\/2020\/06\/nairo-quintana-1-300x200.jpg 300w, https:\/\/noti-america.com\/site\/colombia\/wp-content\/uploads\/sites\/20\/2020\/06\/nairo-quintana-1-768x512.jpg 768w, https:\/\/noti-america.com\/site\/colombia\/wp-content\/uploads\/sites\/20\/2020\/06\/nairo-quintana-1-272x182.jpg 272w, https:\/\/noti-america.com\/site\/colombia\/wp-content\/uploads\/sites\/20\/2020\/06\/nairo-quintana-1.jpg 960w\" sizes=\"auto, (max-width: 300px) 100vw, 300px\" \/><p id=\"caption-attachment-4273\" class=\"wp-caption-text\">@Nairo.quintana<\/p><\/div>\n<p style=\"text-align: justify\">El pedalista colombiano del Ark\u00e9a Samsic, Nairo Quintana, decidi\u00f3 donar a las personas que se han visto afectadas econ\u00f3micamente por el Covid-19, todo el dinero recaudado en la primera etapa de inscripci\u00f3n en el Gran Fondo de Nairo Quintana.<\/p>\n<p style=\"text-align: justify\"><img loading=\"lazy\" decoding=\"async\" class=\"size-medium wp-image-4275 alignright\" src=\"http:\/\/noti-america.com\/site\/colombia\/wp-content\/uploads\/sites\/20\/2020\/06\/nairo-quintana-3-300x199.jpg\" alt=\"\" width=\"300\" height=\"199\" srcset=\"https:\/\/noti-america.com\/site\/colombia\/wp-content\/uploads\/sites\/20\/2020\/06\/nairo-quintana-3-300x199.jpg 300w, https:\/\/noti-america.com\/site\/colombia\/wp-content\/uploads\/sites\/20\/2020\/06\/nairo-quintana-3-768x510.jpg 768w, https:\/\/noti-america.com\/site\/colombia\/wp-content\/uploads\/sites\/20\/2020\/06\/nairo-quintana-3.jpg 960w\" sizes=\"auto, (max-width: 300px) 100vw, 300px\" \/>El ciclista nacido en C\u00f3mbita, Boyac\u00e1, ayud\u00f3 a las personas de la industria hotelera, en el municipio tur\u00edstico de Villa de Leyva, sector que por la cuarentena nacional ha sufrido grandes golpes en sus actividades econ\u00f3micas.<\/p>\n<p style=\"text-align: justify\">Tambi\u00e9n los ni\u00f1os del programa Boyac\u00e1 Raza de Campeones, se vieron beneficiados por la labor del campe\u00f3n del Giro y de la Vuelta a Espa\u00f1a, que con sus donaciones alegr\u00f3 el d\u00eda de muchas familias en el departamento de Boyac\u00e1, que al igual que gran parte del pa\u00eds, se han visto afectadas por la crisis relacionada con la pandemia.<\/p>\n<p style=\"text-align: justify\">En su cuenta de Instagram, @nairoquincoficial, el boyacense agradeci\u00f3 a toda las personas que se inscribieron al Gran Fondo de Nairo Quintana y a aquellos que contin\u00faan comprando la indumentaria de Los Verdaderos Capos.<\/p>\n<p style=\"text-align: justify\"><a href=\"https:\/\/www.instagram.com\/p\/CBHJupenyEM\/?igshid=u91ra1e4uzud\"><img loading=\"lazy\" decoding=\"async\" class=\" wp-image-4276 aligncenter\" src=\"http:\/\/noti-america.com\/site\/colombia\/wp-content\/uploads\/sites\/20\/2020\/06\/nairo-300x145.png\" alt=\"\" width=\"395\" height=\"191\" srcset=\"https:\/\/noti-america.com\/site\/colombia\/wp-content\/uploads\/sites\/20\/2020\/06\/nairo-300x145.png 300w, https:\/\/noti-america.com\/site\/colombia\/wp-content\/uploads\/sites\/20\/2020\/06\/nairo.png 695w\" sizes=\"auto, (max-width: 395px) 100vw, 395px\" \/><\/a><\/p>\n<p style=\"text-align: justify\">Este evento se llevar\u00e1 a cabo el 29 de noviembre en el municipio de Villa de Leyva y no solo re\u00fane a pedalistas profesionales, tambi\u00e9n cita a ciclistas recreativos amantes del deporte.<\/p>\n<p style=\"text-align: justify\">\n","protected":false},"excerpt":{"rendered":"<p>Don\u00f3 todo el dinero recaudado de las inscripciones del Gran Fondo de Nairo Quintana El pedalista colombiano del Ark\u00e9a Samsic, Nairo Quintana, decidi\u00f3 donar a las personas que se han visto afectadas econ\u00f3micamente por&#46;&#46;&#46;<\/p>\n","protected":false},"author":84,"featured_media":4274,"comment_status":"open","ping_status":"open","sticky":false,"template":"","format":"gallery","meta":{"_acf_changed":false,"om_disable_all_campaigns":false,"rop_custom_images_group":[],"rop_custom_messages_group":[],"rop_publish_now":"initial","rop_publish_now_accounts":{"twitter_242054905_242054905":""},"rop_publish_now_history":[],"rop_publish_now_status":"pending","_uf_show_specific_survey":0,"_uf_disable_surveys":false,"footnotes":""},"categories":[16],"tags":[],"class_list":["post-4272","post","type-post","status-publish","format-gallery","has-post-thumbnail","hentry","category-deportes","post_format-post-format-gallery"],"acf":[],"aioseo_notices":[],"yoast_head":"<!-- This site is optimized with the Yoast SEO Premium plugin v24.9 (Yoast SEO v27.2) - https:\/\/yoast.com\/product\/yoast-seo-premium-wordpress\/ -->\n<title>Nairo Quintana, un \u00e1ngel para las familias m\u00e1s necesitadas de Boyac\u00e1. - Colombia | Noti-America.com<\/title>\n<meta name=\"robots\" content=\"index, follow, max-snippet:-1, max-image-preview:large, max-video-preview:-1\" \/>\n<link rel=\"canonical\" href=\"https:\/\/noti-america.com\/site\/colombia\/2020\/06\/08\/nairo-quintana-un-angel-para-las-familias-mas-necesitadas-de-boyaca\/\" \/>\n<meta property=\"og:locale\" content=\"es_ES\" \/>\n<meta property=\"og:type\" content=\"article\" \/>\n<meta property=\"og:title\" content=\"Nairo Quintana, un \u00e1ngel para las familias m\u00e1s necesitadas de Boyac\u00e1.\" \/>\n<meta property=\"og:description\" content=\"Don\u00f3 todo el dinero recaudado de las inscripciones del Gran Fondo de Nairo Quintana El pedalista colombiano del Ark\u00e9a Samsic, Nairo Quintana, decidi\u00f3 donar a las personas que se han visto afectadas econ\u00f3micamente por&#046;&#046;&#046;\" \/>\n<meta property=\"og:url\" content=\"https:\/\/noti-america.com\/site\/colombia\/2020\/06\/08\/nairo-quintana-un-angel-para-las-familias-mas-necesitadas-de-boyaca\/\" \/>\n<meta property=\"og:site_name\" content=\"Colombia | Noti-America.com\" \/>\n<meta property=\"article:published_time\" content=\"2020-06-08T18:05:34+00:00\" \/>\n<meta property=\"og:image\" content=\"https:\/\/noti-america.com\/site\/colombia\/wp-content\/uploads\/sites\/20\/2020\/06\/nairo-quintana-2.jpg\" \/>\n\t<meta property=\"og:image:width\" content=\"960\" \/>\n\t<meta property=\"og:image:height\" content=\"640\" \/>\n\t<meta property=\"og:image:type\" content=\"image\/jpeg\" \/>\n<meta name=\"author\" content=\"Julian Ortiz\" \/>\n<meta name=\"twitter:card\" content=\"summary_large_image\" \/>\n<meta name=\"twitter:creator\" content=\"@notiamerica\" \/>\n<meta name=\"twitter:site\" content=\"@notiamerica\" \/>\n<meta name=\"twitter:label1\" content=\"Escrito por\" \/>\n\t<meta name=\"twitter:data1\" content=\"Julian Ortiz\" \/>\n\t<meta name=\"twitter:label2\" content=\"Tiempo estimado de lectura\" \/>\n\t<meta name=\"twitter:data2\" content=\"1 minuto\" \/>\n<script type=\"application\/ld+json\" class=\"yoast-schema-graph\">{\"@context\":\"https:\/\/schema.org\",\"@graph\":[{\"@type\":\"Article\",\"@id\":\"https:\/\/noti-america.com\/site\/colombia\/2020\/06\/08\/nairo-quintana-un-angel-para-las-familias-mas-necesitadas-de-boyaca\/#article\",\"isPartOf\":{\"@id\":\"https:\/\/noti-america.com\/site\/colombia\/2020\/06\/08\/nairo-quintana-un-angel-para-las-familias-mas-necesitadas-de-boyaca\/\"},\"author\":{\"name\":\"Julian Ortiz\",\"@id\":\"https:\/\/noti-america.com\/site\/colombia\/#\/schema\/person\/eb01881981abf1d02e3bc14527a88e8f\"},\"headline\":\"Nairo Quintana, un \u00e1ngel para las familias m\u00e1s necesitadas de Boyac\u00e1.\",\"datePublished\":\"2020-06-08T18:05:34+00:00\",\"mainEntityOfPage\":{\"@id\":\"https:\/\/noti-america.com\/site\/colombia\/2020\/06\/08\/nairo-quintana-un-angel-para-las-familias-mas-necesitadas-de-boyaca\/\"},\"wordCount\":249,\"commentCount\":0,\"image\":{\"@id\":\"https:\/\/noti-america.com\/site\/colombia\/2020\/06\/08\/nairo-quintana-un-angel-para-las-familias-mas-necesitadas-de-boyaca\/#primaryimage\"},\"thumbnailUrl\":\"https:\/\/noti-america.com\/site\/colombia\/wp-content\/uploads\/sites\/20\/2020\/06\/nairo-quintana-2.jpg\",\"articleSection\":[\"Deportes\"],\"inLanguage\":\"es\",\"potentialAction\":[{\"@type\":\"CommentAction\",\"name\":\"Comment\",\"target\":[\"https:\/\/noti-america.com\/site\/colombia\/2020\/06\/08\/nairo-quintana-un-angel-para-las-familias-mas-necesitadas-de-boyaca\/#respond\"]}]},{\"@type\":\"WebPage\",\"@id\":\"https:\/\/noti-america.com\/site\/colombia\/2020\/06\/08\/nairo-quintana-un-angel-para-las-familias-mas-necesitadas-de-boyaca\/\",\"url\":\"https:\/\/noti-america.com\/site\/colombia\/2020\/06\/08\/nairo-quintana-un-angel-para-las-familias-mas-necesitadas-de-boyaca\/\",\"name\":\"Nairo Quintana, un \u00e1ngel para las familias m\u00e1s necesitadas de Boyac\u00e1. - Colombia | Noti-America.com\",\"isPartOf\":{\"@id\":\"https:\/\/noti-america.com\/site\/colombia\/#website\"},\"primaryImageOfPage\":{\"@id\":\"https:\/\/noti-america.com\/site\/colombia\/2020\/06\/08\/nairo-quintana-un-angel-para-las-familias-mas-necesitadas-de-boyaca\/#primaryimage\"},\"image\":{\"@id\":\"https:\/\/noti-america.com\/site\/colombia\/2020\/06\/08\/nairo-quintana-un-angel-para-las-familias-mas-necesitadas-de-boyaca\/#primaryimage\"},\"thumbnailUrl\":\"https:\/\/noti-america.com\/site\/colombia\/wp-content\/uploads\/sites\/20\/2020\/06\/nairo-quintana-2.jpg\",\"datePublished\":\"2020-06-08T18:05:34+00:00\",\"author\":{\"@id\":\"https:\/\/noti-america.com\/site\/colombia\/#\/schema\/person\/eb01881981abf1d02e3bc14527a88e8f\"},\"breadcrumb\":{\"@id\":\"https:\/\/noti-america.com\/site\/colombia\/2020\/06\/08\/nairo-quintana-un-angel-para-las-familias-mas-necesitadas-de-boyaca\/#breadcrumb\"},\"inLanguage\":\"es\",\"potentialAction\":[{\"@type\":\"ReadAction\",\"target\":[\"https:\/\/noti-america.com\/site\/colombia\/2020\/06\/08\/nairo-quintana-un-angel-para-las-familias-mas-necesitadas-de-boyaca\/\"]}]},{\"@type\":\"ImageObject\",\"inLanguage\":\"es\",\"@id\":\"https:\/\/noti-america.com\/site\/colombia\/2020\/06\/08\/nairo-quintana-un-angel-para-las-familias-mas-necesitadas-de-boyaca\/#primaryimage\",\"url\":\"https:\/\/noti-america.com\/site\/colombia\/wp-content\/uploads\/sites\/20\/2020\/06\/nairo-quintana-2.jpg\",\"contentUrl\":\"https:\/\/noti-america.com\/site\/colombia\/wp-content\/uploads\/sites\/20\/2020\/06\/nairo-quintana-2.jpg\",\"width\":960,\"height\":640},{\"@type\":\"BreadcrumbList\",\"@id\":\"https:\/\/noti-america.com\/site\/colombia\/2020\/06\/08\/nairo-quintana-un-angel-para-las-familias-mas-necesitadas-de-boyaca\/#breadcrumb\",\"itemListElement\":[{\"@type\":\"ListItem\",\"position\":1,\"name\":\"Portada\",\"item\":\"https:\/\/noti-america.com\/site\/colombia\/\"},{\"@type\":\"ListItem\",\"position\":2,\"name\":\"Nairo Quintana, un \u00e1ngel para las familias m\u00e1s necesitadas de Boyac\u00e1.\"}]},{\"@type\":\"WebSite\",\"@id\":\"https:\/\/noti-america.com\/site\/colombia\/#website\",\"url\":\"https:\/\/noti-america.com\/site\/colombia\/\",\"name\":\"Colombia | Noti-America.com\",\"description\":\"\",\"potentialAction\":[{\"@type\":\"SearchAction\",\"target\":{\"@type\":\"EntryPoint\",\"urlTemplate\":\"https:\/\/noti-america.com\/site\/colombia\/?s={search_term_string}\"},\"query-input\":{\"@type\":\"PropertyValueSpecification\",\"valueRequired\":true,\"valueName\":\"search_term_string\"}}],\"inLanguage\":\"es\"},{\"@type\":\"Person\",\"@id\":\"https:\/\/noti-america.com\/site\/colombia\/#\/schema\/person\/eb01881981abf1d02e3bc14527a88e8f\",\"name\":\"Julian Ortiz\",\"image\":{\"@type\":\"ImageObject\",\"inLanguage\":\"es\",\"@id\":\"https:\/\/secure.gravatar.com\/avatar\/538f67c8e966ab4c39ad15913dfecfa3902d52730c1c7194ed5a337bf2268d69?s=96&d=mm&r=g\",\"url\":\"https:\/\/secure.gravatar.com\/avatar\/538f67c8e966ab4c39ad15913dfecfa3902d52730c1c7194ed5a337bf2268d69?s=96&d=mm&r=g\",\"contentUrl\":\"https:\/\/secure.gravatar.com\/avatar\/538f67c8e966ab4c39ad15913dfecfa3902d52730c1c7194ed5a337bf2268d69?s=96&d=mm&r=g\",\"caption\":\"Julian Ortiz\"},\"url\":\"https:\/\/noti-america.com\/site\/colombia\/author\/jortiz\/\"}]}<\/script>\n<!-- \/ Yoast SEO Premium plugin. -->","yoast_head_json":{"title":"Nairo Quintana, un \u00e1ngel para las familias m\u00e1s necesitadas de Boyac\u00e1. - Colombia | Noti-America.com","robots":{"index":"index","follow":"follow","max-snippet":"max-snippet:-1","max-image-preview":"max-image-preview:large","max-video-preview":"max-video-preview:-1"},"canonical":"https:\/\/noti-america.com\/site\/colombia\/2020\/06\/08\/nairo-quintana-un-angel-para-las-familias-mas-necesitadas-de-boyaca\/","og_locale":"es_ES","og_type":"article","og_title":"Nairo Quintana, un \u00e1ngel para las familias m\u00e1s necesitadas de Boyac\u00e1.","og_description":"Don\u00f3 todo el dinero recaudado de las inscripciones del Gran Fondo de Nairo Quintana El pedalista colombiano del Ark\u00e9a Samsic, Nairo Quintana, decidi\u00f3 donar a las personas que se han visto afectadas econ\u00f3micamente por&#46;&#46;&#46;","og_url":"https:\/\/noti-america.com\/site\/colombia\/2020\/06\/08\/nairo-quintana-un-angel-para-las-familias-mas-necesitadas-de-boyaca\/","og_site_name":"Colombia | Noti-America.com","article_published_time":"2020-06-08T18:05:34+00:00","og_image":[{"width":960,"height":640,"url":"https:\/\/noti-america.com\/site\/colombia\/wp-content\/uploads\/sites\/20\/2020\/06\/nairo-quintana-2.jpg","type":"image\/jpeg"}],"author":"Julian Ortiz","twitter_card":"summary_large_image","twitter_creator":"@notiamerica","twitter_site":"@notiamerica","twitter_misc":{"Escrito por":"Julian Ortiz","Tiempo estimado de lectura":"1 minuto"},"schema":{"@context":"https:\/\/schema.org","@graph":[{"@type":"Article","@id":"https:\/\/noti-america.com\/site\/colombia\/2020\/06\/08\/nairo-quintana-un-angel-para-las-familias-mas-necesitadas-de-boyaca\/#article","isPartOf":{"@id":"https:\/\/noti-america.com\/site\/colombia\/2020\/06\/08\/nairo-quintana-un-angel-para-las-familias-mas-necesitadas-de-boyaca\/"},"author":{"name":"Julian Ortiz","@id":"https:\/\/noti-america.com\/site\/colombia\/#\/schema\/person\/eb01881981abf1d02e3bc14527a88e8f"},"headline":"Nairo Quintana, un \u00e1ngel para las familias m\u00e1s necesitadas de Boyac\u00e1.","datePublished":"2020-06-08T18:05:34+00:00","mainEntityOfPage":{"@id":"https:\/\/noti-america.com\/site\/colombia\/2020\/06\/08\/nairo-quintana-un-angel-para-las-familias-mas-necesitadas-de-boyaca\/"},"wordCount":249,"commentCount":0,"image":{"@id":"https:\/\/noti-america.com\/site\/colombia\/2020\/06\/08\/nairo-quintana-un-angel-para-las-familias-mas-necesitadas-de-boyaca\/#primaryimage"},"thumbnailUrl":"https:\/\/noti-america.com\/site\/colombia\/wp-content\/uploads\/sites\/20\/2020\/06\/nairo-quintana-2.jpg","articleSection":["Deportes"],"inLanguage":"es","potentialAction":[{"@type":"CommentAction","name":"Comment","target":["https:\/\/noti-america.com\/site\/colombia\/2020\/06\/08\/nairo-quintana-un-angel-para-las-familias-mas-necesitadas-de-boyaca\/#respond"]}]},{"@type":"WebPage","@id":"https:\/\/noti-america.com\/site\/colombia\/2020\/06\/08\/nairo-quintana-un-angel-para-las-familias-mas-necesitadas-de-boyaca\/","url":"https:\/\/noti-america.com\/site\/colombia\/2020\/06\/08\/nairo-quintana-un-angel-para-las-familias-mas-necesitadas-de-boyaca\/","name":"Nairo Quintana, un \u00e1ngel para las familias m\u00e1s necesitadas de Boyac\u00e1. - Colombia | Noti-America.com","isPartOf":{"@id":"https:\/\/noti-america.com\/site\/colombia\/#website"},"primaryImageOfPage":{"@id":"https:\/\/noti-america.com\/site\/colombia\/2020\/06\/08\/nairo-quintana-un-angel-para-las-familias-mas-necesitadas-de-boyaca\/#primaryimage"},"image":{"@id":"https:\/\/noti-america.com\/site\/colombia\/2020\/06\/08\/nairo-quintana-un-angel-para-las-familias-mas-necesitadas-de-boyaca\/#primaryimage"},"thumbnailUrl":"https:\/\/noti-america.com\/site\/colombia\/wp-content\/uploads\/sites\/20\/2020\/06\/nairo-quintana-2.jpg","datePublished":"2020-06-08T18:05:34+00:00","author":{"@id":"https:\/\/noti-america.com\/site\/colombia\/#\/schema\/person\/eb01881981abf1d02e3bc14527a88e8f"},"breadcrumb":{"@id":"https:\/\/noti-america.com\/site\/colombia\/2020\/06\/08\/nairo-quintana-un-angel-para-las-familias-mas-necesitadas-de-boyaca\/#breadcrumb"},"inLanguage":"es","potentialAction":[{"@type":"ReadAction","target":["https:\/\/noti-america.com\/site\/colombia\/2020\/06\/08\/nairo-quintana-un-angel-para-las-familias-mas-necesitadas-de-boyaca\/"]}]},{"@type":"ImageObject","inLanguage":"es","@id":"https:\/\/noti-america.com\/site\/colombia\/2020\/06\/08\/nairo-quintana-un-angel-para-las-familias-mas-necesitadas-de-boyaca\/#primaryimage","url":"https:\/\/noti-america.com\/site\/colombia\/wp-content\/uploads\/sites\/20\/2020\/06\/nairo-quintana-2.jpg","contentUrl":"https:\/\/noti-america.com\/site\/colombia\/wp-content\/uploads\/sites\/20\/2020\/06\/nairo-quintana-2.jpg","width":960,"height":640},{"@type":"BreadcrumbList","@id":"https:\/\/noti-america.com\/site\/colombia\/2020\/06\/08\/nairo-quintana-un-angel-para-las-familias-mas-necesitadas-de-boyaca\/#breadcrumb","itemListElement":[{"@type":"ListItem","position":1,"name":"Portada","item":"https:\/\/noti-america.com\/site\/colombia\/"},{"@type":"ListItem","position":2,"name":"Nairo Quintana, un \u00e1ngel para las familias m\u00e1s necesitadas de Boyac\u00e1."}]},{"@type":"WebSite","@id":"https:\/\/noti-america.com\/site\/colombia\/#website","url":"https:\/\/noti-america.com\/site\/colombia\/","name":"Colombia | Noti-America.com","description":"","potentialAction":[{"@type":"SearchAction","target":{"@type":"EntryPoint","urlTemplate":"https:\/\/noti-america.com\/site\/colombia\/?s={search_term_string}"},"query-input":{"@type":"PropertyValueSpecification","valueRequired":true,"valueName":"search_term_string"}}],"inLanguage":"es"},{"@type":"Person","@id":"https:\/\/noti-america.com\/site\/colombia\/#\/schema\/person\/eb01881981abf1d02e3bc14527a88e8f","name":"Julian Ortiz","image":{"@type":"ImageObject","inLanguage":"es","@id":"https:\/\/secure.gravatar.com\/avatar\/538f67c8e966ab4c39ad15913dfecfa3902d52730c1c7194ed5a337bf2268d69?s=96&d=mm&r=g","url":"https:\/\/secure.gravatar.com\/avatar\/538f67c8e966ab4c39ad15913dfecfa3902d52730c1c7194ed5a337bf2268d69?s=96&d=mm&r=g","contentUrl":"https:\/\/secure.gravatar.com\/avatar\/538f67c8e966ab4c39ad15913dfecfa3902d52730c1c7194ed5a337bf2268d69?s=96&d=mm&r=g","caption":"Julian Ortiz"},"url":"https:\/\/noti-america.com\/site\/colombia\/author\/jortiz\/"}]}},"_links":{"self":[{"href":"https:\/\/noti-america.com\/site\/colombia\/wp-json\/wp\/v2\/posts\/4272","targetHints":{"allow":["GET"]}}],"collection":[{"href":"https:\/\/noti-america.com\/site\/colombia\/wp-json\/wp\/v2\/posts"}],"about":[{"href":"https:\/\/noti-america.com\/site\/colombia\/wp-json\/wp\/v2\/types\/post"}],"author":[{"embeddable":true,"href":"https:\/\/noti-america.com\/site\/colombia\/wp-json\/wp\/v2\/users\/84"}],"replies":[{"embeddable":true,"href":"https:\/\/noti-america.com\/site\/colombia\/wp-json\/wp\/v2\/comments?post=4272"}],"version-history":[{"count":1,"href":"https:\/\/noti-america.com\/site\/colombia\/wp-json\/wp\/v2\/posts\/4272\/revisions"}],"predecessor-version":[{"id":4278,"href":"https:\/\/noti-america.com\/site\/colombia\/wp-json\/wp\/v2\/posts\/4272\/revisions\/4278"}],"wp:featuredmedia":[{"embeddable":true,"href":"https:\/\/noti-america.com\/site\/colombia\/wp-json\/wp\/v2\/media\/4274"}],"wp:attachment":[{"href":"https:\/\/noti-america.com\/site\/colombia\/wp-json\/wp\/v2\/media?parent=4272"}],"wp:term":[{"taxonomy":"category","embeddable":true,"href":"https:\/\/noti-america.com\/site\/colombia\/wp-json\/wp\/v2\/categories?post=4272"},{"taxonomy":"post_tag","embeddable":true,"href":"https:\/\/noti-america.com\/site\/colombia\/wp-json\/wp\/v2\/tags?post=4272"}],"curies":[{"name":"wp","href":"https:\/\/api.w.org\/{rel}","templated":true}]}}