{"id":4105,"date":"2020-04-17T10:07:29","date_gmt":"2020-04-17T10:07:29","guid":{"rendered":"http:\/\/noti-america.com\/site\/colombia\/2020\/04\/17\/declaratoria-de-emergencia-social-y-economica-nos-permitio-inversiones-por-6-billones-para-enfrentar-la-pandemia-a-traves-de-72-decretos-presidente-duque\/"},"modified":"2020-04-17T14:07:40","modified_gmt":"2020-04-17T14:07:40","slug":"declaratoria-de-emergencia-social-y-economica-nos-permitio-inversiones-por-6-billones-para-enfrentar-la-pandemia-a-traves-de-72-decretos-presidente-duque","status":"publish","type":"post","link":"https:\/\/noti-america.com\/site\/colombia\/2020\/04\/17\/declaratoria-de-emergencia-social-y-economica-nos-permitio-inversiones-por-6-billones-para-enfrentar-la-pandemia-a-traves-de-72-decretos-presidente-duque\/","title":{"rendered":"Declaratoria de Emergencia Social y Econ\u00f3mica nos permiti\u00f3 inversiones por $6 billones para enfrentar la pandemia, a trav\u00e9s de 72 decretos: Presidente Duque"},"content":{"rendered":"<div id=\"attachment_37123\" style=\"width: 310px\" class=\"wp-caption aligncenter\"><img loading=\"lazy\" decoding=\"async\" aria-describedby=\"caption-attachment-37123\" class=\"size-medium wp-image-4106\" src=\"http:\/\/noti-america.com\/site\/colombia\/colombia\/wp-content\/uploads\/sites\/20\/2020\/04\/200416-01-Especial-televisivo-Prevencion-Accion-1800-300x180.jpg\" alt=\"\" width=\"300\" height=\"180\" srcset=\"https:\/\/noti-america.com\/site\/colombia\/wp-content\/uploads\/sites\/20\/2020\/04\/200416-01-Especial-televisivo-Prevencion-Accion-1800-300x180.jpg 300w, https:\/\/noti-america.com\/site\/colombia\/wp-content\/uploads\/sites\/20\/2020\/04\/200416-01-Especial-televisivo-Prevencion-Accion-1800-1024x614.jpg 1024w, https:\/\/noti-america.com\/site\/colombia\/wp-content\/uploads\/sites\/20\/2020\/04\/200416-01-Especial-televisivo-Prevencion-Accion-1800-768x461.jpg 768w, https:\/\/noti-america.com\/site\/colombia\/wp-content\/uploads\/sites\/20\/2020\/04\/200416-01-Especial-televisivo-Prevencion-Accion-1800-1536x922.jpg 1536w, https:\/\/noti-america.com\/site\/colombia\/wp-content\/uploads\/sites\/20\/2020\/04\/200416-01-Especial-televisivo-Prevencion-Accion-1800.jpg 1800w\" sizes=\"auto, (max-width: 300px) 100vw, 300px\" \/><p id=\"caption-attachment-37123\" class=\"wp-caption-text\">Durante la Emergencia Sanitaria se apropiaron 6 billones de pesos y se expidieron 72 decretos que permiten atender la situaci\u00f3n por la pandemia del coronavirus, destac\u00f3 este jueves el Presidente Iv\u00e1n Duque M\u00e1rquez, en el programa &#8216;Prevenci\u00f3n y Acci\u00f3n&#8217;.<\/p><\/div>\n<p><span id=\"DeltaPlaceHolderMain\"><strong>Bogot\u00e1, 16 de abril de 2020.<\/strong><\/span><\/p>\n<p>Este jueves, en el cuarto d\u00eda de la nueva fase de la Cuarentena Nacional, el Presidente Iv\u00e1n Duque M\u00e1rquez present\u00f3 un balance de las acciones y medidas que se tomaron en el marco de la Emergencia Social y Econ\u00f3mica decretada por el covid-19, en la que se expidieron 72 decretos que permitieron destinar 6 billones de pesos para enfrentar la pandemia.<\/p>\n<p>En el espacio diario de televisi\u00f3n \u2018Prevenci\u00f3n y Acci\u00f3n\u2019, que se transmite por el Canal Institucional, el Jefe de Estado afirm\u00f3 que la vigencia de la Emergencia le ha permitido al Gobierno Nacional llevar \u201catenci\u00f3n de alimentaci\u00f3n y protecci\u00f3n a las familias m\u00e1s vulnerables de Colombia\u201d y orientar recursos para el sector salud.<\/p>\n<p>\u201cEstamos hablando de m\u00e1s de 6 billones de pesos para atender esta emergencia, y eso implica los recursos que tienen que ver con dotaci\u00f3n y adquisici\u00f3n de equipos, pero tambi\u00e9n para fortalecer la capacidad de protecci\u00f3n y expansi\u00f3n del sistema (de salud)\u201d, subray\u00f3 el Mandatario, quien hizo \u00e9nfasis en el decreto por medio del cual se declar\u00f3 al coronavirus covid-19 como enfermedad laboral.<\/p>\n<p>Agreg\u00f3 que en este periodo tambi\u00e9n se han destinado recursos para atender a los m\u00e1s vulnerables, en particular a 2,6 millones de familias del programa Familias en Acci\u00f3n, a 276.000 estudiantes de J\u00f3venes en Acci\u00f3n y a 1,7 millones de adultos mayores.<\/p>\n<p>En el mismo sentido, el Jefe de Estado se refiri\u00f3 a la importancia de los recursos orientados a \u201cla devoluci\u00f3n del IVA, por primera vez, a las familias m\u00e1s vulnerables de Colombia\u201d.<\/p>\n<p><strong>Ingreso Solidario<\/strong><\/p>\n<p>El Presidente indic\u00f3 que la herramienta constitucional de la Emergencia Social y Econ\u00f3mica \u201cnos ha permitido poner en marcha el Ingreso Solidario que les llega a cerca de 3 millones de familias que no estaban en ning\u00fan programa social del Gobierno, y que por primera vez reciben esta atenci\u00f3n del Estado\u201d.<\/p>\n<p>Adem\u00e1s, puso de relieve la inversi\u00f3n del programa de un mill\u00f3n de mercados, a trav\u00e9s del Ministerio del Interior y de la Unidad Nacional de Gesti\u00f3n del Riesgo de Desastres (UNGRD), en distintos lugares del territorio nacional, los cuales se han entregado a las \u201cminor\u00edas y a grupos vulnerables\u201d.<\/p>\n<p>\u201cTambi\u00e9n se ha avanzado en la distribuci\u00f3n de 1,7 millones de ayudas o refuerzos nutricionales, a trav\u00e9s del Instituto Colombiano de Bienestar Familiar (ICBF), para atender a los ni\u00f1os\u201d, dijo el Mandatario.<\/p>\n<p>En ese orden de ideas a\u00f1adi\u00f3 que \u201chemos puesto en funcionamiento el PAE (Plan de Alimentaci\u00f3n Escolar) en Casa, para que 6,2 millones de ni\u00f1os puedan recibir alimentos en sus hogares, y quiero destacar que ya vamos por encima de los 3,2 millones\u201d.<\/p>\n<p>Resalt\u00f3, igualmente, que la Emergencia le permiti\u00f3 al Gobierno desplegar los mecanismos de financiaci\u00f3n, a trav\u00e9s de Banc\u00f3ldex y el Banco Agrario.<\/p>\n<p>\u201cPudimos lanzar el programa de garant\u00edas de financiamiento de n\u00f3minas de las Mipyme (micro, peque\u00f1a y mediana empresa), a trav\u00e9s del sistema financiero y de una manera m\u00e1s \u00e1gil. Esperamos que en los pr\u00f3ximos d\u00edas se acelere, y para esto tenemos una orden muy clara a la Superintendencia Financiera, para que se garantice que estas medidas se est\u00e9n aplicando en todo el territorio nacional\u201d, asever\u00f3 el Presidente.<\/p>\n<p>Al manifestar que el Gobierno ha utilizado esta importante herramienta durante 30 d\u00edas, el Jefe de Estado record\u00f3 que la Emergencia Social y Econ\u00f3mica se puede implementar por 90 d\u00edas en un a\u00f1o.<\/p>\n<p>Por \u00faltimo, enfatiz\u00f3 que \u201cnunca descartaremos poder volver a emplear esta herramienta cuanto sea necesario para atender esta emergencia, con el fin de proteger a todos los habitantes de nuestro pa\u00eds, empezando por aquellos que est\u00e1n en condici\u00f3n de vulnerabilidad\u201d.<\/p>\n<p>&nbsp;<\/p>\n","protected":false},"excerpt":{"rendered":"<p>Bogot\u00e1, 16 de abril de 2020. Este jueves, en el cuarto d\u00eda de la nueva fase de la Cuarentena Nacional, el Presidente Iv\u00e1n Duque M\u00e1rquez present\u00f3 un balance de las acciones y medidas que&#46;&#46;&#46;<\/p>\n","protected":false},"author":2,"featured_media":4106,"comment_status":"open","ping_status":"open","sticky":false,"template":"","format":"standard","meta":{"_acf_changed":false,"om_disable_all_campaigns":false,"rop_custom_images_group":[],"rop_custom_messages_group":[],"rop_publish_now":"yes","rop_publish_now_accounts":{"1":"twitter_242054905_242054905"},"rop_publish_now_history":[],"rop_publish_now_status":"pending","_uf_show_specific_survey":0,"_uf_disable_surveys":false,"footnotes":""},"categories":[3],"tags":[],"class_list":["post-4105","post","type-post","status-publish","format-standard","has-post-thumbnail","hentry","category-politica"],"acf":[],"aioseo_notices":[],"yoast_head":"<!-- This site is optimized with the Yoast SEO Premium plugin v24.9 (Yoast SEO v27.2) - https:\/\/yoast.com\/product\/yoast-seo-premium-wordpress\/ -->\n<title>Declaratoria de Emergencia Social y Econ\u00f3mica nos permiti\u00f3 inversiones por $6 billones para enfrentar la pandemia, a trav\u00e9s de 72 decretos: Presidente Duque - Colombia | Noti-America.com<\/title>\n<meta name=\"robots\" content=\"index, follow, max-snippet:-1, max-image-preview:large, max-video-preview:-1\" \/>\n<link rel=\"canonical\" href=\"https:\/\/noti-america.com\/site\/colombia\/2020\/04\/17\/declaratoria-de-emergencia-social-y-economica-nos-permitio-inversiones-por-6-billones-para-enfrentar-la-pandemia-a-traves-de-72-decretos-presidente-duque\/\" \/>\n<meta property=\"og:locale\" content=\"es_ES\" \/>\n<meta property=\"og:type\" content=\"article\" \/>\n<meta property=\"og:title\" content=\"Declaratoria de Emergencia Social y Econ\u00f3mica nos permiti\u00f3 inversiones por $6 billones para enfrentar la pandemia, a trav\u00e9s de 72 decretos: Presidente Duque\" \/>\n<meta property=\"og:description\" content=\"Bogot\u00e1, 16 de abril de 2020. Este jueves, en el cuarto d\u00eda de la nueva fase de la Cuarentena Nacional, el Presidente Iv\u00e1n Duque M\u00e1rquez present\u00f3 un balance de las acciones y medidas que&#046;&#046;&#046;\" \/>\n<meta property=\"og:url\" content=\"https:\/\/noti-america.com\/site\/colombia\/2020\/04\/17\/declaratoria-de-emergencia-social-y-economica-nos-permitio-inversiones-por-6-billones-para-enfrentar-la-pandemia-a-traves-de-72-decretos-presidente-duque\/\" \/>\n<meta property=\"og:site_name\" content=\"Colombia | Noti-America.com\" \/>\n<meta property=\"article:published_time\" content=\"2020-04-17T10:07:29+00:00\" \/>\n<meta property=\"article:modified_time\" content=\"2020-04-17T14:07:40+00:00\" \/>\n<meta property=\"og:image\" content=\"https:\/\/noti-america.com\/site\/colombia\/wp-content\/uploads\/sites\/20\/2020\/04\/200416-01-Especial-televisivo-Prevencion-Accion-1800.jpg\" \/>\n\t<meta property=\"og:image:width\" content=\"1800\" \/>\n\t<meta property=\"og:image:height\" content=\"1080\" \/>\n\t<meta property=\"og:image:type\" content=\"image\/jpeg\" \/>\n<meta name=\"author\" content=\"rloaiza\" \/>\n<meta name=\"twitter:card\" content=\"summary_large_image\" \/>\n<meta name=\"twitter:creator\" content=\"@notiamerica\" \/>\n<meta name=\"twitter:site\" content=\"@notiamerica\" \/>\n<meta name=\"twitter:label1\" content=\"Escrito por\" \/>\n\t<meta name=\"twitter:data1\" content=\"rloaiza\" \/>\n\t<meta name=\"twitter:label2\" content=\"Tiempo estimado de lectura\" \/>\n\t<meta name=\"twitter:data2\" content=\"3 minutos\" \/>\n<script type=\"application\/ld+json\" class=\"yoast-schema-graph\">{\"@context\":\"https:\/\/schema.org\",\"@graph\":[{\"@type\":\"Article\",\"@id\":\"https:\/\/noti-america.com\/site\/colombia\/2020\/04\/17\/declaratoria-de-emergencia-social-y-economica-nos-permitio-inversiones-por-6-billones-para-enfrentar-la-pandemia-a-traves-de-72-decretos-presidente-duque\/#article\",\"isPartOf\":{\"@id\":\"https:\/\/noti-america.com\/site\/colombia\/2020\/04\/17\/declaratoria-de-emergencia-social-y-economica-nos-permitio-inversiones-por-6-billones-para-enfrentar-la-pandemia-a-traves-de-72-decretos-presidente-duque\/\"},\"author\":{\"name\":\"rloaiza\",\"@id\":\"https:\/\/noti-america.com\/site\/colombia\/#\/schema\/person\/a2e478ba496331ce89bcd0c731cd6533\"},\"headline\":\"Declaratoria de Emergencia Social y Econ\u00f3mica nos permiti\u00f3 inversiones por $6 billones para enfrentar la pandemia, a trav\u00e9s de 72 decretos: Presidente Duque\",\"datePublished\":\"2020-04-17T10:07:29+00:00\",\"dateModified\":\"2020-04-17T14:07:40+00:00\",\"mainEntityOfPage\":{\"@id\":\"https:\/\/noti-america.com\/site\/colombia\/2020\/04\/17\/declaratoria-de-emergencia-social-y-economica-nos-permitio-inversiones-por-6-billones-para-enfrentar-la-pandemia-a-traves-de-72-decretos-presidente-duque\/\"},\"wordCount\":713,\"commentCount\":0,\"image\":{\"@id\":\"https:\/\/noti-america.com\/site\/colombia\/2020\/04\/17\/declaratoria-de-emergencia-social-y-economica-nos-permitio-inversiones-por-6-billones-para-enfrentar-la-pandemia-a-traves-de-72-decretos-presidente-duque\/#primaryimage\"},\"thumbnailUrl\":\"https:\/\/noti-america.com\/site\/colombia\/wp-content\/uploads\/sites\/20\/2020\/04\/200416-01-Especial-televisivo-Prevencion-Accion-1800.jpg\",\"articleSection\":[\"Pol\u00edtica\"],\"inLanguage\":\"es\",\"potentialAction\":[{\"@type\":\"CommentAction\",\"name\":\"Comment\",\"target\":[\"https:\/\/noti-america.com\/site\/colombia\/2020\/04\/17\/declaratoria-de-emergencia-social-y-economica-nos-permitio-inversiones-por-6-billones-para-enfrentar-la-pandemia-a-traves-de-72-decretos-presidente-duque\/#respond\"]}]},{\"@type\":\"WebPage\",\"@id\":\"https:\/\/noti-america.com\/site\/colombia\/2020\/04\/17\/declaratoria-de-emergencia-social-y-economica-nos-permitio-inversiones-por-6-billones-para-enfrentar-la-pandemia-a-traves-de-72-decretos-presidente-duque\/\",\"url\":\"https:\/\/noti-america.com\/site\/colombia\/2020\/04\/17\/declaratoria-de-emergencia-social-y-economica-nos-permitio-inversiones-por-6-billones-para-enfrentar-la-pandemia-a-traves-de-72-decretos-presidente-duque\/\",\"name\":\"Declaratoria de Emergencia Social y Econ\u00f3mica nos permiti\u00f3 inversiones por $6 billones para enfrentar la pandemia, a trav\u00e9s de 72 decretos: Presidente Duque - Colombia | Noti-America.com\",\"isPartOf\":{\"@id\":\"https:\/\/noti-america.com\/site\/colombia\/#website\"},\"primaryImageOfPage\":{\"@id\":\"https:\/\/noti-america.com\/site\/colombia\/2020\/04\/17\/declaratoria-de-emergencia-social-y-economica-nos-permitio-inversiones-por-6-billones-para-enfrentar-la-pandemia-a-traves-de-72-decretos-presidente-duque\/#primaryimage\"},\"image\":{\"@id\":\"https:\/\/noti-america.com\/site\/colombia\/2020\/04\/17\/declaratoria-de-emergencia-social-y-economica-nos-permitio-inversiones-por-6-billones-para-enfrentar-la-pandemia-a-traves-de-72-decretos-presidente-duque\/#primaryimage\"},\"thumbnailUrl\":\"https:\/\/noti-america.com\/site\/colombia\/wp-content\/uploads\/sites\/20\/2020\/04\/200416-01-Especial-televisivo-Prevencion-Accion-1800.jpg\",\"datePublished\":\"2020-04-17T10:07:29+00:00\",\"dateModified\":\"2020-04-17T14:07:40+00:00\",\"author\":{\"@id\":\"https:\/\/noti-america.com\/site\/colombia\/#\/schema\/person\/a2e478ba496331ce89bcd0c731cd6533\"},\"breadcrumb\":{\"@id\":\"https:\/\/noti-america.com\/site\/colombia\/2020\/04\/17\/declaratoria-de-emergencia-social-y-economica-nos-permitio-inversiones-por-6-billones-para-enfrentar-la-pandemia-a-traves-de-72-decretos-presidente-duque\/#breadcrumb\"},\"inLanguage\":\"es\",\"potentialAction\":[{\"@type\":\"ReadAction\",\"target\":[\"https:\/\/noti-america.com\/site\/colombia\/2020\/04\/17\/declaratoria-de-emergencia-social-y-economica-nos-permitio-inversiones-por-6-billones-para-enfrentar-la-pandemia-a-traves-de-72-decretos-presidente-duque\/\"]}]},{\"@type\":\"ImageObject\",\"inLanguage\":\"es\",\"@id\":\"https:\/\/noti-america.com\/site\/colombia\/2020\/04\/17\/declaratoria-de-emergencia-social-y-economica-nos-permitio-inversiones-por-6-billones-para-enfrentar-la-pandemia-a-traves-de-72-decretos-presidente-duque\/#primaryimage\",\"url\":\"https:\/\/noti-america.com\/site\/colombia\/wp-content\/uploads\/sites\/20\/2020\/04\/200416-01-Especial-televisivo-Prevencion-Accion-1800.jpg\",\"contentUrl\":\"https:\/\/noti-america.com\/site\/colombia\/wp-content\/uploads\/sites\/20\/2020\/04\/200416-01-Especial-televisivo-Prevencion-Accion-1800.jpg\",\"width\":1800,\"height\":1080,\"caption\":\"Durante la Emergencia Sanitaria se apropiaron 6 billones de pesos y se expidieron 72 decretos que permiten atender la situaci\u00f3n por la pandemia del coronavirus, destac\u00f3 este jueves el Presidente Iv\u00e1n Duque M\u00e1rquez, en el programa 'Prevenci\u00f3n y Acci\u00f3n'.\"},{\"@type\":\"BreadcrumbList\",\"@id\":\"https:\/\/noti-america.com\/site\/colombia\/2020\/04\/17\/declaratoria-de-emergencia-social-y-economica-nos-permitio-inversiones-por-6-billones-para-enfrentar-la-pandemia-a-traves-de-72-decretos-presidente-duque\/#breadcrumb\",\"itemListElement\":[{\"@type\":\"ListItem\",\"position\":1,\"name\":\"Portada\",\"item\":\"https:\/\/noti-america.com\/site\/colombia\/\"},{\"@type\":\"ListItem\",\"position\":2,\"name\":\"Declaratoria de Emergencia Social y Econ\u00f3mica nos permiti\u00f3 inversiones por $6 billones para enfrentar la pandemia, a trav\u00e9s de 72 decretos: Presidente Duque\"}]},{\"@type\":\"WebSite\",\"@id\":\"https:\/\/noti-america.com\/site\/colombia\/#website\",\"url\":\"https:\/\/noti-america.com\/site\/colombia\/\",\"name\":\"Colombia | Noti-America.com\",\"description\":\"\",\"potentialAction\":[{\"@type\":\"SearchAction\",\"target\":{\"@type\":\"EntryPoint\",\"urlTemplate\":\"https:\/\/noti-america.com\/site\/colombia\/?s={search_term_string}\"},\"query-input\":{\"@type\":\"PropertyValueSpecification\",\"valueRequired\":true,\"valueName\":\"search_term_string\"}}],\"inLanguage\":\"es\"},{\"@type\":\"Person\",\"@id\":\"https:\/\/noti-america.com\/site\/colombia\/#\/schema\/person\/a2e478ba496331ce89bcd0c731cd6533\",\"name\":\"rloaiza\",\"image\":{\"@type\":\"ImageObject\",\"inLanguage\":\"es\",\"@id\":\"https:\/\/secure.gravatar.com\/avatar\/190058e5d4427934610b99c45aa7a6558806850adedd53ddeddd194b04773e22?s=96&d=mm&r=g\",\"url\":\"https:\/\/secure.gravatar.com\/avatar\/190058e5d4427934610b99c45aa7a6558806850adedd53ddeddd194b04773e22?s=96&d=mm&r=g\",\"contentUrl\":\"https:\/\/secure.gravatar.com\/avatar\/190058e5d4427934610b99c45aa7a6558806850adedd53ddeddd194b04773e22?s=96&d=mm&r=g\",\"caption\":\"rloaiza\"},\"url\":\"https:\/\/noti-america.com\/site\/colombia\/author\/rloaiza\/\"}]}<\/script>\n<!-- \/ Yoast SEO Premium plugin. -->","yoast_head_json":{"title":"Declaratoria de Emergencia Social y Econ\u00f3mica nos permiti\u00f3 inversiones por $6 billones para enfrentar la pandemia, a trav\u00e9s de 72 decretos: Presidente Duque - Colombia | Noti-America.com","robots":{"index":"index","follow":"follow","max-snippet":"max-snippet:-1","max-image-preview":"max-image-preview:large","max-video-preview":"max-video-preview:-1"},"canonical":"https:\/\/noti-america.com\/site\/colombia\/2020\/04\/17\/declaratoria-de-emergencia-social-y-economica-nos-permitio-inversiones-por-6-billones-para-enfrentar-la-pandemia-a-traves-de-72-decretos-presidente-duque\/","og_locale":"es_ES","og_type":"article","og_title":"Declaratoria de Emergencia Social y Econ\u00f3mica nos permiti\u00f3 inversiones por $6 billones para enfrentar la pandemia, a trav\u00e9s de 72 decretos: Presidente Duque","og_description":"Bogot\u00e1, 16 de abril de 2020. Este jueves, en el cuarto d\u00eda de la nueva fase de la Cuarentena Nacional, el Presidente Iv\u00e1n Duque M\u00e1rquez present\u00f3 un balance de las acciones y medidas que&#46;&#46;&#46;","og_url":"https:\/\/noti-america.com\/site\/colombia\/2020\/04\/17\/declaratoria-de-emergencia-social-y-economica-nos-permitio-inversiones-por-6-billones-para-enfrentar-la-pandemia-a-traves-de-72-decretos-presidente-duque\/","og_site_name":"Colombia | Noti-America.com","article_published_time":"2020-04-17T10:07:29+00:00","article_modified_time":"2020-04-17T14:07:40+00:00","og_image":[{"width":1800,"height":1080,"url":"https:\/\/noti-america.com\/site\/colombia\/wp-content\/uploads\/sites\/20\/2020\/04\/200416-01-Especial-televisivo-Prevencion-Accion-1800.jpg","type":"image\/jpeg"}],"author":"rloaiza","twitter_card":"summary_large_image","twitter_creator":"@notiamerica","twitter_site":"@notiamerica","twitter_misc":{"Escrito por":"rloaiza","Tiempo estimado de lectura":"3 minutos"},"schema":{"@context":"https:\/\/schema.org","@graph":[{"@type":"Article","@id":"https:\/\/noti-america.com\/site\/colombia\/2020\/04\/17\/declaratoria-de-emergencia-social-y-economica-nos-permitio-inversiones-por-6-billones-para-enfrentar-la-pandemia-a-traves-de-72-decretos-presidente-duque\/#article","isPartOf":{"@id":"https:\/\/noti-america.com\/site\/colombia\/2020\/04\/17\/declaratoria-de-emergencia-social-y-economica-nos-permitio-inversiones-por-6-billones-para-enfrentar-la-pandemia-a-traves-de-72-decretos-presidente-duque\/"},"author":{"name":"rloaiza","@id":"https:\/\/noti-america.com\/site\/colombia\/#\/schema\/person\/a2e478ba496331ce89bcd0c731cd6533"},"headline":"Declaratoria de Emergencia Social y Econ\u00f3mica nos permiti\u00f3 inversiones por $6 billones para enfrentar la pandemia, a trav\u00e9s de 72 decretos: Presidente Duque","datePublished":"2020-04-17T10:07:29+00:00","dateModified":"2020-04-17T14:07:40+00:00","mainEntityOfPage":{"@id":"https:\/\/noti-america.com\/site\/colombia\/2020\/04\/17\/declaratoria-de-emergencia-social-y-economica-nos-permitio-inversiones-por-6-billones-para-enfrentar-la-pandemia-a-traves-de-72-decretos-presidente-duque\/"},"wordCount":713,"commentCount":0,"image":{"@id":"https:\/\/noti-america.com\/site\/colombia\/2020\/04\/17\/declaratoria-de-emergencia-social-y-economica-nos-permitio-inversiones-por-6-billones-para-enfrentar-la-pandemia-a-traves-de-72-decretos-presidente-duque\/#primaryimage"},"thumbnailUrl":"https:\/\/noti-america.com\/site\/colombia\/wp-content\/uploads\/sites\/20\/2020\/04\/200416-01-Especial-televisivo-Prevencion-Accion-1800.jpg","articleSection":["Pol\u00edtica"],"inLanguage":"es","potentialAction":[{"@type":"CommentAction","name":"Comment","target":["https:\/\/noti-america.com\/site\/colombia\/2020\/04\/17\/declaratoria-de-emergencia-social-y-economica-nos-permitio-inversiones-por-6-billones-para-enfrentar-la-pandemia-a-traves-de-72-decretos-presidente-duque\/#respond"]}]},{"@type":"WebPage","@id":"https:\/\/noti-america.com\/site\/colombia\/2020\/04\/17\/declaratoria-de-emergencia-social-y-economica-nos-permitio-inversiones-por-6-billones-para-enfrentar-la-pandemia-a-traves-de-72-decretos-presidente-duque\/","url":"https:\/\/noti-america.com\/site\/colombia\/2020\/04\/17\/declaratoria-de-emergencia-social-y-economica-nos-permitio-inversiones-por-6-billones-para-enfrentar-la-pandemia-a-traves-de-72-decretos-presidente-duque\/","name":"Declaratoria de Emergencia Social y Econ\u00f3mica nos permiti\u00f3 inversiones por $6 billones para enfrentar la pandemia, a trav\u00e9s de 72 decretos: Presidente Duque - Colombia | Noti-America.com","isPartOf":{"@id":"https:\/\/noti-america.com\/site\/colombia\/#website"},"primaryImageOfPage":{"@id":"https:\/\/noti-america.com\/site\/colombia\/2020\/04\/17\/declaratoria-de-emergencia-social-y-economica-nos-permitio-inversiones-por-6-billones-para-enfrentar-la-pandemia-a-traves-de-72-decretos-presidente-duque\/#primaryimage"},"image":{"@id":"https:\/\/noti-america.com\/site\/colombia\/2020\/04\/17\/declaratoria-de-emergencia-social-y-economica-nos-permitio-inversiones-por-6-billones-para-enfrentar-la-pandemia-a-traves-de-72-decretos-presidente-duque\/#primaryimage"},"thumbnailUrl":"https:\/\/noti-america.com\/site\/colombia\/wp-content\/uploads\/sites\/20\/2020\/04\/200416-01-Especial-televisivo-Prevencion-Accion-1800.jpg","datePublished":"2020-04-17T10:07:29+00:00","dateModified":"2020-04-17T14:07:40+00:00","author":{"@id":"https:\/\/noti-america.com\/site\/colombia\/#\/schema\/person\/a2e478ba496331ce89bcd0c731cd6533"},"breadcrumb":{"@id":"https:\/\/noti-america.com\/site\/colombia\/2020\/04\/17\/declaratoria-de-emergencia-social-y-economica-nos-permitio-inversiones-por-6-billones-para-enfrentar-la-pandemia-a-traves-de-72-decretos-presidente-duque\/#breadcrumb"},"inLanguage":"es","potentialAction":[{"@type":"ReadAction","target":["https:\/\/noti-america.com\/site\/colombia\/2020\/04\/17\/declaratoria-de-emergencia-social-y-economica-nos-permitio-inversiones-por-6-billones-para-enfrentar-la-pandemia-a-traves-de-72-decretos-presidente-duque\/"]}]},{"@type":"ImageObject","inLanguage":"es","@id":"https:\/\/noti-america.com\/site\/colombia\/2020\/04\/17\/declaratoria-de-emergencia-social-y-economica-nos-permitio-inversiones-por-6-billones-para-enfrentar-la-pandemia-a-traves-de-72-decretos-presidente-duque\/#primaryimage","url":"https:\/\/noti-america.com\/site\/colombia\/wp-content\/uploads\/sites\/20\/2020\/04\/200416-01-Especial-televisivo-Prevencion-Accion-1800.jpg","contentUrl":"https:\/\/noti-america.com\/site\/colombia\/wp-content\/uploads\/sites\/20\/2020\/04\/200416-01-Especial-televisivo-Prevencion-Accion-1800.jpg","width":1800,"height":1080,"caption":"Durante la Emergencia Sanitaria se apropiaron 6 billones de pesos y se expidieron 72 decretos que permiten atender la situaci\u00f3n por la pandemia del coronavirus, destac\u00f3 este jueves el Presidente Iv\u00e1n Duque M\u00e1rquez, en el programa 'Prevenci\u00f3n y Acci\u00f3n'."},{"@type":"BreadcrumbList","@id":"https:\/\/noti-america.com\/site\/colombia\/2020\/04\/17\/declaratoria-de-emergencia-social-y-economica-nos-permitio-inversiones-por-6-billones-para-enfrentar-la-pandemia-a-traves-de-72-decretos-presidente-duque\/#breadcrumb","itemListElement":[{"@type":"ListItem","position":1,"name":"Portada","item":"https:\/\/noti-america.com\/site\/colombia\/"},{"@type":"ListItem","position":2,"name":"Declaratoria de Emergencia Social y Econ\u00f3mica nos permiti\u00f3 inversiones por $6 billones para enfrentar la pandemia, a trav\u00e9s de 72 decretos: Presidente Duque"}]},{"@type":"WebSite","@id":"https:\/\/noti-america.com\/site\/colombia\/#website","url":"https:\/\/noti-america.com\/site\/colombia\/","name":"Colombia | Noti-America.com","description":"","potentialAction":[{"@type":"SearchAction","target":{"@type":"EntryPoint","urlTemplate":"https:\/\/noti-america.com\/site\/colombia\/?s={search_term_string}"},"query-input":{"@type":"PropertyValueSpecification","valueRequired":true,"valueName":"search_term_string"}}],"inLanguage":"es"},{"@type":"Person","@id":"https:\/\/noti-america.com\/site\/colombia\/#\/schema\/person\/a2e478ba496331ce89bcd0c731cd6533","name":"rloaiza","image":{"@type":"ImageObject","inLanguage":"es","@id":"https:\/\/secure.gravatar.com\/avatar\/190058e5d4427934610b99c45aa7a6558806850adedd53ddeddd194b04773e22?s=96&d=mm&r=g","url":"https:\/\/secure.gravatar.com\/avatar\/190058e5d4427934610b99c45aa7a6558806850adedd53ddeddd194b04773e22?s=96&d=mm&r=g","contentUrl":"https:\/\/secure.gravatar.com\/avatar\/190058e5d4427934610b99c45aa7a6558806850adedd53ddeddd194b04773e22?s=96&d=mm&r=g","caption":"rloaiza"},"url":"https:\/\/noti-america.com\/site\/colombia\/author\/rloaiza\/"}]}},"_links":{"self":[{"href":"https:\/\/noti-america.com\/site\/colombia\/wp-json\/wp\/v2\/posts\/4105","targetHints":{"allow":["GET"]}}],"collection":[{"href":"https:\/\/noti-america.com\/site\/colombia\/wp-json\/wp\/v2\/posts"}],"about":[{"href":"https:\/\/noti-america.com\/site\/colombia\/wp-json\/wp\/v2\/types\/post"}],"author":[{"embeddable":true,"href":"https:\/\/noti-america.com\/site\/colombia\/wp-json\/wp\/v2\/users\/2"}],"replies":[{"embeddable":true,"href":"https:\/\/noti-america.com\/site\/colombia\/wp-json\/wp\/v2\/comments?post=4105"}],"version-history":[{"count":1,"href":"https:\/\/noti-america.com\/site\/colombia\/wp-json\/wp\/v2\/posts\/4105\/revisions"}],"predecessor-version":[{"id":4107,"href":"https:\/\/noti-america.com\/site\/colombia\/wp-json\/wp\/v2\/posts\/4105\/revisions\/4107"}],"wp:featuredmedia":[{"embeddable":true,"href":"https:\/\/noti-america.com\/site\/colombia\/wp-json\/wp\/v2\/media\/4106"}],"wp:attachment":[{"href":"https:\/\/noti-america.com\/site\/colombia\/wp-json\/wp\/v2\/media?parent=4105"}],"wp:term":[{"taxonomy":"category","embeddable":true,"href":"https:\/\/noti-america.com\/site\/colombia\/wp-json\/wp\/v2\/categories?post=4105"},{"taxonomy":"post_tag","embeddable":true,"href":"https:\/\/noti-america.com\/site\/colombia\/wp-json\/wp\/v2\/tags?post=4105"}],"curies":[{"name":"wp","href":"https:\/\/api.w.org\/{rel}","templated":true}]}}