{"id":3861,"date":"2020-01-08T02:26:12","date_gmt":"2020-01-08T02:26:12","guid":{"rendered":"http:\/\/noti-america.com\/site\/colombia\/2020\/01\/08\/fallecio-el-actor-colombiano-daniel-rengifo\/"},"modified":"2020-01-08T06:26:21","modified_gmt":"2020-01-08T06:26:21","slug":"fallecio-el-actor-colombiano-daniel-rengifo","status":"publish","type":"post","link":"https:\/\/noti-america.com\/site\/colombia\/2020\/01\/08\/fallecio-el-actor-colombiano-daniel-rengifo\/","title":{"rendered":"Falleci\u00f3 el actor colombiano Daniel Rengifo"},"content":{"rendered":"<p><img loading=\"lazy\" decoding=\"async\" class=\"size-full wp-image-3862 aligncenter\" src=\"http:\/\/noti-america.com\/site\/colombia\/colombia\/wp-content\/uploads\/sites\/20\/2020\/01\/daniel_rengifo970_0.jpg\" alt=\"\" width=\"1280\" height=\"673\" srcset=\"https:\/\/noti-america.com\/site\/colombia\/wp-content\/uploads\/sites\/20\/2020\/01\/daniel_rengifo970_0.jpg 1280w, https:\/\/noti-america.com\/site\/colombia\/wp-content\/uploads\/sites\/20\/2020\/01\/daniel_rengifo970_0-300x158.jpg 300w, https:\/\/noti-america.com\/site\/colombia\/wp-content\/uploads\/sites\/20\/2020\/01\/daniel_rengifo970_0-768x404.jpg 768w, https:\/\/noti-america.com\/site\/colombia\/wp-content\/uploads\/sites\/20\/2020\/01\/daniel_rengifo970_0-1024x538.jpg 1024w\" sizes=\"auto, (max-width: 1280px) 100vw, 1280px\" \/><\/p>\n<p style=\"text-align: justify\">El actor colombiano quien es reconocido por el p\u00fablico por su personaje de\u00a0 &#8216;Brayan&#8217;, en la teleserie &#8216;La Gloria de Lucho&#8217; y tambi\u00e9n por sus actuaciones en &#8216;Los tres ca\u00ednes&#8217;, <b>&#8216;Sin senos s\u00ed hay para\u00edso&#8217;<\/b>, &#8216;Esmeraldas&#8217; y &#8216;Tu voz est\u00e9reo&#8217;, entre otras, falleci\u00f3 el domingo 5 de enero de 2020 durante una cirujia en la cl\u00ednica Valle del Lili, de Cali.<\/p>\n<p style=\"text-align: justify\">Daniel de 26 a\u00f1os,\u00a0 hab\u00eda sido diagnosticado en\u00a0 a\u00f1o 2014 con un tumor cerebral que le caus\u00f3 p\u00e9rdida de la visi\u00f3n y una par\u00e1lisis facial del lado derecho.<\/p>\n","protected":false},"excerpt":{"rendered":"<p>El actor colombiano quien es reconocido por el p\u00fablico por su personaje de\u00a0 &#8216;Brayan&#8217;, en la teleserie &#8216;La Gloria de Lucho&#8217; y tambi\u00e9n por sus actuaciones en &#8216;Los tres ca\u00ednes&#8217;, &#8216;Sin senos s\u00ed hay&#46;&#46;&#46;<\/p>\n","protected":false},"author":55,"featured_media":3862,"comment_status":"open","ping_status":"open","sticky":false,"template":"","format":"standard","meta":{"_acf_changed":false,"om_disable_all_campaigns":false,"rop_custom_images_group":[],"rop_custom_messages_group":[],"rop_publish_now":"yes","rop_publish_now_accounts":[],"rop_publish_now_history":[],"rop_publish_now_status":"pending","_uf_show_specific_survey":0,"_uf_disable_surveys":false,"footnotes":""},"categories":[8],"tags":[],"class_list":["post-3861","post","type-post","status-publish","format-standard","has-post-thumbnail","hentry","category-arte-y-espectaculos"],"acf":[],"aioseo_notices":[],"yoast_head":"<!-- This site is optimized with the Yoast SEO Premium plugin v24.9 (Yoast SEO v27.2) - https:\/\/yoast.com\/product\/yoast-seo-premium-wordpress\/ -->\n<title>Falleci\u00f3 el actor colombiano Daniel Rengifo - Colombia | Noti-America.com<\/title>\n<meta name=\"robots\" content=\"index, follow, max-snippet:-1, max-image-preview:large, max-video-preview:-1\" \/>\n<link rel=\"canonical\" href=\"https:\/\/noti-america.com\/site\/colombia\/2020\/01\/08\/fallecio-el-actor-colombiano-daniel-rengifo\/\" \/>\n<meta property=\"og:locale\" content=\"es_ES\" \/>\n<meta property=\"og:type\" content=\"article\" \/>\n<meta property=\"og:title\" content=\"Falleci\u00f3 el actor colombiano Daniel Rengifo\" \/>\n<meta property=\"og:description\" content=\"El actor colombiano quien es reconocido por el p\u00fablico por su personaje de\u00a0 &#8216;Brayan&#8217;, en la teleserie &#8216;La Gloria de Lucho&#8217; y tambi\u00e9n por sus actuaciones en &#8216;Los tres ca\u00ednes&#8217;, &#8216;Sin senos s\u00ed hay&#046;&#046;&#046;\" \/>\n<meta property=\"og:url\" content=\"https:\/\/noti-america.com\/site\/colombia\/2020\/01\/08\/fallecio-el-actor-colombiano-daniel-rengifo\/\" \/>\n<meta property=\"og:site_name\" content=\"Colombia | Noti-America.com\" \/>\n<meta property=\"article:published_time\" content=\"2020-01-08T02:26:12+00:00\" \/>\n<meta property=\"article:modified_time\" content=\"2020-01-08T06:26:21+00:00\" \/>\n<meta property=\"og:image\" content=\"https:\/\/noti-america.com\/site\/colombia\/wp-content\/uploads\/sites\/20\/2020\/01\/daniel_rengifo970_0.jpg\" \/>\n\t<meta property=\"og:image:width\" content=\"1280\" \/>\n\t<meta property=\"og:image:height\" content=\"673\" \/>\n\t<meta property=\"og:image:type\" content=\"image\/jpeg\" \/>\n<meta name=\"author\" content=\"Ana Maria Correa\" \/>\n<meta name=\"twitter:card\" content=\"summary_large_image\" \/>\n<meta name=\"twitter:creator\" content=\"@notiamerica\" \/>\n<meta name=\"twitter:site\" content=\"@notiamerica\" \/>\n<meta name=\"twitter:label1\" content=\"Escrito por\" \/>\n\t<meta name=\"twitter:data1\" content=\"Ana Maria Correa\" \/>\n<script type=\"application\/ld+json\" class=\"yoast-schema-graph\">{\"@context\":\"https:\/\/schema.org\",\"@graph\":[{\"@type\":\"Article\",\"@id\":\"https:\/\/noti-america.com\/site\/colombia\/2020\/01\/08\/fallecio-el-actor-colombiano-daniel-rengifo\/#article\",\"isPartOf\":{\"@id\":\"https:\/\/noti-america.com\/site\/colombia\/2020\/01\/08\/fallecio-el-actor-colombiano-daniel-rengifo\/\"},\"author\":{\"name\":\"Ana Maria Correa\",\"@id\":\"https:\/\/noti-america.com\/site\/colombia\/#\/schema\/person\/bc58472b8ba32d08cc134078067f8b58\"},\"headline\":\"Falleci\u00f3 el actor colombiano Daniel Rengifo\",\"datePublished\":\"2020-01-08T02:26:12+00:00\",\"dateModified\":\"2020-01-08T06:26:21+00:00\",\"mainEntityOfPage\":{\"@id\":\"https:\/\/noti-america.com\/site\/colombia\/2020\/01\/08\/fallecio-el-actor-colombiano-daniel-rengifo\/\"},\"wordCount\":103,\"commentCount\":0,\"image\":{\"@id\":\"https:\/\/noti-america.com\/site\/colombia\/2020\/01\/08\/fallecio-el-actor-colombiano-daniel-rengifo\/#primaryimage\"},\"thumbnailUrl\":\"https:\/\/noti-america.com\/site\/colombia\/wp-content\/uploads\/sites\/20\/2020\/01\/daniel_rengifo970_0.jpg\",\"articleSection\":[\"Arte y Espect\u00e1culos\"],\"inLanguage\":\"es\",\"potentialAction\":[{\"@type\":\"CommentAction\",\"name\":\"Comment\",\"target\":[\"https:\/\/noti-america.com\/site\/colombia\/2020\/01\/08\/fallecio-el-actor-colombiano-daniel-rengifo\/#respond\"]}]},{\"@type\":\"WebPage\",\"@id\":\"https:\/\/noti-america.com\/site\/colombia\/2020\/01\/08\/fallecio-el-actor-colombiano-daniel-rengifo\/\",\"url\":\"https:\/\/noti-america.com\/site\/colombia\/2020\/01\/08\/fallecio-el-actor-colombiano-daniel-rengifo\/\",\"name\":\"Falleci\u00f3 el actor colombiano Daniel Rengifo - Colombia | Noti-America.com\",\"isPartOf\":{\"@id\":\"https:\/\/noti-america.com\/site\/colombia\/#website\"},\"primaryImageOfPage\":{\"@id\":\"https:\/\/noti-america.com\/site\/colombia\/2020\/01\/08\/fallecio-el-actor-colombiano-daniel-rengifo\/#primaryimage\"},\"image\":{\"@id\":\"https:\/\/noti-america.com\/site\/colombia\/2020\/01\/08\/fallecio-el-actor-colombiano-daniel-rengifo\/#primaryimage\"},\"thumbnailUrl\":\"https:\/\/noti-america.com\/site\/colombia\/wp-content\/uploads\/sites\/20\/2020\/01\/daniel_rengifo970_0.jpg\",\"datePublished\":\"2020-01-08T02:26:12+00:00\",\"dateModified\":\"2020-01-08T06:26:21+00:00\",\"author\":{\"@id\":\"https:\/\/noti-america.com\/site\/colombia\/#\/schema\/person\/bc58472b8ba32d08cc134078067f8b58\"},\"breadcrumb\":{\"@id\":\"https:\/\/noti-america.com\/site\/colombia\/2020\/01\/08\/fallecio-el-actor-colombiano-daniel-rengifo\/#breadcrumb\"},\"inLanguage\":\"es\",\"potentialAction\":[{\"@type\":\"ReadAction\",\"target\":[\"https:\/\/noti-america.com\/site\/colombia\/2020\/01\/08\/fallecio-el-actor-colombiano-daniel-rengifo\/\"]}]},{\"@type\":\"ImageObject\",\"inLanguage\":\"es\",\"@id\":\"https:\/\/noti-america.com\/site\/colombia\/2020\/01\/08\/fallecio-el-actor-colombiano-daniel-rengifo\/#primaryimage\",\"url\":\"https:\/\/noti-america.com\/site\/colombia\/wp-content\/uploads\/sites\/20\/2020\/01\/daniel_rengifo970_0.jpg\",\"contentUrl\":\"https:\/\/noti-america.com\/site\/colombia\/wp-content\/uploads\/sites\/20\/2020\/01\/daniel_rengifo970_0.jpg\",\"width\":1280,\"height\":673},{\"@type\":\"BreadcrumbList\",\"@id\":\"https:\/\/noti-america.com\/site\/colombia\/2020\/01\/08\/fallecio-el-actor-colombiano-daniel-rengifo\/#breadcrumb\",\"itemListElement\":[{\"@type\":\"ListItem\",\"position\":1,\"name\":\"Portada\",\"item\":\"https:\/\/noti-america.com\/site\/colombia\/\"},{\"@type\":\"ListItem\",\"position\":2,\"name\":\"Falleci\u00f3 el actor colombiano Daniel Rengifo\"}]},{\"@type\":\"WebSite\",\"@id\":\"https:\/\/noti-america.com\/site\/colombia\/#website\",\"url\":\"https:\/\/noti-america.com\/site\/colombia\/\",\"name\":\"Colombia | Noti-America.com\",\"description\":\"\",\"potentialAction\":[{\"@type\":\"SearchAction\",\"target\":{\"@type\":\"EntryPoint\",\"urlTemplate\":\"https:\/\/noti-america.com\/site\/colombia\/?s={search_term_string}\"},\"query-input\":{\"@type\":\"PropertyValueSpecification\",\"valueRequired\":true,\"valueName\":\"search_term_string\"}}],\"inLanguage\":\"es\"},{\"@type\":\"Person\",\"@id\":\"https:\/\/noti-america.com\/site\/colombia\/#\/schema\/person\/bc58472b8ba32d08cc134078067f8b58\",\"name\":\"Ana Maria Correa\",\"image\":{\"@type\":\"ImageObject\",\"inLanguage\":\"es\",\"@id\":\"https:\/\/secure.gravatar.com\/avatar\/6d24af21af7e834cb1f37d9c4418e69b2eed4676de4ee948a40df971d53808d3?s=96&d=mm&r=g\",\"url\":\"https:\/\/secure.gravatar.com\/avatar\/6d24af21af7e834cb1f37d9c4418e69b2eed4676de4ee948a40df971d53808d3?s=96&d=mm&r=g\",\"contentUrl\":\"https:\/\/secure.gravatar.com\/avatar\/6d24af21af7e834cb1f37d9c4418e69b2eed4676de4ee948a40df971d53808d3?s=96&d=mm&r=g\",\"caption\":\"Ana Maria Correa\"},\"description\":\"Comunicadora Social, apasionada al Periodismo Deportivo y de investigaci\u00f3n. Mi labor es realizar reportajes y entrevistas que sirvan para informar sobre la problem\u00e1tica diaria mundial.\",\"sameAs\":[\"https:\/\/www.linkedin.com\/in\/ana-mara-correa-070b2117a\/\"],\"url\":\"https:\/\/noti-america.com\/site\/colombia\/author\/acorrea\/\"}]}<\/script>\n<!-- \/ Yoast SEO Premium plugin. -->","yoast_head_json":{"title":"Falleci\u00f3 el actor colombiano Daniel Rengifo - Colombia | Noti-America.com","robots":{"index":"index","follow":"follow","max-snippet":"max-snippet:-1","max-image-preview":"max-image-preview:large","max-video-preview":"max-video-preview:-1"},"canonical":"https:\/\/noti-america.com\/site\/colombia\/2020\/01\/08\/fallecio-el-actor-colombiano-daniel-rengifo\/","og_locale":"es_ES","og_type":"article","og_title":"Falleci\u00f3 el actor colombiano Daniel Rengifo","og_description":"El actor colombiano quien es reconocido por el p\u00fablico por su personaje de\u00a0 &#8216;Brayan&#8217;, en la teleserie &#8216;La Gloria de Lucho&#8217; y tambi\u00e9n por sus actuaciones en &#8216;Los tres ca\u00ednes&#8217;, &#8216;Sin senos s\u00ed hay&#46;&#46;&#46;","og_url":"https:\/\/noti-america.com\/site\/colombia\/2020\/01\/08\/fallecio-el-actor-colombiano-daniel-rengifo\/","og_site_name":"Colombia | Noti-America.com","article_published_time":"2020-01-08T02:26:12+00:00","article_modified_time":"2020-01-08T06:26:21+00:00","og_image":[{"width":1280,"height":673,"url":"https:\/\/noti-america.com\/site\/colombia\/wp-content\/uploads\/sites\/20\/2020\/01\/daniel_rengifo970_0.jpg","type":"image\/jpeg"}],"author":"Ana Maria Correa","twitter_card":"summary_large_image","twitter_creator":"@notiamerica","twitter_site":"@notiamerica","twitter_misc":{"Escrito por":"Ana Maria Correa"},"schema":{"@context":"https:\/\/schema.org","@graph":[{"@type":"Article","@id":"https:\/\/noti-america.com\/site\/colombia\/2020\/01\/08\/fallecio-el-actor-colombiano-daniel-rengifo\/#article","isPartOf":{"@id":"https:\/\/noti-america.com\/site\/colombia\/2020\/01\/08\/fallecio-el-actor-colombiano-daniel-rengifo\/"},"author":{"name":"Ana Maria Correa","@id":"https:\/\/noti-america.com\/site\/colombia\/#\/schema\/person\/bc58472b8ba32d08cc134078067f8b58"},"headline":"Falleci\u00f3 el actor colombiano Daniel Rengifo","datePublished":"2020-01-08T02:26:12+00:00","dateModified":"2020-01-08T06:26:21+00:00","mainEntityOfPage":{"@id":"https:\/\/noti-america.com\/site\/colombia\/2020\/01\/08\/fallecio-el-actor-colombiano-daniel-rengifo\/"},"wordCount":103,"commentCount":0,"image":{"@id":"https:\/\/noti-america.com\/site\/colombia\/2020\/01\/08\/fallecio-el-actor-colombiano-daniel-rengifo\/#primaryimage"},"thumbnailUrl":"https:\/\/noti-america.com\/site\/colombia\/wp-content\/uploads\/sites\/20\/2020\/01\/daniel_rengifo970_0.jpg","articleSection":["Arte y Espect\u00e1culos"],"inLanguage":"es","potentialAction":[{"@type":"CommentAction","name":"Comment","target":["https:\/\/noti-america.com\/site\/colombia\/2020\/01\/08\/fallecio-el-actor-colombiano-daniel-rengifo\/#respond"]}]},{"@type":"WebPage","@id":"https:\/\/noti-america.com\/site\/colombia\/2020\/01\/08\/fallecio-el-actor-colombiano-daniel-rengifo\/","url":"https:\/\/noti-america.com\/site\/colombia\/2020\/01\/08\/fallecio-el-actor-colombiano-daniel-rengifo\/","name":"Falleci\u00f3 el actor colombiano Daniel Rengifo - Colombia | Noti-America.com","isPartOf":{"@id":"https:\/\/noti-america.com\/site\/colombia\/#website"},"primaryImageOfPage":{"@id":"https:\/\/noti-america.com\/site\/colombia\/2020\/01\/08\/fallecio-el-actor-colombiano-daniel-rengifo\/#primaryimage"},"image":{"@id":"https:\/\/noti-america.com\/site\/colombia\/2020\/01\/08\/fallecio-el-actor-colombiano-daniel-rengifo\/#primaryimage"},"thumbnailUrl":"https:\/\/noti-america.com\/site\/colombia\/wp-content\/uploads\/sites\/20\/2020\/01\/daniel_rengifo970_0.jpg","datePublished":"2020-01-08T02:26:12+00:00","dateModified":"2020-01-08T06:26:21+00:00","author":{"@id":"https:\/\/noti-america.com\/site\/colombia\/#\/schema\/person\/bc58472b8ba32d08cc134078067f8b58"},"breadcrumb":{"@id":"https:\/\/noti-america.com\/site\/colombia\/2020\/01\/08\/fallecio-el-actor-colombiano-daniel-rengifo\/#breadcrumb"},"inLanguage":"es","potentialAction":[{"@type":"ReadAction","target":["https:\/\/noti-america.com\/site\/colombia\/2020\/01\/08\/fallecio-el-actor-colombiano-daniel-rengifo\/"]}]},{"@type":"ImageObject","inLanguage":"es","@id":"https:\/\/noti-america.com\/site\/colombia\/2020\/01\/08\/fallecio-el-actor-colombiano-daniel-rengifo\/#primaryimage","url":"https:\/\/noti-america.com\/site\/colombia\/wp-content\/uploads\/sites\/20\/2020\/01\/daniel_rengifo970_0.jpg","contentUrl":"https:\/\/noti-america.com\/site\/colombia\/wp-content\/uploads\/sites\/20\/2020\/01\/daniel_rengifo970_0.jpg","width":1280,"height":673},{"@type":"BreadcrumbList","@id":"https:\/\/noti-america.com\/site\/colombia\/2020\/01\/08\/fallecio-el-actor-colombiano-daniel-rengifo\/#breadcrumb","itemListElement":[{"@type":"ListItem","position":1,"name":"Portada","item":"https:\/\/noti-america.com\/site\/colombia\/"},{"@type":"ListItem","position":2,"name":"Falleci\u00f3 el actor colombiano Daniel Rengifo"}]},{"@type":"WebSite","@id":"https:\/\/noti-america.com\/site\/colombia\/#website","url":"https:\/\/noti-america.com\/site\/colombia\/","name":"Colombia | Noti-America.com","description":"","potentialAction":[{"@type":"SearchAction","target":{"@type":"EntryPoint","urlTemplate":"https:\/\/noti-america.com\/site\/colombia\/?s={search_term_string}"},"query-input":{"@type":"PropertyValueSpecification","valueRequired":true,"valueName":"search_term_string"}}],"inLanguage":"es"},{"@type":"Person","@id":"https:\/\/noti-america.com\/site\/colombia\/#\/schema\/person\/bc58472b8ba32d08cc134078067f8b58","name":"Ana Maria Correa","image":{"@type":"ImageObject","inLanguage":"es","@id":"https:\/\/secure.gravatar.com\/avatar\/6d24af21af7e834cb1f37d9c4418e69b2eed4676de4ee948a40df971d53808d3?s=96&d=mm&r=g","url":"https:\/\/secure.gravatar.com\/avatar\/6d24af21af7e834cb1f37d9c4418e69b2eed4676de4ee948a40df971d53808d3?s=96&d=mm&r=g","contentUrl":"https:\/\/secure.gravatar.com\/avatar\/6d24af21af7e834cb1f37d9c4418e69b2eed4676de4ee948a40df971d53808d3?s=96&d=mm&r=g","caption":"Ana Maria Correa"},"description":"Comunicadora Social, apasionada al Periodismo Deportivo y de investigaci\u00f3n. Mi labor es realizar reportajes y entrevistas que sirvan para informar sobre la problem\u00e1tica diaria mundial.","sameAs":["https:\/\/www.linkedin.com\/in\/ana-mara-correa-070b2117a\/"],"url":"https:\/\/noti-america.com\/site\/colombia\/author\/acorrea\/"}]}},"_links":{"self":[{"href":"https:\/\/noti-america.com\/site\/colombia\/wp-json\/wp\/v2\/posts\/3861","targetHints":{"allow":["GET"]}}],"collection":[{"href":"https:\/\/noti-america.com\/site\/colombia\/wp-json\/wp\/v2\/posts"}],"about":[{"href":"https:\/\/noti-america.com\/site\/colombia\/wp-json\/wp\/v2\/types\/post"}],"author":[{"embeddable":true,"href":"https:\/\/noti-america.com\/site\/colombia\/wp-json\/wp\/v2\/users\/55"}],"replies":[{"embeddable":true,"href":"https:\/\/noti-america.com\/site\/colombia\/wp-json\/wp\/v2\/comments?post=3861"}],"version-history":[{"count":1,"href":"https:\/\/noti-america.com\/site\/colombia\/wp-json\/wp\/v2\/posts\/3861\/revisions"}],"predecessor-version":[{"id":3863,"href":"https:\/\/noti-america.com\/site\/colombia\/wp-json\/wp\/v2\/posts\/3861\/revisions\/3863"}],"wp:featuredmedia":[{"embeddable":true,"href":"https:\/\/noti-america.com\/site\/colombia\/wp-json\/wp\/v2\/media\/3862"}],"wp:attachment":[{"href":"https:\/\/noti-america.com\/site\/colombia\/wp-json\/wp\/v2\/media?parent=3861"}],"wp:term":[{"taxonomy":"category","embeddable":true,"href":"https:\/\/noti-america.com\/site\/colombia\/wp-json\/wp\/v2\/categories?post=3861"},{"taxonomy":"post_tag","embeddable":true,"href":"https:\/\/noti-america.com\/site\/colombia\/wp-json\/wp\/v2\/tags?post=3861"}],"curies":[{"name":"wp","href":"https:\/\/api.w.org\/{rel}","templated":true}]}}