{"id":3695,"date":"2019-11-30T19:27:39","date_gmt":"2019-11-30T19:27:39","guid":{"rendered":"http:\/\/noti-america.com\/site\/colombia\/2019\/11\/30\/incremento-del-dolar-disparo-precios-en-colombia-reporte-especial\/"},"modified":"2019-11-30T23:27:46","modified_gmt":"2019-11-30T23:27:46","slug":"incremento-del-dolar-disparo-precios-en-colombia-reporte-especial","status":"publish","type":"post","link":"https:\/\/noti-america.com\/site\/colombia\/2019\/11\/30\/incremento-del-dolar-disparo-precios-en-colombia-reporte-especial\/","title":{"rendered":"Incremento del d\u00f3lar disparo precios en Colombia (Reporte Especial)"},"content":{"rendered":"<p><img loading=\"lazy\" decoding=\"async\" class=\"size-full wp-image-3696 aligncenter\" src=\"http:\/\/noti-america.com\/site\/colombia\/colombia\/wp-content\/uploads\/sites\/20\/2019\/11\/phpThumb_generated_thumbnail-1.jpeg\" alt=\"\" width=\"420\" height=\"315\" srcset=\"https:\/\/noti-america.com\/site\/colombia\/wp-content\/uploads\/sites\/20\/2019\/11\/phpThumb_generated_thumbnail-1.jpeg 420w, https:\/\/noti-america.com\/site\/colombia\/wp-content\/uploads\/sites\/20\/2019\/11\/phpThumb_generated_thumbnail-1-300x225.jpeg 300w\" sizes=\"auto, (max-width: 420px) 100vw, 420px\" \/><\/p>\n<p style=\"text-align: justify\">El equipo de Noti-America hizo un recorrido por los mercados populares del centro de Bogot\u00e1 tras el incremento del d\u00f3lar americano el cual alcanz\u00f3 por primera vez en su historia los 3500 pesos.<\/p>\n<p style=\"text-align: justify\">Nos dirigimos a un grupo de vendedores ambulantes ubicados en los alrededores de la estacion del Transmileneo, el precio de la ropa me pareci\u00f3 exagerada, un simple pantal\u00f3n paso de costar 35 mil pesos a 65 mil pesos, zapatos deportivos pasaron de 30 mil pesos a 80 mil pesos.<\/p>\n<p style=\"text-align: justify\">No solo el precio de la ropa se vi\u00f3 afectada tras el alza del d\u00f3lar, tambi\u00e9n la comida.<\/p>\n<p style=\"text-align: justify\">El precio de un almuerzo ejecutivo rondea los 25 mil pesos. Con el d\u00f3lar a 3000 mil pesos el mismo almuerzo costaba 8 mil pesos hace memos de\u00a0 4 meses.<\/p>\n<p style=\"text-align: justify\">Entrevistamos al deu\u00f1o del restaurant \u00abMirandela del Centro\u00bb, el cual nos di\u00f3 su testimonio del porqu\u00e9 increment\u00f3 sus precios.<\/p>\n<p style=\"text-align: justify\">\u00abEstamos sobreviviendo, vendo a perdida, todo se me va en arriendo y servicios, ahora con el d\u00f3lar tan alto, los alimentos tambi\u00e9n duplicon sus precios\u00bb.<\/p>\n<p style=\"text-align: justify\">Con respecto a las protestas que se viven hoy en dia en\u00a0 pais, asegura que el pueblo necesita respuesta.<\/p>\n<p style=\"text-align: justify\">\u00abM\u00e1s de una semana en la calle, personas han perdido la vida y muchos de ellos han sido detenidos injustamente. Solo queremos respuestas a los problemas de inflaci\u00f3n y de corrupci\u00f3n\u00bb.<\/p>\n<p style=\"text-align: justify\">Recordemos que el sueldo m\u00ednimo en Colombia es de\u00a0$828.116 pesos.<\/p>\n","protected":false},"excerpt":{"rendered":"<p>El equipo de Noti-America hizo un recorrido por los mercados populares del centro de Bogot\u00e1 tras el incremento del d\u00f3lar americano el cual alcanz\u00f3 por primera vez en su historia los 3500 pesos. Nos&#46;&#46;&#46;<\/p>\n","protected":false},"author":55,"featured_media":3698,"comment_status":"open","ping_status":"open","sticky":false,"template":"","format":"standard","meta":{"_acf_changed":false,"om_disable_all_campaigns":false,"rop_custom_images_group":[],"rop_custom_messages_group":[],"rop_publish_now":"yes","rop_publish_now_accounts":[],"rop_publish_now_history":[],"rop_publish_now_status":"pending","_uf_show_specific_survey":0,"_uf_disable_surveys":false,"footnotes":""},"categories":[5,32],"tags":[],"class_list":["post-3695","post","type-post","status-publish","format-standard","has-post-thumbnail","hentry","category-economia","category-economia-opinion"],"acf":[],"aioseo_notices":[],"yoast_head":"<!-- This site is optimized with the Yoast SEO Premium plugin v24.9 (Yoast SEO v27.2) - https:\/\/yoast.com\/product\/yoast-seo-premium-wordpress\/ -->\n<title>Incremento del d\u00f3lar disparo precios en Colombia (Reporte Especial) - Colombia | Noti-America.com<\/title>\n<meta name=\"robots\" content=\"index, follow, max-snippet:-1, max-image-preview:large, max-video-preview:-1\" \/>\n<link rel=\"canonical\" href=\"https:\/\/noti-america.com\/site\/colombia\/2019\/11\/30\/incremento-del-dolar-disparo-precios-en-colombia-reporte-especial\/\" \/>\n<meta property=\"og:locale\" content=\"es_ES\" \/>\n<meta property=\"og:type\" content=\"article\" \/>\n<meta property=\"og:title\" content=\"Incremento del d\u00f3lar disparo precios en Colombia (Reporte Especial)\" \/>\n<meta property=\"og:description\" content=\"El equipo de Noti-America hizo un recorrido por los mercados populares del centro de Bogot\u00e1 tras el incremento del d\u00f3lar americano el cual alcanz\u00f3 por primera vez en su historia los 3500 pesos. Nos&#046;&#046;&#046;\" \/>\n<meta property=\"og:url\" content=\"https:\/\/noti-america.com\/site\/colombia\/2019\/11\/30\/incremento-del-dolar-disparo-precios-en-colombia-reporte-especial\/\" \/>\n<meta property=\"og:site_name\" content=\"Colombia | Noti-America.com\" \/>\n<meta property=\"article:published_time\" content=\"2019-11-30T19:27:39+00:00\" \/>\n<meta property=\"article:modified_time\" content=\"2019-11-30T23:27:46+00:00\" \/>\n<meta property=\"og:image\" content=\"https:\/\/noti-america.com\/site\/colombia\/wp-content\/uploads\/sites\/20\/2019\/11\/phpThumb_generated_thumbnail.jpeg\" \/>\n\t<meta property=\"og:image:width\" content=\"420\" \/>\n\t<meta property=\"og:image:height\" content=\"315\" \/>\n\t<meta property=\"og:image:type\" content=\"image\/jpeg\" \/>\n<meta name=\"author\" content=\"Ana Maria Correa\" \/>\n<meta name=\"twitter:card\" content=\"summary_large_image\" \/>\n<meta name=\"twitter:creator\" content=\"@notiamerica\" \/>\n<meta name=\"twitter:site\" content=\"@notiamerica\" \/>\n<meta name=\"twitter:label1\" content=\"Escrito por\" \/>\n\t<meta name=\"twitter:data1\" content=\"Ana Maria Correa\" \/>\n\t<meta name=\"twitter:label2\" content=\"Tiempo estimado de lectura\" \/>\n\t<meta name=\"twitter:data2\" content=\"1 minuto\" \/>\n<script type=\"application\/ld+json\" class=\"yoast-schema-graph\">{\"@context\":\"https:\/\/schema.org\",\"@graph\":[{\"@type\":\"Article\",\"@id\":\"https:\/\/noti-america.com\/site\/colombia\/2019\/11\/30\/incremento-del-dolar-disparo-precios-en-colombia-reporte-especial\/#article\",\"isPartOf\":{\"@id\":\"https:\/\/noti-america.com\/site\/colombia\/2019\/11\/30\/incremento-del-dolar-disparo-precios-en-colombia-reporte-especial\/\"},\"author\":{\"name\":\"Ana Maria Correa\",\"@id\":\"https:\/\/noti-america.com\/site\/colombia\/#\/schema\/person\/bc58472b8ba32d08cc134078067f8b58\"},\"headline\":\"Incremento del d\u00f3lar disparo precios en Colombia (Reporte Especial)\",\"datePublished\":\"2019-11-30T19:27:39+00:00\",\"dateModified\":\"2019-11-30T23:27:46+00:00\",\"mainEntityOfPage\":{\"@id\":\"https:\/\/noti-america.com\/site\/colombia\/2019\/11\/30\/incremento-del-dolar-disparo-precios-en-colombia-reporte-especial\/\"},\"wordCount\":247,\"commentCount\":0,\"image\":{\"@id\":\"https:\/\/noti-america.com\/site\/colombia\/2019\/11\/30\/incremento-del-dolar-disparo-precios-en-colombia-reporte-especial\/#primaryimage\"},\"thumbnailUrl\":\"https:\/\/noti-america.com\/site\/colombia\/wp-content\/uploads\/sites\/20\/2019\/11\/phpThumb_generated_thumbnail.jpeg\",\"articleSection\":[\"Econom\u00eda\",\"Econom\u00eda\"],\"inLanguage\":\"es\",\"potentialAction\":[{\"@type\":\"CommentAction\",\"name\":\"Comment\",\"target\":[\"https:\/\/noti-america.com\/site\/colombia\/2019\/11\/30\/incremento-del-dolar-disparo-precios-en-colombia-reporte-especial\/#respond\"]}]},{\"@type\":\"WebPage\",\"@id\":\"https:\/\/noti-america.com\/site\/colombia\/2019\/11\/30\/incremento-del-dolar-disparo-precios-en-colombia-reporte-especial\/\",\"url\":\"https:\/\/noti-america.com\/site\/colombia\/2019\/11\/30\/incremento-del-dolar-disparo-precios-en-colombia-reporte-especial\/\",\"name\":\"Incremento del d\u00f3lar disparo precios en Colombia (Reporte Especial) - Colombia | Noti-America.com\",\"isPartOf\":{\"@id\":\"https:\/\/noti-america.com\/site\/colombia\/#website\"},\"primaryImageOfPage\":{\"@id\":\"https:\/\/noti-america.com\/site\/colombia\/2019\/11\/30\/incremento-del-dolar-disparo-precios-en-colombia-reporte-especial\/#primaryimage\"},\"image\":{\"@id\":\"https:\/\/noti-america.com\/site\/colombia\/2019\/11\/30\/incremento-del-dolar-disparo-precios-en-colombia-reporte-especial\/#primaryimage\"},\"thumbnailUrl\":\"https:\/\/noti-america.com\/site\/colombia\/wp-content\/uploads\/sites\/20\/2019\/11\/phpThumb_generated_thumbnail.jpeg\",\"datePublished\":\"2019-11-30T19:27:39+00:00\",\"dateModified\":\"2019-11-30T23:27:46+00:00\",\"author\":{\"@id\":\"https:\/\/noti-america.com\/site\/colombia\/#\/schema\/person\/bc58472b8ba32d08cc134078067f8b58\"},\"breadcrumb\":{\"@id\":\"https:\/\/noti-america.com\/site\/colombia\/2019\/11\/30\/incremento-del-dolar-disparo-precios-en-colombia-reporte-especial\/#breadcrumb\"},\"inLanguage\":\"es\",\"potentialAction\":[{\"@type\":\"ReadAction\",\"target\":[\"https:\/\/noti-america.com\/site\/colombia\/2019\/11\/30\/incremento-del-dolar-disparo-precios-en-colombia-reporte-especial\/\"]}]},{\"@type\":\"ImageObject\",\"inLanguage\":\"es\",\"@id\":\"https:\/\/noti-america.com\/site\/colombia\/2019\/11\/30\/incremento-del-dolar-disparo-precios-en-colombia-reporte-especial\/#primaryimage\",\"url\":\"https:\/\/noti-america.com\/site\/colombia\/wp-content\/uploads\/sites\/20\/2019\/11\/phpThumb_generated_thumbnail.jpeg\",\"contentUrl\":\"https:\/\/noti-america.com\/site\/colombia\/wp-content\/uploads\/sites\/20\/2019\/11\/phpThumb_generated_thumbnail.jpeg\",\"width\":420,\"height\":315},{\"@type\":\"BreadcrumbList\",\"@id\":\"https:\/\/noti-america.com\/site\/colombia\/2019\/11\/30\/incremento-del-dolar-disparo-precios-en-colombia-reporte-especial\/#breadcrumb\",\"itemListElement\":[{\"@type\":\"ListItem\",\"position\":1,\"name\":\"Portada\",\"item\":\"https:\/\/noti-america.com\/site\/colombia\/\"},{\"@type\":\"ListItem\",\"position\":2,\"name\":\"Incremento del d\u00f3lar disparo precios en Colombia (Reporte Especial)\"}]},{\"@type\":\"WebSite\",\"@id\":\"https:\/\/noti-america.com\/site\/colombia\/#website\",\"url\":\"https:\/\/noti-america.com\/site\/colombia\/\",\"name\":\"Colombia | Noti-America.com\",\"description\":\"\",\"potentialAction\":[{\"@type\":\"SearchAction\",\"target\":{\"@type\":\"EntryPoint\",\"urlTemplate\":\"https:\/\/noti-america.com\/site\/colombia\/?s={search_term_string}\"},\"query-input\":{\"@type\":\"PropertyValueSpecification\",\"valueRequired\":true,\"valueName\":\"search_term_string\"}}],\"inLanguage\":\"es\"},{\"@type\":\"Person\",\"@id\":\"https:\/\/noti-america.com\/site\/colombia\/#\/schema\/person\/bc58472b8ba32d08cc134078067f8b58\",\"name\":\"Ana Maria Correa\",\"image\":{\"@type\":\"ImageObject\",\"inLanguage\":\"es\",\"@id\":\"https:\/\/secure.gravatar.com\/avatar\/6d24af21af7e834cb1f37d9c4418e69b2eed4676de4ee948a40df971d53808d3?s=96&d=mm&r=g\",\"url\":\"https:\/\/secure.gravatar.com\/avatar\/6d24af21af7e834cb1f37d9c4418e69b2eed4676de4ee948a40df971d53808d3?s=96&d=mm&r=g\",\"contentUrl\":\"https:\/\/secure.gravatar.com\/avatar\/6d24af21af7e834cb1f37d9c4418e69b2eed4676de4ee948a40df971d53808d3?s=96&d=mm&r=g\",\"caption\":\"Ana Maria Correa\"},\"description\":\"Comunicadora Social, apasionada al Periodismo Deportivo y de investigaci\u00f3n. Mi labor es realizar reportajes y entrevistas que sirvan para informar sobre la problem\u00e1tica diaria mundial.\",\"sameAs\":[\"https:\/\/www.linkedin.com\/in\/ana-mara-correa-070b2117a\/\"],\"url\":\"https:\/\/noti-america.com\/site\/colombia\/author\/acorrea\/\"}]}<\/script>\n<!-- \/ Yoast SEO Premium plugin. -->","yoast_head_json":{"title":"Incremento del d\u00f3lar disparo precios en Colombia (Reporte Especial) - Colombia | Noti-America.com","robots":{"index":"index","follow":"follow","max-snippet":"max-snippet:-1","max-image-preview":"max-image-preview:large","max-video-preview":"max-video-preview:-1"},"canonical":"https:\/\/noti-america.com\/site\/colombia\/2019\/11\/30\/incremento-del-dolar-disparo-precios-en-colombia-reporte-especial\/","og_locale":"es_ES","og_type":"article","og_title":"Incremento del d\u00f3lar disparo precios en Colombia (Reporte Especial)","og_description":"El equipo de Noti-America hizo un recorrido por los mercados populares del centro de Bogot\u00e1 tras el incremento del d\u00f3lar americano el cual alcanz\u00f3 por primera vez en su historia los 3500 pesos. Nos&#46;&#46;&#46;","og_url":"https:\/\/noti-america.com\/site\/colombia\/2019\/11\/30\/incremento-del-dolar-disparo-precios-en-colombia-reporte-especial\/","og_site_name":"Colombia | Noti-America.com","article_published_time":"2019-11-30T19:27:39+00:00","article_modified_time":"2019-11-30T23:27:46+00:00","og_image":[{"width":420,"height":315,"url":"https:\/\/noti-america.com\/site\/colombia\/wp-content\/uploads\/sites\/20\/2019\/11\/phpThumb_generated_thumbnail.jpeg","type":"image\/jpeg"}],"author":"Ana Maria Correa","twitter_card":"summary_large_image","twitter_creator":"@notiamerica","twitter_site":"@notiamerica","twitter_misc":{"Escrito por":"Ana Maria Correa","Tiempo estimado de lectura":"1 minuto"},"schema":{"@context":"https:\/\/schema.org","@graph":[{"@type":"Article","@id":"https:\/\/noti-america.com\/site\/colombia\/2019\/11\/30\/incremento-del-dolar-disparo-precios-en-colombia-reporte-especial\/#article","isPartOf":{"@id":"https:\/\/noti-america.com\/site\/colombia\/2019\/11\/30\/incremento-del-dolar-disparo-precios-en-colombia-reporte-especial\/"},"author":{"name":"Ana Maria Correa","@id":"https:\/\/noti-america.com\/site\/colombia\/#\/schema\/person\/bc58472b8ba32d08cc134078067f8b58"},"headline":"Incremento del d\u00f3lar disparo precios en Colombia (Reporte Especial)","datePublished":"2019-11-30T19:27:39+00:00","dateModified":"2019-11-30T23:27:46+00:00","mainEntityOfPage":{"@id":"https:\/\/noti-america.com\/site\/colombia\/2019\/11\/30\/incremento-del-dolar-disparo-precios-en-colombia-reporte-especial\/"},"wordCount":247,"commentCount":0,"image":{"@id":"https:\/\/noti-america.com\/site\/colombia\/2019\/11\/30\/incremento-del-dolar-disparo-precios-en-colombia-reporte-especial\/#primaryimage"},"thumbnailUrl":"https:\/\/noti-america.com\/site\/colombia\/wp-content\/uploads\/sites\/20\/2019\/11\/phpThumb_generated_thumbnail.jpeg","articleSection":["Econom\u00eda","Econom\u00eda"],"inLanguage":"es","potentialAction":[{"@type":"CommentAction","name":"Comment","target":["https:\/\/noti-america.com\/site\/colombia\/2019\/11\/30\/incremento-del-dolar-disparo-precios-en-colombia-reporte-especial\/#respond"]}]},{"@type":"WebPage","@id":"https:\/\/noti-america.com\/site\/colombia\/2019\/11\/30\/incremento-del-dolar-disparo-precios-en-colombia-reporte-especial\/","url":"https:\/\/noti-america.com\/site\/colombia\/2019\/11\/30\/incremento-del-dolar-disparo-precios-en-colombia-reporte-especial\/","name":"Incremento del d\u00f3lar disparo precios en Colombia (Reporte Especial) - Colombia | Noti-America.com","isPartOf":{"@id":"https:\/\/noti-america.com\/site\/colombia\/#website"},"primaryImageOfPage":{"@id":"https:\/\/noti-america.com\/site\/colombia\/2019\/11\/30\/incremento-del-dolar-disparo-precios-en-colombia-reporte-especial\/#primaryimage"},"image":{"@id":"https:\/\/noti-america.com\/site\/colombia\/2019\/11\/30\/incremento-del-dolar-disparo-precios-en-colombia-reporte-especial\/#primaryimage"},"thumbnailUrl":"https:\/\/noti-america.com\/site\/colombia\/wp-content\/uploads\/sites\/20\/2019\/11\/phpThumb_generated_thumbnail.jpeg","datePublished":"2019-11-30T19:27:39+00:00","dateModified":"2019-11-30T23:27:46+00:00","author":{"@id":"https:\/\/noti-america.com\/site\/colombia\/#\/schema\/person\/bc58472b8ba32d08cc134078067f8b58"},"breadcrumb":{"@id":"https:\/\/noti-america.com\/site\/colombia\/2019\/11\/30\/incremento-del-dolar-disparo-precios-en-colombia-reporte-especial\/#breadcrumb"},"inLanguage":"es","potentialAction":[{"@type":"ReadAction","target":["https:\/\/noti-america.com\/site\/colombia\/2019\/11\/30\/incremento-del-dolar-disparo-precios-en-colombia-reporte-especial\/"]}]},{"@type":"ImageObject","inLanguage":"es","@id":"https:\/\/noti-america.com\/site\/colombia\/2019\/11\/30\/incremento-del-dolar-disparo-precios-en-colombia-reporte-especial\/#primaryimage","url":"https:\/\/noti-america.com\/site\/colombia\/wp-content\/uploads\/sites\/20\/2019\/11\/phpThumb_generated_thumbnail.jpeg","contentUrl":"https:\/\/noti-america.com\/site\/colombia\/wp-content\/uploads\/sites\/20\/2019\/11\/phpThumb_generated_thumbnail.jpeg","width":420,"height":315},{"@type":"BreadcrumbList","@id":"https:\/\/noti-america.com\/site\/colombia\/2019\/11\/30\/incremento-del-dolar-disparo-precios-en-colombia-reporte-especial\/#breadcrumb","itemListElement":[{"@type":"ListItem","position":1,"name":"Portada","item":"https:\/\/noti-america.com\/site\/colombia\/"},{"@type":"ListItem","position":2,"name":"Incremento del d\u00f3lar disparo precios en Colombia (Reporte Especial)"}]},{"@type":"WebSite","@id":"https:\/\/noti-america.com\/site\/colombia\/#website","url":"https:\/\/noti-america.com\/site\/colombia\/","name":"Colombia | Noti-America.com","description":"","potentialAction":[{"@type":"SearchAction","target":{"@type":"EntryPoint","urlTemplate":"https:\/\/noti-america.com\/site\/colombia\/?s={search_term_string}"},"query-input":{"@type":"PropertyValueSpecification","valueRequired":true,"valueName":"search_term_string"}}],"inLanguage":"es"},{"@type":"Person","@id":"https:\/\/noti-america.com\/site\/colombia\/#\/schema\/person\/bc58472b8ba32d08cc134078067f8b58","name":"Ana Maria Correa","image":{"@type":"ImageObject","inLanguage":"es","@id":"https:\/\/secure.gravatar.com\/avatar\/6d24af21af7e834cb1f37d9c4418e69b2eed4676de4ee948a40df971d53808d3?s=96&d=mm&r=g","url":"https:\/\/secure.gravatar.com\/avatar\/6d24af21af7e834cb1f37d9c4418e69b2eed4676de4ee948a40df971d53808d3?s=96&d=mm&r=g","contentUrl":"https:\/\/secure.gravatar.com\/avatar\/6d24af21af7e834cb1f37d9c4418e69b2eed4676de4ee948a40df971d53808d3?s=96&d=mm&r=g","caption":"Ana Maria Correa"},"description":"Comunicadora Social, apasionada al Periodismo Deportivo y de investigaci\u00f3n. Mi labor es realizar reportajes y entrevistas que sirvan para informar sobre la problem\u00e1tica diaria mundial.","sameAs":["https:\/\/www.linkedin.com\/in\/ana-mara-correa-070b2117a\/"],"url":"https:\/\/noti-america.com\/site\/colombia\/author\/acorrea\/"}]}},"_links":{"self":[{"href":"https:\/\/noti-america.com\/site\/colombia\/wp-json\/wp\/v2\/posts\/3695","targetHints":{"allow":["GET"]}}],"collection":[{"href":"https:\/\/noti-america.com\/site\/colombia\/wp-json\/wp\/v2\/posts"}],"about":[{"href":"https:\/\/noti-america.com\/site\/colombia\/wp-json\/wp\/v2\/types\/post"}],"author":[{"embeddable":true,"href":"https:\/\/noti-america.com\/site\/colombia\/wp-json\/wp\/v2\/users\/55"}],"replies":[{"embeddable":true,"href":"https:\/\/noti-america.com\/site\/colombia\/wp-json\/wp\/v2\/comments?post=3695"}],"version-history":[{"count":1,"href":"https:\/\/noti-america.com\/site\/colombia\/wp-json\/wp\/v2\/posts\/3695\/revisions"}],"predecessor-version":[{"id":3697,"href":"https:\/\/noti-america.com\/site\/colombia\/wp-json\/wp\/v2\/posts\/3695\/revisions\/3697"}],"wp:featuredmedia":[{"embeddable":true,"href":"https:\/\/noti-america.com\/site\/colombia\/wp-json\/wp\/v2\/media\/3698"}],"wp:attachment":[{"href":"https:\/\/noti-america.com\/site\/colombia\/wp-json\/wp\/v2\/media?parent=3695"}],"wp:term":[{"taxonomy":"category","embeddable":true,"href":"https:\/\/noti-america.com\/site\/colombia\/wp-json\/wp\/v2\/categories?post=3695"},{"taxonomy":"post_tag","embeddable":true,"href":"https:\/\/noti-america.com\/site\/colombia\/wp-json\/wp\/v2\/tags?post=3695"}],"curies":[{"name":"wp","href":"https:\/\/api.w.org\/{rel}","templated":true}]}}