{"id":3637,"date":"2019-11-21T02:55:59","date_gmt":"2019-11-21T02:55:59","guid":{"rendered":"http:\/\/noti-america.com\/site\/colombia\/2019\/11\/21\/paro-nacional-en-colombia-historica-jornada-de-protestas\/"},"modified":"2019-11-21T06:56:05","modified_gmt":"2019-11-21T06:56:05","slug":"paro-nacional-en-colombia-historica-jornada-de-protestas","status":"publish","type":"post","link":"https:\/\/noti-america.com\/site\/colombia\/2019\/11\/21\/paro-nacional-en-colombia-historica-jornada-de-protestas\/","title":{"rendered":"Paro Nacional en Colombia: Hist\u00f3rica jornada de protestas"},"content":{"rendered":"<p><img loading=\"lazy\" decoding=\"async\" class=\"size-full wp-image-3638 aligncenter\" src=\"http:\/\/noti-america.com\/site\/colombia\/colombia\/wp-content\/uploads\/sites\/20\/2019\/11\/109752666_tv057847874.jpg\" alt=\"\" width=\"695\" height=\"390\" srcset=\"https:\/\/noti-america.com\/site\/colombia\/wp-content\/uploads\/sites\/20\/2019\/11\/109752666_tv057847874.jpg 695w, https:\/\/noti-america.com\/site\/colombia\/wp-content\/uploads\/sites\/20\/2019\/11\/109752666_tv057847874-300x168.jpg 300w\" sizes=\"auto, (max-width: 695px) 100vw, 695px\" \/><\/p>\n<p style=\"text-align: justify\">El Gobierno de Iv\u00e1n Duque, atraviesa su primer gran conflicto.<\/p>\n<p style=\"text-align: justify\">Hoy jueves 21 de noviembre, masivamente, los ciudadanos colombianos estar\u00e1n en las calles para protestar por una reformas gubernamentales en el \u00e1mbito laboral y de las pensiones que consideran lesivas a los intereses de los ciudadanos, de acuerdo a lo rese\u00f1ado por bbc.com<\/p>\n<p style=\"text-align: justify\">Por su parte, con el fin de resguardar la seguridad social, Migraci\u00f3n Colombia anunci\u00f3 el martes el cierre de todas las fronteras terrestres y fluviales desde la medianoche de ese d\u00eda hasta las 05:00 de la ma\u00f1ana del viernes.<\/p>\n","protected":false},"excerpt":{"rendered":"<p>El Gobierno de Iv\u00e1n Duque, atraviesa su primer gran conflicto. Hoy jueves 21 de noviembre, masivamente, los ciudadanos colombianos estar\u00e1n en las calles para protestar por una reformas gubernamentales en el \u00e1mbito laboral y&#46;&#46;&#46;<\/p>\n","protected":false},"author":55,"featured_media":3638,"comment_status":"open","ping_status":"open","sticky":false,"template":"","format":"standard","meta":{"_acf_changed":false,"om_disable_all_campaigns":false,"rop_custom_images_group":[],"rop_custom_messages_group":[],"rop_publish_now":"yes","rop_publish_now_accounts":[],"rop_publish_now_history":[],"rop_publish_now_status":"pending","_uf_show_specific_survey":0,"_uf_disable_surveys":false,"footnotes":""},"categories":[3],"tags":[],"class_list":["post-3637","post","type-post","status-publish","format-standard","has-post-thumbnail","hentry","category-politica"],"acf":[],"aioseo_notices":[],"yoast_head":"<!-- This site is optimized with the Yoast SEO Premium plugin v24.9 (Yoast SEO v27.2) - https:\/\/yoast.com\/product\/yoast-seo-premium-wordpress\/ -->\n<title>Paro Nacional en Colombia: Hist\u00f3rica jornada de protestas - Colombia | Noti-America.com<\/title>\n<meta name=\"robots\" content=\"index, follow, max-snippet:-1, max-image-preview:large, max-video-preview:-1\" \/>\n<link rel=\"canonical\" href=\"https:\/\/noti-america.com\/site\/colombia\/2019\/11\/21\/paro-nacional-en-colombia-historica-jornada-de-protestas\/\" \/>\n<meta property=\"og:locale\" content=\"es_ES\" \/>\n<meta property=\"og:type\" content=\"article\" \/>\n<meta property=\"og:title\" content=\"Paro Nacional en Colombia: Hist\u00f3rica jornada de protestas\" \/>\n<meta property=\"og:description\" content=\"El Gobierno de Iv\u00e1n Duque, atraviesa su primer gran conflicto. Hoy jueves 21 de noviembre, masivamente, los ciudadanos colombianos estar\u00e1n en las calles para protestar por una reformas gubernamentales en el \u00e1mbito laboral y&#046;&#046;&#046;\" \/>\n<meta property=\"og:url\" content=\"https:\/\/noti-america.com\/site\/colombia\/2019\/11\/21\/paro-nacional-en-colombia-historica-jornada-de-protestas\/\" \/>\n<meta property=\"og:site_name\" content=\"Colombia | Noti-America.com\" \/>\n<meta property=\"article:published_time\" content=\"2019-11-21T02:55:59+00:00\" \/>\n<meta property=\"article:modified_time\" content=\"2019-11-21T06:56:05+00:00\" \/>\n<meta property=\"og:image\" content=\"https:\/\/noti-america.com\/site\/colombia\/wp-content\/uploads\/sites\/20\/2019\/11\/109752666_tv057847874.jpg\" \/>\n\t<meta property=\"og:image:width\" content=\"695\" \/>\n\t<meta property=\"og:image:height\" content=\"390\" \/>\n\t<meta property=\"og:image:type\" content=\"image\/jpeg\" \/>\n<meta name=\"author\" content=\"Ana Maria Correa\" \/>\n<meta name=\"twitter:card\" content=\"summary_large_image\" \/>\n<meta name=\"twitter:creator\" content=\"@notiamerica\" \/>\n<meta name=\"twitter:site\" content=\"@notiamerica\" \/>\n<meta name=\"twitter:label1\" content=\"Escrito por\" \/>\n\t<meta name=\"twitter:data1\" content=\"Ana Maria Correa\" \/>\n<script type=\"application\/ld+json\" class=\"yoast-schema-graph\">{\"@context\":\"https:\/\/schema.org\",\"@graph\":[{\"@type\":\"Article\",\"@id\":\"https:\/\/noti-america.com\/site\/colombia\/2019\/11\/21\/paro-nacional-en-colombia-historica-jornada-de-protestas\/#article\",\"isPartOf\":{\"@id\":\"https:\/\/noti-america.com\/site\/colombia\/2019\/11\/21\/paro-nacional-en-colombia-historica-jornada-de-protestas\/\"},\"author\":{\"name\":\"Ana Maria Correa\",\"@id\":\"https:\/\/noti-america.com\/site\/colombia\/#\/schema\/person\/bc58472b8ba32d08cc134078067f8b58\"},\"headline\":\"Paro Nacional en Colombia: Hist\u00f3rica jornada de protestas\",\"datePublished\":\"2019-11-21T02:55:59+00:00\",\"dateModified\":\"2019-11-21T06:56:05+00:00\",\"mainEntityOfPage\":{\"@id\":\"https:\/\/noti-america.com\/site\/colombia\/2019\/11\/21\/paro-nacional-en-colombia-historica-jornada-de-protestas\/\"},\"wordCount\":106,\"commentCount\":0,\"image\":{\"@id\":\"https:\/\/noti-america.com\/site\/colombia\/2019\/11\/21\/paro-nacional-en-colombia-historica-jornada-de-protestas\/#primaryimage\"},\"thumbnailUrl\":\"https:\/\/noti-america.com\/site\/colombia\/wp-content\/uploads\/sites\/20\/2019\/11\/109752666_tv057847874.jpg\",\"articleSection\":[\"Pol\u00edtica\"],\"inLanguage\":\"es\",\"potentialAction\":[{\"@type\":\"CommentAction\",\"name\":\"Comment\",\"target\":[\"https:\/\/noti-america.com\/site\/colombia\/2019\/11\/21\/paro-nacional-en-colombia-historica-jornada-de-protestas\/#respond\"]}]},{\"@type\":\"WebPage\",\"@id\":\"https:\/\/noti-america.com\/site\/colombia\/2019\/11\/21\/paro-nacional-en-colombia-historica-jornada-de-protestas\/\",\"url\":\"https:\/\/noti-america.com\/site\/colombia\/2019\/11\/21\/paro-nacional-en-colombia-historica-jornada-de-protestas\/\",\"name\":\"Paro Nacional en Colombia: Hist\u00f3rica jornada de protestas - Colombia | Noti-America.com\",\"isPartOf\":{\"@id\":\"https:\/\/noti-america.com\/site\/colombia\/#website\"},\"primaryImageOfPage\":{\"@id\":\"https:\/\/noti-america.com\/site\/colombia\/2019\/11\/21\/paro-nacional-en-colombia-historica-jornada-de-protestas\/#primaryimage\"},\"image\":{\"@id\":\"https:\/\/noti-america.com\/site\/colombia\/2019\/11\/21\/paro-nacional-en-colombia-historica-jornada-de-protestas\/#primaryimage\"},\"thumbnailUrl\":\"https:\/\/noti-america.com\/site\/colombia\/wp-content\/uploads\/sites\/20\/2019\/11\/109752666_tv057847874.jpg\",\"datePublished\":\"2019-11-21T02:55:59+00:00\",\"dateModified\":\"2019-11-21T06:56:05+00:00\",\"author\":{\"@id\":\"https:\/\/noti-america.com\/site\/colombia\/#\/schema\/person\/bc58472b8ba32d08cc134078067f8b58\"},\"breadcrumb\":{\"@id\":\"https:\/\/noti-america.com\/site\/colombia\/2019\/11\/21\/paro-nacional-en-colombia-historica-jornada-de-protestas\/#breadcrumb\"},\"inLanguage\":\"es\",\"potentialAction\":[{\"@type\":\"ReadAction\",\"target\":[\"https:\/\/noti-america.com\/site\/colombia\/2019\/11\/21\/paro-nacional-en-colombia-historica-jornada-de-protestas\/\"]}]},{\"@type\":\"ImageObject\",\"inLanguage\":\"es\",\"@id\":\"https:\/\/noti-america.com\/site\/colombia\/2019\/11\/21\/paro-nacional-en-colombia-historica-jornada-de-protestas\/#primaryimage\",\"url\":\"https:\/\/noti-america.com\/site\/colombia\/wp-content\/uploads\/sites\/20\/2019\/11\/109752666_tv057847874.jpg\",\"contentUrl\":\"https:\/\/noti-america.com\/site\/colombia\/wp-content\/uploads\/sites\/20\/2019\/11\/109752666_tv057847874.jpg\",\"width\":695,\"height\":390},{\"@type\":\"BreadcrumbList\",\"@id\":\"https:\/\/noti-america.com\/site\/colombia\/2019\/11\/21\/paro-nacional-en-colombia-historica-jornada-de-protestas\/#breadcrumb\",\"itemListElement\":[{\"@type\":\"ListItem\",\"position\":1,\"name\":\"Portada\",\"item\":\"https:\/\/noti-america.com\/site\/colombia\/\"},{\"@type\":\"ListItem\",\"position\":2,\"name\":\"Paro Nacional en Colombia: Hist\u00f3rica jornada de protestas\"}]},{\"@type\":\"WebSite\",\"@id\":\"https:\/\/noti-america.com\/site\/colombia\/#website\",\"url\":\"https:\/\/noti-america.com\/site\/colombia\/\",\"name\":\"Colombia | Noti-America.com\",\"description\":\"\",\"potentialAction\":[{\"@type\":\"SearchAction\",\"target\":{\"@type\":\"EntryPoint\",\"urlTemplate\":\"https:\/\/noti-america.com\/site\/colombia\/?s={search_term_string}\"},\"query-input\":{\"@type\":\"PropertyValueSpecification\",\"valueRequired\":true,\"valueName\":\"search_term_string\"}}],\"inLanguage\":\"es\"},{\"@type\":\"Person\",\"@id\":\"https:\/\/noti-america.com\/site\/colombia\/#\/schema\/person\/bc58472b8ba32d08cc134078067f8b58\",\"name\":\"Ana Maria Correa\",\"image\":{\"@type\":\"ImageObject\",\"inLanguage\":\"es\",\"@id\":\"https:\/\/secure.gravatar.com\/avatar\/6d24af21af7e834cb1f37d9c4418e69b2eed4676de4ee948a40df971d53808d3?s=96&d=mm&r=g\",\"url\":\"https:\/\/secure.gravatar.com\/avatar\/6d24af21af7e834cb1f37d9c4418e69b2eed4676de4ee948a40df971d53808d3?s=96&d=mm&r=g\",\"contentUrl\":\"https:\/\/secure.gravatar.com\/avatar\/6d24af21af7e834cb1f37d9c4418e69b2eed4676de4ee948a40df971d53808d3?s=96&d=mm&r=g\",\"caption\":\"Ana Maria Correa\"},\"description\":\"Comunicadora Social, apasionada al Periodismo Deportivo y de investigaci\u00f3n. Mi labor es realizar reportajes y entrevistas que sirvan para informar sobre la problem\u00e1tica diaria mundial.\",\"sameAs\":[\"https:\/\/www.linkedin.com\/in\/ana-mara-correa-070b2117a\/\"],\"url\":\"https:\/\/noti-america.com\/site\/colombia\/author\/acorrea\/\"}]}<\/script>\n<!-- \/ Yoast SEO Premium plugin. -->","yoast_head_json":{"title":"Paro Nacional en Colombia: Hist\u00f3rica jornada de protestas - Colombia | Noti-America.com","robots":{"index":"index","follow":"follow","max-snippet":"max-snippet:-1","max-image-preview":"max-image-preview:large","max-video-preview":"max-video-preview:-1"},"canonical":"https:\/\/noti-america.com\/site\/colombia\/2019\/11\/21\/paro-nacional-en-colombia-historica-jornada-de-protestas\/","og_locale":"es_ES","og_type":"article","og_title":"Paro Nacional en Colombia: Hist\u00f3rica jornada de protestas","og_description":"El Gobierno de Iv\u00e1n Duque, atraviesa su primer gran conflicto. Hoy jueves 21 de noviembre, masivamente, los ciudadanos colombianos estar\u00e1n en las calles para protestar por una reformas gubernamentales en el \u00e1mbito laboral y&#46;&#46;&#46;","og_url":"https:\/\/noti-america.com\/site\/colombia\/2019\/11\/21\/paro-nacional-en-colombia-historica-jornada-de-protestas\/","og_site_name":"Colombia | Noti-America.com","article_published_time":"2019-11-21T02:55:59+00:00","article_modified_time":"2019-11-21T06:56:05+00:00","og_image":[{"width":695,"height":390,"url":"https:\/\/noti-america.com\/site\/colombia\/wp-content\/uploads\/sites\/20\/2019\/11\/109752666_tv057847874.jpg","type":"image\/jpeg"}],"author":"Ana Maria Correa","twitter_card":"summary_large_image","twitter_creator":"@notiamerica","twitter_site":"@notiamerica","twitter_misc":{"Escrito por":"Ana Maria Correa"},"schema":{"@context":"https:\/\/schema.org","@graph":[{"@type":"Article","@id":"https:\/\/noti-america.com\/site\/colombia\/2019\/11\/21\/paro-nacional-en-colombia-historica-jornada-de-protestas\/#article","isPartOf":{"@id":"https:\/\/noti-america.com\/site\/colombia\/2019\/11\/21\/paro-nacional-en-colombia-historica-jornada-de-protestas\/"},"author":{"name":"Ana Maria Correa","@id":"https:\/\/noti-america.com\/site\/colombia\/#\/schema\/person\/bc58472b8ba32d08cc134078067f8b58"},"headline":"Paro Nacional en Colombia: Hist\u00f3rica jornada de protestas","datePublished":"2019-11-21T02:55:59+00:00","dateModified":"2019-11-21T06:56:05+00:00","mainEntityOfPage":{"@id":"https:\/\/noti-america.com\/site\/colombia\/2019\/11\/21\/paro-nacional-en-colombia-historica-jornada-de-protestas\/"},"wordCount":106,"commentCount":0,"image":{"@id":"https:\/\/noti-america.com\/site\/colombia\/2019\/11\/21\/paro-nacional-en-colombia-historica-jornada-de-protestas\/#primaryimage"},"thumbnailUrl":"https:\/\/noti-america.com\/site\/colombia\/wp-content\/uploads\/sites\/20\/2019\/11\/109752666_tv057847874.jpg","articleSection":["Pol\u00edtica"],"inLanguage":"es","potentialAction":[{"@type":"CommentAction","name":"Comment","target":["https:\/\/noti-america.com\/site\/colombia\/2019\/11\/21\/paro-nacional-en-colombia-historica-jornada-de-protestas\/#respond"]}]},{"@type":"WebPage","@id":"https:\/\/noti-america.com\/site\/colombia\/2019\/11\/21\/paro-nacional-en-colombia-historica-jornada-de-protestas\/","url":"https:\/\/noti-america.com\/site\/colombia\/2019\/11\/21\/paro-nacional-en-colombia-historica-jornada-de-protestas\/","name":"Paro Nacional en Colombia: Hist\u00f3rica jornada de protestas - Colombia | Noti-America.com","isPartOf":{"@id":"https:\/\/noti-america.com\/site\/colombia\/#website"},"primaryImageOfPage":{"@id":"https:\/\/noti-america.com\/site\/colombia\/2019\/11\/21\/paro-nacional-en-colombia-historica-jornada-de-protestas\/#primaryimage"},"image":{"@id":"https:\/\/noti-america.com\/site\/colombia\/2019\/11\/21\/paro-nacional-en-colombia-historica-jornada-de-protestas\/#primaryimage"},"thumbnailUrl":"https:\/\/noti-america.com\/site\/colombia\/wp-content\/uploads\/sites\/20\/2019\/11\/109752666_tv057847874.jpg","datePublished":"2019-11-21T02:55:59+00:00","dateModified":"2019-11-21T06:56:05+00:00","author":{"@id":"https:\/\/noti-america.com\/site\/colombia\/#\/schema\/person\/bc58472b8ba32d08cc134078067f8b58"},"breadcrumb":{"@id":"https:\/\/noti-america.com\/site\/colombia\/2019\/11\/21\/paro-nacional-en-colombia-historica-jornada-de-protestas\/#breadcrumb"},"inLanguage":"es","potentialAction":[{"@type":"ReadAction","target":["https:\/\/noti-america.com\/site\/colombia\/2019\/11\/21\/paro-nacional-en-colombia-historica-jornada-de-protestas\/"]}]},{"@type":"ImageObject","inLanguage":"es","@id":"https:\/\/noti-america.com\/site\/colombia\/2019\/11\/21\/paro-nacional-en-colombia-historica-jornada-de-protestas\/#primaryimage","url":"https:\/\/noti-america.com\/site\/colombia\/wp-content\/uploads\/sites\/20\/2019\/11\/109752666_tv057847874.jpg","contentUrl":"https:\/\/noti-america.com\/site\/colombia\/wp-content\/uploads\/sites\/20\/2019\/11\/109752666_tv057847874.jpg","width":695,"height":390},{"@type":"BreadcrumbList","@id":"https:\/\/noti-america.com\/site\/colombia\/2019\/11\/21\/paro-nacional-en-colombia-historica-jornada-de-protestas\/#breadcrumb","itemListElement":[{"@type":"ListItem","position":1,"name":"Portada","item":"https:\/\/noti-america.com\/site\/colombia\/"},{"@type":"ListItem","position":2,"name":"Paro Nacional en Colombia: Hist\u00f3rica jornada de protestas"}]},{"@type":"WebSite","@id":"https:\/\/noti-america.com\/site\/colombia\/#website","url":"https:\/\/noti-america.com\/site\/colombia\/","name":"Colombia | Noti-America.com","description":"","potentialAction":[{"@type":"SearchAction","target":{"@type":"EntryPoint","urlTemplate":"https:\/\/noti-america.com\/site\/colombia\/?s={search_term_string}"},"query-input":{"@type":"PropertyValueSpecification","valueRequired":true,"valueName":"search_term_string"}}],"inLanguage":"es"},{"@type":"Person","@id":"https:\/\/noti-america.com\/site\/colombia\/#\/schema\/person\/bc58472b8ba32d08cc134078067f8b58","name":"Ana Maria Correa","image":{"@type":"ImageObject","inLanguage":"es","@id":"https:\/\/secure.gravatar.com\/avatar\/6d24af21af7e834cb1f37d9c4418e69b2eed4676de4ee948a40df971d53808d3?s=96&d=mm&r=g","url":"https:\/\/secure.gravatar.com\/avatar\/6d24af21af7e834cb1f37d9c4418e69b2eed4676de4ee948a40df971d53808d3?s=96&d=mm&r=g","contentUrl":"https:\/\/secure.gravatar.com\/avatar\/6d24af21af7e834cb1f37d9c4418e69b2eed4676de4ee948a40df971d53808d3?s=96&d=mm&r=g","caption":"Ana Maria Correa"},"description":"Comunicadora Social, apasionada al Periodismo Deportivo y de investigaci\u00f3n. Mi labor es realizar reportajes y entrevistas que sirvan para informar sobre la problem\u00e1tica diaria mundial.","sameAs":["https:\/\/www.linkedin.com\/in\/ana-mara-correa-070b2117a\/"],"url":"https:\/\/noti-america.com\/site\/colombia\/author\/acorrea\/"}]}},"_links":{"self":[{"href":"https:\/\/noti-america.com\/site\/colombia\/wp-json\/wp\/v2\/posts\/3637","targetHints":{"allow":["GET"]}}],"collection":[{"href":"https:\/\/noti-america.com\/site\/colombia\/wp-json\/wp\/v2\/posts"}],"about":[{"href":"https:\/\/noti-america.com\/site\/colombia\/wp-json\/wp\/v2\/types\/post"}],"author":[{"embeddable":true,"href":"https:\/\/noti-america.com\/site\/colombia\/wp-json\/wp\/v2\/users\/55"}],"replies":[{"embeddable":true,"href":"https:\/\/noti-america.com\/site\/colombia\/wp-json\/wp\/v2\/comments?post=3637"}],"version-history":[{"count":1,"href":"https:\/\/noti-america.com\/site\/colombia\/wp-json\/wp\/v2\/posts\/3637\/revisions"}],"predecessor-version":[{"id":3639,"href":"https:\/\/noti-america.com\/site\/colombia\/wp-json\/wp\/v2\/posts\/3637\/revisions\/3639"}],"wp:featuredmedia":[{"embeddable":true,"href":"https:\/\/noti-america.com\/site\/colombia\/wp-json\/wp\/v2\/media\/3638"}],"wp:attachment":[{"href":"https:\/\/noti-america.com\/site\/colombia\/wp-json\/wp\/v2\/media?parent=3637"}],"wp:term":[{"taxonomy":"category","embeddable":true,"href":"https:\/\/noti-america.com\/site\/colombia\/wp-json\/wp\/v2\/categories?post=3637"},{"taxonomy":"post_tag","embeddable":true,"href":"https:\/\/noti-america.com\/site\/colombia\/wp-json\/wp\/v2\/tags?post=3637"}],"curies":[{"name":"wp","href":"https:\/\/api.w.org\/{rel}","templated":true}]}}