{"id":3464,"date":"2019-11-04T10:43:17","date_gmt":"2019-11-04T10:43:17","guid":{"rendered":"http:\/\/noti-america.com\/site\/colombia\/2019\/11\/04\/se-realizo-en-bogota-la-carrera-de-superheroes\/"},"modified":"2019-11-04T14:43:34","modified_gmt":"2019-11-04T14:43:34","slug":"se-realizo-en-bogota-la-carrera-de-superheroes","status":"publish","type":"post","link":"https:\/\/noti-america.com\/site\/colombia\/2019\/11\/04\/se-realizo-en-bogota-la-carrera-de-superheroes\/","title":{"rendered":"Se realiz\u00f3 en Bogot\u00e1 la carrera de superh\u00e9roes"},"content":{"rendered":"<p><img loading=\"lazy\" decoding=\"async\" class=\"size-full wp-image-3465 aligncenter\" src=\"http:\/\/noti-america.com\/site\/colombia\/colombia\/wp-content\/uploads\/sites\/20\/2019\/11\/liga-de-la-justicia-fun-run-bogota-780159.jpg\" alt=\"\" width=\"700\" height=\"450\" srcset=\"https:\/\/noti-america.com\/site\/colombia\/wp-content\/uploads\/sites\/20\/2019\/11\/liga-de-la-justicia-fun-run-bogota-780159.jpg 700w, https:\/\/noti-america.com\/site\/colombia\/wp-content\/uploads\/sites\/20\/2019\/11\/liga-de-la-justicia-fun-run-bogota-780159-300x193.jpg 300w\" sizes=\"auto, (max-width: 700px) 100vw, 700px\" \/><\/p>\n<p>Ayer domingo la carrera \u00abLiga de la Justicia Fun Run\u00bbse disput\u00f3 por primera vez en la historia en Colombia, en el Parque Sim\u00f3n Bolivar de Bogot\u00e1.<\/p>\n<p style=\"text-align: justify\">Todos los f\u00e1naticos de las historietas festejaron por todo lo alto la emblem\u00e1tica carrera vestidos de sus superh\u00e9roes favoritos como: Batman, Aquaman, La Mujer Maravilla, Superman entre otros mas.<\/p>\n<p style=\"text-align: justify\">Los capitalinos recorrieron entre 3K a 6K.<\/p>\n","protected":false},"excerpt":{"rendered":"<p>Ayer domingo la carrera \u00abLiga de la Justicia Fun Run\u00bbse disput\u00f3 por primera vez en la historia en Colombia, en el Parque Sim\u00f3n Bolivar de Bogot\u00e1. Todos los f\u00e1naticos de las historietas festejaron por&#46;&#46;&#46;<\/p>\n","protected":false},"author":55,"featured_media":3465,"comment_status":"open","ping_status":"open","sticky":false,"template":"","format":"standard","meta":{"_acf_changed":false,"om_disable_all_campaigns":false,"rop_custom_images_group":[],"rop_custom_messages_group":[],"rop_publish_now":"initial","rop_publish_now_accounts":[],"rop_publish_now_history":[],"rop_publish_now_status":"pending","_uf_show_specific_survey":0,"_uf_disable_surveys":false,"footnotes":""},"categories":[8,10],"tags":[],"class_list":["post-3464","post","type-post","status-publish","format-standard","has-post-thumbnail","hentry","category-arte-y-espectaculos","category-curiosidades"],"acf":[],"aioseo_notices":[],"yoast_head":"<!-- This site is optimized with the Yoast SEO Premium plugin v24.9 (Yoast SEO v27.2) - https:\/\/yoast.com\/product\/yoast-seo-premium-wordpress\/ -->\n<title>Se realiz\u00f3 en Bogot\u00e1 la carrera de superh\u00e9roes - Colombia | Noti-America.com<\/title>\n<meta name=\"robots\" content=\"index, follow, max-snippet:-1, max-image-preview:large, max-video-preview:-1\" \/>\n<link rel=\"canonical\" href=\"https:\/\/noti-america.com\/site\/colombia\/2019\/11\/04\/se-realizo-en-bogota-la-carrera-de-superheroes\/\" \/>\n<meta property=\"og:locale\" content=\"es_ES\" \/>\n<meta property=\"og:type\" content=\"article\" \/>\n<meta property=\"og:title\" content=\"Se realiz\u00f3 en Bogot\u00e1 la carrera de superh\u00e9roes\" \/>\n<meta property=\"og:description\" content=\"Ayer domingo la carrera \u00abLiga de la Justicia Fun Run\u00bbse disput\u00f3 por primera vez en la historia en Colombia, en el Parque Sim\u00f3n Bolivar de Bogot\u00e1. Todos los f\u00e1naticos de las historietas festejaron por&#046;&#046;&#046;\" \/>\n<meta property=\"og:url\" content=\"https:\/\/noti-america.com\/site\/colombia\/2019\/11\/04\/se-realizo-en-bogota-la-carrera-de-superheroes\/\" \/>\n<meta property=\"og:site_name\" content=\"Colombia | Noti-America.com\" \/>\n<meta property=\"article:published_time\" content=\"2019-11-04T10:43:17+00:00\" \/>\n<meta property=\"article:modified_time\" content=\"2019-11-04T14:43:34+00:00\" \/>\n<meta property=\"og:image\" content=\"https:\/\/noti-america.com\/site\/colombia\/wp-content\/uploads\/sites\/20\/2019\/11\/liga-de-la-justicia-fun-run-bogota-780159.jpg\" \/>\n\t<meta property=\"og:image:width\" content=\"700\" \/>\n\t<meta property=\"og:image:height\" content=\"450\" \/>\n\t<meta property=\"og:image:type\" content=\"image\/jpeg\" \/>\n<meta name=\"author\" content=\"Ana Maria Correa\" \/>\n<meta name=\"twitter:card\" content=\"summary_large_image\" \/>\n<meta name=\"twitter:creator\" content=\"@notiamerica\" \/>\n<meta name=\"twitter:site\" content=\"@notiamerica\" \/>\n<meta name=\"twitter:label1\" content=\"Escrito por\" \/>\n\t<meta name=\"twitter:data1\" content=\"Ana Maria Correa\" \/>\n<script type=\"application\/ld+json\" class=\"yoast-schema-graph\">{\"@context\":\"https:\/\/schema.org\",\"@graph\":[{\"@type\":\"Article\",\"@id\":\"https:\/\/noti-america.com\/site\/colombia\/2019\/11\/04\/se-realizo-en-bogota-la-carrera-de-superheroes\/#article\",\"isPartOf\":{\"@id\":\"https:\/\/noti-america.com\/site\/colombia\/2019\/11\/04\/se-realizo-en-bogota-la-carrera-de-superheroes\/\"},\"author\":{\"name\":\"Ana Maria Correa\",\"@id\":\"https:\/\/noti-america.com\/site\/colombia\/#\/schema\/person\/bc58472b8ba32d08cc134078067f8b58\"},\"headline\":\"Se realiz\u00f3 en Bogot\u00e1 la carrera de superh\u00e9roes\",\"datePublished\":\"2019-11-04T10:43:17+00:00\",\"dateModified\":\"2019-11-04T14:43:34+00:00\",\"mainEntityOfPage\":{\"@id\":\"https:\/\/noti-america.com\/site\/colombia\/2019\/11\/04\/se-realizo-en-bogota-la-carrera-de-superheroes\/\"},\"wordCount\":76,\"commentCount\":0,\"image\":{\"@id\":\"https:\/\/noti-america.com\/site\/colombia\/2019\/11\/04\/se-realizo-en-bogota-la-carrera-de-superheroes\/#primaryimage\"},\"thumbnailUrl\":\"https:\/\/noti-america.com\/site\/colombia\/wp-content\/uploads\/sites\/20\/2019\/11\/liga-de-la-justicia-fun-run-bogota-780159.jpg\",\"articleSection\":[\"Arte y Espect\u00e1culos\",\"Curiosidades\"],\"inLanguage\":\"es\",\"potentialAction\":[{\"@type\":\"CommentAction\",\"name\":\"Comment\",\"target\":[\"https:\/\/noti-america.com\/site\/colombia\/2019\/11\/04\/se-realizo-en-bogota-la-carrera-de-superheroes\/#respond\"]}]},{\"@type\":\"WebPage\",\"@id\":\"https:\/\/noti-america.com\/site\/colombia\/2019\/11\/04\/se-realizo-en-bogota-la-carrera-de-superheroes\/\",\"url\":\"https:\/\/noti-america.com\/site\/colombia\/2019\/11\/04\/se-realizo-en-bogota-la-carrera-de-superheroes\/\",\"name\":\"Se realiz\u00f3 en Bogot\u00e1 la carrera de superh\u00e9roes - Colombia | Noti-America.com\",\"isPartOf\":{\"@id\":\"https:\/\/noti-america.com\/site\/colombia\/#website\"},\"primaryImageOfPage\":{\"@id\":\"https:\/\/noti-america.com\/site\/colombia\/2019\/11\/04\/se-realizo-en-bogota-la-carrera-de-superheroes\/#primaryimage\"},\"image\":{\"@id\":\"https:\/\/noti-america.com\/site\/colombia\/2019\/11\/04\/se-realizo-en-bogota-la-carrera-de-superheroes\/#primaryimage\"},\"thumbnailUrl\":\"https:\/\/noti-america.com\/site\/colombia\/wp-content\/uploads\/sites\/20\/2019\/11\/liga-de-la-justicia-fun-run-bogota-780159.jpg\",\"datePublished\":\"2019-11-04T10:43:17+00:00\",\"dateModified\":\"2019-11-04T14:43:34+00:00\",\"author\":{\"@id\":\"https:\/\/noti-america.com\/site\/colombia\/#\/schema\/person\/bc58472b8ba32d08cc134078067f8b58\"},\"breadcrumb\":{\"@id\":\"https:\/\/noti-america.com\/site\/colombia\/2019\/11\/04\/se-realizo-en-bogota-la-carrera-de-superheroes\/#breadcrumb\"},\"inLanguage\":\"es\",\"potentialAction\":[{\"@type\":\"ReadAction\",\"target\":[\"https:\/\/noti-america.com\/site\/colombia\/2019\/11\/04\/se-realizo-en-bogota-la-carrera-de-superheroes\/\"]}]},{\"@type\":\"ImageObject\",\"inLanguage\":\"es\",\"@id\":\"https:\/\/noti-america.com\/site\/colombia\/2019\/11\/04\/se-realizo-en-bogota-la-carrera-de-superheroes\/#primaryimage\",\"url\":\"https:\/\/noti-america.com\/site\/colombia\/wp-content\/uploads\/sites\/20\/2019\/11\/liga-de-la-justicia-fun-run-bogota-780159.jpg\",\"contentUrl\":\"https:\/\/noti-america.com\/site\/colombia\/wp-content\/uploads\/sites\/20\/2019\/11\/liga-de-la-justicia-fun-run-bogota-780159.jpg\",\"width\":700,\"height\":450},{\"@type\":\"BreadcrumbList\",\"@id\":\"https:\/\/noti-america.com\/site\/colombia\/2019\/11\/04\/se-realizo-en-bogota-la-carrera-de-superheroes\/#breadcrumb\",\"itemListElement\":[{\"@type\":\"ListItem\",\"position\":1,\"name\":\"Portada\",\"item\":\"https:\/\/noti-america.com\/site\/colombia\/\"},{\"@type\":\"ListItem\",\"position\":2,\"name\":\"Se realiz\u00f3 en Bogot\u00e1 la carrera de superh\u00e9roes\"}]},{\"@type\":\"WebSite\",\"@id\":\"https:\/\/noti-america.com\/site\/colombia\/#website\",\"url\":\"https:\/\/noti-america.com\/site\/colombia\/\",\"name\":\"Colombia | Noti-America.com\",\"description\":\"\",\"potentialAction\":[{\"@type\":\"SearchAction\",\"target\":{\"@type\":\"EntryPoint\",\"urlTemplate\":\"https:\/\/noti-america.com\/site\/colombia\/?s={search_term_string}\"},\"query-input\":{\"@type\":\"PropertyValueSpecification\",\"valueRequired\":true,\"valueName\":\"search_term_string\"}}],\"inLanguage\":\"es\"},{\"@type\":\"Person\",\"@id\":\"https:\/\/noti-america.com\/site\/colombia\/#\/schema\/person\/bc58472b8ba32d08cc134078067f8b58\",\"name\":\"Ana Maria Correa\",\"image\":{\"@type\":\"ImageObject\",\"inLanguage\":\"es\",\"@id\":\"https:\/\/secure.gravatar.com\/avatar\/6d24af21af7e834cb1f37d9c4418e69b2eed4676de4ee948a40df971d53808d3?s=96&d=mm&r=g\",\"url\":\"https:\/\/secure.gravatar.com\/avatar\/6d24af21af7e834cb1f37d9c4418e69b2eed4676de4ee948a40df971d53808d3?s=96&d=mm&r=g\",\"contentUrl\":\"https:\/\/secure.gravatar.com\/avatar\/6d24af21af7e834cb1f37d9c4418e69b2eed4676de4ee948a40df971d53808d3?s=96&d=mm&r=g\",\"caption\":\"Ana Maria Correa\"},\"description\":\"Comunicadora Social, apasionada al Periodismo Deportivo y de investigaci\u00f3n. Mi labor es realizar reportajes y entrevistas que sirvan para informar sobre la problem\u00e1tica diaria mundial.\",\"sameAs\":[\"https:\/\/www.linkedin.com\/in\/ana-mara-correa-070b2117a\/\"],\"url\":\"https:\/\/noti-america.com\/site\/colombia\/author\/acorrea\/\"}]}<\/script>\n<!-- \/ Yoast SEO Premium plugin. -->","yoast_head_json":{"title":"Se realiz\u00f3 en Bogot\u00e1 la carrera de superh\u00e9roes - Colombia | Noti-America.com","robots":{"index":"index","follow":"follow","max-snippet":"max-snippet:-1","max-image-preview":"max-image-preview:large","max-video-preview":"max-video-preview:-1"},"canonical":"https:\/\/noti-america.com\/site\/colombia\/2019\/11\/04\/se-realizo-en-bogota-la-carrera-de-superheroes\/","og_locale":"es_ES","og_type":"article","og_title":"Se realiz\u00f3 en Bogot\u00e1 la carrera de superh\u00e9roes","og_description":"Ayer domingo la carrera \u00abLiga de la Justicia Fun Run\u00bbse disput\u00f3 por primera vez en la historia en Colombia, en el Parque Sim\u00f3n Bolivar de Bogot\u00e1. Todos los f\u00e1naticos de las historietas festejaron por&#46;&#46;&#46;","og_url":"https:\/\/noti-america.com\/site\/colombia\/2019\/11\/04\/se-realizo-en-bogota-la-carrera-de-superheroes\/","og_site_name":"Colombia | Noti-America.com","article_published_time":"2019-11-04T10:43:17+00:00","article_modified_time":"2019-11-04T14:43:34+00:00","og_image":[{"width":700,"height":450,"url":"https:\/\/noti-america.com\/site\/colombia\/wp-content\/uploads\/sites\/20\/2019\/11\/liga-de-la-justicia-fun-run-bogota-780159.jpg","type":"image\/jpeg"}],"author":"Ana Maria Correa","twitter_card":"summary_large_image","twitter_creator":"@notiamerica","twitter_site":"@notiamerica","twitter_misc":{"Escrito por":"Ana Maria Correa"},"schema":{"@context":"https:\/\/schema.org","@graph":[{"@type":"Article","@id":"https:\/\/noti-america.com\/site\/colombia\/2019\/11\/04\/se-realizo-en-bogota-la-carrera-de-superheroes\/#article","isPartOf":{"@id":"https:\/\/noti-america.com\/site\/colombia\/2019\/11\/04\/se-realizo-en-bogota-la-carrera-de-superheroes\/"},"author":{"name":"Ana Maria Correa","@id":"https:\/\/noti-america.com\/site\/colombia\/#\/schema\/person\/bc58472b8ba32d08cc134078067f8b58"},"headline":"Se realiz\u00f3 en Bogot\u00e1 la carrera de superh\u00e9roes","datePublished":"2019-11-04T10:43:17+00:00","dateModified":"2019-11-04T14:43:34+00:00","mainEntityOfPage":{"@id":"https:\/\/noti-america.com\/site\/colombia\/2019\/11\/04\/se-realizo-en-bogota-la-carrera-de-superheroes\/"},"wordCount":76,"commentCount":0,"image":{"@id":"https:\/\/noti-america.com\/site\/colombia\/2019\/11\/04\/se-realizo-en-bogota-la-carrera-de-superheroes\/#primaryimage"},"thumbnailUrl":"https:\/\/noti-america.com\/site\/colombia\/wp-content\/uploads\/sites\/20\/2019\/11\/liga-de-la-justicia-fun-run-bogota-780159.jpg","articleSection":["Arte y Espect\u00e1culos","Curiosidades"],"inLanguage":"es","potentialAction":[{"@type":"CommentAction","name":"Comment","target":["https:\/\/noti-america.com\/site\/colombia\/2019\/11\/04\/se-realizo-en-bogota-la-carrera-de-superheroes\/#respond"]}]},{"@type":"WebPage","@id":"https:\/\/noti-america.com\/site\/colombia\/2019\/11\/04\/se-realizo-en-bogota-la-carrera-de-superheroes\/","url":"https:\/\/noti-america.com\/site\/colombia\/2019\/11\/04\/se-realizo-en-bogota-la-carrera-de-superheroes\/","name":"Se realiz\u00f3 en Bogot\u00e1 la carrera de superh\u00e9roes - Colombia | Noti-America.com","isPartOf":{"@id":"https:\/\/noti-america.com\/site\/colombia\/#website"},"primaryImageOfPage":{"@id":"https:\/\/noti-america.com\/site\/colombia\/2019\/11\/04\/se-realizo-en-bogota-la-carrera-de-superheroes\/#primaryimage"},"image":{"@id":"https:\/\/noti-america.com\/site\/colombia\/2019\/11\/04\/se-realizo-en-bogota-la-carrera-de-superheroes\/#primaryimage"},"thumbnailUrl":"https:\/\/noti-america.com\/site\/colombia\/wp-content\/uploads\/sites\/20\/2019\/11\/liga-de-la-justicia-fun-run-bogota-780159.jpg","datePublished":"2019-11-04T10:43:17+00:00","dateModified":"2019-11-04T14:43:34+00:00","author":{"@id":"https:\/\/noti-america.com\/site\/colombia\/#\/schema\/person\/bc58472b8ba32d08cc134078067f8b58"},"breadcrumb":{"@id":"https:\/\/noti-america.com\/site\/colombia\/2019\/11\/04\/se-realizo-en-bogota-la-carrera-de-superheroes\/#breadcrumb"},"inLanguage":"es","potentialAction":[{"@type":"ReadAction","target":["https:\/\/noti-america.com\/site\/colombia\/2019\/11\/04\/se-realizo-en-bogota-la-carrera-de-superheroes\/"]}]},{"@type":"ImageObject","inLanguage":"es","@id":"https:\/\/noti-america.com\/site\/colombia\/2019\/11\/04\/se-realizo-en-bogota-la-carrera-de-superheroes\/#primaryimage","url":"https:\/\/noti-america.com\/site\/colombia\/wp-content\/uploads\/sites\/20\/2019\/11\/liga-de-la-justicia-fun-run-bogota-780159.jpg","contentUrl":"https:\/\/noti-america.com\/site\/colombia\/wp-content\/uploads\/sites\/20\/2019\/11\/liga-de-la-justicia-fun-run-bogota-780159.jpg","width":700,"height":450},{"@type":"BreadcrumbList","@id":"https:\/\/noti-america.com\/site\/colombia\/2019\/11\/04\/se-realizo-en-bogota-la-carrera-de-superheroes\/#breadcrumb","itemListElement":[{"@type":"ListItem","position":1,"name":"Portada","item":"https:\/\/noti-america.com\/site\/colombia\/"},{"@type":"ListItem","position":2,"name":"Se realiz\u00f3 en Bogot\u00e1 la carrera de superh\u00e9roes"}]},{"@type":"WebSite","@id":"https:\/\/noti-america.com\/site\/colombia\/#website","url":"https:\/\/noti-america.com\/site\/colombia\/","name":"Colombia | Noti-America.com","description":"","potentialAction":[{"@type":"SearchAction","target":{"@type":"EntryPoint","urlTemplate":"https:\/\/noti-america.com\/site\/colombia\/?s={search_term_string}"},"query-input":{"@type":"PropertyValueSpecification","valueRequired":true,"valueName":"search_term_string"}}],"inLanguage":"es"},{"@type":"Person","@id":"https:\/\/noti-america.com\/site\/colombia\/#\/schema\/person\/bc58472b8ba32d08cc134078067f8b58","name":"Ana Maria Correa","image":{"@type":"ImageObject","inLanguage":"es","@id":"https:\/\/secure.gravatar.com\/avatar\/6d24af21af7e834cb1f37d9c4418e69b2eed4676de4ee948a40df971d53808d3?s=96&d=mm&r=g","url":"https:\/\/secure.gravatar.com\/avatar\/6d24af21af7e834cb1f37d9c4418e69b2eed4676de4ee948a40df971d53808d3?s=96&d=mm&r=g","contentUrl":"https:\/\/secure.gravatar.com\/avatar\/6d24af21af7e834cb1f37d9c4418e69b2eed4676de4ee948a40df971d53808d3?s=96&d=mm&r=g","caption":"Ana Maria Correa"},"description":"Comunicadora Social, apasionada al Periodismo Deportivo y de investigaci\u00f3n. Mi labor es realizar reportajes y entrevistas que sirvan para informar sobre la problem\u00e1tica diaria mundial.","sameAs":["https:\/\/www.linkedin.com\/in\/ana-mara-correa-070b2117a\/"],"url":"https:\/\/noti-america.com\/site\/colombia\/author\/acorrea\/"}]}},"_links":{"self":[{"href":"https:\/\/noti-america.com\/site\/colombia\/wp-json\/wp\/v2\/posts\/3464","targetHints":{"allow":["GET"]}}],"collection":[{"href":"https:\/\/noti-america.com\/site\/colombia\/wp-json\/wp\/v2\/posts"}],"about":[{"href":"https:\/\/noti-america.com\/site\/colombia\/wp-json\/wp\/v2\/types\/post"}],"author":[{"embeddable":true,"href":"https:\/\/noti-america.com\/site\/colombia\/wp-json\/wp\/v2\/users\/55"}],"replies":[{"embeddable":true,"href":"https:\/\/noti-america.com\/site\/colombia\/wp-json\/wp\/v2\/comments?post=3464"}],"version-history":[{"count":1,"href":"https:\/\/noti-america.com\/site\/colombia\/wp-json\/wp\/v2\/posts\/3464\/revisions"}],"predecessor-version":[{"id":3466,"href":"https:\/\/noti-america.com\/site\/colombia\/wp-json\/wp\/v2\/posts\/3464\/revisions\/3466"}],"wp:featuredmedia":[{"embeddable":true,"href":"https:\/\/noti-america.com\/site\/colombia\/wp-json\/wp\/v2\/media\/3465"}],"wp:attachment":[{"href":"https:\/\/noti-america.com\/site\/colombia\/wp-json\/wp\/v2\/media?parent=3464"}],"wp:term":[{"taxonomy":"category","embeddable":true,"href":"https:\/\/noti-america.com\/site\/colombia\/wp-json\/wp\/v2\/categories?post=3464"},{"taxonomy":"post_tag","embeddable":true,"href":"https:\/\/noti-america.com\/site\/colombia\/wp-json\/wp\/v2\/tags?post=3464"}],"curies":[{"name":"wp","href":"https:\/\/api.w.org\/{rel}","templated":true}]}}