{"id":3434,"date":"2019-11-02T03:01:51","date_gmt":"2019-11-02T03:01:51","guid":{"rendered":"http:\/\/noti-america.com\/site\/colombia\/2019\/11\/02\/mas-futuro-que-pasado-es-el-nuevo-albun-de-juanes\/"},"modified":"2019-11-02T07:02:02","modified_gmt":"2019-11-02T07:02:02","slug":"mas-futuro-que-pasado-es-el-nuevo-albun-de-juanes","status":"publish","type":"post","link":"https:\/\/noti-america.com\/site\/colombia\/2019\/11\/02\/mas-futuro-que-pasado-es-el-nuevo-albun-de-juanes\/","title":{"rendered":"&#171;M\u00e1s futuro que pasado&#187; es el nuevo alb\u00fan de Juanes"},"content":{"rendered":"<p><img loading=\"lazy\" decoding=\"async\" class=\"size-full wp-image-3435 aligncenter\" src=\"http:\/\/noti-america.com\/site\/colombia\/colombia\/wp-content\/uploads\/sites\/20\/2019\/11\/imagen.jpeg.jpg\" alt=\"\" width=\"600\" height=\"400\" srcset=\"https:\/\/noti-america.com\/site\/colombia\/wp-content\/uploads\/sites\/20\/2019\/11\/imagen.jpeg.jpg 600w, https:\/\/noti-america.com\/site\/colombia\/wp-content\/uploads\/sites\/20\/2019\/11\/imagen.jpeg-300x200.jpg 300w, https:\/\/noti-america.com\/site\/colombia\/wp-content\/uploads\/sites\/20\/2019\/11\/imagen.jpeg-272x182.jpg 272w\" sizes=\"auto, (max-width: 600px) 100vw, 600px\" \/><\/p>\n<p style=\"text-align: justify\">El cantante colombiano anunci\u00f3 en un concierto en Per\u00fa el lanzamiento de su nuevo \u00e1lbum titulado \u201cM\u00e1s futuro que pasado\u201d, que se estrenar\u00e1 el pr\u00f3ximo 22 de noviembre.<\/p>\n<p style=\"text-align: justify\">Juanes fucionar\u00e1 diferentes sonidos en este nuevo alb\u00fan como la cumbia, el vallenato y la mezcla tropical.<\/p>\n<p style=\"text-align: justify\">Esta entrega discogr\u00e1fica ser\u00e1 la continuaci\u00f3n del alb\u00fan del a\u00f1o 2017 \u00abMis planes son amarte\u00bb.<\/p>\n","protected":false},"excerpt":{"rendered":"<p>El cantante colombiano anunci\u00f3 en un concierto en Per\u00fa el lanzamiento de su nuevo \u00e1lbum titulado \u201cM\u00e1s futuro que pasado\u201d, que se estrenar\u00e1 el pr\u00f3ximo 22 de noviembre. Juanes fucionar\u00e1 diferentes sonidos en este&#46;&#46;&#46;<\/p>\n","protected":false},"author":55,"featured_media":3435,"comment_status":"open","ping_status":"open","sticky":false,"template":"","format":"standard","meta":{"_acf_changed":false,"om_disable_all_campaigns":false,"rop_custom_images_group":[],"rop_custom_messages_group":[],"rop_publish_now":"initial","rop_publish_now_accounts":[],"rop_publish_now_history":[],"rop_publish_now_status":"pending","_uf_show_specific_survey":0,"_uf_disable_surveys":false,"footnotes":""},"categories":[8],"tags":[],"class_list":["post-3434","post","type-post","status-publish","format-standard","has-post-thumbnail","hentry","category-arte-y-espectaculos"],"acf":[],"aioseo_notices":[],"yoast_head":"<!-- This site is optimized with the Yoast SEO Premium plugin v24.9 (Yoast SEO v27.2) - https:\/\/yoast.com\/product\/yoast-seo-premium-wordpress\/ -->\n<title>&#171;M\u00e1s futuro que pasado&#187; es el nuevo alb\u00fan de Juanes - Colombia | Noti-America.com<\/title>\n<meta name=\"robots\" content=\"index, follow, max-snippet:-1, max-image-preview:large, max-video-preview:-1\" \/>\n<link rel=\"canonical\" href=\"https:\/\/noti-america.com\/site\/colombia\/2019\/11\/02\/mas-futuro-que-pasado-es-el-nuevo-albun-de-juanes\/\" \/>\n<meta property=\"og:locale\" content=\"es_ES\" \/>\n<meta property=\"og:type\" content=\"article\" \/>\n<meta property=\"og:title\" content=\"&#171;M\u00e1s futuro que pasado&#187; es el nuevo alb\u00fan de Juanes\" \/>\n<meta property=\"og:description\" content=\"El cantante colombiano anunci\u00f3 en un concierto en Per\u00fa el lanzamiento de su nuevo \u00e1lbum titulado \u201cM\u00e1s futuro que pasado\u201d, que se estrenar\u00e1 el pr\u00f3ximo 22 de noviembre. Juanes fucionar\u00e1 diferentes sonidos en este&#046;&#046;&#046;\" \/>\n<meta property=\"og:url\" content=\"https:\/\/noti-america.com\/site\/colombia\/2019\/11\/02\/mas-futuro-que-pasado-es-el-nuevo-albun-de-juanes\/\" \/>\n<meta property=\"og:site_name\" content=\"Colombia | Noti-America.com\" \/>\n<meta property=\"article:published_time\" content=\"2019-11-02T03:01:51+00:00\" \/>\n<meta property=\"article:modified_time\" content=\"2019-11-02T07:02:02+00:00\" \/>\n<meta property=\"og:image\" content=\"https:\/\/noti-america.com\/site\/colombia\/wp-content\/uploads\/sites\/20\/2019\/11\/imagen.jpeg.jpg\" \/>\n\t<meta property=\"og:image:width\" content=\"600\" \/>\n\t<meta property=\"og:image:height\" content=\"400\" \/>\n\t<meta property=\"og:image:type\" content=\"image\/jpeg\" \/>\n<meta name=\"author\" content=\"Ana Maria Correa\" \/>\n<meta name=\"twitter:card\" content=\"summary_large_image\" \/>\n<meta name=\"twitter:creator\" content=\"@notiamerica\" \/>\n<meta name=\"twitter:site\" content=\"@notiamerica\" \/>\n<meta name=\"twitter:label1\" content=\"Escrito por\" \/>\n\t<meta name=\"twitter:data1\" content=\"Ana Maria Correa\" \/>\n<script type=\"application\/ld+json\" class=\"yoast-schema-graph\">{\"@context\":\"https:\/\/schema.org\",\"@graph\":[{\"@type\":\"Article\",\"@id\":\"https:\/\/noti-america.com\/site\/colombia\/2019\/11\/02\/mas-futuro-que-pasado-es-el-nuevo-albun-de-juanes\/#article\",\"isPartOf\":{\"@id\":\"https:\/\/noti-america.com\/site\/colombia\/2019\/11\/02\/mas-futuro-que-pasado-es-el-nuevo-albun-de-juanes\/\"},\"author\":{\"name\":\"Ana Maria Correa\",\"@id\":\"https:\/\/noti-america.com\/site\/colombia\/#\/schema\/person\/bc58472b8ba32d08cc134078067f8b58\"},\"headline\":\"&#171;M\u00e1s futuro que pasado&#187; es el nuevo alb\u00fan de Juanes\",\"datePublished\":\"2019-11-02T03:01:51+00:00\",\"dateModified\":\"2019-11-02T07:02:02+00:00\",\"mainEntityOfPage\":{\"@id\":\"https:\/\/noti-america.com\/site\/colombia\/2019\/11\/02\/mas-futuro-que-pasado-es-el-nuevo-albun-de-juanes\/\"},\"wordCount\":77,\"commentCount\":0,\"image\":{\"@id\":\"https:\/\/noti-america.com\/site\/colombia\/2019\/11\/02\/mas-futuro-que-pasado-es-el-nuevo-albun-de-juanes\/#primaryimage\"},\"thumbnailUrl\":\"https:\/\/noti-america.com\/site\/colombia\/wp-content\/uploads\/sites\/20\/2019\/11\/imagen.jpeg.jpg\",\"articleSection\":[\"Arte y Espect\u00e1culos\"],\"inLanguage\":\"es\",\"potentialAction\":[{\"@type\":\"CommentAction\",\"name\":\"Comment\",\"target\":[\"https:\/\/noti-america.com\/site\/colombia\/2019\/11\/02\/mas-futuro-que-pasado-es-el-nuevo-albun-de-juanes\/#respond\"]}]},{\"@type\":\"WebPage\",\"@id\":\"https:\/\/noti-america.com\/site\/colombia\/2019\/11\/02\/mas-futuro-que-pasado-es-el-nuevo-albun-de-juanes\/\",\"url\":\"https:\/\/noti-america.com\/site\/colombia\/2019\/11\/02\/mas-futuro-que-pasado-es-el-nuevo-albun-de-juanes\/\",\"name\":\"&#171;M\u00e1s futuro que pasado&#187; es el nuevo alb\u00fan de Juanes - Colombia | Noti-America.com\",\"isPartOf\":{\"@id\":\"https:\/\/noti-america.com\/site\/colombia\/#website\"},\"primaryImageOfPage\":{\"@id\":\"https:\/\/noti-america.com\/site\/colombia\/2019\/11\/02\/mas-futuro-que-pasado-es-el-nuevo-albun-de-juanes\/#primaryimage\"},\"image\":{\"@id\":\"https:\/\/noti-america.com\/site\/colombia\/2019\/11\/02\/mas-futuro-que-pasado-es-el-nuevo-albun-de-juanes\/#primaryimage\"},\"thumbnailUrl\":\"https:\/\/noti-america.com\/site\/colombia\/wp-content\/uploads\/sites\/20\/2019\/11\/imagen.jpeg.jpg\",\"datePublished\":\"2019-11-02T03:01:51+00:00\",\"dateModified\":\"2019-11-02T07:02:02+00:00\",\"author\":{\"@id\":\"https:\/\/noti-america.com\/site\/colombia\/#\/schema\/person\/bc58472b8ba32d08cc134078067f8b58\"},\"breadcrumb\":{\"@id\":\"https:\/\/noti-america.com\/site\/colombia\/2019\/11\/02\/mas-futuro-que-pasado-es-el-nuevo-albun-de-juanes\/#breadcrumb\"},\"inLanguage\":\"es\",\"potentialAction\":[{\"@type\":\"ReadAction\",\"target\":[\"https:\/\/noti-america.com\/site\/colombia\/2019\/11\/02\/mas-futuro-que-pasado-es-el-nuevo-albun-de-juanes\/\"]}]},{\"@type\":\"ImageObject\",\"inLanguage\":\"es\",\"@id\":\"https:\/\/noti-america.com\/site\/colombia\/2019\/11\/02\/mas-futuro-que-pasado-es-el-nuevo-albun-de-juanes\/#primaryimage\",\"url\":\"https:\/\/noti-america.com\/site\/colombia\/wp-content\/uploads\/sites\/20\/2019\/11\/imagen.jpeg.jpg\",\"contentUrl\":\"https:\/\/noti-america.com\/site\/colombia\/wp-content\/uploads\/sites\/20\/2019\/11\/imagen.jpeg.jpg\",\"width\":600,\"height\":400},{\"@type\":\"BreadcrumbList\",\"@id\":\"https:\/\/noti-america.com\/site\/colombia\/2019\/11\/02\/mas-futuro-que-pasado-es-el-nuevo-albun-de-juanes\/#breadcrumb\",\"itemListElement\":[{\"@type\":\"ListItem\",\"position\":1,\"name\":\"Portada\",\"item\":\"https:\/\/noti-america.com\/site\/colombia\/\"},{\"@type\":\"ListItem\",\"position\":2,\"name\":\"&#171;M\u00e1s futuro que pasado&#187; es el nuevo alb\u00fan de Juanes\"}]},{\"@type\":\"WebSite\",\"@id\":\"https:\/\/noti-america.com\/site\/colombia\/#website\",\"url\":\"https:\/\/noti-america.com\/site\/colombia\/\",\"name\":\"Colombia | Noti-America.com\",\"description\":\"\",\"potentialAction\":[{\"@type\":\"SearchAction\",\"target\":{\"@type\":\"EntryPoint\",\"urlTemplate\":\"https:\/\/noti-america.com\/site\/colombia\/?s={search_term_string}\"},\"query-input\":{\"@type\":\"PropertyValueSpecification\",\"valueRequired\":true,\"valueName\":\"search_term_string\"}}],\"inLanguage\":\"es\"},{\"@type\":\"Person\",\"@id\":\"https:\/\/noti-america.com\/site\/colombia\/#\/schema\/person\/bc58472b8ba32d08cc134078067f8b58\",\"name\":\"Ana Maria Correa\",\"image\":{\"@type\":\"ImageObject\",\"inLanguage\":\"es\",\"@id\":\"https:\/\/secure.gravatar.com\/avatar\/6d24af21af7e834cb1f37d9c4418e69b2eed4676de4ee948a40df971d53808d3?s=96&d=mm&r=g\",\"url\":\"https:\/\/secure.gravatar.com\/avatar\/6d24af21af7e834cb1f37d9c4418e69b2eed4676de4ee948a40df971d53808d3?s=96&d=mm&r=g\",\"contentUrl\":\"https:\/\/secure.gravatar.com\/avatar\/6d24af21af7e834cb1f37d9c4418e69b2eed4676de4ee948a40df971d53808d3?s=96&d=mm&r=g\",\"caption\":\"Ana Maria Correa\"},\"description\":\"Comunicadora Social, apasionada al Periodismo Deportivo y de investigaci\u00f3n. Mi labor es realizar reportajes y entrevistas que sirvan para informar sobre la problem\u00e1tica diaria mundial.\",\"sameAs\":[\"https:\/\/www.linkedin.com\/in\/ana-mara-correa-070b2117a\/\"],\"url\":\"https:\/\/noti-america.com\/site\/colombia\/author\/acorrea\/\"}]}<\/script>\n<!-- \/ Yoast SEO Premium plugin. -->","yoast_head_json":{"title":"&#171;M\u00e1s futuro que pasado&#187; es el nuevo alb\u00fan de Juanes - Colombia | Noti-America.com","robots":{"index":"index","follow":"follow","max-snippet":"max-snippet:-1","max-image-preview":"max-image-preview:large","max-video-preview":"max-video-preview:-1"},"canonical":"https:\/\/noti-america.com\/site\/colombia\/2019\/11\/02\/mas-futuro-que-pasado-es-el-nuevo-albun-de-juanes\/","og_locale":"es_ES","og_type":"article","og_title":"&#171;M\u00e1s futuro que pasado&#187; es el nuevo alb\u00fan de Juanes","og_description":"El cantante colombiano anunci\u00f3 en un concierto en Per\u00fa el lanzamiento de su nuevo \u00e1lbum titulado \u201cM\u00e1s futuro que pasado\u201d, que se estrenar\u00e1 el pr\u00f3ximo 22 de noviembre. Juanes fucionar\u00e1 diferentes sonidos en este&#46;&#46;&#46;","og_url":"https:\/\/noti-america.com\/site\/colombia\/2019\/11\/02\/mas-futuro-que-pasado-es-el-nuevo-albun-de-juanes\/","og_site_name":"Colombia | Noti-America.com","article_published_time":"2019-11-02T03:01:51+00:00","article_modified_time":"2019-11-02T07:02:02+00:00","og_image":[{"width":600,"height":400,"url":"https:\/\/noti-america.com\/site\/colombia\/wp-content\/uploads\/sites\/20\/2019\/11\/imagen.jpeg.jpg","type":"image\/jpeg"}],"author":"Ana Maria Correa","twitter_card":"summary_large_image","twitter_creator":"@notiamerica","twitter_site":"@notiamerica","twitter_misc":{"Escrito por":"Ana Maria Correa"},"schema":{"@context":"https:\/\/schema.org","@graph":[{"@type":"Article","@id":"https:\/\/noti-america.com\/site\/colombia\/2019\/11\/02\/mas-futuro-que-pasado-es-el-nuevo-albun-de-juanes\/#article","isPartOf":{"@id":"https:\/\/noti-america.com\/site\/colombia\/2019\/11\/02\/mas-futuro-que-pasado-es-el-nuevo-albun-de-juanes\/"},"author":{"name":"Ana Maria Correa","@id":"https:\/\/noti-america.com\/site\/colombia\/#\/schema\/person\/bc58472b8ba32d08cc134078067f8b58"},"headline":"&#171;M\u00e1s futuro que pasado&#187; es el nuevo alb\u00fan de Juanes","datePublished":"2019-11-02T03:01:51+00:00","dateModified":"2019-11-02T07:02:02+00:00","mainEntityOfPage":{"@id":"https:\/\/noti-america.com\/site\/colombia\/2019\/11\/02\/mas-futuro-que-pasado-es-el-nuevo-albun-de-juanes\/"},"wordCount":77,"commentCount":0,"image":{"@id":"https:\/\/noti-america.com\/site\/colombia\/2019\/11\/02\/mas-futuro-que-pasado-es-el-nuevo-albun-de-juanes\/#primaryimage"},"thumbnailUrl":"https:\/\/noti-america.com\/site\/colombia\/wp-content\/uploads\/sites\/20\/2019\/11\/imagen.jpeg.jpg","articleSection":["Arte y Espect\u00e1culos"],"inLanguage":"es","potentialAction":[{"@type":"CommentAction","name":"Comment","target":["https:\/\/noti-america.com\/site\/colombia\/2019\/11\/02\/mas-futuro-que-pasado-es-el-nuevo-albun-de-juanes\/#respond"]}]},{"@type":"WebPage","@id":"https:\/\/noti-america.com\/site\/colombia\/2019\/11\/02\/mas-futuro-que-pasado-es-el-nuevo-albun-de-juanes\/","url":"https:\/\/noti-america.com\/site\/colombia\/2019\/11\/02\/mas-futuro-que-pasado-es-el-nuevo-albun-de-juanes\/","name":"&#171;M\u00e1s futuro que pasado&#187; es el nuevo alb\u00fan de Juanes - Colombia | Noti-America.com","isPartOf":{"@id":"https:\/\/noti-america.com\/site\/colombia\/#website"},"primaryImageOfPage":{"@id":"https:\/\/noti-america.com\/site\/colombia\/2019\/11\/02\/mas-futuro-que-pasado-es-el-nuevo-albun-de-juanes\/#primaryimage"},"image":{"@id":"https:\/\/noti-america.com\/site\/colombia\/2019\/11\/02\/mas-futuro-que-pasado-es-el-nuevo-albun-de-juanes\/#primaryimage"},"thumbnailUrl":"https:\/\/noti-america.com\/site\/colombia\/wp-content\/uploads\/sites\/20\/2019\/11\/imagen.jpeg.jpg","datePublished":"2019-11-02T03:01:51+00:00","dateModified":"2019-11-02T07:02:02+00:00","author":{"@id":"https:\/\/noti-america.com\/site\/colombia\/#\/schema\/person\/bc58472b8ba32d08cc134078067f8b58"},"breadcrumb":{"@id":"https:\/\/noti-america.com\/site\/colombia\/2019\/11\/02\/mas-futuro-que-pasado-es-el-nuevo-albun-de-juanes\/#breadcrumb"},"inLanguage":"es","potentialAction":[{"@type":"ReadAction","target":["https:\/\/noti-america.com\/site\/colombia\/2019\/11\/02\/mas-futuro-que-pasado-es-el-nuevo-albun-de-juanes\/"]}]},{"@type":"ImageObject","inLanguage":"es","@id":"https:\/\/noti-america.com\/site\/colombia\/2019\/11\/02\/mas-futuro-que-pasado-es-el-nuevo-albun-de-juanes\/#primaryimage","url":"https:\/\/noti-america.com\/site\/colombia\/wp-content\/uploads\/sites\/20\/2019\/11\/imagen.jpeg.jpg","contentUrl":"https:\/\/noti-america.com\/site\/colombia\/wp-content\/uploads\/sites\/20\/2019\/11\/imagen.jpeg.jpg","width":600,"height":400},{"@type":"BreadcrumbList","@id":"https:\/\/noti-america.com\/site\/colombia\/2019\/11\/02\/mas-futuro-que-pasado-es-el-nuevo-albun-de-juanes\/#breadcrumb","itemListElement":[{"@type":"ListItem","position":1,"name":"Portada","item":"https:\/\/noti-america.com\/site\/colombia\/"},{"@type":"ListItem","position":2,"name":"&#171;M\u00e1s futuro que pasado&#187; es el nuevo alb\u00fan de Juanes"}]},{"@type":"WebSite","@id":"https:\/\/noti-america.com\/site\/colombia\/#website","url":"https:\/\/noti-america.com\/site\/colombia\/","name":"Colombia | Noti-America.com","description":"","potentialAction":[{"@type":"SearchAction","target":{"@type":"EntryPoint","urlTemplate":"https:\/\/noti-america.com\/site\/colombia\/?s={search_term_string}"},"query-input":{"@type":"PropertyValueSpecification","valueRequired":true,"valueName":"search_term_string"}}],"inLanguage":"es"},{"@type":"Person","@id":"https:\/\/noti-america.com\/site\/colombia\/#\/schema\/person\/bc58472b8ba32d08cc134078067f8b58","name":"Ana Maria Correa","image":{"@type":"ImageObject","inLanguage":"es","@id":"https:\/\/secure.gravatar.com\/avatar\/6d24af21af7e834cb1f37d9c4418e69b2eed4676de4ee948a40df971d53808d3?s=96&d=mm&r=g","url":"https:\/\/secure.gravatar.com\/avatar\/6d24af21af7e834cb1f37d9c4418e69b2eed4676de4ee948a40df971d53808d3?s=96&d=mm&r=g","contentUrl":"https:\/\/secure.gravatar.com\/avatar\/6d24af21af7e834cb1f37d9c4418e69b2eed4676de4ee948a40df971d53808d3?s=96&d=mm&r=g","caption":"Ana Maria Correa"},"description":"Comunicadora Social, apasionada al Periodismo Deportivo y de investigaci\u00f3n. Mi labor es realizar reportajes y entrevistas que sirvan para informar sobre la problem\u00e1tica diaria mundial.","sameAs":["https:\/\/www.linkedin.com\/in\/ana-mara-correa-070b2117a\/"],"url":"https:\/\/noti-america.com\/site\/colombia\/author\/acorrea\/"}]}},"_links":{"self":[{"href":"https:\/\/noti-america.com\/site\/colombia\/wp-json\/wp\/v2\/posts\/3434","targetHints":{"allow":["GET"]}}],"collection":[{"href":"https:\/\/noti-america.com\/site\/colombia\/wp-json\/wp\/v2\/posts"}],"about":[{"href":"https:\/\/noti-america.com\/site\/colombia\/wp-json\/wp\/v2\/types\/post"}],"author":[{"embeddable":true,"href":"https:\/\/noti-america.com\/site\/colombia\/wp-json\/wp\/v2\/users\/55"}],"replies":[{"embeddable":true,"href":"https:\/\/noti-america.com\/site\/colombia\/wp-json\/wp\/v2\/comments?post=3434"}],"version-history":[{"count":1,"href":"https:\/\/noti-america.com\/site\/colombia\/wp-json\/wp\/v2\/posts\/3434\/revisions"}],"predecessor-version":[{"id":3436,"href":"https:\/\/noti-america.com\/site\/colombia\/wp-json\/wp\/v2\/posts\/3434\/revisions\/3436"}],"wp:featuredmedia":[{"embeddable":true,"href":"https:\/\/noti-america.com\/site\/colombia\/wp-json\/wp\/v2\/media\/3435"}],"wp:attachment":[{"href":"https:\/\/noti-america.com\/site\/colombia\/wp-json\/wp\/v2\/media?parent=3434"}],"wp:term":[{"taxonomy":"category","embeddable":true,"href":"https:\/\/noti-america.com\/site\/colombia\/wp-json\/wp\/v2\/categories?post=3434"},{"taxonomy":"post_tag","embeddable":true,"href":"https:\/\/noti-america.com\/site\/colombia\/wp-json\/wp\/v2\/tags?post=3434"}],"curies":[{"name":"wp","href":"https:\/\/api.w.org\/{rel}","templated":true}]}}