{"id":3391,"date":"2019-10-28T03:41:23","date_gmt":"2019-10-28T03:41:23","guid":{"rendered":"http:\/\/noti-america.com\/site\/colombia\/2019\/10\/28\/colombianos-no-respaldaron-a-alvaro-uribe-en-las-elecciones-regionales\/"},"modified":"2019-10-28T03:41:23","modified_gmt":"2019-10-28T03:41:23","slug":"colombianos-no-respaldaron-a-alvaro-uribe-en-las-elecciones-regionales","status":"publish","type":"post","link":"https:\/\/noti-america.com\/site\/colombia\/2019\/10\/28\/colombianos-no-respaldaron-a-alvaro-uribe-en-las-elecciones-regionales\/","title":{"rendered":"Colombianos no respaldaron a \u00c1lvaro Uribe en las elecciones regionales"},"content":{"rendered":"<blockquote class=\"twitter-tweet\" data-width=\"500\" data-dnt=\"true\">\n<p lang=\"es\" dir=\"ltr\">Perdimos, reconozco la derrota con humildad. La lucha por la democracia no tiene fin.<\/p>\n<p>&mdash; \u00c1lvaro Uribe V\u00e9lez (@AlvaroUribeVel) <a href=\"https:\/\/twitter.com\/AlvaroUribeVel\/status\/1188599494633492481?ref_src=twsrc%5Etfw\">October 27, 2019<\/a><\/p><\/blockquote>\n<p><script async src=\"https:\/\/platform.twitter.com\/widgets.js\" charset=\"utf-8\"><\/script><\/p>\n<p style=\"text-align: justify\">Uribe quien lider\u00f3 el partido \u00abCentro Democr\u00e1tico\u00bb en las elecciones regionales acept\u00f3 el fracaso tras perder\u00a0 las dos alcald\u00edas m\u00e1s importantes del pa\u00eds: Bogot\u00e1 y Medell\u00edn.<\/p>\n<p style=\"text-align: justify\">Los candidatos respaldados por el expresidente se vieron superados en la tabla de votaciones.<\/p>\n<p style=\"text-align: justify\">Alfredo Ramos en Medell\u00edn contabiliz\u00f3 220.906 votos, quedando por detras de Daniel Quintero Calle, que obtuvo 293.334.<\/p>\n<p style=\"text-align: justify\">Miguel Uribe Turbay en Bogot\u00e1 sac\u00f3 un total de\u00a0 426.982 votos, pocos en comparaci\u00f3n al mas del millon de votos que la ganadora Claudia L\u00f3pez.<\/p>\n","protected":false},"excerpt":{"rendered":"<p>Uribe quien lider\u00f3 el partido \u00abCentro Democr\u00e1tico\u00bb en las elecciones regionales acept\u00f3 el fracaso tras perder\u00a0 las dos alcald\u00edas m\u00e1s importantes del pa\u00eds: Bogot\u00e1 y Medell\u00edn. Los candidatos respaldados por el expresidente se vieron&#46;&#46;&#46;<\/p>\n","protected":false},"author":55,"featured_media":3392,"comment_status":"open","ping_status":"open","sticky":false,"template":"","format":"standard","meta":{"_acf_changed":false,"om_disable_all_campaigns":false,"rop_custom_images_group":[],"rop_custom_messages_group":[],"rop_publish_now":"initial","rop_publish_now_accounts":[],"rop_publish_now_history":[],"rop_publish_now_status":"pending","_uf_show_specific_survey":0,"_uf_disable_surveys":false,"footnotes":""},"categories":[4,3],"tags":[],"class_list":["post-3391","post","type-post","status-publish","format-standard","has-post-thumbnail","hentry","category-internacionales","category-politica"],"acf":[],"aioseo_notices":[],"yoast_head":"<!-- This site is optimized with the Yoast SEO Premium plugin v24.9 (Yoast SEO v27.2) - https:\/\/yoast.com\/product\/yoast-seo-premium-wordpress\/ -->\n<title>Colombianos no respaldaron a \u00c1lvaro Uribe en las elecciones regionales - Colombia | Noti-America.com<\/title>\n<meta name=\"robots\" content=\"index, follow, max-snippet:-1, max-image-preview:large, max-video-preview:-1\" \/>\n<link rel=\"canonical\" href=\"https:\/\/noti-america.com\/site\/colombia\/2019\/10\/28\/colombianos-no-respaldaron-a-alvaro-uribe-en-las-elecciones-regionales\/\" \/>\n<meta property=\"og:locale\" content=\"es_ES\" \/>\n<meta property=\"og:type\" content=\"article\" \/>\n<meta property=\"og:title\" content=\"Colombianos no respaldaron a \u00c1lvaro Uribe en las elecciones regionales\" \/>\n<meta property=\"og:description\" content=\"Uribe quien lider\u00f3 el partido \u00abCentro Democr\u00e1tico\u00bb en las elecciones regionales acept\u00f3 el fracaso tras perder\u00a0 las dos alcald\u00edas m\u00e1s importantes del pa\u00eds: Bogot\u00e1 y Medell\u00edn. Los candidatos respaldados por el expresidente se vieron&#046;&#046;&#046;\" \/>\n<meta property=\"og:url\" content=\"https:\/\/noti-america.com\/site\/colombia\/2019\/10\/28\/colombianos-no-respaldaron-a-alvaro-uribe-en-las-elecciones-regionales\/\" \/>\n<meta property=\"og:site_name\" content=\"Colombia | Noti-America.com\" \/>\n<meta property=\"article:published_time\" content=\"2019-10-28T03:41:23+00:00\" \/>\n<meta property=\"og:image\" content=\"https:\/\/noti-america.com\/site\/colombia\/wp-content\/uploads\/sites\/20\/2019\/10\/alvaro_uribe_velez_0_0_0.jpg\" \/>\n\t<meta property=\"og:image:width\" content=\"696\" \/>\n\t<meta property=\"og:image:height\" content=\"474\" \/>\n\t<meta property=\"og:image:type\" content=\"image\/jpeg\" \/>\n<meta name=\"author\" content=\"Ana Maria Correa\" \/>\n<meta name=\"twitter:card\" content=\"summary_large_image\" \/>\n<meta name=\"twitter:creator\" content=\"@notiamerica\" \/>\n<meta name=\"twitter:site\" content=\"@notiamerica\" \/>\n<meta name=\"twitter:label1\" content=\"Escrito por\" \/>\n\t<meta name=\"twitter:data1\" content=\"Ana Maria Correa\" \/>\n<script type=\"application\/ld+json\" class=\"yoast-schema-graph\">{\"@context\":\"https:\/\/schema.org\",\"@graph\":[{\"@type\":\"Article\",\"@id\":\"https:\/\/noti-america.com\/site\/colombia\/2019\/10\/28\/colombianos-no-respaldaron-a-alvaro-uribe-en-las-elecciones-regionales\/#article\",\"isPartOf\":{\"@id\":\"https:\/\/noti-america.com\/site\/colombia\/2019\/10\/28\/colombianos-no-respaldaron-a-alvaro-uribe-en-las-elecciones-regionales\/\"},\"author\":{\"name\":\"Ana Maria Correa\",\"@id\":\"https:\/\/noti-america.com\/site\/colombia\/#\/schema\/person\/bc58472b8ba32d08cc134078067f8b58\"},\"headline\":\"Colombianos no respaldaron a \u00c1lvaro Uribe en las elecciones regionales\",\"datePublished\":\"2019-10-28T03:41:23+00:00\",\"mainEntityOfPage\":{\"@id\":\"https:\/\/noti-america.com\/site\/colombia\/2019\/10\/28\/colombianos-no-respaldaron-a-alvaro-uribe-en-las-elecciones-regionales\/\"},\"wordCount\":104,\"commentCount\":0,\"image\":{\"@id\":\"https:\/\/noti-america.com\/site\/colombia\/2019\/10\/28\/colombianos-no-respaldaron-a-alvaro-uribe-en-las-elecciones-regionales\/#primaryimage\"},\"thumbnailUrl\":\"https:\/\/noti-america.com\/site\/colombia\/wp-content\/uploads\/sites\/20\/2019\/10\/alvaro_uribe_velez_0_0_0.jpg\",\"articleSection\":[\"Internacionales\",\"Pol\u00edtica\"],\"inLanguage\":\"es\",\"potentialAction\":[{\"@type\":\"CommentAction\",\"name\":\"Comment\",\"target\":[\"https:\/\/noti-america.com\/site\/colombia\/2019\/10\/28\/colombianos-no-respaldaron-a-alvaro-uribe-en-las-elecciones-regionales\/#respond\"]}]},{\"@type\":\"WebPage\",\"@id\":\"https:\/\/noti-america.com\/site\/colombia\/2019\/10\/28\/colombianos-no-respaldaron-a-alvaro-uribe-en-las-elecciones-regionales\/\",\"url\":\"https:\/\/noti-america.com\/site\/colombia\/2019\/10\/28\/colombianos-no-respaldaron-a-alvaro-uribe-en-las-elecciones-regionales\/\",\"name\":\"Colombianos no respaldaron a \u00c1lvaro Uribe en las elecciones regionales - Colombia | Noti-America.com\",\"isPartOf\":{\"@id\":\"https:\/\/noti-america.com\/site\/colombia\/#website\"},\"primaryImageOfPage\":{\"@id\":\"https:\/\/noti-america.com\/site\/colombia\/2019\/10\/28\/colombianos-no-respaldaron-a-alvaro-uribe-en-las-elecciones-regionales\/#primaryimage\"},\"image\":{\"@id\":\"https:\/\/noti-america.com\/site\/colombia\/2019\/10\/28\/colombianos-no-respaldaron-a-alvaro-uribe-en-las-elecciones-regionales\/#primaryimage\"},\"thumbnailUrl\":\"https:\/\/noti-america.com\/site\/colombia\/wp-content\/uploads\/sites\/20\/2019\/10\/alvaro_uribe_velez_0_0_0.jpg\",\"datePublished\":\"2019-10-28T03:41:23+00:00\",\"author\":{\"@id\":\"https:\/\/noti-america.com\/site\/colombia\/#\/schema\/person\/bc58472b8ba32d08cc134078067f8b58\"},\"breadcrumb\":{\"@id\":\"https:\/\/noti-america.com\/site\/colombia\/2019\/10\/28\/colombianos-no-respaldaron-a-alvaro-uribe-en-las-elecciones-regionales\/#breadcrumb\"},\"inLanguage\":\"es\",\"potentialAction\":[{\"@type\":\"ReadAction\",\"target\":[\"https:\/\/noti-america.com\/site\/colombia\/2019\/10\/28\/colombianos-no-respaldaron-a-alvaro-uribe-en-las-elecciones-regionales\/\"]}]},{\"@type\":\"ImageObject\",\"inLanguage\":\"es\",\"@id\":\"https:\/\/noti-america.com\/site\/colombia\/2019\/10\/28\/colombianos-no-respaldaron-a-alvaro-uribe-en-las-elecciones-regionales\/#primaryimage\",\"url\":\"https:\/\/noti-america.com\/site\/colombia\/wp-content\/uploads\/sites\/20\/2019\/10\/alvaro_uribe_velez_0_0_0.jpg\",\"contentUrl\":\"https:\/\/noti-america.com\/site\/colombia\/wp-content\/uploads\/sites\/20\/2019\/10\/alvaro_uribe_velez_0_0_0.jpg\",\"width\":696,\"height\":474},{\"@type\":\"BreadcrumbList\",\"@id\":\"https:\/\/noti-america.com\/site\/colombia\/2019\/10\/28\/colombianos-no-respaldaron-a-alvaro-uribe-en-las-elecciones-regionales\/#breadcrumb\",\"itemListElement\":[{\"@type\":\"ListItem\",\"position\":1,\"name\":\"Portada\",\"item\":\"https:\/\/noti-america.com\/site\/colombia\/\"},{\"@type\":\"ListItem\",\"position\":2,\"name\":\"Colombianos no respaldaron a \u00c1lvaro Uribe en las elecciones regionales\"}]},{\"@type\":\"WebSite\",\"@id\":\"https:\/\/noti-america.com\/site\/colombia\/#website\",\"url\":\"https:\/\/noti-america.com\/site\/colombia\/\",\"name\":\"Colombia | Noti-America.com\",\"description\":\"\",\"potentialAction\":[{\"@type\":\"SearchAction\",\"target\":{\"@type\":\"EntryPoint\",\"urlTemplate\":\"https:\/\/noti-america.com\/site\/colombia\/?s={search_term_string}\"},\"query-input\":{\"@type\":\"PropertyValueSpecification\",\"valueRequired\":true,\"valueName\":\"search_term_string\"}}],\"inLanguage\":\"es\"},{\"@type\":\"Person\",\"@id\":\"https:\/\/noti-america.com\/site\/colombia\/#\/schema\/person\/bc58472b8ba32d08cc134078067f8b58\",\"name\":\"Ana Maria Correa\",\"image\":{\"@type\":\"ImageObject\",\"inLanguage\":\"es\",\"@id\":\"https:\/\/secure.gravatar.com\/avatar\/6d24af21af7e834cb1f37d9c4418e69b2eed4676de4ee948a40df971d53808d3?s=96&d=mm&r=g\",\"url\":\"https:\/\/secure.gravatar.com\/avatar\/6d24af21af7e834cb1f37d9c4418e69b2eed4676de4ee948a40df971d53808d3?s=96&d=mm&r=g\",\"contentUrl\":\"https:\/\/secure.gravatar.com\/avatar\/6d24af21af7e834cb1f37d9c4418e69b2eed4676de4ee948a40df971d53808d3?s=96&d=mm&r=g\",\"caption\":\"Ana Maria Correa\"},\"description\":\"Comunicadora Social, apasionada al Periodismo Deportivo y de investigaci\u00f3n. Mi labor es realizar reportajes y entrevistas que sirvan para informar sobre la problem\u00e1tica diaria mundial.\",\"sameAs\":[\"https:\/\/www.linkedin.com\/in\/ana-mara-correa-070b2117a\/\"],\"url\":\"https:\/\/noti-america.com\/site\/colombia\/author\/acorrea\/\"}]}<\/script>\n<!-- \/ Yoast SEO Premium plugin. -->","yoast_head_json":{"title":"Colombianos no respaldaron a \u00c1lvaro Uribe en las elecciones regionales - Colombia | Noti-America.com","robots":{"index":"index","follow":"follow","max-snippet":"max-snippet:-1","max-image-preview":"max-image-preview:large","max-video-preview":"max-video-preview:-1"},"canonical":"https:\/\/noti-america.com\/site\/colombia\/2019\/10\/28\/colombianos-no-respaldaron-a-alvaro-uribe-en-las-elecciones-regionales\/","og_locale":"es_ES","og_type":"article","og_title":"Colombianos no respaldaron a \u00c1lvaro Uribe en las elecciones regionales","og_description":"Uribe quien lider\u00f3 el partido \u00abCentro Democr\u00e1tico\u00bb en las elecciones regionales acept\u00f3 el fracaso tras perder\u00a0 las dos alcald\u00edas m\u00e1s importantes del pa\u00eds: Bogot\u00e1 y Medell\u00edn. Los candidatos respaldados por el expresidente se vieron&#46;&#46;&#46;","og_url":"https:\/\/noti-america.com\/site\/colombia\/2019\/10\/28\/colombianos-no-respaldaron-a-alvaro-uribe-en-las-elecciones-regionales\/","og_site_name":"Colombia | Noti-America.com","article_published_time":"2019-10-28T03:41:23+00:00","og_image":[{"width":696,"height":474,"url":"https:\/\/noti-america.com\/site\/colombia\/wp-content\/uploads\/sites\/20\/2019\/10\/alvaro_uribe_velez_0_0_0.jpg","type":"image\/jpeg"}],"author":"Ana Maria Correa","twitter_card":"summary_large_image","twitter_creator":"@notiamerica","twitter_site":"@notiamerica","twitter_misc":{"Escrito por":"Ana Maria Correa"},"schema":{"@context":"https:\/\/schema.org","@graph":[{"@type":"Article","@id":"https:\/\/noti-america.com\/site\/colombia\/2019\/10\/28\/colombianos-no-respaldaron-a-alvaro-uribe-en-las-elecciones-regionales\/#article","isPartOf":{"@id":"https:\/\/noti-america.com\/site\/colombia\/2019\/10\/28\/colombianos-no-respaldaron-a-alvaro-uribe-en-las-elecciones-regionales\/"},"author":{"name":"Ana Maria Correa","@id":"https:\/\/noti-america.com\/site\/colombia\/#\/schema\/person\/bc58472b8ba32d08cc134078067f8b58"},"headline":"Colombianos no respaldaron a \u00c1lvaro Uribe en las elecciones regionales","datePublished":"2019-10-28T03:41:23+00:00","mainEntityOfPage":{"@id":"https:\/\/noti-america.com\/site\/colombia\/2019\/10\/28\/colombianos-no-respaldaron-a-alvaro-uribe-en-las-elecciones-regionales\/"},"wordCount":104,"commentCount":0,"image":{"@id":"https:\/\/noti-america.com\/site\/colombia\/2019\/10\/28\/colombianos-no-respaldaron-a-alvaro-uribe-en-las-elecciones-regionales\/#primaryimage"},"thumbnailUrl":"https:\/\/noti-america.com\/site\/colombia\/wp-content\/uploads\/sites\/20\/2019\/10\/alvaro_uribe_velez_0_0_0.jpg","articleSection":["Internacionales","Pol\u00edtica"],"inLanguage":"es","potentialAction":[{"@type":"CommentAction","name":"Comment","target":["https:\/\/noti-america.com\/site\/colombia\/2019\/10\/28\/colombianos-no-respaldaron-a-alvaro-uribe-en-las-elecciones-regionales\/#respond"]}]},{"@type":"WebPage","@id":"https:\/\/noti-america.com\/site\/colombia\/2019\/10\/28\/colombianos-no-respaldaron-a-alvaro-uribe-en-las-elecciones-regionales\/","url":"https:\/\/noti-america.com\/site\/colombia\/2019\/10\/28\/colombianos-no-respaldaron-a-alvaro-uribe-en-las-elecciones-regionales\/","name":"Colombianos no respaldaron a \u00c1lvaro Uribe en las elecciones regionales - Colombia | Noti-America.com","isPartOf":{"@id":"https:\/\/noti-america.com\/site\/colombia\/#website"},"primaryImageOfPage":{"@id":"https:\/\/noti-america.com\/site\/colombia\/2019\/10\/28\/colombianos-no-respaldaron-a-alvaro-uribe-en-las-elecciones-regionales\/#primaryimage"},"image":{"@id":"https:\/\/noti-america.com\/site\/colombia\/2019\/10\/28\/colombianos-no-respaldaron-a-alvaro-uribe-en-las-elecciones-regionales\/#primaryimage"},"thumbnailUrl":"https:\/\/noti-america.com\/site\/colombia\/wp-content\/uploads\/sites\/20\/2019\/10\/alvaro_uribe_velez_0_0_0.jpg","datePublished":"2019-10-28T03:41:23+00:00","author":{"@id":"https:\/\/noti-america.com\/site\/colombia\/#\/schema\/person\/bc58472b8ba32d08cc134078067f8b58"},"breadcrumb":{"@id":"https:\/\/noti-america.com\/site\/colombia\/2019\/10\/28\/colombianos-no-respaldaron-a-alvaro-uribe-en-las-elecciones-regionales\/#breadcrumb"},"inLanguage":"es","potentialAction":[{"@type":"ReadAction","target":["https:\/\/noti-america.com\/site\/colombia\/2019\/10\/28\/colombianos-no-respaldaron-a-alvaro-uribe-en-las-elecciones-regionales\/"]}]},{"@type":"ImageObject","inLanguage":"es","@id":"https:\/\/noti-america.com\/site\/colombia\/2019\/10\/28\/colombianos-no-respaldaron-a-alvaro-uribe-en-las-elecciones-regionales\/#primaryimage","url":"https:\/\/noti-america.com\/site\/colombia\/wp-content\/uploads\/sites\/20\/2019\/10\/alvaro_uribe_velez_0_0_0.jpg","contentUrl":"https:\/\/noti-america.com\/site\/colombia\/wp-content\/uploads\/sites\/20\/2019\/10\/alvaro_uribe_velez_0_0_0.jpg","width":696,"height":474},{"@type":"BreadcrumbList","@id":"https:\/\/noti-america.com\/site\/colombia\/2019\/10\/28\/colombianos-no-respaldaron-a-alvaro-uribe-en-las-elecciones-regionales\/#breadcrumb","itemListElement":[{"@type":"ListItem","position":1,"name":"Portada","item":"https:\/\/noti-america.com\/site\/colombia\/"},{"@type":"ListItem","position":2,"name":"Colombianos no respaldaron a \u00c1lvaro Uribe en las elecciones regionales"}]},{"@type":"WebSite","@id":"https:\/\/noti-america.com\/site\/colombia\/#website","url":"https:\/\/noti-america.com\/site\/colombia\/","name":"Colombia | Noti-America.com","description":"","potentialAction":[{"@type":"SearchAction","target":{"@type":"EntryPoint","urlTemplate":"https:\/\/noti-america.com\/site\/colombia\/?s={search_term_string}"},"query-input":{"@type":"PropertyValueSpecification","valueRequired":true,"valueName":"search_term_string"}}],"inLanguage":"es"},{"@type":"Person","@id":"https:\/\/noti-america.com\/site\/colombia\/#\/schema\/person\/bc58472b8ba32d08cc134078067f8b58","name":"Ana Maria Correa","image":{"@type":"ImageObject","inLanguage":"es","@id":"https:\/\/secure.gravatar.com\/avatar\/6d24af21af7e834cb1f37d9c4418e69b2eed4676de4ee948a40df971d53808d3?s=96&d=mm&r=g","url":"https:\/\/secure.gravatar.com\/avatar\/6d24af21af7e834cb1f37d9c4418e69b2eed4676de4ee948a40df971d53808d3?s=96&d=mm&r=g","contentUrl":"https:\/\/secure.gravatar.com\/avatar\/6d24af21af7e834cb1f37d9c4418e69b2eed4676de4ee948a40df971d53808d3?s=96&d=mm&r=g","caption":"Ana Maria Correa"},"description":"Comunicadora Social, apasionada al Periodismo Deportivo y de investigaci\u00f3n. Mi labor es realizar reportajes y entrevistas que sirvan para informar sobre la problem\u00e1tica diaria mundial.","sameAs":["https:\/\/www.linkedin.com\/in\/ana-mara-correa-070b2117a\/"],"url":"https:\/\/noti-america.com\/site\/colombia\/author\/acorrea\/"}]}},"_links":{"self":[{"href":"https:\/\/noti-america.com\/site\/colombia\/wp-json\/wp\/v2\/posts\/3391","targetHints":{"allow":["GET"]}}],"collection":[{"href":"https:\/\/noti-america.com\/site\/colombia\/wp-json\/wp\/v2\/posts"}],"about":[{"href":"https:\/\/noti-america.com\/site\/colombia\/wp-json\/wp\/v2\/types\/post"}],"author":[{"embeddable":true,"href":"https:\/\/noti-america.com\/site\/colombia\/wp-json\/wp\/v2\/users\/55"}],"replies":[{"embeddable":true,"href":"https:\/\/noti-america.com\/site\/colombia\/wp-json\/wp\/v2\/comments?post=3391"}],"version-history":[{"count":0,"href":"https:\/\/noti-america.com\/site\/colombia\/wp-json\/wp\/v2\/posts\/3391\/revisions"}],"wp:featuredmedia":[{"embeddable":true,"href":"https:\/\/noti-america.com\/site\/colombia\/wp-json\/wp\/v2\/media\/3392"}],"wp:attachment":[{"href":"https:\/\/noti-america.com\/site\/colombia\/wp-json\/wp\/v2\/media?parent=3391"}],"wp:term":[{"taxonomy":"category","embeddable":true,"href":"https:\/\/noti-america.com\/site\/colombia\/wp-json\/wp\/v2\/categories?post=3391"},{"taxonomy":"post_tag","embeddable":true,"href":"https:\/\/noti-america.com\/site\/colombia\/wp-json\/wp\/v2\/tags?post=3391"}],"curies":[{"name":"wp","href":"https:\/\/api.w.org\/{rel}","templated":true}]}}