{"id":3149,"date":"2019-10-05T22:16:16","date_gmt":"2019-10-05T22:16:16","guid":{"rendered":"http:\/\/noti-america.com\/site\/colombia\/2019\/10\/05\/masivos-robos-se-registran-en-centros-comerciales-de-bogota\/"},"modified":"2019-10-06T03:16:24","modified_gmt":"2019-10-06T03:16:24","slug":"masivos-robos-se-registran-en-centros-comerciales-de-bogota","status":"publish","type":"post","link":"https:\/\/noti-america.com\/site\/colombia\/2019\/10\/05\/masivos-robos-se-registran-en-centros-comerciales-de-bogota\/","title":{"rendered":"Masivos robos se registran en Centros Comerciales de B\u00f3gota"},"content":{"rendered":"<p><img loading=\"lazy\" decoding=\"async\" class=\"aligncenter wp-image-3150 size-full\" src=\"http:\/\/noti-america.com\/site\/colombia\/colombia\/wp-content\/uploads\/sites\/20\/2019\/10\/20191005_230601.jpg\" alt=\"\" width=\"1062\" height=\"597\" srcset=\"https:\/\/noti-america.com\/site\/colombia\/wp-content\/uploads\/sites\/20\/2019\/10\/20191005_230601.jpg 1062w, https:\/\/noti-america.com\/site\/colombia\/wp-content\/uploads\/sites\/20\/2019\/10\/20191005_230601-300x169.jpg 300w, https:\/\/noti-america.com\/site\/colombia\/wp-content\/uploads\/sites\/20\/2019\/10\/20191005_230601-768x432.jpg 768w, https:\/\/noti-america.com\/site\/colombia\/wp-content\/uploads\/sites\/20\/2019\/10\/20191005_230601-1024x576.jpg 1024w\" sizes=\"auto, (max-width: 1062px) 100vw, 1062px\" \/><\/p>\n<h3 style=\"text-align: justify\">Se han venido registrando una serie de robos en diferentes comercios de B\u00f3gota.<\/h3>\n<p style=\"text-align: justify\">Centros Comerciales ubicados al Norte de la ciudad son los afectados por una delincuencia desatada.<\/p>\n<p style=\"text-align: justify\">\u00abYa no se puede venir al Centro Comercial Santa F\u00e9, me han robado la cartera en dos ocasiones, en tan s\u00f3lo 15 d\u00edas\u00bb manifest\u00f3 Margarita Ram\u00edrez a nuestro equipo.<\/p>\n<p style=\"text-align: justify\">Por otro lado, se conoci\u00f3 que propietarios de los comercios del Centro Comercial \u00abSan Padro Plaz\u00bb modificaron su horario de trabajo.<\/p>\n<p style=\"text-align: justify\">Anteriormente el Centro Comercial habr\u00eda sus puertas desde las 6 a.m hasta las 10 p.m. Luego de varios robos registrados en la localidad, los administradores establecieron un nuevo turno que va de 9 a.m a 8 p.m.<\/p>\n","protected":false},"excerpt":{"rendered":"<p>Se han venido registrando una serie de robos en diferentes comercios de B\u00f3gota. Centros Comerciales ubicados al Norte de la ciudad son los afectados por una delincuencia desatada. \u00abYa no se puede venir al&#46;&#46;&#46;<\/p>\n","protected":false},"author":55,"featured_media":3150,"comment_status":"open","ping_status":"open","sticky":false,"template":"","format":"standard","meta":{"_acf_changed":false,"om_disable_all_campaigns":false,"rop_custom_images_group":[],"rop_custom_messages_group":[],"rop_publish_now":"initial","rop_publish_now_accounts":[],"rop_publish_now_history":[],"rop_publish_now_status":"pending","_uf_show_specific_survey":0,"_uf_disable_surveys":false,"footnotes":""},"categories":[40,160],"tags":[],"class_list":["post-3149","post","type-post","status-publish","format-standard","has-post-thumbnail","hentry","category-noticias","category-seguridad"],"acf":[],"aioseo_notices":[],"yoast_head":"<!-- This site is optimized with the Yoast SEO Premium plugin v24.9 (Yoast SEO v27.2) - https:\/\/yoast.com\/product\/yoast-seo-premium-wordpress\/ -->\n<title>Masivos robos se registran en Centros Comerciales de B\u00f3gota - Colombia | Noti-America.com<\/title>\n<meta name=\"robots\" content=\"index, follow, max-snippet:-1, max-image-preview:large, max-video-preview:-1\" \/>\n<link rel=\"canonical\" href=\"https:\/\/noti-america.com\/site\/colombia\/2019\/10\/05\/masivos-robos-se-registran-en-centros-comerciales-de-bogota\/\" \/>\n<meta property=\"og:locale\" content=\"es_ES\" \/>\n<meta property=\"og:type\" content=\"article\" \/>\n<meta property=\"og:title\" content=\"Masivos robos se registran en Centros Comerciales de B\u00f3gota\" \/>\n<meta property=\"og:description\" content=\"Se han venido registrando una serie de robos en diferentes comercios de B\u00f3gota. Centros Comerciales ubicados al Norte de la ciudad son los afectados por una delincuencia desatada. \u00abYa no se puede venir al&#046;&#046;&#046;\" \/>\n<meta property=\"og:url\" content=\"https:\/\/noti-america.com\/site\/colombia\/2019\/10\/05\/masivos-robos-se-registran-en-centros-comerciales-de-bogota\/\" \/>\n<meta property=\"og:site_name\" content=\"Colombia | Noti-America.com\" \/>\n<meta property=\"article:published_time\" content=\"2019-10-05T22:16:16+00:00\" \/>\n<meta property=\"article:modified_time\" content=\"2019-10-06T03:16:24+00:00\" \/>\n<meta property=\"og:image\" content=\"https:\/\/noti-america.com\/site\/colombia\/wp-content\/uploads\/sites\/20\/2019\/10\/20191005_230601.jpg\" \/>\n\t<meta property=\"og:image:width\" content=\"1062\" \/>\n\t<meta property=\"og:image:height\" content=\"597\" \/>\n\t<meta property=\"og:image:type\" content=\"image\/jpeg\" \/>\n<meta name=\"author\" content=\"Ana Maria Correa\" \/>\n<meta name=\"twitter:card\" content=\"summary_large_image\" \/>\n<meta name=\"twitter:creator\" content=\"@notiamerica\" \/>\n<meta name=\"twitter:site\" content=\"@notiamerica\" \/>\n<meta name=\"twitter:label1\" content=\"Escrito por\" \/>\n\t<meta name=\"twitter:data1\" content=\"Ana Maria Correa\" \/>\n\t<meta name=\"twitter:label2\" content=\"Tiempo estimado de lectura\" \/>\n\t<meta name=\"twitter:data2\" content=\"1 minuto\" \/>\n<script type=\"application\/ld+json\" class=\"yoast-schema-graph\">{\"@context\":\"https:\/\/schema.org\",\"@graph\":[{\"@type\":\"Article\",\"@id\":\"https:\/\/noti-america.com\/site\/colombia\/2019\/10\/05\/masivos-robos-se-registran-en-centros-comerciales-de-bogota\/#article\",\"isPartOf\":{\"@id\":\"https:\/\/noti-america.com\/site\/colombia\/2019\/10\/05\/masivos-robos-se-registran-en-centros-comerciales-de-bogota\/\"},\"author\":{\"name\":\"Ana Maria Correa\",\"@id\":\"https:\/\/noti-america.com\/site\/colombia\/#\/schema\/person\/bc58472b8ba32d08cc134078067f8b58\"},\"headline\":\"Masivos robos se registran en Centros Comerciales de B\u00f3gota\",\"datePublished\":\"2019-10-05T22:16:16+00:00\",\"dateModified\":\"2019-10-06T03:16:24+00:00\",\"mainEntityOfPage\":{\"@id\":\"https:\/\/noti-america.com\/site\/colombia\/2019\/10\/05\/masivos-robos-se-registran-en-centros-comerciales-de-bogota\/\"},\"wordCount\":129,\"commentCount\":0,\"image\":{\"@id\":\"https:\/\/noti-america.com\/site\/colombia\/2019\/10\/05\/masivos-robos-se-registran-en-centros-comerciales-de-bogota\/#primaryimage\"},\"thumbnailUrl\":\"https:\/\/noti-america.com\/site\/colombia\/wp-content\/uploads\/sites\/20\/2019\/10\/20191005_230601.jpg\",\"articleSection\":[\"Noticias\",\"Seguridad\"],\"inLanguage\":\"es\",\"potentialAction\":[{\"@type\":\"CommentAction\",\"name\":\"Comment\",\"target\":[\"https:\/\/noti-america.com\/site\/colombia\/2019\/10\/05\/masivos-robos-se-registran-en-centros-comerciales-de-bogota\/#respond\"]}]},{\"@type\":\"WebPage\",\"@id\":\"https:\/\/noti-america.com\/site\/colombia\/2019\/10\/05\/masivos-robos-se-registran-en-centros-comerciales-de-bogota\/\",\"url\":\"https:\/\/noti-america.com\/site\/colombia\/2019\/10\/05\/masivos-robos-se-registran-en-centros-comerciales-de-bogota\/\",\"name\":\"Masivos robos se registran en Centros Comerciales de B\u00f3gota - Colombia | Noti-America.com\",\"isPartOf\":{\"@id\":\"https:\/\/noti-america.com\/site\/colombia\/#website\"},\"primaryImageOfPage\":{\"@id\":\"https:\/\/noti-america.com\/site\/colombia\/2019\/10\/05\/masivos-robos-se-registran-en-centros-comerciales-de-bogota\/#primaryimage\"},\"image\":{\"@id\":\"https:\/\/noti-america.com\/site\/colombia\/2019\/10\/05\/masivos-robos-se-registran-en-centros-comerciales-de-bogota\/#primaryimage\"},\"thumbnailUrl\":\"https:\/\/noti-america.com\/site\/colombia\/wp-content\/uploads\/sites\/20\/2019\/10\/20191005_230601.jpg\",\"datePublished\":\"2019-10-05T22:16:16+00:00\",\"dateModified\":\"2019-10-06T03:16:24+00:00\",\"author\":{\"@id\":\"https:\/\/noti-america.com\/site\/colombia\/#\/schema\/person\/bc58472b8ba32d08cc134078067f8b58\"},\"breadcrumb\":{\"@id\":\"https:\/\/noti-america.com\/site\/colombia\/2019\/10\/05\/masivos-robos-se-registran-en-centros-comerciales-de-bogota\/#breadcrumb\"},\"inLanguage\":\"es\",\"potentialAction\":[{\"@type\":\"ReadAction\",\"target\":[\"https:\/\/noti-america.com\/site\/colombia\/2019\/10\/05\/masivos-robos-se-registran-en-centros-comerciales-de-bogota\/\"]}]},{\"@type\":\"ImageObject\",\"inLanguage\":\"es\",\"@id\":\"https:\/\/noti-america.com\/site\/colombia\/2019\/10\/05\/masivos-robos-se-registran-en-centros-comerciales-de-bogota\/#primaryimage\",\"url\":\"https:\/\/noti-america.com\/site\/colombia\/wp-content\/uploads\/sites\/20\/2019\/10\/20191005_230601.jpg\",\"contentUrl\":\"https:\/\/noti-america.com\/site\/colombia\/wp-content\/uploads\/sites\/20\/2019\/10\/20191005_230601.jpg\",\"width\":1062,\"height\":597},{\"@type\":\"BreadcrumbList\",\"@id\":\"https:\/\/noti-america.com\/site\/colombia\/2019\/10\/05\/masivos-robos-se-registran-en-centros-comerciales-de-bogota\/#breadcrumb\",\"itemListElement\":[{\"@type\":\"ListItem\",\"position\":1,\"name\":\"Portada\",\"item\":\"https:\/\/noti-america.com\/site\/colombia\/\"},{\"@type\":\"ListItem\",\"position\":2,\"name\":\"Masivos robos se registran en Centros Comerciales de B\u00f3gota\"}]},{\"@type\":\"WebSite\",\"@id\":\"https:\/\/noti-america.com\/site\/colombia\/#website\",\"url\":\"https:\/\/noti-america.com\/site\/colombia\/\",\"name\":\"Colombia | Noti-America.com\",\"description\":\"\",\"potentialAction\":[{\"@type\":\"SearchAction\",\"target\":{\"@type\":\"EntryPoint\",\"urlTemplate\":\"https:\/\/noti-america.com\/site\/colombia\/?s={search_term_string}\"},\"query-input\":{\"@type\":\"PropertyValueSpecification\",\"valueRequired\":true,\"valueName\":\"search_term_string\"}}],\"inLanguage\":\"es\"},{\"@type\":\"Person\",\"@id\":\"https:\/\/noti-america.com\/site\/colombia\/#\/schema\/person\/bc58472b8ba32d08cc134078067f8b58\",\"name\":\"Ana Maria Correa\",\"image\":{\"@type\":\"ImageObject\",\"inLanguage\":\"es\",\"@id\":\"https:\/\/secure.gravatar.com\/avatar\/6d24af21af7e834cb1f37d9c4418e69b2eed4676de4ee948a40df971d53808d3?s=96&d=mm&r=g\",\"url\":\"https:\/\/secure.gravatar.com\/avatar\/6d24af21af7e834cb1f37d9c4418e69b2eed4676de4ee948a40df971d53808d3?s=96&d=mm&r=g\",\"contentUrl\":\"https:\/\/secure.gravatar.com\/avatar\/6d24af21af7e834cb1f37d9c4418e69b2eed4676de4ee948a40df971d53808d3?s=96&d=mm&r=g\",\"caption\":\"Ana Maria Correa\"},\"description\":\"Comunicadora Social, apasionada al Periodismo Deportivo y de investigaci\u00f3n. Mi labor es realizar reportajes y entrevistas que sirvan para informar sobre la problem\u00e1tica diaria mundial.\",\"sameAs\":[\"https:\/\/www.linkedin.com\/in\/ana-mara-correa-070b2117a\/\"],\"url\":\"https:\/\/noti-america.com\/site\/colombia\/author\/acorrea\/\"}]}<\/script>\n<!-- \/ Yoast SEO Premium plugin. -->","yoast_head_json":{"title":"Masivos robos se registran en Centros Comerciales de B\u00f3gota - Colombia | Noti-America.com","robots":{"index":"index","follow":"follow","max-snippet":"max-snippet:-1","max-image-preview":"max-image-preview:large","max-video-preview":"max-video-preview:-1"},"canonical":"https:\/\/noti-america.com\/site\/colombia\/2019\/10\/05\/masivos-robos-se-registran-en-centros-comerciales-de-bogota\/","og_locale":"es_ES","og_type":"article","og_title":"Masivos robos se registran en Centros Comerciales de B\u00f3gota","og_description":"Se han venido registrando una serie de robos en diferentes comercios de B\u00f3gota. Centros Comerciales ubicados al Norte de la ciudad son los afectados por una delincuencia desatada. \u00abYa no se puede venir al&#46;&#46;&#46;","og_url":"https:\/\/noti-america.com\/site\/colombia\/2019\/10\/05\/masivos-robos-se-registran-en-centros-comerciales-de-bogota\/","og_site_name":"Colombia | Noti-America.com","article_published_time":"2019-10-05T22:16:16+00:00","article_modified_time":"2019-10-06T03:16:24+00:00","og_image":[{"width":1062,"height":597,"url":"https:\/\/noti-america.com\/site\/colombia\/wp-content\/uploads\/sites\/20\/2019\/10\/20191005_230601.jpg","type":"image\/jpeg"}],"author":"Ana Maria Correa","twitter_card":"summary_large_image","twitter_creator":"@notiamerica","twitter_site":"@notiamerica","twitter_misc":{"Escrito por":"Ana Maria Correa","Tiempo estimado de lectura":"1 minuto"},"schema":{"@context":"https:\/\/schema.org","@graph":[{"@type":"Article","@id":"https:\/\/noti-america.com\/site\/colombia\/2019\/10\/05\/masivos-robos-se-registran-en-centros-comerciales-de-bogota\/#article","isPartOf":{"@id":"https:\/\/noti-america.com\/site\/colombia\/2019\/10\/05\/masivos-robos-se-registran-en-centros-comerciales-de-bogota\/"},"author":{"name":"Ana Maria Correa","@id":"https:\/\/noti-america.com\/site\/colombia\/#\/schema\/person\/bc58472b8ba32d08cc134078067f8b58"},"headline":"Masivos robos se registran en Centros Comerciales de B\u00f3gota","datePublished":"2019-10-05T22:16:16+00:00","dateModified":"2019-10-06T03:16:24+00:00","mainEntityOfPage":{"@id":"https:\/\/noti-america.com\/site\/colombia\/2019\/10\/05\/masivos-robos-se-registran-en-centros-comerciales-de-bogota\/"},"wordCount":129,"commentCount":0,"image":{"@id":"https:\/\/noti-america.com\/site\/colombia\/2019\/10\/05\/masivos-robos-se-registran-en-centros-comerciales-de-bogota\/#primaryimage"},"thumbnailUrl":"https:\/\/noti-america.com\/site\/colombia\/wp-content\/uploads\/sites\/20\/2019\/10\/20191005_230601.jpg","articleSection":["Noticias","Seguridad"],"inLanguage":"es","potentialAction":[{"@type":"CommentAction","name":"Comment","target":["https:\/\/noti-america.com\/site\/colombia\/2019\/10\/05\/masivos-robos-se-registran-en-centros-comerciales-de-bogota\/#respond"]}]},{"@type":"WebPage","@id":"https:\/\/noti-america.com\/site\/colombia\/2019\/10\/05\/masivos-robos-se-registran-en-centros-comerciales-de-bogota\/","url":"https:\/\/noti-america.com\/site\/colombia\/2019\/10\/05\/masivos-robos-se-registran-en-centros-comerciales-de-bogota\/","name":"Masivos robos se registran en Centros Comerciales de B\u00f3gota - Colombia | Noti-America.com","isPartOf":{"@id":"https:\/\/noti-america.com\/site\/colombia\/#website"},"primaryImageOfPage":{"@id":"https:\/\/noti-america.com\/site\/colombia\/2019\/10\/05\/masivos-robos-se-registran-en-centros-comerciales-de-bogota\/#primaryimage"},"image":{"@id":"https:\/\/noti-america.com\/site\/colombia\/2019\/10\/05\/masivos-robos-se-registran-en-centros-comerciales-de-bogota\/#primaryimage"},"thumbnailUrl":"https:\/\/noti-america.com\/site\/colombia\/wp-content\/uploads\/sites\/20\/2019\/10\/20191005_230601.jpg","datePublished":"2019-10-05T22:16:16+00:00","dateModified":"2019-10-06T03:16:24+00:00","author":{"@id":"https:\/\/noti-america.com\/site\/colombia\/#\/schema\/person\/bc58472b8ba32d08cc134078067f8b58"},"breadcrumb":{"@id":"https:\/\/noti-america.com\/site\/colombia\/2019\/10\/05\/masivos-robos-se-registran-en-centros-comerciales-de-bogota\/#breadcrumb"},"inLanguage":"es","potentialAction":[{"@type":"ReadAction","target":["https:\/\/noti-america.com\/site\/colombia\/2019\/10\/05\/masivos-robos-se-registran-en-centros-comerciales-de-bogota\/"]}]},{"@type":"ImageObject","inLanguage":"es","@id":"https:\/\/noti-america.com\/site\/colombia\/2019\/10\/05\/masivos-robos-se-registran-en-centros-comerciales-de-bogota\/#primaryimage","url":"https:\/\/noti-america.com\/site\/colombia\/wp-content\/uploads\/sites\/20\/2019\/10\/20191005_230601.jpg","contentUrl":"https:\/\/noti-america.com\/site\/colombia\/wp-content\/uploads\/sites\/20\/2019\/10\/20191005_230601.jpg","width":1062,"height":597},{"@type":"BreadcrumbList","@id":"https:\/\/noti-america.com\/site\/colombia\/2019\/10\/05\/masivos-robos-se-registran-en-centros-comerciales-de-bogota\/#breadcrumb","itemListElement":[{"@type":"ListItem","position":1,"name":"Portada","item":"https:\/\/noti-america.com\/site\/colombia\/"},{"@type":"ListItem","position":2,"name":"Masivos robos se registran en Centros Comerciales de B\u00f3gota"}]},{"@type":"WebSite","@id":"https:\/\/noti-america.com\/site\/colombia\/#website","url":"https:\/\/noti-america.com\/site\/colombia\/","name":"Colombia | Noti-America.com","description":"","potentialAction":[{"@type":"SearchAction","target":{"@type":"EntryPoint","urlTemplate":"https:\/\/noti-america.com\/site\/colombia\/?s={search_term_string}"},"query-input":{"@type":"PropertyValueSpecification","valueRequired":true,"valueName":"search_term_string"}}],"inLanguage":"es"},{"@type":"Person","@id":"https:\/\/noti-america.com\/site\/colombia\/#\/schema\/person\/bc58472b8ba32d08cc134078067f8b58","name":"Ana Maria Correa","image":{"@type":"ImageObject","inLanguage":"es","@id":"https:\/\/secure.gravatar.com\/avatar\/6d24af21af7e834cb1f37d9c4418e69b2eed4676de4ee948a40df971d53808d3?s=96&d=mm&r=g","url":"https:\/\/secure.gravatar.com\/avatar\/6d24af21af7e834cb1f37d9c4418e69b2eed4676de4ee948a40df971d53808d3?s=96&d=mm&r=g","contentUrl":"https:\/\/secure.gravatar.com\/avatar\/6d24af21af7e834cb1f37d9c4418e69b2eed4676de4ee948a40df971d53808d3?s=96&d=mm&r=g","caption":"Ana Maria Correa"},"description":"Comunicadora Social, apasionada al Periodismo Deportivo y de investigaci\u00f3n. Mi labor es realizar reportajes y entrevistas que sirvan para informar sobre la problem\u00e1tica diaria mundial.","sameAs":["https:\/\/www.linkedin.com\/in\/ana-mara-correa-070b2117a\/"],"url":"https:\/\/noti-america.com\/site\/colombia\/author\/acorrea\/"}]}},"_links":{"self":[{"href":"https:\/\/noti-america.com\/site\/colombia\/wp-json\/wp\/v2\/posts\/3149","targetHints":{"allow":["GET"]}}],"collection":[{"href":"https:\/\/noti-america.com\/site\/colombia\/wp-json\/wp\/v2\/posts"}],"about":[{"href":"https:\/\/noti-america.com\/site\/colombia\/wp-json\/wp\/v2\/types\/post"}],"author":[{"embeddable":true,"href":"https:\/\/noti-america.com\/site\/colombia\/wp-json\/wp\/v2\/users\/55"}],"replies":[{"embeddable":true,"href":"https:\/\/noti-america.com\/site\/colombia\/wp-json\/wp\/v2\/comments?post=3149"}],"version-history":[{"count":1,"href":"https:\/\/noti-america.com\/site\/colombia\/wp-json\/wp\/v2\/posts\/3149\/revisions"}],"predecessor-version":[{"id":3151,"href":"https:\/\/noti-america.com\/site\/colombia\/wp-json\/wp\/v2\/posts\/3149\/revisions\/3151"}],"wp:featuredmedia":[{"embeddable":true,"href":"https:\/\/noti-america.com\/site\/colombia\/wp-json\/wp\/v2\/media\/3150"}],"wp:attachment":[{"href":"https:\/\/noti-america.com\/site\/colombia\/wp-json\/wp\/v2\/media?parent=3149"}],"wp:term":[{"taxonomy":"category","embeddable":true,"href":"https:\/\/noti-america.com\/site\/colombia\/wp-json\/wp\/v2\/categories?post=3149"},{"taxonomy":"post_tag","embeddable":true,"href":"https:\/\/noti-america.com\/site\/colombia\/wp-json\/wp\/v2\/tags?post=3149"}],"curies":[{"name":"wp","href":"https:\/\/api.w.org\/{rel}","templated":true}]}}