{"id":2955,"date":"2019-09-18T06:45:57","date_gmt":"2019-09-18T06:45:57","guid":{"rendered":"http:\/\/noti-america.com\/site\/colombia\/?p=2955"},"modified":"2019-09-18T06:45:57","modified_gmt":"2019-09-18T06:45:57","slug":"hoy-james-rodriguez-debuta-en-champions-con-el-real-madrid","status":"publish","type":"post","link":"https:\/\/noti-america.com\/site\/colombia\/2019\/09\/18\/hoy-james-rodriguez-debuta-en-champions-con-el-real-madrid\/","title":{"rendered":"Hoy James Rodr\u00edguez debuta en Champions con el Real Madrid"},"content":{"rendered":"<p><img loading=\"lazy\" decoding=\"async\" class=\"aligncenter wp-image-2956 size-full\" src=\"http:\/\/noti-america.com\/site\/colombia\/wp-content\/uploads\/sites\/20\/2019\/09\/jamesucl.jpg\" alt=\"\" width=\"965\" height=\"543\" srcset=\"https:\/\/noti-america.com\/site\/colombia\/wp-content\/uploads\/sites\/20\/2019\/09\/jamesucl.jpg 965w, https:\/\/noti-america.com\/site\/colombia\/wp-content\/uploads\/sites\/20\/2019\/09\/jamesucl-300x169.jpg 300w, https:\/\/noti-america.com\/site\/colombia\/wp-content\/uploads\/sites\/20\/2019\/09\/jamesucl-768x432.jpg 768w\" sizes=\"auto, (max-width: 965px) 100vw, 965px\" \/><\/p>\n<p style=\"text-align: justify\">James Rodr\u00edguez que vive un segundo aire en el Real Madrid luego de su estadia en la entidad merengue en donde jug\u00f3 desde 2014 hasta el 2017, apunta como uno de los preferidos por Zidane para esta nueva temporada.<\/p>\n<p style=\"text-align: justify\">Los blancos debutan hoy en Champions frente al PSG y el cafetero saldr\u00e1 desde el arranca, segun anuncian desde Madrid.<\/p>\n<p style=\"text-align: justify\">El Real Madrid viene de pasar por su peor campa\u00f1a en 10 a\u00f1os, ahora con el regreso de James a la plantilla m\u00e1s la incorporaci\u00f3n de jugadores como: Hazard, Jovic, Mendy y Militao, los dirigidos por Zidane tratar\u00e1n de recuperar su corona en Europa.<\/p>\n","protected":false},"excerpt":{"rendered":"<p>James Rodr\u00edguez que vive un segundo aire en el Real Madrid luego de su estadia en la entidad merengue en donde jug\u00f3 desde 2014 hasta el 2017, apunta como uno de los preferidos por&#46;&#46;&#46;<\/p>\n","protected":false},"author":55,"featured_media":2956,"comment_status":"open","ping_status":"open","sticky":false,"template":"","format":"standard","meta":{"_acf_changed":false,"om_disable_all_campaigns":false,"rop_custom_images_group":[],"rop_custom_messages_group":[],"rop_publish_now":"initial","rop_publish_now_accounts":{"twitter_242054905_242054905":""},"rop_publish_now_history":[],"rop_publish_now_status":"pending","_uf_show_specific_survey":0,"_uf_disable_surveys":false,"footnotes":""},"categories":[16],"tags":[],"class_list":["post-2955","post","type-post","status-publish","format-standard","has-post-thumbnail","hentry","category-deportes"],"acf":[],"aioseo_notices":[],"yoast_head":"<!-- This site is optimized with the Yoast SEO Premium plugin v24.9 (Yoast SEO v27.2) - https:\/\/yoast.com\/product\/yoast-seo-premium-wordpress\/ -->\n<title>Hoy James Rodr\u00edguez debuta en Champions con el Real Madrid - Colombia | Noti-America.com<\/title>\n<meta name=\"robots\" content=\"index, follow, max-snippet:-1, max-image-preview:large, max-video-preview:-1\" \/>\n<link rel=\"canonical\" href=\"https:\/\/noti-america.com\/site\/colombia\/2019\/09\/18\/hoy-james-rodriguez-debuta-en-champions-con-el-real-madrid\/\" \/>\n<meta property=\"og:locale\" content=\"es_ES\" \/>\n<meta property=\"og:type\" content=\"article\" \/>\n<meta property=\"og:title\" content=\"Hoy James Rodr\u00edguez debuta en Champions con el Real Madrid\" \/>\n<meta property=\"og:description\" content=\"James Rodr\u00edguez que vive un segundo aire en el Real Madrid luego de su estadia en la entidad merengue en donde jug\u00f3 desde 2014 hasta el 2017, apunta como uno de los preferidos por&#046;&#046;&#046;\" \/>\n<meta property=\"og:url\" content=\"https:\/\/noti-america.com\/site\/colombia\/2019\/09\/18\/hoy-james-rodriguez-debuta-en-champions-con-el-real-madrid\/\" \/>\n<meta property=\"og:site_name\" content=\"Colombia | Noti-America.com\" \/>\n<meta property=\"article:published_time\" content=\"2019-09-18T06:45:57+00:00\" \/>\n<meta property=\"og:image\" content=\"https:\/\/noti-america.com\/site\/colombia\/wp-content\/uploads\/sites\/20\/2019\/09\/jamesucl.jpg\" \/>\n\t<meta property=\"og:image:width\" content=\"965\" \/>\n\t<meta property=\"og:image:height\" content=\"543\" \/>\n\t<meta property=\"og:image:type\" content=\"image\/jpeg\" \/>\n<meta name=\"author\" content=\"Ana Maria Correa\" \/>\n<meta name=\"twitter:card\" content=\"summary_large_image\" \/>\n<meta name=\"twitter:creator\" content=\"@notiamerica\" \/>\n<meta name=\"twitter:site\" content=\"@notiamerica\" \/>\n<meta name=\"twitter:label1\" content=\"Escrito por\" \/>\n\t<meta name=\"twitter:data1\" content=\"Ana Maria Correa\" \/>\n\t<meta name=\"twitter:label2\" content=\"Tiempo estimado de lectura\" \/>\n\t<meta name=\"twitter:data2\" content=\"1 minuto\" \/>\n<script type=\"application\/ld+json\" class=\"yoast-schema-graph\">{\"@context\":\"https:\/\/schema.org\",\"@graph\":[{\"@type\":\"Article\",\"@id\":\"https:\/\/noti-america.com\/site\/colombia\/2019\/09\/18\/hoy-james-rodriguez-debuta-en-champions-con-el-real-madrid\/#article\",\"isPartOf\":{\"@id\":\"https:\/\/noti-america.com\/site\/colombia\/2019\/09\/18\/hoy-james-rodriguez-debuta-en-champions-con-el-real-madrid\/\"},\"author\":{\"name\":\"Ana Maria Correa\",\"@id\":\"https:\/\/noti-america.com\/site\/colombia\/#\/schema\/person\/bc58472b8ba32d08cc134078067f8b58\"},\"headline\":\"Hoy James Rodr\u00edguez debuta en Champions con el Real Madrid\",\"datePublished\":\"2019-09-18T06:45:57+00:00\",\"mainEntityOfPage\":{\"@id\":\"https:\/\/noti-america.com\/site\/colombia\/2019\/09\/18\/hoy-james-rodriguez-debuta-en-champions-con-el-real-madrid\/\"},\"wordCount\":117,\"commentCount\":0,\"image\":{\"@id\":\"https:\/\/noti-america.com\/site\/colombia\/2019\/09\/18\/hoy-james-rodriguez-debuta-en-champions-con-el-real-madrid\/#primaryimage\"},\"thumbnailUrl\":\"https:\/\/noti-america.com\/site\/colombia\/wp-content\/uploads\/sites\/20\/2019\/09\/jamesucl.jpg\",\"articleSection\":[\"Deportes\"],\"inLanguage\":\"es\",\"potentialAction\":[{\"@type\":\"CommentAction\",\"name\":\"Comment\",\"target\":[\"https:\/\/noti-america.com\/site\/colombia\/2019\/09\/18\/hoy-james-rodriguez-debuta-en-champions-con-el-real-madrid\/#respond\"]}]},{\"@type\":\"WebPage\",\"@id\":\"https:\/\/noti-america.com\/site\/colombia\/2019\/09\/18\/hoy-james-rodriguez-debuta-en-champions-con-el-real-madrid\/\",\"url\":\"https:\/\/noti-america.com\/site\/colombia\/2019\/09\/18\/hoy-james-rodriguez-debuta-en-champions-con-el-real-madrid\/\",\"name\":\"Hoy James Rodr\u00edguez debuta en Champions con el Real Madrid - Colombia | Noti-America.com\",\"isPartOf\":{\"@id\":\"https:\/\/noti-america.com\/site\/colombia\/#website\"},\"primaryImageOfPage\":{\"@id\":\"https:\/\/noti-america.com\/site\/colombia\/2019\/09\/18\/hoy-james-rodriguez-debuta-en-champions-con-el-real-madrid\/#primaryimage\"},\"image\":{\"@id\":\"https:\/\/noti-america.com\/site\/colombia\/2019\/09\/18\/hoy-james-rodriguez-debuta-en-champions-con-el-real-madrid\/#primaryimage\"},\"thumbnailUrl\":\"https:\/\/noti-america.com\/site\/colombia\/wp-content\/uploads\/sites\/20\/2019\/09\/jamesucl.jpg\",\"datePublished\":\"2019-09-18T06:45:57+00:00\",\"author\":{\"@id\":\"https:\/\/noti-america.com\/site\/colombia\/#\/schema\/person\/bc58472b8ba32d08cc134078067f8b58\"},\"breadcrumb\":{\"@id\":\"https:\/\/noti-america.com\/site\/colombia\/2019\/09\/18\/hoy-james-rodriguez-debuta-en-champions-con-el-real-madrid\/#breadcrumb\"},\"inLanguage\":\"es\",\"potentialAction\":[{\"@type\":\"ReadAction\",\"target\":[\"https:\/\/noti-america.com\/site\/colombia\/2019\/09\/18\/hoy-james-rodriguez-debuta-en-champions-con-el-real-madrid\/\"]}]},{\"@type\":\"ImageObject\",\"inLanguage\":\"es\",\"@id\":\"https:\/\/noti-america.com\/site\/colombia\/2019\/09\/18\/hoy-james-rodriguez-debuta-en-champions-con-el-real-madrid\/#primaryimage\",\"url\":\"https:\/\/noti-america.com\/site\/colombia\/wp-content\/uploads\/sites\/20\/2019\/09\/jamesucl.jpg\",\"contentUrl\":\"https:\/\/noti-america.com\/site\/colombia\/wp-content\/uploads\/sites\/20\/2019\/09\/jamesucl.jpg\",\"width\":965,\"height\":543},{\"@type\":\"BreadcrumbList\",\"@id\":\"https:\/\/noti-america.com\/site\/colombia\/2019\/09\/18\/hoy-james-rodriguez-debuta-en-champions-con-el-real-madrid\/#breadcrumb\",\"itemListElement\":[{\"@type\":\"ListItem\",\"position\":1,\"name\":\"Portada\",\"item\":\"https:\/\/noti-america.com\/site\/colombia\/\"},{\"@type\":\"ListItem\",\"position\":2,\"name\":\"Hoy James Rodr\u00edguez debuta en Champions con el Real Madrid\"}]},{\"@type\":\"WebSite\",\"@id\":\"https:\/\/noti-america.com\/site\/colombia\/#website\",\"url\":\"https:\/\/noti-america.com\/site\/colombia\/\",\"name\":\"Colombia | Noti-America.com\",\"description\":\"\",\"potentialAction\":[{\"@type\":\"SearchAction\",\"target\":{\"@type\":\"EntryPoint\",\"urlTemplate\":\"https:\/\/noti-america.com\/site\/colombia\/?s={search_term_string}\"},\"query-input\":{\"@type\":\"PropertyValueSpecification\",\"valueRequired\":true,\"valueName\":\"search_term_string\"}}],\"inLanguage\":\"es\"},{\"@type\":\"Person\",\"@id\":\"https:\/\/noti-america.com\/site\/colombia\/#\/schema\/person\/bc58472b8ba32d08cc134078067f8b58\",\"name\":\"Ana Maria Correa\",\"image\":{\"@type\":\"ImageObject\",\"inLanguage\":\"es\",\"@id\":\"https:\/\/secure.gravatar.com\/avatar\/6d24af21af7e834cb1f37d9c4418e69b2eed4676de4ee948a40df971d53808d3?s=96&d=mm&r=g\",\"url\":\"https:\/\/secure.gravatar.com\/avatar\/6d24af21af7e834cb1f37d9c4418e69b2eed4676de4ee948a40df971d53808d3?s=96&d=mm&r=g\",\"contentUrl\":\"https:\/\/secure.gravatar.com\/avatar\/6d24af21af7e834cb1f37d9c4418e69b2eed4676de4ee948a40df971d53808d3?s=96&d=mm&r=g\",\"caption\":\"Ana Maria Correa\"},\"description\":\"Comunicadora Social, apasionada al Periodismo Deportivo y de investigaci\u00f3n. Mi labor es realizar reportajes y entrevistas que sirvan para informar sobre la problem\u00e1tica diaria mundial.\",\"sameAs\":[\"https:\/\/www.linkedin.com\/in\/ana-mara-correa-070b2117a\/\"],\"url\":\"https:\/\/noti-america.com\/site\/colombia\/author\/acorrea\/\"}]}<\/script>\n<!-- \/ Yoast SEO Premium plugin. -->","yoast_head_json":{"title":"Hoy James Rodr\u00edguez debuta en Champions con el Real Madrid - Colombia | Noti-America.com","robots":{"index":"index","follow":"follow","max-snippet":"max-snippet:-1","max-image-preview":"max-image-preview:large","max-video-preview":"max-video-preview:-1"},"canonical":"https:\/\/noti-america.com\/site\/colombia\/2019\/09\/18\/hoy-james-rodriguez-debuta-en-champions-con-el-real-madrid\/","og_locale":"es_ES","og_type":"article","og_title":"Hoy James Rodr\u00edguez debuta en Champions con el Real Madrid","og_description":"James Rodr\u00edguez que vive un segundo aire en el Real Madrid luego de su estadia en la entidad merengue en donde jug\u00f3 desde 2014 hasta el 2017, apunta como uno de los preferidos por&#46;&#46;&#46;","og_url":"https:\/\/noti-america.com\/site\/colombia\/2019\/09\/18\/hoy-james-rodriguez-debuta-en-champions-con-el-real-madrid\/","og_site_name":"Colombia | Noti-America.com","article_published_time":"2019-09-18T06:45:57+00:00","og_image":[{"width":965,"height":543,"url":"https:\/\/noti-america.com\/site\/colombia\/wp-content\/uploads\/sites\/20\/2019\/09\/jamesucl.jpg","type":"image\/jpeg"}],"author":"Ana Maria Correa","twitter_card":"summary_large_image","twitter_creator":"@notiamerica","twitter_site":"@notiamerica","twitter_misc":{"Escrito por":"Ana Maria Correa","Tiempo estimado de lectura":"1 minuto"},"schema":{"@context":"https:\/\/schema.org","@graph":[{"@type":"Article","@id":"https:\/\/noti-america.com\/site\/colombia\/2019\/09\/18\/hoy-james-rodriguez-debuta-en-champions-con-el-real-madrid\/#article","isPartOf":{"@id":"https:\/\/noti-america.com\/site\/colombia\/2019\/09\/18\/hoy-james-rodriguez-debuta-en-champions-con-el-real-madrid\/"},"author":{"name":"Ana Maria Correa","@id":"https:\/\/noti-america.com\/site\/colombia\/#\/schema\/person\/bc58472b8ba32d08cc134078067f8b58"},"headline":"Hoy James Rodr\u00edguez debuta en Champions con el Real Madrid","datePublished":"2019-09-18T06:45:57+00:00","mainEntityOfPage":{"@id":"https:\/\/noti-america.com\/site\/colombia\/2019\/09\/18\/hoy-james-rodriguez-debuta-en-champions-con-el-real-madrid\/"},"wordCount":117,"commentCount":0,"image":{"@id":"https:\/\/noti-america.com\/site\/colombia\/2019\/09\/18\/hoy-james-rodriguez-debuta-en-champions-con-el-real-madrid\/#primaryimage"},"thumbnailUrl":"https:\/\/noti-america.com\/site\/colombia\/wp-content\/uploads\/sites\/20\/2019\/09\/jamesucl.jpg","articleSection":["Deportes"],"inLanguage":"es","potentialAction":[{"@type":"CommentAction","name":"Comment","target":["https:\/\/noti-america.com\/site\/colombia\/2019\/09\/18\/hoy-james-rodriguez-debuta-en-champions-con-el-real-madrid\/#respond"]}]},{"@type":"WebPage","@id":"https:\/\/noti-america.com\/site\/colombia\/2019\/09\/18\/hoy-james-rodriguez-debuta-en-champions-con-el-real-madrid\/","url":"https:\/\/noti-america.com\/site\/colombia\/2019\/09\/18\/hoy-james-rodriguez-debuta-en-champions-con-el-real-madrid\/","name":"Hoy James Rodr\u00edguez debuta en Champions con el Real Madrid - Colombia | Noti-America.com","isPartOf":{"@id":"https:\/\/noti-america.com\/site\/colombia\/#website"},"primaryImageOfPage":{"@id":"https:\/\/noti-america.com\/site\/colombia\/2019\/09\/18\/hoy-james-rodriguez-debuta-en-champions-con-el-real-madrid\/#primaryimage"},"image":{"@id":"https:\/\/noti-america.com\/site\/colombia\/2019\/09\/18\/hoy-james-rodriguez-debuta-en-champions-con-el-real-madrid\/#primaryimage"},"thumbnailUrl":"https:\/\/noti-america.com\/site\/colombia\/wp-content\/uploads\/sites\/20\/2019\/09\/jamesucl.jpg","datePublished":"2019-09-18T06:45:57+00:00","author":{"@id":"https:\/\/noti-america.com\/site\/colombia\/#\/schema\/person\/bc58472b8ba32d08cc134078067f8b58"},"breadcrumb":{"@id":"https:\/\/noti-america.com\/site\/colombia\/2019\/09\/18\/hoy-james-rodriguez-debuta-en-champions-con-el-real-madrid\/#breadcrumb"},"inLanguage":"es","potentialAction":[{"@type":"ReadAction","target":["https:\/\/noti-america.com\/site\/colombia\/2019\/09\/18\/hoy-james-rodriguez-debuta-en-champions-con-el-real-madrid\/"]}]},{"@type":"ImageObject","inLanguage":"es","@id":"https:\/\/noti-america.com\/site\/colombia\/2019\/09\/18\/hoy-james-rodriguez-debuta-en-champions-con-el-real-madrid\/#primaryimage","url":"https:\/\/noti-america.com\/site\/colombia\/wp-content\/uploads\/sites\/20\/2019\/09\/jamesucl.jpg","contentUrl":"https:\/\/noti-america.com\/site\/colombia\/wp-content\/uploads\/sites\/20\/2019\/09\/jamesucl.jpg","width":965,"height":543},{"@type":"BreadcrumbList","@id":"https:\/\/noti-america.com\/site\/colombia\/2019\/09\/18\/hoy-james-rodriguez-debuta-en-champions-con-el-real-madrid\/#breadcrumb","itemListElement":[{"@type":"ListItem","position":1,"name":"Portada","item":"https:\/\/noti-america.com\/site\/colombia\/"},{"@type":"ListItem","position":2,"name":"Hoy James Rodr\u00edguez debuta en Champions con el Real Madrid"}]},{"@type":"WebSite","@id":"https:\/\/noti-america.com\/site\/colombia\/#website","url":"https:\/\/noti-america.com\/site\/colombia\/","name":"Colombia | Noti-America.com","description":"","potentialAction":[{"@type":"SearchAction","target":{"@type":"EntryPoint","urlTemplate":"https:\/\/noti-america.com\/site\/colombia\/?s={search_term_string}"},"query-input":{"@type":"PropertyValueSpecification","valueRequired":true,"valueName":"search_term_string"}}],"inLanguage":"es"},{"@type":"Person","@id":"https:\/\/noti-america.com\/site\/colombia\/#\/schema\/person\/bc58472b8ba32d08cc134078067f8b58","name":"Ana Maria Correa","image":{"@type":"ImageObject","inLanguage":"es","@id":"https:\/\/secure.gravatar.com\/avatar\/6d24af21af7e834cb1f37d9c4418e69b2eed4676de4ee948a40df971d53808d3?s=96&d=mm&r=g","url":"https:\/\/secure.gravatar.com\/avatar\/6d24af21af7e834cb1f37d9c4418e69b2eed4676de4ee948a40df971d53808d3?s=96&d=mm&r=g","contentUrl":"https:\/\/secure.gravatar.com\/avatar\/6d24af21af7e834cb1f37d9c4418e69b2eed4676de4ee948a40df971d53808d3?s=96&d=mm&r=g","caption":"Ana Maria Correa"},"description":"Comunicadora Social, apasionada al Periodismo Deportivo y de investigaci\u00f3n. Mi labor es realizar reportajes y entrevistas que sirvan para informar sobre la problem\u00e1tica diaria mundial.","sameAs":["https:\/\/www.linkedin.com\/in\/ana-mara-correa-070b2117a\/"],"url":"https:\/\/noti-america.com\/site\/colombia\/author\/acorrea\/"}]}},"_links":{"self":[{"href":"https:\/\/noti-america.com\/site\/colombia\/wp-json\/wp\/v2\/posts\/2955","targetHints":{"allow":["GET"]}}],"collection":[{"href":"https:\/\/noti-america.com\/site\/colombia\/wp-json\/wp\/v2\/posts"}],"about":[{"href":"https:\/\/noti-america.com\/site\/colombia\/wp-json\/wp\/v2\/types\/post"}],"author":[{"embeddable":true,"href":"https:\/\/noti-america.com\/site\/colombia\/wp-json\/wp\/v2\/users\/55"}],"replies":[{"embeddable":true,"href":"https:\/\/noti-america.com\/site\/colombia\/wp-json\/wp\/v2\/comments?post=2955"}],"version-history":[{"count":1,"href":"https:\/\/noti-america.com\/site\/colombia\/wp-json\/wp\/v2\/posts\/2955\/revisions"}],"predecessor-version":[{"id":2957,"href":"https:\/\/noti-america.com\/site\/colombia\/wp-json\/wp\/v2\/posts\/2955\/revisions\/2957"}],"wp:featuredmedia":[{"embeddable":true,"href":"https:\/\/noti-america.com\/site\/colombia\/wp-json\/wp\/v2\/media\/2956"}],"wp:attachment":[{"href":"https:\/\/noti-america.com\/site\/colombia\/wp-json\/wp\/v2\/media?parent=2955"}],"wp:term":[{"taxonomy":"category","embeddable":true,"href":"https:\/\/noti-america.com\/site\/colombia\/wp-json\/wp\/v2\/categories?post=2955"},{"taxonomy":"post_tag","embeddable":true,"href":"https:\/\/noti-america.com\/site\/colombia\/wp-json\/wp\/v2\/tags?post=2955"}],"curies":[{"name":"wp","href":"https:\/\/api.w.org\/{rel}","templated":true}]}}