{"id":2256,"date":"2019-05-06T17:26:29","date_gmt":"2019-05-06T17:26:29","guid":{"rendered":"http:\/\/noti-america.com\/site\/colombia\/?p=2256"},"modified":"2019-05-06T17:26:29","modified_gmt":"2019-05-06T17:26:29","slug":"presidente-duque-recibe-en-la-casa-de-narino-al-primer-ministro-de-corea","status":"publish","type":"post","link":"https:\/\/noti-america.com\/site\/colombia\/2019\/05\/06\/presidente-duque-recibe-en-la-casa-de-narino-al-primer-ministro-de-corea\/","title":{"rendered":"Presidente Duque recibe en la Casa de Nari\u00f1o al Primer Ministro de Corea"},"content":{"rendered":"<p>El Presidente de la Rep\u00fablica, Iv\u00e1n Duque M\u00e1rquez, recibi\u00f3 este ma\u00f1ana en la Casa de Nari\u00f1o al Primer Ministro de la Rep\u00fablica de Corea, Lee Nak-yon, quien realiza una visita oficial a Colombia.<\/p>\n<p>El Jefe de Gobierno coreano lleg\u00f3 a las 10:40 a.m. a la Plaza de Armas de la sede presidencial. All\u00ed le esperaba el Mandatario en compa\u00f1\u00eda de varios de los miembros del Gabinete.<\/p>\n<p>Lee Nak-yon, primer Jefe de Gobierno de la naci\u00f3n asi\u00e1tica que visita a Colombia, est\u00e1 acompa\u00f1ado por una delegaci\u00f3n de 30 funcionarios de su gobierno y 70 empresarios.<\/p>\n<p>El Primer Ministro recibi\u00f3 honores militares por parte del Batall\u00f3n Guardia Presidencial.<\/p>\n<p>Enseguida el Mandatario colombiano invit\u00f3 al l\u00edder coreano a ingresar al Palacio Presidencial. La agenda incluye , una reuni\u00f3n privada. Cerca al medio d\u00eda una reuni\u00f3n ampliada con sus comitivas. Y Finalmente, se presenciar\u00e1 la firma de instrumentos bilaterales para luego ofrecer una declaraci\u00f3n a los medios de comunicaci\u00f3n.<\/p>\n<p>Durante el encuentro se revisar\u00e1n el Tratado de Libre Comercio entre ambos pa\u00edses, que entr\u00f3 en vigor en julio de 2016. As\u00ed mismo, se analizar\u00e1n oportunidades de inversi\u00f3n y proyectos de cooperaci\u00f3n en \u00e1reas como: infraestructura, energ\u00eda, industrias creativas y defensa.<\/p>\n<p><em>Fuente: Presidencia de la Rep\u00fablica de Colombia<\/em><\/p>\n","protected":false},"excerpt":{"rendered":"<p>El Presidente de la Rep\u00fablica, Iv\u00e1n Duque M\u00e1rquez, recibi\u00f3 este ma\u00f1ana en la Casa de Nari\u00f1o al Primer Ministro de la Rep\u00fablica de Corea, Lee Nak-yon, quien realiza una visita oficial a Colombia. El&#46;&#46;&#46;<\/p>\n","protected":false},"author":46,"featured_media":2257,"comment_status":"open","ping_status":"open","sticky":false,"template":"","format":"standard","meta":{"_acf_changed":false,"om_disable_all_campaigns":false,"rop_custom_images_group":[],"rop_custom_messages_group":[],"rop_publish_now":"initial","rop_publish_now_accounts":{"twitter_242054905_242054905":""},"rop_publish_now_history":[],"rop_publish_now_status":"pending","_uf_show_specific_survey":0,"_uf_disable_surveys":false,"footnotes":""},"categories":[3],"tags":[44,145,51,144,60],"class_list":["post-2256","post","type-post","status-publish","format-standard","has-post-thumbnail","hentry","category-politica","tag-bogota","tag-casa-de-narino","tag-colombia","tag-corea","tag-ivan-duque"],"acf":[],"aioseo_notices":[],"yoast_head":"<!-- This site is optimized with the Yoast SEO Premium plugin v24.9 (Yoast SEO v27.2) - https:\/\/yoast.com\/product\/yoast-seo-premium-wordpress\/ -->\n<title>Presidente Duque recibe en la Casa de Nari\u00f1o al Primer Ministro de Corea - Colombia | Noti-America.com<\/title>\n<meta name=\"robots\" content=\"index, follow, max-snippet:-1, max-image-preview:large, max-video-preview:-1\" \/>\n<link rel=\"canonical\" href=\"https:\/\/noti-america.com\/site\/colombia\/2019\/05\/06\/presidente-duque-recibe-en-la-casa-de-narino-al-primer-ministro-de-corea\/\" \/>\n<meta property=\"og:locale\" content=\"es_ES\" \/>\n<meta property=\"og:type\" content=\"article\" \/>\n<meta property=\"og:title\" content=\"Presidente Duque recibe en la Casa de Nari\u00f1o al Primer Ministro de Corea\" \/>\n<meta property=\"og:description\" content=\"El Presidente de la Rep\u00fablica, Iv\u00e1n Duque M\u00e1rquez, recibi\u00f3 este ma\u00f1ana en la Casa de Nari\u00f1o al Primer Ministro de la Rep\u00fablica de Corea, Lee Nak-yon, quien realiza una visita oficial a Colombia. El&#046;&#046;&#046;\" \/>\n<meta property=\"og:url\" content=\"https:\/\/noti-america.com\/site\/colombia\/2019\/05\/06\/presidente-duque-recibe-en-la-casa-de-narino-al-primer-ministro-de-corea\/\" \/>\n<meta property=\"og:site_name\" content=\"Colombia | Noti-America.com\" \/>\n<meta property=\"article:published_time\" content=\"2019-05-06T17:26:29+00:00\" \/>\n<meta property=\"og:image\" content=\"https:\/\/noti-america.com\/site\/colombia\/wp-content\/uploads\/sites\/20\/2019\/05\/visita-ministro-corea.jpg\" \/>\n\t<meta property=\"og:image:width\" content=\"1200\" \/>\n\t<meta property=\"og:image:height\" content=\"720\" \/>\n\t<meta property=\"og:image:type\" content=\"image\/jpeg\" \/>\n<meta name=\"author\" content=\"Yucef Alejandro Pati\u00f1o Ruge\" \/>\n<meta name=\"twitter:card\" content=\"summary_large_image\" \/>\n<meta name=\"twitter:creator\" content=\"@alejochat\" \/>\n<meta name=\"twitter:site\" content=\"@notiamerica\" \/>\n<meta name=\"twitter:label1\" content=\"Escrito por\" \/>\n\t<meta name=\"twitter:data1\" content=\"Yucef Alejandro Pati\u00f1o Ruge\" \/>\n\t<meta name=\"twitter:label2\" content=\"Tiempo estimado de lectura\" \/>\n\t<meta name=\"twitter:data2\" content=\"1 minuto\" \/>\n<script type=\"application\/ld+json\" class=\"yoast-schema-graph\">{\"@context\":\"https:\/\/schema.org\",\"@graph\":[{\"@type\":\"Article\",\"@id\":\"https:\/\/noti-america.com\/site\/colombia\/2019\/05\/06\/presidente-duque-recibe-en-la-casa-de-narino-al-primer-ministro-de-corea\/#article\",\"isPartOf\":{\"@id\":\"https:\/\/noti-america.com\/site\/colombia\/2019\/05\/06\/presidente-duque-recibe-en-la-casa-de-narino-al-primer-ministro-de-corea\/\"},\"author\":{\"name\":\"Yucef Alejandro Pati\u00f1o Ruge\",\"@id\":\"https:\/\/noti-america.com\/site\/colombia\/#\/schema\/person\/9d83a5cfccf8ad1c3c9c46d73ea0ea58\"},\"headline\":\"Presidente Duque recibe en la Casa de Nari\u00f1o al Primer Ministro de Corea\",\"datePublished\":\"2019-05-06T17:26:29+00:00\",\"mainEntityOfPage\":{\"@id\":\"https:\/\/noti-america.com\/site\/colombia\/2019\/05\/06\/presidente-duque-recibe-en-la-casa-de-narino-al-primer-ministro-de-corea\/\"},\"wordCount\":238,\"commentCount\":0,\"image\":{\"@id\":\"https:\/\/noti-america.com\/site\/colombia\/2019\/05\/06\/presidente-duque-recibe-en-la-casa-de-narino-al-primer-ministro-de-corea\/#primaryimage\"},\"thumbnailUrl\":\"https:\/\/noti-america.com\/site\/colombia\/wp-content\/uploads\/sites\/20\/2019\/05\/visita-ministro-corea.jpg\",\"keywords\":[\"bogot\u00e1\",\"Casa de Nari\u00f1o\",\"Colombia\",\"Corea\",\"Iv\u00e1n Duque\"],\"articleSection\":[\"Pol\u00edtica\"],\"inLanguage\":\"es\",\"potentialAction\":[{\"@type\":\"CommentAction\",\"name\":\"Comment\",\"target\":[\"https:\/\/noti-america.com\/site\/colombia\/2019\/05\/06\/presidente-duque-recibe-en-la-casa-de-narino-al-primer-ministro-de-corea\/#respond\"]}]},{\"@type\":\"WebPage\",\"@id\":\"https:\/\/noti-america.com\/site\/colombia\/2019\/05\/06\/presidente-duque-recibe-en-la-casa-de-narino-al-primer-ministro-de-corea\/\",\"url\":\"https:\/\/noti-america.com\/site\/colombia\/2019\/05\/06\/presidente-duque-recibe-en-la-casa-de-narino-al-primer-ministro-de-corea\/\",\"name\":\"Presidente Duque recibe en la Casa de Nari\u00f1o al Primer Ministro de Corea - Colombia | Noti-America.com\",\"isPartOf\":{\"@id\":\"https:\/\/noti-america.com\/site\/colombia\/#website\"},\"primaryImageOfPage\":{\"@id\":\"https:\/\/noti-america.com\/site\/colombia\/2019\/05\/06\/presidente-duque-recibe-en-la-casa-de-narino-al-primer-ministro-de-corea\/#primaryimage\"},\"image\":{\"@id\":\"https:\/\/noti-america.com\/site\/colombia\/2019\/05\/06\/presidente-duque-recibe-en-la-casa-de-narino-al-primer-ministro-de-corea\/#primaryimage\"},\"thumbnailUrl\":\"https:\/\/noti-america.com\/site\/colombia\/wp-content\/uploads\/sites\/20\/2019\/05\/visita-ministro-corea.jpg\",\"datePublished\":\"2019-05-06T17:26:29+00:00\",\"author\":{\"@id\":\"https:\/\/noti-america.com\/site\/colombia\/#\/schema\/person\/9d83a5cfccf8ad1c3c9c46d73ea0ea58\"},\"breadcrumb\":{\"@id\":\"https:\/\/noti-america.com\/site\/colombia\/2019\/05\/06\/presidente-duque-recibe-en-la-casa-de-narino-al-primer-ministro-de-corea\/#breadcrumb\"},\"inLanguage\":\"es\",\"potentialAction\":[{\"@type\":\"ReadAction\",\"target\":[\"https:\/\/noti-america.com\/site\/colombia\/2019\/05\/06\/presidente-duque-recibe-en-la-casa-de-narino-al-primer-ministro-de-corea\/\"]}]},{\"@type\":\"ImageObject\",\"inLanguage\":\"es\",\"@id\":\"https:\/\/noti-america.com\/site\/colombia\/2019\/05\/06\/presidente-duque-recibe-en-la-casa-de-narino-al-primer-ministro-de-corea\/#primaryimage\",\"url\":\"https:\/\/noti-america.com\/site\/colombia\/wp-content\/uploads\/sites\/20\/2019\/05\/visita-ministro-corea.jpg\",\"contentUrl\":\"https:\/\/noti-america.com\/site\/colombia\/wp-content\/uploads\/sites\/20\/2019\/05\/visita-ministro-corea.jpg\",\"width\":1200,\"height\":720,\"caption\":\"El Presidente de Colombia y el Primer Ministro de la Rep\u00fablica de Corea se preparan para recibir los honores militares en la Plaza de Armas de la Casa de Nari\u00f1o.\"},{\"@type\":\"BreadcrumbList\",\"@id\":\"https:\/\/noti-america.com\/site\/colombia\/2019\/05\/06\/presidente-duque-recibe-en-la-casa-de-narino-al-primer-ministro-de-corea\/#breadcrumb\",\"itemListElement\":[{\"@type\":\"ListItem\",\"position\":1,\"name\":\"Portada\",\"item\":\"https:\/\/noti-america.com\/site\/colombia\/\"},{\"@type\":\"ListItem\",\"position\":2,\"name\":\"Presidente Duque recibe en la Casa de Nari\u00f1o al Primer Ministro de Corea\"}]},{\"@type\":\"WebSite\",\"@id\":\"https:\/\/noti-america.com\/site\/colombia\/#website\",\"url\":\"https:\/\/noti-america.com\/site\/colombia\/\",\"name\":\"Colombia | Noti-America.com\",\"description\":\"\",\"potentialAction\":[{\"@type\":\"SearchAction\",\"target\":{\"@type\":\"EntryPoint\",\"urlTemplate\":\"https:\/\/noti-america.com\/site\/colombia\/?s={search_term_string}\"},\"query-input\":{\"@type\":\"PropertyValueSpecification\",\"valueRequired\":true,\"valueName\":\"search_term_string\"}}],\"inLanguage\":\"es\"},{\"@type\":\"Person\",\"@id\":\"https:\/\/noti-america.com\/site\/colombia\/#\/schema\/person\/9d83a5cfccf8ad1c3c9c46d73ea0ea58\",\"name\":\"Yucef Alejandro Pati\u00f1o Ruge\",\"image\":{\"@type\":\"ImageObject\",\"inLanguage\":\"es\",\"@id\":\"https:\/\/secure.gravatar.com\/avatar\/bb86a5615f9293576f33dc7d6d155be8859cd90c722653ccccd677170c4a44fc?s=96&d=mm&r=g\",\"url\":\"https:\/\/secure.gravatar.com\/avatar\/bb86a5615f9293576f33dc7d6d155be8859cd90c722653ccccd677170c4a44fc?s=96&d=mm&r=g\",\"contentUrl\":\"https:\/\/secure.gravatar.com\/avatar\/bb86a5615f9293576f33dc7d6d155be8859cd90c722653ccccd677170c4a44fc?s=96&d=mm&r=g\",\"caption\":\"Yucef Alejandro Pati\u00f1o Ruge\"},\"description\":\"Comunicador social y periodista colombiano.\",\"sameAs\":[\"https:\/\/x.com\/alejochat\"],\"url\":\"https:\/\/noti-america.com\/site\/colombia\/author\/ypatino\/\"}]}<\/script>\n<!-- \/ Yoast SEO Premium plugin. -->","yoast_head_json":{"title":"Presidente Duque recibe en la Casa de Nari\u00f1o al Primer Ministro de Corea - Colombia | Noti-America.com","robots":{"index":"index","follow":"follow","max-snippet":"max-snippet:-1","max-image-preview":"max-image-preview:large","max-video-preview":"max-video-preview:-1"},"canonical":"https:\/\/noti-america.com\/site\/colombia\/2019\/05\/06\/presidente-duque-recibe-en-la-casa-de-narino-al-primer-ministro-de-corea\/","og_locale":"es_ES","og_type":"article","og_title":"Presidente Duque recibe en la Casa de Nari\u00f1o al Primer Ministro de Corea","og_description":"El Presidente de la Rep\u00fablica, Iv\u00e1n Duque M\u00e1rquez, recibi\u00f3 este ma\u00f1ana en la Casa de Nari\u00f1o al Primer Ministro de la Rep\u00fablica de Corea, Lee Nak-yon, quien realiza una visita oficial a Colombia. El&#46;&#46;&#46;","og_url":"https:\/\/noti-america.com\/site\/colombia\/2019\/05\/06\/presidente-duque-recibe-en-la-casa-de-narino-al-primer-ministro-de-corea\/","og_site_name":"Colombia | Noti-America.com","article_published_time":"2019-05-06T17:26:29+00:00","og_image":[{"width":1200,"height":720,"url":"https:\/\/noti-america.com\/site\/colombia\/wp-content\/uploads\/sites\/20\/2019\/05\/visita-ministro-corea.jpg","type":"image\/jpeg"}],"author":"Yucef Alejandro Pati\u00f1o Ruge","twitter_card":"summary_large_image","twitter_creator":"@alejochat","twitter_site":"@notiamerica","twitter_misc":{"Escrito por":"Yucef Alejandro Pati\u00f1o Ruge","Tiempo estimado de lectura":"1 minuto"},"schema":{"@context":"https:\/\/schema.org","@graph":[{"@type":"Article","@id":"https:\/\/noti-america.com\/site\/colombia\/2019\/05\/06\/presidente-duque-recibe-en-la-casa-de-narino-al-primer-ministro-de-corea\/#article","isPartOf":{"@id":"https:\/\/noti-america.com\/site\/colombia\/2019\/05\/06\/presidente-duque-recibe-en-la-casa-de-narino-al-primer-ministro-de-corea\/"},"author":{"name":"Yucef Alejandro Pati\u00f1o Ruge","@id":"https:\/\/noti-america.com\/site\/colombia\/#\/schema\/person\/9d83a5cfccf8ad1c3c9c46d73ea0ea58"},"headline":"Presidente Duque recibe en la Casa de Nari\u00f1o al Primer Ministro de Corea","datePublished":"2019-05-06T17:26:29+00:00","mainEntityOfPage":{"@id":"https:\/\/noti-america.com\/site\/colombia\/2019\/05\/06\/presidente-duque-recibe-en-la-casa-de-narino-al-primer-ministro-de-corea\/"},"wordCount":238,"commentCount":0,"image":{"@id":"https:\/\/noti-america.com\/site\/colombia\/2019\/05\/06\/presidente-duque-recibe-en-la-casa-de-narino-al-primer-ministro-de-corea\/#primaryimage"},"thumbnailUrl":"https:\/\/noti-america.com\/site\/colombia\/wp-content\/uploads\/sites\/20\/2019\/05\/visita-ministro-corea.jpg","keywords":["bogot\u00e1","Casa de Nari\u00f1o","Colombia","Corea","Iv\u00e1n Duque"],"articleSection":["Pol\u00edtica"],"inLanguage":"es","potentialAction":[{"@type":"CommentAction","name":"Comment","target":["https:\/\/noti-america.com\/site\/colombia\/2019\/05\/06\/presidente-duque-recibe-en-la-casa-de-narino-al-primer-ministro-de-corea\/#respond"]}]},{"@type":"WebPage","@id":"https:\/\/noti-america.com\/site\/colombia\/2019\/05\/06\/presidente-duque-recibe-en-la-casa-de-narino-al-primer-ministro-de-corea\/","url":"https:\/\/noti-america.com\/site\/colombia\/2019\/05\/06\/presidente-duque-recibe-en-la-casa-de-narino-al-primer-ministro-de-corea\/","name":"Presidente Duque recibe en la Casa de Nari\u00f1o al Primer Ministro de Corea - Colombia | Noti-America.com","isPartOf":{"@id":"https:\/\/noti-america.com\/site\/colombia\/#website"},"primaryImageOfPage":{"@id":"https:\/\/noti-america.com\/site\/colombia\/2019\/05\/06\/presidente-duque-recibe-en-la-casa-de-narino-al-primer-ministro-de-corea\/#primaryimage"},"image":{"@id":"https:\/\/noti-america.com\/site\/colombia\/2019\/05\/06\/presidente-duque-recibe-en-la-casa-de-narino-al-primer-ministro-de-corea\/#primaryimage"},"thumbnailUrl":"https:\/\/noti-america.com\/site\/colombia\/wp-content\/uploads\/sites\/20\/2019\/05\/visita-ministro-corea.jpg","datePublished":"2019-05-06T17:26:29+00:00","author":{"@id":"https:\/\/noti-america.com\/site\/colombia\/#\/schema\/person\/9d83a5cfccf8ad1c3c9c46d73ea0ea58"},"breadcrumb":{"@id":"https:\/\/noti-america.com\/site\/colombia\/2019\/05\/06\/presidente-duque-recibe-en-la-casa-de-narino-al-primer-ministro-de-corea\/#breadcrumb"},"inLanguage":"es","potentialAction":[{"@type":"ReadAction","target":["https:\/\/noti-america.com\/site\/colombia\/2019\/05\/06\/presidente-duque-recibe-en-la-casa-de-narino-al-primer-ministro-de-corea\/"]}]},{"@type":"ImageObject","inLanguage":"es","@id":"https:\/\/noti-america.com\/site\/colombia\/2019\/05\/06\/presidente-duque-recibe-en-la-casa-de-narino-al-primer-ministro-de-corea\/#primaryimage","url":"https:\/\/noti-america.com\/site\/colombia\/wp-content\/uploads\/sites\/20\/2019\/05\/visita-ministro-corea.jpg","contentUrl":"https:\/\/noti-america.com\/site\/colombia\/wp-content\/uploads\/sites\/20\/2019\/05\/visita-ministro-corea.jpg","width":1200,"height":720,"caption":"El Presidente de Colombia y el Primer Ministro de la Rep\u00fablica de Corea se preparan para recibir los honores militares en la Plaza de Armas de la Casa de Nari\u00f1o."},{"@type":"BreadcrumbList","@id":"https:\/\/noti-america.com\/site\/colombia\/2019\/05\/06\/presidente-duque-recibe-en-la-casa-de-narino-al-primer-ministro-de-corea\/#breadcrumb","itemListElement":[{"@type":"ListItem","position":1,"name":"Portada","item":"https:\/\/noti-america.com\/site\/colombia\/"},{"@type":"ListItem","position":2,"name":"Presidente Duque recibe en la Casa de Nari\u00f1o al Primer Ministro de Corea"}]},{"@type":"WebSite","@id":"https:\/\/noti-america.com\/site\/colombia\/#website","url":"https:\/\/noti-america.com\/site\/colombia\/","name":"Colombia | Noti-America.com","description":"","potentialAction":[{"@type":"SearchAction","target":{"@type":"EntryPoint","urlTemplate":"https:\/\/noti-america.com\/site\/colombia\/?s={search_term_string}"},"query-input":{"@type":"PropertyValueSpecification","valueRequired":true,"valueName":"search_term_string"}}],"inLanguage":"es"},{"@type":"Person","@id":"https:\/\/noti-america.com\/site\/colombia\/#\/schema\/person\/9d83a5cfccf8ad1c3c9c46d73ea0ea58","name":"Yucef Alejandro Pati\u00f1o Ruge","image":{"@type":"ImageObject","inLanguage":"es","@id":"https:\/\/secure.gravatar.com\/avatar\/bb86a5615f9293576f33dc7d6d155be8859cd90c722653ccccd677170c4a44fc?s=96&d=mm&r=g","url":"https:\/\/secure.gravatar.com\/avatar\/bb86a5615f9293576f33dc7d6d155be8859cd90c722653ccccd677170c4a44fc?s=96&d=mm&r=g","contentUrl":"https:\/\/secure.gravatar.com\/avatar\/bb86a5615f9293576f33dc7d6d155be8859cd90c722653ccccd677170c4a44fc?s=96&d=mm&r=g","caption":"Yucef Alejandro Pati\u00f1o Ruge"},"description":"Comunicador social y periodista colombiano.","sameAs":["https:\/\/x.com\/alejochat"],"url":"https:\/\/noti-america.com\/site\/colombia\/author\/ypatino\/"}]}},"_links":{"self":[{"href":"https:\/\/noti-america.com\/site\/colombia\/wp-json\/wp\/v2\/posts\/2256","targetHints":{"allow":["GET"]}}],"collection":[{"href":"https:\/\/noti-america.com\/site\/colombia\/wp-json\/wp\/v2\/posts"}],"about":[{"href":"https:\/\/noti-america.com\/site\/colombia\/wp-json\/wp\/v2\/types\/post"}],"author":[{"embeddable":true,"href":"https:\/\/noti-america.com\/site\/colombia\/wp-json\/wp\/v2\/users\/46"}],"replies":[{"embeddable":true,"href":"https:\/\/noti-america.com\/site\/colombia\/wp-json\/wp\/v2\/comments?post=2256"}],"version-history":[{"count":1,"href":"https:\/\/noti-america.com\/site\/colombia\/wp-json\/wp\/v2\/posts\/2256\/revisions"}],"predecessor-version":[{"id":2258,"href":"https:\/\/noti-america.com\/site\/colombia\/wp-json\/wp\/v2\/posts\/2256\/revisions\/2258"}],"wp:featuredmedia":[{"embeddable":true,"href":"https:\/\/noti-america.com\/site\/colombia\/wp-json\/wp\/v2\/media\/2257"}],"wp:attachment":[{"href":"https:\/\/noti-america.com\/site\/colombia\/wp-json\/wp\/v2\/media?parent=2256"}],"wp:term":[{"taxonomy":"category","embeddable":true,"href":"https:\/\/noti-america.com\/site\/colombia\/wp-json\/wp\/v2\/categories?post=2256"},{"taxonomy":"post_tag","embeddable":true,"href":"https:\/\/noti-america.com\/site\/colombia\/wp-json\/wp\/v2\/tags?post=2256"}],"curies":[{"name":"wp","href":"https:\/\/api.w.org\/{rel}","templated":true}]}}