{"id":2196,"date":"2019-04-17T16:49:32","date_gmt":"2019-04-17T16:49:32","guid":{"rendered":"http:\/\/noti-america.com\/site\/colombia\/?p=2196"},"modified":"2019-04-17T16:49:32","modified_gmt":"2019-04-17T16:49:32","slug":"en-el-primer-trimestre-de-2019-la-inversion-extranjera-crecio-233","status":"publish","type":"post","link":"https:\/\/noti-america.com\/site\/colombia\/2019\/04\/17\/en-el-primer-trimestre-de-2019-la-inversion-extranjera-crecio-233\/","title":{"rendered":"En el primer trimestre de 2019, la inversi\u00f3n extranjera creci\u00f3 23,3%"},"content":{"rendered":"<div id=\"attachment_2197\" style=\"width: 1810px\" class=\"wp-caption aligncenter\"><img loading=\"lazy\" decoding=\"async\" aria-describedby=\"caption-attachment-2197\" class=\"wp-image-2197 size-full\" src=\"http:\/\/noti-america.com\/site\/colombia\/wp-content\/uploads\/sites\/20\/2019\/04\/190218_notaPetroleoGas_1800.jpg\" alt=\"\" width=\"1800\" height=\"1080\" srcset=\"https:\/\/noti-america.com\/site\/colombia\/wp-content\/uploads\/sites\/20\/2019\/04\/190218_notaPetroleoGas_1800.jpg 1800w, https:\/\/noti-america.com\/site\/colombia\/wp-content\/uploads\/sites\/20\/2019\/04\/190218_notaPetroleoGas_1800-300x180.jpg 300w, https:\/\/noti-america.com\/site\/colombia\/wp-content\/uploads\/sites\/20\/2019\/04\/190218_notaPetroleoGas_1800-768x461.jpg 768w, https:\/\/noti-america.com\/site\/colombia\/wp-content\/uploads\/sites\/20\/2019\/04\/190218_notaPetroleoGas_1800-1024x614.jpg 1024w\" sizes=\"auto, (max-width: 1800px) 100vw, 1800px\" \/><p id=\"caption-attachment-2197\" class=\"wp-caption-text\">Imagen: Cortes\u00eda Ministerio de Minas y Energ\u00eda.<\/p><\/div>\n<p style=\"text-align: justify\">En el primer trimestre del a\u00f1o, la inversi\u00f3n extranjera directa, seg\u00fan la balanza cambiaria del Banco de la Rep\u00fablica, alcanz\u00f3 2.255,8 millones de d\u00f3lares. Esto represent\u00f3 un aumento de 23,3%, en comparaci\u00f3n con el mismo periodo del a\u00f1o pasado.<\/p>\n<p style=\"text-align: justify\">De ese total, el 82,5% correspondi\u00f3 a recursos que fueron invertidos en los sectores de petr\u00f3leo, hidrocarburos y miner\u00eda, es decir 1.861,5 millones de d\u00f3lares. El restante, 17,5% &#8211; 394,3 millones de d\u00f3lares, lleg\u00f3 a otros sectores como construcci\u00f3n, electricidad, agua y gas; comercio, restaurantes y hoteles; transporte y manufacturas, entre otros.<\/p>\n<p style=\"text-align: justify\">En este sentido, el ministro de Comercio, Industria y Turismo, Jos\u00e9 Manuel Restrepo, destac\u00f3 este comportamiento y record\u00f3 que una de las estrategias de la pol\u00edtica de comercio exterior es la atracci\u00f3n de inversi\u00f3n extranjera.<\/p>\n<blockquote><p>\u201cContamos con instrumentos y beneficios que hacen al pa\u00eds m\u00e1s competitivo, de cara al inter\u00e9s de los inversionistas for\u00e1neos que est\u00e1n buscando d\u00f3nde establecer sus capitales en Am\u00e9rica Latina\u201d, asegur\u00f3 el titular de la cartera de Comercio.<\/p>\n<p style=\"text-align: justify\">Al destacar las garant\u00edas que ofrece Colombia a los capitales extranjeros, el Ministro Restrepo dijo que, \u201cpor ejemplo, entre esas ventajas se destacan la reducci\u00f3n de la tarifa nominal de renta, la eliminaci\u00f3n progresiva de la renta presuntiva, el descuento del IVA de activos fijos, la deducci\u00f3n de impuestos pagados y el r\u00e9gimen de compa\u00f1\u00edas holding del exterior, entre otros\u201d.<\/p>\n<\/blockquote>\n<p style=\"text-align: justify\">Igualmente, record\u00f3 el programa Regiones Estrat\u00e9gicas de Internacionalizaci\u00f3n Prioritaria (REIP), que busca promover las regiones. Articular los gobiernos nacional, departamental y local. Esto con el prop\u00f3sito de potenciar las fortalezas y ventajas de cada regi\u00f3n hacia el comercio exterior y las inversiones internacionales.<\/p>\n<p><em>(Con informaci\u00f3n del Ministerio de Comercio, Industria y Turismo).<\/em><\/p>\n<p><em>Fuente: Presidencia de la Rep\u00fablica de Colombia<\/em><\/p>\n","protected":false},"excerpt":{"rendered":"<p>En el primer trimestre del a\u00f1o, la inversi\u00f3n extranjera directa, seg\u00fan la balanza cambiaria del Banco de la Rep\u00fablica, alcanz\u00f3 2.255,8 millones de d\u00f3lares. Esto represent\u00f3 un aumento de 23,3%, en comparaci\u00f3n con el&#46;&#46;&#46;<\/p>\n","protected":false},"author":46,"featured_media":2197,"comment_status":"open","ping_status":"open","sticky":false,"template":"","format":"standard","meta":{"_acf_changed":false,"om_disable_all_campaigns":false,"rop_custom_images_group":[],"rop_custom_messages_group":[],"rop_publish_now":"initial","rop_publish_now_accounts":{"twitter_242054905_242054905":""},"rop_publish_now_history":[],"rop_publish_now_status":"pending","_uf_show_specific_survey":0,"_uf_disable_surveys":false,"footnotes":""},"categories":[5],"tags":[137,51,135,124,136,138],"class_list":["post-2196","post","type-post","status-publish","format-standard","has-post-thumbnail","hentry","category-economia","tag-banco-de-la-republica","tag-colombia","tag-comercio","tag-economia","tag-inversion-extranjera","tag-petroleo"],"acf":[],"aioseo_notices":[],"yoast_head":"<!-- This site is optimized with the Yoast SEO Premium plugin v24.9 (Yoast SEO v27.2) - https:\/\/yoast.com\/product\/yoast-seo-premium-wordpress\/ -->\n<title>En el primer trimestre de 2019, la inversi\u00f3n extranjera creci\u00f3 23,3% - Colombia | Noti-America.com<\/title>\n<meta name=\"description\" content=\"En enero aumentaron las producciones de petr\u00f3leo y gas, las m\u00e1s altas desde\" \/>\n<meta name=\"robots\" content=\"index, follow, max-snippet:-1, max-image-preview:large, max-video-preview:-1\" \/>\n<link rel=\"canonical\" href=\"https:\/\/noti-america.com\/site\/colombia\/2019\/04\/17\/en-el-primer-trimestre-de-2019-la-inversion-extranjera-crecio-233\/\" \/>\n<meta property=\"og:locale\" content=\"es_ES\" \/>\n<meta property=\"og:type\" content=\"article\" \/>\n<meta property=\"og:title\" content=\"En el primer trimestre de 2019, la inversi\u00f3n extranjera creci\u00f3 23,3%\" \/>\n<meta property=\"og:description\" content=\"En enero aumentaron las producciones de petr\u00f3leo y gas, las m\u00e1s altas desde\" \/>\n<meta property=\"og:url\" content=\"https:\/\/noti-america.com\/site\/colombia\/2019\/04\/17\/en-el-primer-trimestre-de-2019-la-inversion-extranjera-crecio-233\/\" \/>\n<meta property=\"og:site_name\" content=\"Colombia | Noti-America.com\" \/>\n<meta property=\"article:published_time\" content=\"2019-04-17T16:49:32+00:00\" \/>\n<meta property=\"og:image\" content=\"https:\/\/noti-america.com\/site\/colombia\/wp-content\/uploads\/sites\/20\/2019\/04\/190218_notaPetroleoGas_1800.jpg\" \/>\n\t<meta property=\"og:image:width\" content=\"1800\" \/>\n\t<meta property=\"og:image:height\" content=\"1080\" \/>\n\t<meta property=\"og:image:type\" content=\"image\/jpeg\" \/>\n<meta name=\"author\" content=\"Yucef Alejandro Pati\u00f1o Ruge\" \/>\n<meta name=\"twitter:card\" content=\"summary_large_image\" \/>\n<meta name=\"twitter:creator\" content=\"@alejochat\" \/>\n<meta name=\"twitter:site\" content=\"@notiamerica\" \/>\n<meta name=\"twitter:label1\" content=\"Escrito por\" \/>\n\t<meta name=\"twitter:data1\" content=\"Yucef Alejandro Pati\u00f1o Ruge\" \/>\n\t<meta name=\"twitter:label2\" content=\"Tiempo estimado de lectura\" \/>\n\t<meta name=\"twitter:data2\" content=\"2 minutos\" \/>\n<script type=\"application\/ld+json\" class=\"yoast-schema-graph\">{\"@context\":\"https:\/\/schema.org\",\"@graph\":[{\"@type\":\"Article\",\"@id\":\"https:\/\/noti-america.com\/site\/colombia\/2019\/04\/17\/en-el-primer-trimestre-de-2019-la-inversion-extranjera-crecio-233\/#article\",\"isPartOf\":{\"@id\":\"https:\/\/noti-america.com\/site\/colombia\/2019\/04\/17\/en-el-primer-trimestre-de-2019-la-inversion-extranjera-crecio-233\/\"},\"author\":{\"name\":\"Yucef Alejandro Pati\u00f1o Ruge\",\"@id\":\"https:\/\/noti-america.com\/site\/colombia\/#\/schema\/person\/9d83a5cfccf8ad1c3c9c46d73ea0ea58\"},\"headline\":\"En el primer trimestre de 2019, la inversi\u00f3n extranjera creci\u00f3 23,3%\",\"datePublished\":\"2019-04-17T16:49:32+00:00\",\"mainEntityOfPage\":{\"@id\":\"https:\/\/noti-america.com\/site\/colombia\/2019\/04\/17\/en-el-primer-trimestre-de-2019-la-inversion-extranjera-crecio-233\/\"},\"wordCount\":336,\"commentCount\":0,\"image\":{\"@id\":\"https:\/\/noti-america.com\/site\/colombia\/2019\/04\/17\/en-el-primer-trimestre-de-2019-la-inversion-extranjera-crecio-233\/#primaryimage\"},\"thumbnailUrl\":\"https:\/\/noti-america.com\/site\/colombia\/wp-content\/uploads\/sites\/20\/2019\/04\/190218_notaPetroleoGas_1800.jpg\",\"keywords\":[\"Banco de la Rep\u00fablica\",\"Colombia\",\"comercio\",\"econom\u00eda\",\"Inversi\u00f3n extranjera\",\"petr\u00f3leo\"],\"articleSection\":[\"Econom\u00eda\"],\"inLanguage\":\"es\",\"potentialAction\":[{\"@type\":\"CommentAction\",\"name\":\"Comment\",\"target\":[\"https:\/\/noti-america.com\/site\/colombia\/2019\/04\/17\/en-el-primer-trimestre-de-2019-la-inversion-extranjera-crecio-233\/#respond\"]}]},{\"@type\":\"WebPage\",\"@id\":\"https:\/\/noti-america.com\/site\/colombia\/2019\/04\/17\/en-el-primer-trimestre-de-2019-la-inversion-extranjera-crecio-233\/\",\"url\":\"https:\/\/noti-america.com\/site\/colombia\/2019\/04\/17\/en-el-primer-trimestre-de-2019-la-inversion-extranjera-crecio-233\/\",\"name\":\"En el primer trimestre de 2019, la inversi\u00f3n extranjera creci\u00f3 23,3% - Colombia | Noti-America.com\",\"isPartOf\":{\"@id\":\"https:\/\/noti-america.com\/site\/colombia\/#website\"},\"primaryImageOfPage\":{\"@id\":\"https:\/\/noti-america.com\/site\/colombia\/2019\/04\/17\/en-el-primer-trimestre-de-2019-la-inversion-extranjera-crecio-233\/#primaryimage\"},\"image\":{\"@id\":\"https:\/\/noti-america.com\/site\/colombia\/2019\/04\/17\/en-el-primer-trimestre-de-2019-la-inversion-extranjera-crecio-233\/#primaryimage\"},\"thumbnailUrl\":\"https:\/\/noti-america.com\/site\/colombia\/wp-content\/uploads\/sites\/20\/2019\/04\/190218_notaPetroleoGas_1800.jpg\",\"datePublished\":\"2019-04-17T16:49:32+00:00\",\"author\":{\"@id\":\"https:\/\/noti-america.com\/site\/colombia\/#\/schema\/person\/9d83a5cfccf8ad1c3c9c46d73ea0ea58\"},\"description\":\"En enero aumentaron las producciones de petr\u00f3leo y gas, las m\u00e1s altas desde\",\"breadcrumb\":{\"@id\":\"https:\/\/noti-america.com\/site\/colombia\/2019\/04\/17\/en-el-primer-trimestre-de-2019-la-inversion-extranjera-crecio-233\/#breadcrumb\"},\"inLanguage\":\"es\",\"potentialAction\":[{\"@type\":\"ReadAction\",\"target\":[\"https:\/\/noti-america.com\/site\/colombia\/2019\/04\/17\/en-el-primer-trimestre-de-2019-la-inversion-extranjera-crecio-233\/\"]}]},{\"@type\":\"ImageObject\",\"inLanguage\":\"es\",\"@id\":\"https:\/\/noti-america.com\/site\/colombia\/2019\/04\/17\/en-el-primer-trimestre-de-2019-la-inversion-extranjera-crecio-233\/#primaryimage\",\"url\":\"https:\/\/noti-america.com\/site\/colombia\/wp-content\/uploads\/sites\/20\/2019\/04\/190218_notaPetroleoGas_1800.jpg\",\"contentUrl\":\"https:\/\/noti-america.com\/site\/colombia\/wp-content\/uploads\/sites\/20\/2019\/04\/190218_notaPetroleoGas_1800.jpg\",\"width\":1800,\"height\":1080,\"caption\":\"En enero aumentaron las producciones de petr\u00f3leo y gas, las m\u00e1s altas desde 2016\"},{\"@type\":\"BreadcrumbList\",\"@id\":\"https:\/\/noti-america.com\/site\/colombia\/2019\/04\/17\/en-el-primer-trimestre-de-2019-la-inversion-extranjera-crecio-233\/#breadcrumb\",\"itemListElement\":[{\"@type\":\"ListItem\",\"position\":1,\"name\":\"Portada\",\"item\":\"https:\/\/noti-america.com\/site\/colombia\/\"},{\"@type\":\"ListItem\",\"position\":2,\"name\":\"En el primer trimestre de 2019, la inversi\u00f3n extranjera creci\u00f3 23,3%\"}]},{\"@type\":\"WebSite\",\"@id\":\"https:\/\/noti-america.com\/site\/colombia\/#website\",\"url\":\"https:\/\/noti-america.com\/site\/colombia\/\",\"name\":\"Colombia | Noti-America.com\",\"description\":\"\",\"potentialAction\":[{\"@type\":\"SearchAction\",\"target\":{\"@type\":\"EntryPoint\",\"urlTemplate\":\"https:\/\/noti-america.com\/site\/colombia\/?s={search_term_string}\"},\"query-input\":{\"@type\":\"PropertyValueSpecification\",\"valueRequired\":true,\"valueName\":\"search_term_string\"}}],\"inLanguage\":\"es\"},{\"@type\":\"Person\",\"@id\":\"https:\/\/noti-america.com\/site\/colombia\/#\/schema\/person\/9d83a5cfccf8ad1c3c9c46d73ea0ea58\",\"name\":\"Yucef Alejandro Pati\u00f1o Ruge\",\"image\":{\"@type\":\"ImageObject\",\"inLanguage\":\"es\",\"@id\":\"https:\/\/secure.gravatar.com\/avatar\/bb86a5615f9293576f33dc7d6d155be8859cd90c722653ccccd677170c4a44fc?s=96&d=mm&r=g\",\"url\":\"https:\/\/secure.gravatar.com\/avatar\/bb86a5615f9293576f33dc7d6d155be8859cd90c722653ccccd677170c4a44fc?s=96&d=mm&r=g\",\"contentUrl\":\"https:\/\/secure.gravatar.com\/avatar\/bb86a5615f9293576f33dc7d6d155be8859cd90c722653ccccd677170c4a44fc?s=96&d=mm&r=g\",\"caption\":\"Yucef Alejandro Pati\u00f1o Ruge\"},\"description\":\"Comunicador social y periodista colombiano.\",\"sameAs\":[\"https:\/\/x.com\/alejochat\"],\"url\":\"https:\/\/noti-america.com\/site\/colombia\/author\/ypatino\/\"}]}<\/script>\n<!-- \/ Yoast SEO Premium plugin. -->","yoast_head_json":{"title":"En el primer trimestre de 2019, la inversi\u00f3n extranjera creci\u00f3 23,3% - Colombia | Noti-America.com","description":"En enero aumentaron las producciones de petr\u00f3leo y gas, las m\u00e1s altas desde","robots":{"index":"index","follow":"follow","max-snippet":"max-snippet:-1","max-image-preview":"max-image-preview:large","max-video-preview":"max-video-preview:-1"},"canonical":"https:\/\/noti-america.com\/site\/colombia\/2019\/04\/17\/en-el-primer-trimestre-de-2019-la-inversion-extranjera-crecio-233\/","og_locale":"es_ES","og_type":"article","og_title":"En el primer trimestre de 2019, la inversi\u00f3n extranjera creci\u00f3 23,3%","og_description":"En enero aumentaron las producciones de petr\u00f3leo y gas, las m\u00e1s altas desde","og_url":"https:\/\/noti-america.com\/site\/colombia\/2019\/04\/17\/en-el-primer-trimestre-de-2019-la-inversion-extranjera-crecio-233\/","og_site_name":"Colombia | Noti-America.com","article_published_time":"2019-04-17T16:49:32+00:00","og_image":[{"width":1800,"height":1080,"url":"https:\/\/noti-america.com\/site\/colombia\/wp-content\/uploads\/sites\/20\/2019\/04\/190218_notaPetroleoGas_1800.jpg","type":"image\/jpeg"}],"author":"Yucef Alejandro Pati\u00f1o Ruge","twitter_card":"summary_large_image","twitter_creator":"@alejochat","twitter_site":"@notiamerica","twitter_misc":{"Escrito por":"Yucef Alejandro Pati\u00f1o Ruge","Tiempo estimado de lectura":"2 minutos"},"schema":{"@context":"https:\/\/schema.org","@graph":[{"@type":"Article","@id":"https:\/\/noti-america.com\/site\/colombia\/2019\/04\/17\/en-el-primer-trimestre-de-2019-la-inversion-extranjera-crecio-233\/#article","isPartOf":{"@id":"https:\/\/noti-america.com\/site\/colombia\/2019\/04\/17\/en-el-primer-trimestre-de-2019-la-inversion-extranjera-crecio-233\/"},"author":{"name":"Yucef Alejandro Pati\u00f1o Ruge","@id":"https:\/\/noti-america.com\/site\/colombia\/#\/schema\/person\/9d83a5cfccf8ad1c3c9c46d73ea0ea58"},"headline":"En el primer trimestre de 2019, la inversi\u00f3n extranjera creci\u00f3 23,3%","datePublished":"2019-04-17T16:49:32+00:00","mainEntityOfPage":{"@id":"https:\/\/noti-america.com\/site\/colombia\/2019\/04\/17\/en-el-primer-trimestre-de-2019-la-inversion-extranjera-crecio-233\/"},"wordCount":336,"commentCount":0,"image":{"@id":"https:\/\/noti-america.com\/site\/colombia\/2019\/04\/17\/en-el-primer-trimestre-de-2019-la-inversion-extranjera-crecio-233\/#primaryimage"},"thumbnailUrl":"https:\/\/noti-america.com\/site\/colombia\/wp-content\/uploads\/sites\/20\/2019\/04\/190218_notaPetroleoGas_1800.jpg","keywords":["Banco de la Rep\u00fablica","Colombia","comercio","econom\u00eda","Inversi\u00f3n extranjera","petr\u00f3leo"],"articleSection":["Econom\u00eda"],"inLanguage":"es","potentialAction":[{"@type":"CommentAction","name":"Comment","target":["https:\/\/noti-america.com\/site\/colombia\/2019\/04\/17\/en-el-primer-trimestre-de-2019-la-inversion-extranjera-crecio-233\/#respond"]}]},{"@type":"WebPage","@id":"https:\/\/noti-america.com\/site\/colombia\/2019\/04\/17\/en-el-primer-trimestre-de-2019-la-inversion-extranjera-crecio-233\/","url":"https:\/\/noti-america.com\/site\/colombia\/2019\/04\/17\/en-el-primer-trimestre-de-2019-la-inversion-extranjera-crecio-233\/","name":"En el primer trimestre de 2019, la inversi\u00f3n extranjera creci\u00f3 23,3% - Colombia | Noti-America.com","isPartOf":{"@id":"https:\/\/noti-america.com\/site\/colombia\/#website"},"primaryImageOfPage":{"@id":"https:\/\/noti-america.com\/site\/colombia\/2019\/04\/17\/en-el-primer-trimestre-de-2019-la-inversion-extranjera-crecio-233\/#primaryimage"},"image":{"@id":"https:\/\/noti-america.com\/site\/colombia\/2019\/04\/17\/en-el-primer-trimestre-de-2019-la-inversion-extranjera-crecio-233\/#primaryimage"},"thumbnailUrl":"https:\/\/noti-america.com\/site\/colombia\/wp-content\/uploads\/sites\/20\/2019\/04\/190218_notaPetroleoGas_1800.jpg","datePublished":"2019-04-17T16:49:32+00:00","author":{"@id":"https:\/\/noti-america.com\/site\/colombia\/#\/schema\/person\/9d83a5cfccf8ad1c3c9c46d73ea0ea58"},"description":"En enero aumentaron las producciones de petr\u00f3leo y gas, las m\u00e1s altas desde","breadcrumb":{"@id":"https:\/\/noti-america.com\/site\/colombia\/2019\/04\/17\/en-el-primer-trimestre-de-2019-la-inversion-extranjera-crecio-233\/#breadcrumb"},"inLanguage":"es","potentialAction":[{"@type":"ReadAction","target":["https:\/\/noti-america.com\/site\/colombia\/2019\/04\/17\/en-el-primer-trimestre-de-2019-la-inversion-extranjera-crecio-233\/"]}]},{"@type":"ImageObject","inLanguage":"es","@id":"https:\/\/noti-america.com\/site\/colombia\/2019\/04\/17\/en-el-primer-trimestre-de-2019-la-inversion-extranjera-crecio-233\/#primaryimage","url":"https:\/\/noti-america.com\/site\/colombia\/wp-content\/uploads\/sites\/20\/2019\/04\/190218_notaPetroleoGas_1800.jpg","contentUrl":"https:\/\/noti-america.com\/site\/colombia\/wp-content\/uploads\/sites\/20\/2019\/04\/190218_notaPetroleoGas_1800.jpg","width":1800,"height":1080,"caption":"En enero aumentaron las producciones de petr\u00f3leo y gas, las m\u00e1s altas desde 2016"},{"@type":"BreadcrumbList","@id":"https:\/\/noti-america.com\/site\/colombia\/2019\/04\/17\/en-el-primer-trimestre-de-2019-la-inversion-extranjera-crecio-233\/#breadcrumb","itemListElement":[{"@type":"ListItem","position":1,"name":"Portada","item":"https:\/\/noti-america.com\/site\/colombia\/"},{"@type":"ListItem","position":2,"name":"En el primer trimestre de 2019, la inversi\u00f3n extranjera creci\u00f3 23,3%"}]},{"@type":"WebSite","@id":"https:\/\/noti-america.com\/site\/colombia\/#website","url":"https:\/\/noti-america.com\/site\/colombia\/","name":"Colombia | Noti-America.com","description":"","potentialAction":[{"@type":"SearchAction","target":{"@type":"EntryPoint","urlTemplate":"https:\/\/noti-america.com\/site\/colombia\/?s={search_term_string}"},"query-input":{"@type":"PropertyValueSpecification","valueRequired":true,"valueName":"search_term_string"}}],"inLanguage":"es"},{"@type":"Person","@id":"https:\/\/noti-america.com\/site\/colombia\/#\/schema\/person\/9d83a5cfccf8ad1c3c9c46d73ea0ea58","name":"Yucef Alejandro Pati\u00f1o Ruge","image":{"@type":"ImageObject","inLanguage":"es","@id":"https:\/\/secure.gravatar.com\/avatar\/bb86a5615f9293576f33dc7d6d155be8859cd90c722653ccccd677170c4a44fc?s=96&d=mm&r=g","url":"https:\/\/secure.gravatar.com\/avatar\/bb86a5615f9293576f33dc7d6d155be8859cd90c722653ccccd677170c4a44fc?s=96&d=mm&r=g","contentUrl":"https:\/\/secure.gravatar.com\/avatar\/bb86a5615f9293576f33dc7d6d155be8859cd90c722653ccccd677170c4a44fc?s=96&d=mm&r=g","caption":"Yucef Alejandro Pati\u00f1o Ruge"},"description":"Comunicador social y periodista colombiano.","sameAs":["https:\/\/x.com\/alejochat"],"url":"https:\/\/noti-america.com\/site\/colombia\/author\/ypatino\/"}]}},"_links":{"self":[{"href":"https:\/\/noti-america.com\/site\/colombia\/wp-json\/wp\/v2\/posts\/2196","targetHints":{"allow":["GET"]}}],"collection":[{"href":"https:\/\/noti-america.com\/site\/colombia\/wp-json\/wp\/v2\/posts"}],"about":[{"href":"https:\/\/noti-america.com\/site\/colombia\/wp-json\/wp\/v2\/types\/post"}],"author":[{"embeddable":true,"href":"https:\/\/noti-america.com\/site\/colombia\/wp-json\/wp\/v2\/users\/46"}],"replies":[{"embeddable":true,"href":"https:\/\/noti-america.com\/site\/colombia\/wp-json\/wp\/v2\/comments?post=2196"}],"version-history":[{"count":1,"href":"https:\/\/noti-america.com\/site\/colombia\/wp-json\/wp\/v2\/posts\/2196\/revisions"}],"predecessor-version":[{"id":2198,"href":"https:\/\/noti-america.com\/site\/colombia\/wp-json\/wp\/v2\/posts\/2196\/revisions\/2198"}],"wp:featuredmedia":[{"embeddable":true,"href":"https:\/\/noti-america.com\/site\/colombia\/wp-json\/wp\/v2\/media\/2197"}],"wp:attachment":[{"href":"https:\/\/noti-america.com\/site\/colombia\/wp-json\/wp\/v2\/media?parent=2196"}],"wp:term":[{"taxonomy":"category","embeddable":true,"href":"https:\/\/noti-america.com\/site\/colombia\/wp-json\/wp\/v2\/categories?post=2196"},{"taxonomy":"post_tag","embeddable":true,"href":"https:\/\/noti-america.com\/site\/colombia\/wp-json\/wp\/v2\/tags?post=2196"}],"curies":[{"name":"wp","href":"https:\/\/api.w.org\/{rel}","templated":true}]}}