{"id":20951,"date":"2026-04-30T00:43:04","date_gmt":"2026-04-30T00:43:04","guid":{"rendered":"https:\/\/noti-america.com\/site\/colombia\/?p=20951"},"modified":"2026-04-30T00:43:04","modified_gmt":"2026-04-30T00:43:04","slug":"cali-tendra-el-primer-centro-comercial-del-pais-con-una-estacion-de-transporte-masivo-integrada","status":"publish","type":"post","link":"https:\/\/noti-america.com\/site\/colombia\/2026\/04\/30\/cali-tendra-el-primer-centro-comercial-del-pais-con-una-estacion-de-transporte-masivo-integrada\/","title":{"rendered":"Cali tendr\u00e1 el primer centro comercial del pa\u00eds con una estaci\u00f3n de transporte masivo integrada"},"content":{"rendered":"<p>NOTI-AMERICA| COLOMBIA<\/p>\n<p>En el marco de Epicca, el Encuentro de Profesionales de la Industria de Centros Comerciales de Am\u00e9rica, organizado por la Asociaci\u00f3n Colombiana de Centros Comerciales (Acecolombia), Canales Desarrolladores y Concretesa, presentaron el que ser\u00eda en Cali, <strong>el primer modelo de centro comercial del pa\u00eds, construido dentro de una estaci\u00f3n del sistema integrado de transporte<\/strong>.<\/p>\n<p>Un hito que se ha ido gestando desde hace m\u00e1s de doce a\u00f1os, cuando Canales Desarrolladores, el constructor, desarrollador y ejecutor de centros comerciales exitosos y con vacancia cero, como Mercurio en Soacha, Mall Plaza el Castillo en Cartagena y\u00a0 Avenida en Fusagasug\u00e1, y Concretesa, responsable del desarrollo del Centro Comercial La Herradura en Tulu\u00e1, ganaron la convocatoria p\u00fablica del Plan Parcial de Renovaci\u00f3n Urbana El Calvario, contenido en el Plan Ciudad Para\u00edso, para recuperar, renovar y transformar paso a paso una zona deprimida del centro de Cali, en un lugar donde no solo se construir\u00e1n m\u00e1s de 6.000 viviendas, el nuevo b\u00fanker de la Fiscal\u00eda que ya est\u00e1 funcionando con 1.500 empleados, la renovaci\u00f3n integral del centro hist\u00f3rico y la renovaci\u00f3n sociocultural del barrio obrero, sino que vivir\u00e1 \u201cIDILIO\u201d, el primer Centro Comercial del pa\u00eds que integrar\u00e1 la Estaci\u00f3n Central del MIO.<\/p>\n<p>\u201cDesde 2012 ganamos el concurso p\u00fablico de la EDRU para ser el aliado estrat\u00e9gico privado del Plan Parcial de Renovaci\u00f3n Urbana de El Calvario. Adquirimos 164 predios, saneamos el suelo jur\u00eddicamente, ejecutamos el plan de gesti\u00f3n social, y construimos la primera etapa de vivienda (331 apartamentos), que ya est\u00e1 entregada y habitada. Hoy desarrollamos Idilio, con la EDRU articulada, la Alcald\u00eda y Metro Cali, impulsando activamente el centro con el programa Centr\u00e9monos\u201d, asegura Juan Manuel Canales, presidente de Canales Desarrolladores S.A.S.<\/p>\n<p>Un paso gigante que da Cali,\u00a0 al mejor estilo del Oculus Westfield en Nueva York, o el Yaesu Shopping Mall en la Estaci\u00f3n de Tokio, con un centro comercial de m\u00e1s de 57 mil m2 de \u00e1rea construida y 26.500m2 de GLA, ubicado sobre la Carrera 10, entre Calles 13 y 15, dentro de la Estaci\u00f3n Central del Sistema Integrado de Transporte MIO, a la cual llegar\u00e1n 95 mil personas a diario, para movilizarse y disfrutar de una plataforma comercial \u00fanica cuyo <strong>ADN representa la esencia de Cali con su gastronom\u00eda, salsa y biodiversidad.<\/strong><\/p>\n<p>\u201cEsa es una apuesta por un centro comercial realmente hecho para los cale\u00f1os, que les permita vivir la experiencia comercial, gastron\u00f3mica y de bienestar \u00fanica, mientras llegan o van a sus hogares, trabajos o destinos. Un escenario que integrar\u00e1 vegetaci\u00f3n nativa como el guayac\u00e1n y el agua, como elementos que evocan la rica naturaleza vallecaucana; una oferta gastron\u00f3mica con el sabor de la regi\u00f3n y del mundo a trav\u00e9s de zonas bien dise\u00f1adas que incluyen desde plazoleta de comidas o restaurantes a mantel, hasta un escenario tipo mercado, y una oferta de entretenimiento vital, donde la salsa y el deporte, ser\u00e1n insignias de espect\u00e1culos y planes permanentes\u201d, sostiene, Alfredo Santamar\u00eda, presidente de Concretesa.<\/p>\n<p><strong>La magia de un centro comercial anclado al MIO<\/strong><\/p>\n<p>Centro Comercial Idilio, empezar\u00e1 su construcci\u00f3n a mediados de 2027, con una inversi\u00f3n superior a los $400.000 millones de pesos, generar\u00e1 m\u00e1s de 3.500 empleos directos e indirectos en fase de construcci\u00f3n -priorizando la mano de obra local-, cerca de 800 en fase operativa, y crear\u00e1 encadenamientos productivos con m\u00e1s de 60 subsectores.<\/p>\n<p>El Centro Comercial, adem\u00e1s de contar con el tr\u00e1fico de las 95.000 personas que llegar\u00e1n a la Estaci\u00f3n Central, ser\u00e1 visitado por los 10.500 nuevos residentes de la zona, fruto del desarrollo inmobiliario de los planes parciales de renovaci\u00f3n urbana de El Calvario y San Pascual.<\/p>\n<p>Idilio tendr\u00e1 una estructura de tres niveles, con un dise\u00f1o bioclim\u00e1tico que le apostar\u00e1 al ahorro energ\u00e9tico e h\u00eddrico, y a la obtenci\u00f3n de la Certificaci\u00f3n Edge; conformar\u00e1 un mix de 179 locales con marcas nacionales, internacionales y locales; ofrecer\u00e1 400 parqueaderos para veh\u00edculos y otros 420 m\u00e1s para motocicletas, y sumar\u00e1 a la ciudad 7.400 m2 de espacio p\u00fablico nuevo y 14.300 m2 de nuevas v\u00edas.<\/p>\n<p>Con proyectos de este tipo, las ciudades del pa\u00eds se transforman y conectan a las personas, las oportunidades y el progreso.<\/p>\n<p>\u201cQueremos que los cale\u00f1os disfruten de esa ciudad de 15 minutos, donde el centro es un para\u00edso al que quieren llegar, y en un escenario como IDILIO, que seguramente se convertir\u00e1 en otro punto tur\u00edstico importante de la ciudad, donde todo aquel que quiera vivir la cultura de Cali y del Valle del Cauca, podr\u00e1 encontrar toda una experiencia dise\u00f1ada para el orgullo de los cale\u00f1os, de los visitantes y del mundo\u201d, concluye Ma. Alejandra Canales, vicepresidente de Canales Desarrolladores S.A.S.<\/p>\n","protected":false},"excerpt":{"rendered":"<p>NOTI-AMERICA| COLOMBIA En el marco de Epicca, el Encuentro de Profesionales de la Industria de Centros Comerciales de Am\u00e9rica, organizado por la Asociaci\u00f3n Colombiana de Centros Comerciales (Acecolombia), Canales Desarrolladores y Concretesa, presentaron el&#46;&#46;&#46;<\/p>\n","protected":false},"author":135,"featured_media":20952,"comment_status":"open","ping_status":"open","sticky":false,"template":"","format":"image","meta":{"_acf_changed":false,"om_disable_all_campaigns":false,"rop_custom_images_group":[],"rop_custom_messages_group":[],"rop_publish_now":"initial","rop_publish_now_accounts":{"twitter_242054905_242054905":""},"rop_publish_now_history":[],"rop_publish_now_status":"pending","_uf_show_specific_survey":0,"_uf_disable_surveys":false,"footnotes":""},"categories":[167],"tags":[],"class_list":["post-20951","post","type-post","status-publish","format-image","has-post-thumbnail","hentry","category-acturalidad","post_format-post-format-image"],"acf":[],"aioseo_notices":[],"yoast_head":"<!-- This site is optimized with the Yoast SEO Premium plugin v24.9 (Yoast SEO v27.2) - https:\/\/yoast.com\/product\/yoast-seo-premium-wordpress\/ -->\n<title>Cali tendr\u00e1 el primer centro comercial del pa\u00eds con una estaci\u00f3n de transporte masivo integrada - Colombia | Noti-America.com<\/title>\n<meta name=\"robots\" content=\"index, follow, max-snippet:-1, max-image-preview:large, max-video-preview:-1\" \/>\n<link rel=\"canonical\" href=\"https:\/\/noti-america.com\/site\/colombia\/2026\/04\/30\/cali-tendra-el-primer-centro-comercial-del-pais-con-una-estacion-de-transporte-masivo-integrada\/\" \/>\n<meta property=\"og:locale\" content=\"es_ES\" \/>\n<meta property=\"og:type\" content=\"article\" \/>\n<meta property=\"og:title\" content=\"Cali tendr\u00e1 el primer centro comercial del pa\u00eds con una estaci\u00f3n de transporte masivo integrada\" \/>\n<meta property=\"og:description\" content=\"NOTI-AMERICA| COLOMBIA En el marco de Epicca, el Encuentro de Profesionales de la Industria de Centros Comerciales de Am\u00e9rica, organizado por la Asociaci\u00f3n Colombiana de Centros Comerciales (Acecolombia), Canales Desarrolladores y Concretesa, presentaron el&#046;&#046;&#046;\" \/>\n<meta property=\"og:url\" content=\"https:\/\/noti-america.com\/site\/colombia\/2026\/04\/30\/cali-tendra-el-primer-centro-comercial-del-pais-con-una-estacion-de-transporte-masivo-integrada\/\" \/>\n<meta property=\"og:site_name\" content=\"Colombia | Noti-America.com\" \/>\n<meta property=\"article:published_time\" content=\"2026-04-30T00:43:04+00:00\" \/>\n<meta property=\"og:image\" content=\"https:\/\/noti-america.com\/site\/colombia\/wp-content\/uploads\/sites\/20\/2026\/04\/WhatsApp-Image-2026-04-29-at-3.55.07-PM.jpeg\" \/>\n\t<meta property=\"og:image:width\" content=\"1600\" \/>\n\t<meta property=\"og:image:height\" content=\"898\" \/>\n\t<meta property=\"og:image:type\" content=\"image\/jpeg\" \/>\n<meta name=\"author\" content=\"mlenis\" \/>\n<meta name=\"twitter:card\" content=\"summary_large_image\" \/>\n<meta name=\"twitter:creator\" content=\"@notiamerica\" \/>\n<meta name=\"twitter:site\" content=\"@notiamerica\" \/>\n<meta name=\"twitter:label1\" content=\"Escrito por\" \/>\n\t<meta name=\"twitter:data1\" content=\"mlenis\" \/>\n\t<meta name=\"twitter:label2\" content=\"Tiempo estimado de lectura\" \/>\n\t<meta name=\"twitter:data2\" content=\"4 minutos\" \/>\n<script type=\"application\/ld+json\" class=\"yoast-schema-graph\">{\"@context\":\"https:\/\/schema.org\",\"@graph\":[{\"@type\":\"Article\",\"@id\":\"https:\/\/noti-america.com\/site\/colombia\/2026\/04\/30\/cali-tendra-el-primer-centro-comercial-del-pais-con-una-estacion-de-transporte-masivo-integrada\/#article\",\"isPartOf\":{\"@id\":\"https:\/\/noti-america.com\/site\/colombia\/2026\/04\/30\/cali-tendra-el-primer-centro-comercial-del-pais-con-una-estacion-de-transporte-masivo-integrada\/\"},\"author\":{\"name\":\"mlenis\",\"@id\":\"https:\/\/noti-america.com\/site\/colombia\/#\/schema\/person\/4b216aa1c65f5f3ee2a0f0ee69a3f85f\"},\"headline\":\"Cali tendr\u00e1 el primer centro comercial del pa\u00eds con una estaci\u00f3n de transporte masivo integrada\",\"datePublished\":\"2026-04-30T00:43:04+00:00\",\"mainEntityOfPage\":{\"@id\":\"https:\/\/noti-america.com\/site\/colombia\/2026\/04\/30\/cali-tendra-el-primer-centro-comercial-del-pais-con-una-estacion-de-transporte-masivo-integrada\/\"},\"wordCount\":830,\"commentCount\":0,\"image\":{\"@id\":\"https:\/\/noti-america.com\/site\/colombia\/2026\/04\/30\/cali-tendra-el-primer-centro-comercial-del-pais-con-una-estacion-de-transporte-masivo-integrada\/#primaryimage\"},\"thumbnailUrl\":\"https:\/\/noti-america.com\/site\/colombia\/wp-content\/uploads\/sites\/20\/2026\/04\/WhatsApp-Image-2026-04-29-at-3.55.07-PM.jpeg\",\"articleSection\":[\"Actualidad\"],\"inLanguage\":\"es\",\"potentialAction\":[{\"@type\":\"CommentAction\",\"name\":\"Comment\",\"target\":[\"https:\/\/noti-america.com\/site\/colombia\/2026\/04\/30\/cali-tendra-el-primer-centro-comercial-del-pais-con-una-estacion-de-transporte-masivo-integrada\/#respond\"]}]},{\"@type\":\"WebPage\",\"@id\":\"https:\/\/noti-america.com\/site\/colombia\/2026\/04\/30\/cali-tendra-el-primer-centro-comercial-del-pais-con-una-estacion-de-transporte-masivo-integrada\/\",\"url\":\"https:\/\/noti-america.com\/site\/colombia\/2026\/04\/30\/cali-tendra-el-primer-centro-comercial-del-pais-con-una-estacion-de-transporte-masivo-integrada\/\",\"name\":\"Cali tendr\u00e1 el primer centro comercial del pa\u00eds con una estaci\u00f3n de transporte masivo integrada - Colombia | Noti-America.com\",\"isPartOf\":{\"@id\":\"https:\/\/noti-america.com\/site\/colombia\/#website\"},\"primaryImageOfPage\":{\"@id\":\"https:\/\/noti-america.com\/site\/colombia\/2026\/04\/30\/cali-tendra-el-primer-centro-comercial-del-pais-con-una-estacion-de-transporte-masivo-integrada\/#primaryimage\"},\"image\":{\"@id\":\"https:\/\/noti-america.com\/site\/colombia\/2026\/04\/30\/cali-tendra-el-primer-centro-comercial-del-pais-con-una-estacion-de-transporte-masivo-integrada\/#primaryimage\"},\"thumbnailUrl\":\"https:\/\/noti-america.com\/site\/colombia\/wp-content\/uploads\/sites\/20\/2026\/04\/WhatsApp-Image-2026-04-29-at-3.55.07-PM.jpeg\",\"datePublished\":\"2026-04-30T00:43:04+00:00\",\"author\":{\"@id\":\"https:\/\/noti-america.com\/site\/colombia\/#\/schema\/person\/4b216aa1c65f5f3ee2a0f0ee69a3f85f\"},\"breadcrumb\":{\"@id\":\"https:\/\/noti-america.com\/site\/colombia\/2026\/04\/30\/cali-tendra-el-primer-centro-comercial-del-pais-con-una-estacion-de-transporte-masivo-integrada\/#breadcrumb\"},\"inLanguage\":\"es\",\"potentialAction\":[{\"@type\":\"ReadAction\",\"target\":[\"https:\/\/noti-america.com\/site\/colombia\/2026\/04\/30\/cali-tendra-el-primer-centro-comercial-del-pais-con-una-estacion-de-transporte-masivo-integrada\/\"]}]},{\"@type\":\"ImageObject\",\"inLanguage\":\"es\",\"@id\":\"https:\/\/noti-america.com\/site\/colombia\/2026\/04\/30\/cali-tendra-el-primer-centro-comercial-del-pais-con-una-estacion-de-transporte-masivo-integrada\/#primaryimage\",\"url\":\"https:\/\/noti-america.com\/site\/colombia\/wp-content\/uploads\/sites\/20\/2026\/04\/WhatsApp-Image-2026-04-29-at-3.55.07-PM.jpeg\",\"contentUrl\":\"https:\/\/noti-america.com\/site\/colombia\/wp-content\/uploads\/sites\/20\/2026\/04\/WhatsApp-Image-2026-04-29-at-3.55.07-PM.jpeg\",\"width\":1600,\"height\":898},{\"@type\":\"BreadcrumbList\",\"@id\":\"https:\/\/noti-america.com\/site\/colombia\/2026\/04\/30\/cali-tendra-el-primer-centro-comercial-del-pais-con-una-estacion-de-transporte-masivo-integrada\/#breadcrumb\",\"itemListElement\":[{\"@type\":\"ListItem\",\"position\":1,\"name\":\"Portada\",\"item\":\"https:\/\/noti-america.com\/site\/colombia\/\"},{\"@type\":\"ListItem\",\"position\":2,\"name\":\"Cali tendr\u00e1 el primer centro comercial del pa\u00eds con una estaci\u00f3n de transporte masivo integrada\"}]},{\"@type\":\"WebSite\",\"@id\":\"https:\/\/noti-america.com\/site\/colombia\/#website\",\"url\":\"https:\/\/noti-america.com\/site\/colombia\/\",\"name\":\"Colombia | Noti-America.com\",\"description\":\"\",\"potentialAction\":[{\"@type\":\"SearchAction\",\"target\":{\"@type\":\"EntryPoint\",\"urlTemplate\":\"https:\/\/noti-america.com\/site\/colombia\/?s={search_term_string}\"},\"query-input\":{\"@type\":\"PropertyValueSpecification\",\"valueRequired\":true,\"valueName\":\"search_term_string\"}}],\"inLanguage\":\"es\"},{\"@type\":\"Person\",\"@id\":\"https:\/\/noti-america.com\/site\/colombia\/#\/schema\/person\/4b216aa1c65f5f3ee2a0f0ee69a3f85f\",\"name\":\"mlenis\",\"image\":{\"@type\":\"ImageObject\",\"inLanguage\":\"es\",\"@id\":\"https:\/\/secure.gravatar.com\/avatar\/71bbe7129a082888d49bedca63e7a6e75ca485c648bb239a7515a2a55acd510f?s=96&d=mm&r=g\",\"url\":\"https:\/\/secure.gravatar.com\/avatar\/71bbe7129a082888d49bedca63e7a6e75ca485c648bb239a7515a2a55acd510f?s=96&d=mm&r=g\",\"contentUrl\":\"https:\/\/secure.gravatar.com\/avatar\/71bbe7129a082888d49bedca63e7a6e75ca485c648bb239a7515a2a55acd510f?s=96&d=mm&r=g\",\"caption\":\"mlenis\"},\"url\":\"https:\/\/noti-america.com\/site\/colombia\/author\/mlenis\/\"}]}<\/script>\n<!-- \/ Yoast SEO Premium plugin. -->","yoast_head_json":{"title":"Cali tendr\u00e1 el primer centro comercial del pa\u00eds con una estaci\u00f3n de transporte masivo integrada - Colombia | Noti-America.com","robots":{"index":"index","follow":"follow","max-snippet":"max-snippet:-1","max-image-preview":"max-image-preview:large","max-video-preview":"max-video-preview:-1"},"canonical":"https:\/\/noti-america.com\/site\/colombia\/2026\/04\/30\/cali-tendra-el-primer-centro-comercial-del-pais-con-una-estacion-de-transporte-masivo-integrada\/","og_locale":"es_ES","og_type":"article","og_title":"Cali tendr\u00e1 el primer centro comercial del pa\u00eds con una estaci\u00f3n de transporte masivo integrada","og_description":"NOTI-AMERICA| COLOMBIA En el marco de Epicca, el Encuentro de Profesionales de la Industria de Centros Comerciales de Am\u00e9rica, organizado por la Asociaci\u00f3n Colombiana de Centros Comerciales (Acecolombia), Canales Desarrolladores y Concretesa, presentaron el&#46;&#46;&#46;","og_url":"https:\/\/noti-america.com\/site\/colombia\/2026\/04\/30\/cali-tendra-el-primer-centro-comercial-del-pais-con-una-estacion-de-transporte-masivo-integrada\/","og_site_name":"Colombia | Noti-America.com","article_published_time":"2026-04-30T00:43:04+00:00","og_image":[{"width":1600,"height":898,"url":"https:\/\/noti-america.com\/site\/colombia\/wp-content\/uploads\/sites\/20\/2026\/04\/WhatsApp-Image-2026-04-29-at-3.55.07-PM.jpeg","type":"image\/jpeg"}],"author":"mlenis","twitter_card":"summary_large_image","twitter_creator":"@notiamerica","twitter_site":"@notiamerica","twitter_misc":{"Escrito por":"mlenis","Tiempo estimado de lectura":"4 minutos"},"schema":{"@context":"https:\/\/schema.org","@graph":[{"@type":"Article","@id":"https:\/\/noti-america.com\/site\/colombia\/2026\/04\/30\/cali-tendra-el-primer-centro-comercial-del-pais-con-una-estacion-de-transporte-masivo-integrada\/#article","isPartOf":{"@id":"https:\/\/noti-america.com\/site\/colombia\/2026\/04\/30\/cali-tendra-el-primer-centro-comercial-del-pais-con-una-estacion-de-transporte-masivo-integrada\/"},"author":{"name":"mlenis","@id":"https:\/\/noti-america.com\/site\/colombia\/#\/schema\/person\/4b216aa1c65f5f3ee2a0f0ee69a3f85f"},"headline":"Cali tendr\u00e1 el primer centro comercial del pa\u00eds con una estaci\u00f3n de transporte masivo integrada","datePublished":"2026-04-30T00:43:04+00:00","mainEntityOfPage":{"@id":"https:\/\/noti-america.com\/site\/colombia\/2026\/04\/30\/cali-tendra-el-primer-centro-comercial-del-pais-con-una-estacion-de-transporte-masivo-integrada\/"},"wordCount":830,"commentCount":0,"image":{"@id":"https:\/\/noti-america.com\/site\/colombia\/2026\/04\/30\/cali-tendra-el-primer-centro-comercial-del-pais-con-una-estacion-de-transporte-masivo-integrada\/#primaryimage"},"thumbnailUrl":"https:\/\/noti-america.com\/site\/colombia\/wp-content\/uploads\/sites\/20\/2026\/04\/WhatsApp-Image-2026-04-29-at-3.55.07-PM.jpeg","articleSection":["Actualidad"],"inLanguage":"es","potentialAction":[{"@type":"CommentAction","name":"Comment","target":["https:\/\/noti-america.com\/site\/colombia\/2026\/04\/30\/cali-tendra-el-primer-centro-comercial-del-pais-con-una-estacion-de-transporte-masivo-integrada\/#respond"]}]},{"@type":"WebPage","@id":"https:\/\/noti-america.com\/site\/colombia\/2026\/04\/30\/cali-tendra-el-primer-centro-comercial-del-pais-con-una-estacion-de-transporte-masivo-integrada\/","url":"https:\/\/noti-america.com\/site\/colombia\/2026\/04\/30\/cali-tendra-el-primer-centro-comercial-del-pais-con-una-estacion-de-transporte-masivo-integrada\/","name":"Cali tendr\u00e1 el primer centro comercial del pa\u00eds con una estaci\u00f3n de transporte masivo integrada - Colombia | Noti-America.com","isPartOf":{"@id":"https:\/\/noti-america.com\/site\/colombia\/#website"},"primaryImageOfPage":{"@id":"https:\/\/noti-america.com\/site\/colombia\/2026\/04\/30\/cali-tendra-el-primer-centro-comercial-del-pais-con-una-estacion-de-transporte-masivo-integrada\/#primaryimage"},"image":{"@id":"https:\/\/noti-america.com\/site\/colombia\/2026\/04\/30\/cali-tendra-el-primer-centro-comercial-del-pais-con-una-estacion-de-transporte-masivo-integrada\/#primaryimage"},"thumbnailUrl":"https:\/\/noti-america.com\/site\/colombia\/wp-content\/uploads\/sites\/20\/2026\/04\/WhatsApp-Image-2026-04-29-at-3.55.07-PM.jpeg","datePublished":"2026-04-30T00:43:04+00:00","author":{"@id":"https:\/\/noti-america.com\/site\/colombia\/#\/schema\/person\/4b216aa1c65f5f3ee2a0f0ee69a3f85f"},"breadcrumb":{"@id":"https:\/\/noti-america.com\/site\/colombia\/2026\/04\/30\/cali-tendra-el-primer-centro-comercial-del-pais-con-una-estacion-de-transporte-masivo-integrada\/#breadcrumb"},"inLanguage":"es","potentialAction":[{"@type":"ReadAction","target":["https:\/\/noti-america.com\/site\/colombia\/2026\/04\/30\/cali-tendra-el-primer-centro-comercial-del-pais-con-una-estacion-de-transporte-masivo-integrada\/"]}]},{"@type":"ImageObject","inLanguage":"es","@id":"https:\/\/noti-america.com\/site\/colombia\/2026\/04\/30\/cali-tendra-el-primer-centro-comercial-del-pais-con-una-estacion-de-transporte-masivo-integrada\/#primaryimage","url":"https:\/\/noti-america.com\/site\/colombia\/wp-content\/uploads\/sites\/20\/2026\/04\/WhatsApp-Image-2026-04-29-at-3.55.07-PM.jpeg","contentUrl":"https:\/\/noti-america.com\/site\/colombia\/wp-content\/uploads\/sites\/20\/2026\/04\/WhatsApp-Image-2026-04-29-at-3.55.07-PM.jpeg","width":1600,"height":898},{"@type":"BreadcrumbList","@id":"https:\/\/noti-america.com\/site\/colombia\/2026\/04\/30\/cali-tendra-el-primer-centro-comercial-del-pais-con-una-estacion-de-transporte-masivo-integrada\/#breadcrumb","itemListElement":[{"@type":"ListItem","position":1,"name":"Portada","item":"https:\/\/noti-america.com\/site\/colombia\/"},{"@type":"ListItem","position":2,"name":"Cali tendr\u00e1 el primer centro comercial del pa\u00eds con una estaci\u00f3n de transporte masivo integrada"}]},{"@type":"WebSite","@id":"https:\/\/noti-america.com\/site\/colombia\/#website","url":"https:\/\/noti-america.com\/site\/colombia\/","name":"Colombia | Noti-America.com","description":"","potentialAction":[{"@type":"SearchAction","target":{"@type":"EntryPoint","urlTemplate":"https:\/\/noti-america.com\/site\/colombia\/?s={search_term_string}"},"query-input":{"@type":"PropertyValueSpecification","valueRequired":true,"valueName":"search_term_string"}}],"inLanguage":"es"},{"@type":"Person","@id":"https:\/\/noti-america.com\/site\/colombia\/#\/schema\/person\/4b216aa1c65f5f3ee2a0f0ee69a3f85f","name":"mlenis","image":{"@type":"ImageObject","inLanguage":"es","@id":"https:\/\/secure.gravatar.com\/avatar\/71bbe7129a082888d49bedca63e7a6e75ca485c648bb239a7515a2a55acd510f?s=96&d=mm&r=g","url":"https:\/\/secure.gravatar.com\/avatar\/71bbe7129a082888d49bedca63e7a6e75ca485c648bb239a7515a2a55acd510f?s=96&d=mm&r=g","contentUrl":"https:\/\/secure.gravatar.com\/avatar\/71bbe7129a082888d49bedca63e7a6e75ca485c648bb239a7515a2a55acd510f?s=96&d=mm&r=g","caption":"mlenis"},"url":"https:\/\/noti-america.com\/site\/colombia\/author\/mlenis\/"}]}},"_links":{"self":[{"href":"https:\/\/noti-america.com\/site\/colombia\/wp-json\/wp\/v2\/posts\/20951","targetHints":{"allow":["GET"]}}],"collection":[{"href":"https:\/\/noti-america.com\/site\/colombia\/wp-json\/wp\/v2\/posts"}],"about":[{"href":"https:\/\/noti-america.com\/site\/colombia\/wp-json\/wp\/v2\/types\/post"}],"author":[{"embeddable":true,"href":"https:\/\/noti-america.com\/site\/colombia\/wp-json\/wp\/v2\/users\/135"}],"replies":[{"embeddable":true,"href":"https:\/\/noti-america.com\/site\/colombia\/wp-json\/wp\/v2\/comments?post=20951"}],"version-history":[{"count":1,"href":"https:\/\/noti-america.com\/site\/colombia\/wp-json\/wp\/v2\/posts\/20951\/revisions"}],"predecessor-version":[{"id":20953,"href":"https:\/\/noti-america.com\/site\/colombia\/wp-json\/wp\/v2\/posts\/20951\/revisions\/20953"}],"wp:featuredmedia":[{"embeddable":true,"href":"https:\/\/noti-america.com\/site\/colombia\/wp-json\/wp\/v2\/media\/20952"}],"wp:attachment":[{"href":"https:\/\/noti-america.com\/site\/colombia\/wp-json\/wp\/v2\/media?parent=20951"}],"wp:term":[{"taxonomy":"category","embeddable":true,"href":"https:\/\/noti-america.com\/site\/colombia\/wp-json\/wp\/v2\/categories?post=20951"},{"taxonomy":"post_tag","embeddable":true,"href":"https:\/\/noti-america.com\/site\/colombia\/wp-json\/wp\/v2\/tags?post=20951"}],"curies":[{"name":"wp","href":"https:\/\/api.w.org\/{rel}","templated":true}]}}