{"id":20923,"date":"2026-04-27T00:38:09","date_gmt":"2026-04-27T00:38:09","guid":{"rendered":"https:\/\/noti-america.com\/site\/colombia\/?p=20923"},"modified":"2026-04-29T00:49:57","modified_gmt":"2026-04-29T00:49:57","slug":"india-lidera-el-dialogo-literario-como-pais-invitado-de-honor-en-la-filbo-2026","status":"publish","type":"post","link":"https:\/\/noti-america.com\/site\/colombia\/2026\/04\/27\/india-lidera-el-dialogo-literario-como-pais-invitado-de-honor-en-la-filbo-2026\/","title":{"rendered":"India lidera el di\u00e1logo literario como pa\u00eds invitado de honor en la FILBo 2026"},"content":{"rendered":"<p>NOTI-AMERICA | COLOMBIA<\/p>\r\n\r\n<p>India ocupa el escenario central de una de las ferias internacionales del libro m\u00e1s importantes del mundo: la Feria Internacional del Libro de Bogot\u00e1 2026 (FILBo), en calidad de Pa\u00eds Invitado de Honor, del 21 de abril al 4 de mayo de 2026, en Bogot\u00e1, Colombia.<\/p>\r\n\r\n\r\n\r\n<p>Bogot\u00e1 vive por estos d\u00edas uno de los espacios culturales m\u00e1s importantes del a\u00f1o, y uno de sus grandes protagonistas es, sin duda, la India. Como pa\u00eds invitado de honor de la Feria Internacional del Libro de Bogot\u00e1 (FILBo) 2026, presenta un imponente pabell\u00f3n que ya se ha convertido en uno de los puntos m\u00e1s visitados por los asistentes en Corferias.<\/p>\r\n\r\n\r\n\r\n<p>Con una propuesta que mezcla literatura, arte, cine, tradici\u00f3n e innovaci\u00f3n, el pabell\u00f3n ofrece una experiencia inmersiva que permite a los visitantes acercarse a la riqueza cultural de una de las civilizaciones m\u00e1s antiguas y diversas del mundo.<\/p>\r\n\r\n\r\n\r\n<p>El espacio, de 3.000 metros cuadrados, invita a recorrer historias, lenguas, autores y expresiones art\u00edsticas que muestran la diversidad de la India contempor\u00e1nea y su legado hist\u00f3rico. Desde exposiciones editoriales hasta muestras audiovisuales y encuentros con escritores, la experiencia est\u00e1 pensada para p\u00fablicos de todas las edades.<\/p>\r\n\r\n\r\n\r\n<p>Uno de los principales atractivos es su dise\u00f1o arquitect\u00f3nico y visual, inspirado en elementos emblem\u00e1ticos de la cultura india, que convierte la visita en un recorrido sensorial. El lema <strong>\u201cLee y explora la India\u201d<\/strong> resume la intenci\u00f3n de acercar a los bogotanos a nuevas narrativas, pensamientos y formas de entender el mundo.<\/p>\r\n\r\n\r\n\r\n<p>La programaci\u00f3n incluye m\u00e1s de 100 actividades culturales, entre conversatorios, lanzamientos de libros, cine, danza, poes\u00eda y espacios para ni\u00f1os, adem\u00e1s de una destacada delegaci\u00f3n de escritores, ilustradores y gestores culturales.<\/p>\r\n\r\n\r\n\r\n<p>Para los amantes de la lectura, tambi\u00e9n sobresale el lanzamiento de m\u00e1s de 50 libros infantiles traducidos al espa\u00f1ol, un puente que fortalece el intercambio cultural entre Colombia, Am\u00e9rica Latina y Asia.<\/p>\r\n\r\n\r\n\r\n<p>El pabell\u00f3n acoge m\u00e1s de 100 eventos con la participaci\u00f3n de m\u00e1s de 75 autores, poetas, traductores, artistas y pensadores de India y Colombia.<\/p>\r\n\r\n\r\n\r\n<p>La programaci\u00f3n incluye:<\/p>\r\n\r\n\r\n\r\n<ul class=\"wp-block-list\">\r\n<li>Conversatorios literarios<\/li>\r\n\r\n\r\n\r\n<li>Zona infantil<\/li>\r\n\r\n\r\n\r\n<li>Lecturas de poes\u00eda<\/li>\r\n\r\n\r\n\r\n<li>Proyecciones de cine y documentales con subt\u00edtulos en espa\u00f1ol<\/li>\r\n\r\n\r\n\r\n<li>Presentaciones de danza cl\u00e1sica y folcl\u00f3rica<\/li>\r\n\r\n\r\n\r\n<li>Muestras de yoga, arte popular y ayurveda<\/li>\r\n<\/ul>\r\n\r\n\r\n\r\n<p>Tambi\u00e9n se destacan las proyecciones de pel\u00edculas emblem\u00e1ticas del cine indio como RRR, Dangal, Queen, Mary Kom y English Vinglish.<\/p>\r\n\r\n\r\n\r\n<p>La presencia de India en la FILBo no solo enriquece la agenda cultural de Bogot\u00e1, sino que reafirma a la feria como uno de los principales escenarios de encuentro entre culturas, ideas y comunidades.<\/p>\r\n\r\n\r\n\r\n<p>La FILBo 2026 estar\u00e1 abierta al p\u00fablico en Corferias hasta el 4 de mayo.<\/p>\r\n\r\n\r\n\r\n<ul class=\"wp-block-list\">\r\n<li>*Todas las im\u00e1genes son cortes\u00eda de la Embajada de la India en Colombia.<\/li>\r\n<\/ul>\r\n\r\n<p><img loading=\"lazy\" decoding=\"async\" class=\"alignnone size-medium wp-image-20924\" src=\"https:\/\/noti-america.com\/site\/colombia\/wp-content\/uploads\/sites\/20\/2026\/04\/Embajada-India-6-300x225.jpeg\" alt=\"\" width=\"300\" height=\"225\" srcset=\"https:\/\/noti-america.com\/site\/colombia\/wp-content\/uploads\/sites\/20\/2026\/04\/Embajada-India-6-300x225.jpeg 300w, https:\/\/noti-america.com\/site\/colombia\/wp-content\/uploads\/sites\/20\/2026\/04\/Embajada-India-6-1024x768.jpeg 1024w, https:\/\/noti-america.com\/site\/colombia\/wp-content\/uploads\/sites\/20\/2026\/04\/Embajada-India-6-768x576.jpeg 768w, https:\/\/noti-america.com\/site\/colombia\/wp-content\/uploads\/sites\/20\/2026\/04\/Embajada-India-6.jpeg 1280w\" sizes=\"auto, (max-width: 300px) 100vw, 300px\" \/> <img loading=\"lazy\" decoding=\"async\" class=\"alignnone size-medium wp-image-20925\" src=\"https:\/\/noti-america.com\/site\/colombia\/wp-content\/uploads\/sites\/20\/2026\/04\/Embajada-India1-300x190.jpeg\" alt=\"\" width=\"300\" height=\"190\" srcset=\"https:\/\/noti-america.com\/site\/colombia\/wp-content\/uploads\/sites\/20\/2026\/04\/Embajada-India1-300x190.jpeg 300w, https:\/\/noti-america.com\/site\/colombia\/wp-content\/uploads\/sites\/20\/2026\/04\/Embajada-India1-1024x650.jpeg 1024w, https:\/\/noti-america.com\/site\/colombia\/wp-content\/uploads\/sites\/20\/2026\/04\/Embajada-India1-768x487.jpeg 768w, https:\/\/noti-america.com\/site\/colombia\/wp-content\/uploads\/sites\/20\/2026\/04\/Embajada-India1-1536x974.jpeg 1536w, https:\/\/noti-america.com\/site\/colombia\/wp-content\/uploads\/sites\/20\/2026\/04\/Embajada-India1.jpeg 1600w\" sizes=\"auto, (max-width: 300px) 100vw, 300px\" \/> <img loading=\"lazy\" decoding=\"async\" class=\"alignnone size-medium wp-image-20926\" src=\"https:\/\/noti-america.com\/site\/colombia\/wp-content\/uploads\/sites\/20\/2026\/04\/Embajada-India2-200x300.jpeg\" alt=\"\" width=\"200\" height=\"300\" srcset=\"https:\/\/noti-america.com\/site\/colombia\/wp-content\/uploads\/sites\/20\/2026\/04\/Embajada-India2-200x300.jpeg 200w, https:\/\/noti-america.com\/site\/colombia\/wp-content\/uploads\/sites\/20\/2026\/04\/Embajada-India2-683x1024.jpeg 683w, https:\/\/noti-america.com\/site\/colombia\/wp-content\/uploads\/sites\/20\/2026\/04\/Embajada-India2-768x1152.jpeg 768w, https:\/\/noti-america.com\/site\/colombia\/wp-content\/uploads\/sites\/20\/2026\/04\/Embajada-India2-1024x1536.jpeg 1024w, https:\/\/noti-america.com\/site\/colombia\/wp-content\/uploads\/sites\/20\/2026\/04\/Embajada-India2.jpeg 1067w\" sizes=\"auto, (max-width: 200px) 100vw, 200px\" \/> <img loading=\"lazy\" decoding=\"async\" class=\"alignnone size-medium wp-image-20927\" src=\"https:\/\/noti-america.com\/site\/colombia\/wp-content\/uploads\/sites\/20\/2026\/04\/Embajada-India3-300x163.jpeg\" alt=\"\" width=\"300\" height=\"163\" srcset=\"https:\/\/noti-america.com\/site\/colombia\/wp-content\/uploads\/sites\/20\/2026\/04\/Embajada-India3-300x163.jpeg 300w, https:\/\/noti-america.com\/site\/colombia\/wp-content\/uploads\/sites\/20\/2026\/04\/Embajada-India3-1024x555.jpeg 1024w, https:\/\/noti-america.com\/site\/colombia\/wp-content\/uploads\/sites\/20\/2026\/04\/Embajada-India3-768x416.jpeg 768w, https:\/\/noti-america.com\/site\/colombia\/wp-content\/uploads\/sites\/20\/2026\/04\/Embajada-India3.jpeg 1179w\" sizes=\"auto, (max-width: 300px) 100vw, 300px\" \/> <img loading=\"lazy\" decoding=\"async\" class=\"alignnone size-medium wp-image-20928\" src=\"https:\/\/noti-america.com\/site\/colombia\/wp-content\/uploads\/sites\/20\/2026\/04\/Embajada-India4-300x184.jpeg\" alt=\"\" width=\"300\" height=\"184\" srcset=\"https:\/\/noti-america.com\/site\/colombia\/wp-content\/uploads\/sites\/20\/2026\/04\/Embajada-India4-300x184.jpeg 300w, https:\/\/noti-america.com\/site\/colombia\/wp-content\/uploads\/sites\/20\/2026\/04\/Embajada-India4-1024x627.jpeg 1024w, https:\/\/noti-america.com\/site\/colombia\/wp-content\/uploads\/sites\/20\/2026\/04\/Embajada-India4-768x470.jpeg 768w, https:\/\/noti-america.com\/site\/colombia\/wp-content\/uploads\/sites\/20\/2026\/04\/Embajada-India4.jpeg 1042w\" sizes=\"auto, (max-width: 300px) 100vw, 300px\" \/> <img loading=\"lazy\" decoding=\"async\" class=\"alignnone size-medium wp-image-20929\" src=\"https:\/\/noti-america.com\/site\/colombia\/wp-content\/uploads\/sites\/20\/2026\/04\/Embajada-India5-300x200.jpeg\" alt=\"\" width=\"300\" height=\"200\" srcset=\"https:\/\/noti-america.com\/site\/colombia\/wp-content\/uploads\/sites\/20\/2026\/04\/Embajada-India5-300x200.jpeg 300w, https:\/\/noti-america.com\/site\/colombia\/wp-content\/uploads\/sites\/20\/2026\/04\/Embajada-India5-1024x683.jpeg 1024w, https:\/\/noti-america.com\/site\/colombia\/wp-content\/uploads\/sites\/20\/2026\/04\/Embajada-India5-768x512.jpeg 768w, https:\/\/noti-america.com\/site\/colombia\/wp-content\/uploads\/sites\/20\/2026\/04\/Embajada-India5-1536x1024.jpeg 1536w, https:\/\/noti-america.com\/site\/colombia\/wp-content\/uploads\/sites\/20\/2026\/04\/Embajada-India5.jpeg 1600w\" sizes=\"auto, (max-width: 300px) 100vw, 300px\" \/><\/p>","protected":false},"excerpt":{"rendered":"<p>NOTI-AMERICA | COLOMBIA India ocupa el escenario central de una de las ferias internacionales del libro m\u00e1s importantes del mundo: la Feria Internacional del Libro de Bogot\u00e1 2026 (FILBo), en calidad de Pa\u00eds Invitado&#46;&#46;&#46;<\/p>\n","protected":false},"author":135,"featured_media":20929,"comment_status":"open","ping_status":"open","sticky":false,"template":"","format":"gallery","meta":{"_acf_changed":false,"om_disable_all_campaigns":false,"rop_custom_images_group":[],"rop_custom_messages_group":[],"rop_publish_now":"initial","rop_publish_now_accounts":{"twitter_242054905_242054905":""},"rop_publish_now_history":[],"rop_publish_now_status":"pending","_uf_show_specific_survey":0,"_uf_disable_surveys":false,"footnotes":""},"categories":[167],"tags":[],"class_list":["post-20923","post","type-post","status-publish","format-gallery","has-post-thumbnail","hentry","category-acturalidad","post_format-post-format-gallery"],"acf":[],"aioseo_notices":[],"yoast_head":"<!-- This site is optimized with the Yoast SEO Premium plugin v24.9 (Yoast SEO v27.2) - https:\/\/yoast.com\/product\/yoast-seo-premium-wordpress\/ -->\n<title>India lidera el di\u00e1logo literario como pa\u00eds invitado de honor en la FILBo 2026 - Colombia | Noti-America.com<\/title>\n<meta name=\"robots\" content=\"index, follow, max-snippet:-1, max-image-preview:large, max-video-preview:-1\" \/>\n<link rel=\"canonical\" href=\"https:\/\/noti-america.com\/site\/colombia\/2026\/04\/27\/india-lidera-el-dialogo-literario-como-pais-invitado-de-honor-en-la-filbo-2026\/\" \/>\n<meta property=\"og:locale\" content=\"es_ES\" \/>\n<meta property=\"og:type\" content=\"article\" \/>\n<meta property=\"og:title\" content=\"India lidera el di\u00e1logo literario como pa\u00eds invitado de honor en la FILBo 2026\" \/>\n<meta property=\"og:description\" content=\"NOTI-AMERICA | COLOMBIA India ocupa el escenario central de una de las ferias internacionales del libro m\u00e1s importantes del mundo: la Feria Internacional del Libro de Bogot\u00e1 2026 (FILBo), en calidad de Pa\u00eds Invitado&#046;&#046;&#046;\" \/>\n<meta property=\"og:url\" content=\"https:\/\/noti-america.com\/site\/colombia\/2026\/04\/27\/india-lidera-el-dialogo-literario-como-pais-invitado-de-honor-en-la-filbo-2026\/\" \/>\n<meta property=\"og:site_name\" content=\"Colombia | Noti-America.com\" \/>\n<meta property=\"article:published_time\" content=\"2026-04-27T00:38:09+00:00\" \/>\n<meta property=\"article:modified_time\" content=\"2026-04-29T00:49:57+00:00\" \/>\n<meta property=\"og:image\" content=\"https:\/\/noti-america.com\/site\/colombia\/wp-content\/uploads\/sites\/20\/2026\/04\/Embajada-India5.jpeg\" \/>\n\t<meta property=\"og:image:width\" content=\"1600\" \/>\n\t<meta property=\"og:image:height\" content=\"1067\" \/>\n\t<meta property=\"og:image:type\" content=\"image\/jpeg\" \/>\n<meta name=\"author\" content=\"mlenis\" \/>\n<meta name=\"twitter:card\" content=\"summary_large_image\" \/>\n<meta name=\"twitter:creator\" content=\"@notiamerica\" \/>\n<meta name=\"twitter:site\" content=\"@notiamerica\" \/>\n<meta name=\"twitter:label1\" content=\"Escrito por\" \/>\n\t<meta name=\"twitter:data1\" content=\"mlenis\" \/>\n\t<meta name=\"twitter:label2\" content=\"Tiempo estimado de lectura\" \/>\n\t<meta name=\"twitter:data2\" content=\"4 minutos\" \/>\n<script type=\"application\/ld+json\" class=\"yoast-schema-graph\">{\"@context\":\"https:\/\/schema.org\",\"@graph\":[{\"@type\":\"Article\",\"@id\":\"https:\/\/noti-america.com\/site\/colombia\/2026\/04\/27\/india-lidera-el-dialogo-literario-como-pais-invitado-de-honor-en-la-filbo-2026\/#article\",\"isPartOf\":{\"@id\":\"https:\/\/noti-america.com\/site\/colombia\/2026\/04\/27\/india-lidera-el-dialogo-literario-como-pais-invitado-de-honor-en-la-filbo-2026\/\"},\"author\":{\"name\":\"mlenis\",\"@id\":\"https:\/\/noti-america.com\/site\/colombia\/#\/schema\/person\/4b216aa1c65f5f3ee2a0f0ee69a3f85f\"},\"headline\":\"India lidera el di\u00e1logo literario como pa\u00eds invitado de honor en la FILBo 2026\",\"datePublished\":\"2026-04-27T00:38:09+00:00\",\"dateModified\":\"2026-04-29T00:49:57+00:00\",\"mainEntityOfPage\":{\"@id\":\"https:\/\/noti-america.com\/site\/colombia\/2026\/04\/27\/india-lidera-el-dialogo-literario-como-pais-invitado-de-honor-en-la-filbo-2026\/\"},\"wordCount\":495,\"commentCount\":0,\"image\":{\"@id\":\"https:\/\/noti-america.com\/site\/colombia\/2026\/04\/27\/india-lidera-el-dialogo-literario-como-pais-invitado-de-honor-en-la-filbo-2026\/#primaryimage\"},\"thumbnailUrl\":\"https:\/\/noti-america.com\/site\/colombia\/wp-content\/uploads\/sites\/20\/2026\/04\/Embajada-India5.jpeg\",\"articleSection\":[\"Actualidad\"],\"inLanguage\":\"es\",\"potentialAction\":[{\"@type\":\"CommentAction\",\"name\":\"Comment\",\"target\":[\"https:\/\/noti-america.com\/site\/colombia\/2026\/04\/27\/india-lidera-el-dialogo-literario-como-pais-invitado-de-honor-en-la-filbo-2026\/#respond\"]}]},{\"@type\":\"WebPage\",\"@id\":\"https:\/\/noti-america.com\/site\/colombia\/2026\/04\/27\/india-lidera-el-dialogo-literario-como-pais-invitado-de-honor-en-la-filbo-2026\/\",\"url\":\"https:\/\/noti-america.com\/site\/colombia\/2026\/04\/27\/india-lidera-el-dialogo-literario-como-pais-invitado-de-honor-en-la-filbo-2026\/\",\"name\":\"India lidera el di\u00e1logo literario como pa\u00eds invitado de honor en la FILBo 2026 - Colombia | Noti-America.com\",\"isPartOf\":{\"@id\":\"https:\/\/noti-america.com\/site\/colombia\/#website\"},\"primaryImageOfPage\":{\"@id\":\"https:\/\/noti-america.com\/site\/colombia\/2026\/04\/27\/india-lidera-el-dialogo-literario-como-pais-invitado-de-honor-en-la-filbo-2026\/#primaryimage\"},\"image\":{\"@id\":\"https:\/\/noti-america.com\/site\/colombia\/2026\/04\/27\/india-lidera-el-dialogo-literario-como-pais-invitado-de-honor-en-la-filbo-2026\/#primaryimage\"},\"thumbnailUrl\":\"https:\/\/noti-america.com\/site\/colombia\/wp-content\/uploads\/sites\/20\/2026\/04\/Embajada-India5.jpeg\",\"datePublished\":\"2026-04-27T00:38:09+00:00\",\"dateModified\":\"2026-04-29T00:49:57+00:00\",\"author\":{\"@id\":\"https:\/\/noti-america.com\/site\/colombia\/#\/schema\/person\/4b216aa1c65f5f3ee2a0f0ee69a3f85f\"},\"breadcrumb\":{\"@id\":\"https:\/\/noti-america.com\/site\/colombia\/2026\/04\/27\/india-lidera-el-dialogo-literario-como-pais-invitado-de-honor-en-la-filbo-2026\/#breadcrumb\"},\"inLanguage\":\"es\",\"potentialAction\":[{\"@type\":\"ReadAction\",\"target\":[\"https:\/\/noti-america.com\/site\/colombia\/2026\/04\/27\/india-lidera-el-dialogo-literario-como-pais-invitado-de-honor-en-la-filbo-2026\/\"]}]},{\"@type\":\"ImageObject\",\"inLanguage\":\"es\",\"@id\":\"https:\/\/noti-america.com\/site\/colombia\/2026\/04\/27\/india-lidera-el-dialogo-literario-como-pais-invitado-de-honor-en-la-filbo-2026\/#primaryimage\",\"url\":\"https:\/\/noti-america.com\/site\/colombia\/wp-content\/uploads\/sites\/20\/2026\/04\/Embajada-India5.jpeg\",\"contentUrl\":\"https:\/\/noti-america.com\/site\/colombia\/wp-content\/uploads\/sites\/20\/2026\/04\/Embajada-India5.jpeg\",\"width\":1600,\"height\":1067},{\"@type\":\"BreadcrumbList\",\"@id\":\"https:\/\/noti-america.com\/site\/colombia\/2026\/04\/27\/india-lidera-el-dialogo-literario-como-pais-invitado-de-honor-en-la-filbo-2026\/#breadcrumb\",\"itemListElement\":[{\"@type\":\"ListItem\",\"position\":1,\"name\":\"Portada\",\"item\":\"https:\/\/noti-america.com\/site\/colombia\/\"},{\"@type\":\"ListItem\",\"position\":2,\"name\":\"India lidera el di\u00e1logo literario como pa\u00eds invitado de honor en la FILBo 2026\"}]},{\"@type\":\"WebSite\",\"@id\":\"https:\/\/noti-america.com\/site\/colombia\/#website\",\"url\":\"https:\/\/noti-america.com\/site\/colombia\/\",\"name\":\"Colombia | Noti-America.com\",\"description\":\"\",\"potentialAction\":[{\"@type\":\"SearchAction\",\"target\":{\"@type\":\"EntryPoint\",\"urlTemplate\":\"https:\/\/noti-america.com\/site\/colombia\/?s={search_term_string}\"},\"query-input\":{\"@type\":\"PropertyValueSpecification\",\"valueRequired\":true,\"valueName\":\"search_term_string\"}}],\"inLanguage\":\"es\"},{\"@type\":\"Person\",\"@id\":\"https:\/\/noti-america.com\/site\/colombia\/#\/schema\/person\/4b216aa1c65f5f3ee2a0f0ee69a3f85f\",\"name\":\"mlenis\",\"image\":{\"@type\":\"ImageObject\",\"inLanguage\":\"es\",\"@id\":\"https:\/\/secure.gravatar.com\/avatar\/71bbe7129a082888d49bedca63e7a6e75ca485c648bb239a7515a2a55acd510f?s=96&d=mm&r=g\",\"url\":\"https:\/\/secure.gravatar.com\/avatar\/71bbe7129a082888d49bedca63e7a6e75ca485c648bb239a7515a2a55acd510f?s=96&d=mm&r=g\",\"contentUrl\":\"https:\/\/secure.gravatar.com\/avatar\/71bbe7129a082888d49bedca63e7a6e75ca485c648bb239a7515a2a55acd510f?s=96&d=mm&r=g\",\"caption\":\"mlenis\"},\"url\":\"https:\/\/noti-america.com\/site\/colombia\/author\/mlenis\/\"}]}<\/script>\n<!-- \/ Yoast SEO Premium plugin. -->","yoast_head_json":{"title":"India lidera el di\u00e1logo literario como pa\u00eds invitado de honor en la FILBo 2026 - Colombia | Noti-America.com","robots":{"index":"index","follow":"follow","max-snippet":"max-snippet:-1","max-image-preview":"max-image-preview:large","max-video-preview":"max-video-preview:-1"},"canonical":"https:\/\/noti-america.com\/site\/colombia\/2026\/04\/27\/india-lidera-el-dialogo-literario-como-pais-invitado-de-honor-en-la-filbo-2026\/","og_locale":"es_ES","og_type":"article","og_title":"India lidera el di\u00e1logo literario como pa\u00eds invitado de honor en la FILBo 2026","og_description":"NOTI-AMERICA | COLOMBIA India ocupa el escenario central de una de las ferias internacionales del libro m\u00e1s importantes del mundo: la Feria Internacional del Libro de Bogot\u00e1 2026 (FILBo), en calidad de Pa\u00eds Invitado&#46;&#46;&#46;","og_url":"https:\/\/noti-america.com\/site\/colombia\/2026\/04\/27\/india-lidera-el-dialogo-literario-como-pais-invitado-de-honor-en-la-filbo-2026\/","og_site_name":"Colombia | Noti-America.com","article_published_time":"2026-04-27T00:38:09+00:00","article_modified_time":"2026-04-29T00:49:57+00:00","og_image":[{"width":1600,"height":1067,"url":"https:\/\/noti-america.com\/site\/colombia\/wp-content\/uploads\/sites\/20\/2026\/04\/Embajada-India5.jpeg","type":"image\/jpeg"}],"author":"mlenis","twitter_card":"summary_large_image","twitter_creator":"@notiamerica","twitter_site":"@notiamerica","twitter_misc":{"Escrito por":"mlenis","Tiempo estimado de lectura":"4 minutos"},"schema":{"@context":"https:\/\/schema.org","@graph":[{"@type":"Article","@id":"https:\/\/noti-america.com\/site\/colombia\/2026\/04\/27\/india-lidera-el-dialogo-literario-como-pais-invitado-de-honor-en-la-filbo-2026\/#article","isPartOf":{"@id":"https:\/\/noti-america.com\/site\/colombia\/2026\/04\/27\/india-lidera-el-dialogo-literario-como-pais-invitado-de-honor-en-la-filbo-2026\/"},"author":{"name":"mlenis","@id":"https:\/\/noti-america.com\/site\/colombia\/#\/schema\/person\/4b216aa1c65f5f3ee2a0f0ee69a3f85f"},"headline":"India lidera el di\u00e1logo literario como pa\u00eds invitado de honor en la FILBo 2026","datePublished":"2026-04-27T00:38:09+00:00","dateModified":"2026-04-29T00:49:57+00:00","mainEntityOfPage":{"@id":"https:\/\/noti-america.com\/site\/colombia\/2026\/04\/27\/india-lidera-el-dialogo-literario-como-pais-invitado-de-honor-en-la-filbo-2026\/"},"wordCount":495,"commentCount":0,"image":{"@id":"https:\/\/noti-america.com\/site\/colombia\/2026\/04\/27\/india-lidera-el-dialogo-literario-como-pais-invitado-de-honor-en-la-filbo-2026\/#primaryimage"},"thumbnailUrl":"https:\/\/noti-america.com\/site\/colombia\/wp-content\/uploads\/sites\/20\/2026\/04\/Embajada-India5.jpeg","articleSection":["Actualidad"],"inLanguage":"es","potentialAction":[{"@type":"CommentAction","name":"Comment","target":["https:\/\/noti-america.com\/site\/colombia\/2026\/04\/27\/india-lidera-el-dialogo-literario-como-pais-invitado-de-honor-en-la-filbo-2026\/#respond"]}]},{"@type":"WebPage","@id":"https:\/\/noti-america.com\/site\/colombia\/2026\/04\/27\/india-lidera-el-dialogo-literario-como-pais-invitado-de-honor-en-la-filbo-2026\/","url":"https:\/\/noti-america.com\/site\/colombia\/2026\/04\/27\/india-lidera-el-dialogo-literario-como-pais-invitado-de-honor-en-la-filbo-2026\/","name":"India lidera el di\u00e1logo literario como pa\u00eds invitado de honor en la FILBo 2026 - Colombia | Noti-America.com","isPartOf":{"@id":"https:\/\/noti-america.com\/site\/colombia\/#website"},"primaryImageOfPage":{"@id":"https:\/\/noti-america.com\/site\/colombia\/2026\/04\/27\/india-lidera-el-dialogo-literario-como-pais-invitado-de-honor-en-la-filbo-2026\/#primaryimage"},"image":{"@id":"https:\/\/noti-america.com\/site\/colombia\/2026\/04\/27\/india-lidera-el-dialogo-literario-como-pais-invitado-de-honor-en-la-filbo-2026\/#primaryimage"},"thumbnailUrl":"https:\/\/noti-america.com\/site\/colombia\/wp-content\/uploads\/sites\/20\/2026\/04\/Embajada-India5.jpeg","datePublished":"2026-04-27T00:38:09+00:00","dateModified":"2026-04-29T00:49:57+00:00","author":{"@id":"https:\/\/noti-america.com\/site\/colombia\/#\/schema\/person\/4b216aa1c65f5f3ee2a0f0ee69a3f85f"},"breadcrumb":{"@id":"https:\/\/noti-america.com\/site\/colombia\/2026\/04\/27\/india-lidera-el-dialogo-literario-como-pais-invitado-de-honor-en-la-filbo-2026\/#breadcrumb"},"inLanguage":"es","potentialAction":[{"@type":"ReadAction","target":["https:\/\/noti-america.com\/site\/colombia\/2026\/04\/27\/india-lidera-el-dialogo-literario-como-pais-invitado-de-honor-en-la-filbo-2026\/"]}]},{"@type":"ImageObject","inLanguage":"es","@id":"https:\/\/noti-america.com\/site\/colombia\/2026\/04\/27\/india-lidera-el-dialogo-literario-como-pais-invitado-de-honor-en-la-filbo-2026\/#primaryimage","url":"https:\/\/noti-america.com\/site\/colombia\/wp-content\/uploads\/sites\/20\/2026\/04\/Embajada-India5.jpeg","contentUrl":"https:\/\/noti-america.com\/site\/colombia\/wp-content\/uploads\/sites\/20\/2026\/04\/Embajada-India5.jpeg","width":1600,"height":1067},{"@type":"BreadcrumbList","@id":"https:\/\/noti-america.com\/site\/colombia\/2026\/04\/27\/india-lidera-el-dialogo-literario-como-pais-invitado-de-honor-en-la-filbo-2026\/#breadcrumb","itemListElement":[{"@type":"ListItem","position":1,"name":"Portada","item":"https:\/\/noti-america.com\/site\/colombia\/"},{"@type":"ListItem","position":2,"name":"India lidera el di\u00e1logo literario como pa\u00eds invitado de honor en la FILBo 2026"}]},{"@type":"WebSite","@id":"https:\/\/noti-america.com\/site\/colombia\/#website","url":"https:\/\/noti-america.com\/site\/colombia\/","name":"Colombia | Noti-America.com","description":"","potentialAction":[{"@type":"SearchAction","target":{"@type":"EntryPoint","urlTemplate":"https:\/\/noti-america.com\/site\/colombia\/?s={search_term_string}"},"query-input":{"@type":"PropertyValueSpecification","valueRequired":true,"valueName":"search_term_string"}}],"inLanguage":"es"},{"@type":"Person","@id":"https:\/\/noti-america.com\/site\/colombia\/#\/schema\/person\/4b216aa1c65f5f3ee2a0f0ee69a3f85f","name":"mlenis","image":{"@type":"ImageObject","inLanguage":"es","@id":"https:\/\/secure.gravatar.com\/avatar\/71bbe7129a082888d49bedca63e7a6e75ca485c648bb239a7515a2a55acd510f?s=96&d=mm&r=g","url":"https:\/\/secure.gravatar.com\/avatar\/71bbe7129a082888d49bedca63e7a6e75ca485c648bb239a7515a2a55acd510f?s=96&d=mm&r=g","contentUrl":"https:\/\/secure.gravatar.com\/avatar\/71bbe7129a082888d49bedca63e7a6e75ca485c648bb239a7515a2a55acd510f?s=96&d=mm&r=g","caption":"mlenis"},"url":"https:\/\/noti-america.com\/site\/colombia\/author\/mlenis\/"}]}},"_links":{"self":[{"href":"https:\/\/noti-america.com\/site\/colombia\/wp-json\/wp\/v2\/posts\/20923","targetHints":{"allow":["GET"]}}],"collection":[{"href":"https:\/\/noti-america.com\/site\/colombia\/wp-json\/wp\/v2\/posts"}],"about":[{"href":"https:\/\/noti-america.com\/site\/colombia\/wp-json\/wp\/v2\/types\/post"}],"author":[{"embeddable":true,"href":"https:\/\/noti-america.com\/site\/colombia\/wp-json\/wp\/v2\/users\/135"}],"replies":[{"embeddable":true,"href":"https:\/\/noti-america.com\/site\/colombia\/wp-json\/wp\/v2\/comments?post=20923"}],"version-history":[{"count":2,"href":"https:\/\/noti-america.com\/site\/colombia\/wp-json\/wp\/v2\/posts\/20923\/revisions"}],"predecessor-version":[{"id":20931,"href":"https:\/\/noti-america.com\/site\/colombia\/wp-json\/wp\/v2\/posts\/20923\/revisions\/20931"}],"wp:featuredmedia":[{"embeddable":true,"href":"https:\/\/noti-america.com\/site\/colombia\/wp-json\/wp\/v2\/media\/20929"}],"wp:attachment":[{"href":"https:\/\/noti-america.com\/site\/colombia\/wp-json\/wp\/v2\/media?parent=20923"}],"wp:term":[{"taxonomy":"category","embeddable":true,"href":"https:\/\/noti-america.com\/site\/colombia\/wp-json\/wp\/v2\/categories?post=20923"},{"taxonomy":"post_tag","embeddable":true,"href":"https:\/\/noti-america.com\/site\/colombia\/wp-json\/wp\/v2\/tags?post=20923"}],"curies":[{"name":"wp","href":"https:\/\/api.w.org\/{rel}","templated":true}]}}