{"id":19804,"date":"2025-09-05T16:03:36","date_gmt":"2025-09-05T16:03:36","guid":{"rendered":"https:\/\/noti-america.com\/site\/colombia\/?p=19804"},"modified":"2025-09-05T16:03:36","modified_gmt":"2025-09-05T16:03:36","slug":"circuito-clasico-de-compensar-y-la-fosbo-vive-a-beethoven-en-vivo","status":"publish","type":"post","link":"https:\/\/noti-america.com\/site\/colombia\/2025\/09\/05\/circuito-clasico-de-compensar-y-la-fosbo-vive-a-beethoven-en-vivo\/","title":{"rendered":"Circuito cl\u00e1sico de compensar y la Fosbo: Vive a Beethoven en vivo"},"content":{"rendered":"<p>NOTI-AMERICA | COLOMBIA<\/p>\n<p>Por primera vez, un solemne escenario de recitales de c\u00e1mara se convertir\u00e1 en un estudio radial para llevar a los espectadores en un viaje sonoro por el mundo fant\u00e1stico y maravilloso <strong>de Beethoven<\/strong>. Nuestro ilustre personaje cobrar\u00e1 vida en la piel del actor <strong>Carlos Alberto Pinz\u00f3n<\/strong>, quien contar\u00e1 de viva voz su historia musical y personal a trav\u00e9s de una experiencia inmersiva, esc\u00e9nico musical. Todo esto ocurrir\u00e1 el pr\u00f3ximo <strong>20 de septiembre<\/strong> a partir de <strong>las 7 de la noche en el Teatro Compensar<\/strong> en el que los grandes protagonistas de la noche ser\u00e1n <strong>Beethoven y Dukas. <\/strong><\/p>\n<p><strong>\u00a0<\/strong>El mundo fant\u00e1stico y maravilloso de <strong>Beethoven y Dukas<\/strong> se entrelaza para ofrecer un recital de marca mayor en un viaje musical que nos lleva a explorar a trav\u00e9s de lo sonoro un profundo sentimiento por la creaci\u00f3n, la naturaleza, el despertar, el campo, los amaneceres, el sonido de los arroyos, sentimientos que se funden en un concierto emotivo y sensorial, de<strong> La Orquesta Sinf\u00f3nica de Bogot\u00e1, <\/strong>bajo la direcci\u00f3n de <strong>Zbigniew Zajac, <\/strong><\/p>\n<p><strong>\u00a0<\/strong>El programa incluye dos fuentes de inspiraci\u00f3n para los creadores de la partitura con narraci\u00f3n oportuna de un actor. La 6ta Sinfon\u00eda de Beethoven refleja la admiraci\u00f3n del compositor por la creaci\u00f3n. Sus subt\u00edtulos po\u00e9ticos puestos por \u00e9l mismo nos invitan a observar las maravillas de la naturaleza. <em>Despertar de sentimientos llegando al campo, Escena en el arroyo, La tormenta, Canto del pastor y Sentimientos alegres despu\u00e9s de la tormenta <\/em>claramente nos indican la ruta de la inspiraci\u00f3n.<\/p>\n<p>Por otro lado, el poema <strong>Der Zauberlehrling<\/strong> (esp. <em>Aprendiz del brujo<\/em> ) de J.W.von Goethe, en la maravillosa traducci\u00f3n de memorable Otto de Greiff nos llevar\u00e1 con la m\u00fasica de <strong>Paul Dukas<\/strong> por todas las travesuras originadas por el inexperto aprendiz. La cambiante m\u00e9trica de cada estrofa perfectamente ilustrada por la m\u00fasica nos permite vivir la energ\u00eda de este poema sinf\u00f3nico.<\/p>\n<p><strong>Septiembre 20, 7:00 PM Teatro Compensar<\/strong><\/p>\n<p>&nbsp;<\/p>\n","protected":false},"excerpt":{"rendered":"<p>NOTI-AMERICA | COLOMBIA Por primera vez, un solemne escenario de recitales de c\u00e1mara se convertir\u00e1 en un estudio radial para llevar a los espectadores en un viaje sonoro por el mundo fant\u00e1stico y maravilloso&#46;&#46;&#46;<\/p>\n","protected":false},"author":135,"featured_media":19805,"comment_status":"open","ping_status":"open","sticky":false,"template":"","format":"image","meta":{"_acf_changed":false,"om_disable_all_campaigns":false,"rop_custom_images_group":[],"rop_custom_messages_group":[],"rop_publish_now":"initial","rop_publish_now_accounts":{"twitter_242054905_242054905":""},"rop_publish_now_history":[],"rop_publish_now_status":"pending","_uf_show_specific_survey":0,"_uf_disable_surveys":false,"footnotes":""},"categories":[8],"tags":[],"class_list":["post-19804","post","type-post","status-publish","format-image","has-post-thumbnail","hentry","category-arte-y-espectaculos","post_format-post-format-image"],"acf":[],"aioseo_notices":[],"yoast_head":"<!-- This site is optimized with the Yoast SEO Premium plugin v24.9 (Yoast SEO v27.2) - https:\/\/yoast.com\/product\/yoast-seo-premium-wordpress\/ -->\n<title>Circuito cl\u00e1sico de compensar y la Fosbo: Vive a Beethoven en vivo - Colombia | Noti-America.com<\/title>\n<meta name=\"robots\" content=\"index, follow, max-snippet:-1, max-image-preview:large, max-video-preview:-1\" \/>\n<link rel=\"canonical\" href=\"https:\/\/noti-america.com\/site\/colombia\/2025\/09\/05\/circuito-clasico-de-compensar-y-la-fosbo-vive-a-beethoven-en-vivo\/\" \/>\n<meta property=\"og:locale\" content=\"es_ES\" \/>\n<meta property=\"og:type\" content=\"article\" \/>\n<meta property=\"og:title\" content=\"Circuito cl\u00e1sico de compensar y la Fosbo: Vive a Beethoven en vivo\" \/>\n<meta property=\"og:description\" content=\"NOTI-AMERICA | COLOMBIA Por primera vez, un solemne escenario de recitales de c\u00e1mara se convertir\u00e1 en un estudio radial para llevar a los espectadores en un viaje sonoro por el mundo fant\u00e1stico y maravilloso&#046;&#046;&#046;\" \/>\n<meta property=\"og:url\" content=\"https:\/\/noti-america.com\/site\/colombia\/2025\/09\/05\/circuito-clasico-de-compensar-y-la-fosbo-vive-a-beethoven-en-vivo\/\" \/>\n<meta property=\"og:site_name\" content=\"Colombia | Noti-America.com\" \/>\n<meta property=\"article:published_time\" content=\"2025-09-05T16:03:36+00:00\" \/>\n<meta property=\"og:image\" content=\"https:\/\/noti-america.com\/site\/colombia\/wp-content\/uploads\/sites\/20\/2025\/09\/COMPENSAR.jpg\" \/>\n\t<meta property=\"og:image:width\" content=\"539\" \/>\n\t<meta property=\"og:image:height\" content=\"303\" \/>\n\t<meta property=\"og:image:type\" content=\"image\/jpeg\" \/>\n<meta name=\"author\" content=\"mlenis\" \/>\n<meta name=\"twitter:card\" content=\"summary_large_image\" \/>\n<meta name=\"twitter:creator\" content=\"@notiamerica\" \/>\n<meta name=\"twitter:site\" content=\"@notiamerica\" \/>\n<meta name=\"twitter:label1\" content=\"Escrito por\" \/>\n\t<meta name=\"twitter:data1\" content=\"mlenis\" \/>\n\t<meta name=\"twitter:label2\" content=\"Tiempo estimado de lectura\" \/>\n\t<meta name=\"twitter:data2\" content=\"2 minutos\" \/>\n<script type=\"application\/ld+json\" class=\"yoast-schema-graph\">{\"@context\":\"https:\/\/schema.org\",\"@graph\":[{\"@type\":\"Article\",\"@id\":\"https:\/\/noti-america.com\/site\/colombia\/2025\/09\/05\/circuito-clasico-de-compensar-y-la-fosbo-vive-a-beethoven-en-vivo\/#article\",\"isPartOf\":{\"@id\":\"https:\/\/noti-america.com\/site\/colombia\/2025\/09\/05\/circuito-clasico-de-compensar-y-la-fosbo-vive-a-beethoven-en-vivo\/\"},\"author\":{\"name\":\"mlenis\",\"@id\":\"https:\/\/noti-america.com\/site\/colombia\/#\/schema\/person\/4b216aa1c65f5f3ee2a0f0ee69a3f85f\"},\"headline\":\"Circuito cl\u00e1sico de compensar y la Fosbo: Vive a Beethoven en vivo\",\"datePublished\":\"2025-09-05T16:03:36+00:00\",\"mainEntityOfPage\":{\"@id\":\"https:\/\/noti-america.com\/site\/colombia\/2025\/09\/05\/circuito-clasico-de-compensar-y-la-fosbo-vive-a-beethoven-en-vivo\/\"},\"wordCount\":355,\"commentCount\":0,\"image\":{\"@id\":\"https:\/\/noti-america.com\/site\/colombia\/2025\/09\/05\/circuito-clasico-de-compensar-y-la-fosbo-vive-a-beethoven-en-vivo\/#primaryimage\"},\"thumbnailUrl\":\"https:\/\/noti-america.com\/site\/colombia\/wp-content\/uploads\/sites\/20\/2025\/09\/COMPENSAR.jpg\",\"articleSection\":[\"Arte y Espect\u00e1culos\"],\"inLanguage\":\"es\",\"potentialAction\":[{\"@type\":\"CommentAction\",\"name\":\"Comment\",\"target\":[\"https:\/\/noti-america.com\/site\/colombia\/2025\/09\/05\/circuito-clasico-de-compensar-y-la-fosbo-vive-a-beethoven-en-vivo\/#respond\"]}]},{\"@type\":\"WebPage\",\"@id\":\"https:\/\/noti-america.com\/site\/colombia\/2025\/09\/05\/circuito-clasico-de-compensar-y-la-fosbo-vive-a-beethoven-en-vivo\/\",\"url\":\"https:\/\/noti-america.com\/site\/colombia\/2025\/09\/05\/circuito-clasico-de-compensar-y-la-fosbo-vive-a-beethoven-en-vivo\/\",\"name\":\"Circuito cl\u00e1sico de compensar y la Fosbo: Vive a Beethoven en vivo - Colombia | Noti-America.com\",\"isPartOf\":{\"@id\":\"https:\/\/noti-america.com\/site\/colombia\/#website\"},\"primaryImageOfPage\":{\"@id\":\"https:\/\/noti-america.com\/site\/colombia\/2025\/09\/05\/circuito-clasico-de-compensar-y-la-fosbo-vive-a-beethoven-en-vivo\/#primaryimage\"},\"image\":{\"@id\":\"https:\/\/noti-america.com\/site\/colombia\/2025\/09\/05\/circuito-clasico-de-compensar-y-la-fosbo-vive-a-beethoven-en-vivo\/#primaryimage\"},\"thumbnailUrl\":\"https:\/\/noti-america.com\/site\/colombia\/wp-content\/uploads\/sites\/20\/2025\/09\/COMPENSAR.jpg\",\"datePublished\":\"2025-09-05T16:03:36+00:00\",\"author\":{\"@id\":\"https:\/\/noti-america.com\/site\/colombia\/#\/schema\/person\/4b216aa1c65f5f3ee2a0f0ee69a3f85f\"},\"breadcrumb\":{\"@id\":\"https:\/\/noti-america.com\/site\/colombia\/2025\/09\/05\/circuito-clasico-de-compensar-y-la-fosbo-vive-a-beethoven-en-vivo\/#breadcrumb\"},\"inLanguage\":\"es\",\"potentialAction\":[{\"@type\":\"ReadAction\",\"target\":[\"https:\/\/noti-america.com\/site\/colombia\/2025\/09\/05\/circuito-clasico-de-compensar-y-la-fosbo-vive-a-beethoven-en-vivo\/\"]}]},{\"@type\":\"ImageObject\",\"inLanguage\":\"es\",\"@id\":\"https:\/\/noti-america.com\/site\/colombia\/2025\/09\/05\/circuito-clasico-de-compensar-y-la-fosbo-vive-a-beethoven-en-vivo\/#primaryimage\",\"url\":\"https:\/\/noti-america.com\/site\/colombia\/wp-content\/uploads\/sites\/20\/2025\/09\/COMPENSAR.jpg\",\"contentUrl\":\"https:\/\/noti-america.com\/site\/colombia\/wp-content\/uploads\/sites\/20\/2025\/09\/COMPENSAR.jpg\",\"width\":539,\"height\":303},{\"@type\":\"BreadcrumbList\",\"@id\":\"https:\/\/noti-america.com\/site\/colombia\/2025\/09\/05\/circuito-clasico-de-compensar-y-la-fosbo-vive-a-beethoven-en-vivo\/#breadcrumb\",\"itemListElement\":[{\"@type\":\"ListItem\",\"position\":1,\"name\":\"Portada\",\"item\":\"https:\/\/noti-america.com\/site\/colombia\/\"},{\"@type\":\"ListItem\",\"position\":2,\"name\":\"Circuito cl\u00e1sico de compensar y la Fosbo: Vive a Beethoven en vivo\"}]},{\"@type\":\"WebSite\",\"@id\":\"https:\/\/noti-america.com\/site\/colombia\/#website\",\"url\":\"https:\/\/noti-america.com\/site\/colombia\/\",\"name\":\"Colombia | Noti-America.com\",\"description\":\"\",\"potentialAction\":[{\"@type\":\"SearchAction\",\"target\":{\"@type\":\"EntryPoint\",\"urlTemplate\":\"https:\/\/noti-america.com\/site\/colombia\/?s={search_term_string}\"},\"query-input\":{\"@type\":\"PropertyValueSpecification\",\"valueRequired\":true,\"valueName\":\"search_term_string\"}}],\"inLanguage\":\"es\"},{\"@type\":\"Person\",\"@id\":\"https:\/\/noti-america.com\/site\/colombia\/#\/schema\/person\/4b216aa1c65f5f3ee2a0f0ee69a3f85f\",\"name\":\"mlenis\",\"image\":{\"@type\":\"ImageObject\",\"inLanguage\":\"es\",\"@id\":\"https:\/\/secure.gravatar.com\/avatar\/71bbe7129a082888d49bedca63e7a6e75ca485c648bb239a7515a2a55acd510f?s=96&d=mm&r=g\",\"url\":\"https:\/\/secure.gravatar.com\/avatar\/71bbe7129a082888d49bedca63e7a6e75ca485c648bb239a7515a2a55acd510f?s=96&d=mm&r=g\",\"contentUrl\":\"https:\/\/secure.gravatar.com\/avatar\/71bbe7129a082888d49bedca63e7a6e75ca485c648bb239a7515a2a55acd510f?s=96&d=mm&r=g\",\"caption\":\"mlenis\"},\"url\":\"https:\/\/noti-america.com\/site\/colombia\/author\/mlenis\/\"}]}<\/script>\n<!-- \/ Yoast SEO Premium plugin. -->","yoast_head_json":{"title":"Circuito cl\u00e1sico de compensar y la Fosbo: Vive a Beethoven en vivo - Colombia | Noti-America.com","robots":{"index":"index","follow":"follow","max-snippet":"max-snippet:-1","max-image-preview":"max-image-preview:large","max-video-preview":"max-video-preview:-1"},"canonical":"https:\/\/noti-america.com\/site\/colombia\/2025\/09\/05\/circuito-clasico-de-compensar-y-la-fosbo-vive-a-beethoven-en-vivo\/","og_locale":"es_ES","og_type":"article","og_title":"Circuito cl\u00e1sico de compensar y la Fosbo: Vive a Beethoven en vivo","og_description":"NOTI-AMERICA | COLOMBIA Por primera vez, un solemne escenario de recitales de c\u00e1mara se convertir\u00e1 en un estudio radial para llevar a los espectadores en un viaje sonoro por el mundo fant\u00e1stico y maravilloso&#46;&#46;&#46;","og_url":"https:\/\/noti-america.com\/site\/colombia\/2025\/09\/05\/circuito-clasico-de-compensar-y-la-fosbo-vive-a-beethoven-en-vivo\/","og_site_name":"Colombia | Noti-America.com","article_published_time":"2025-09-05T16:03:36+00:00","og_image":[{"width":539,"height":303,"url":"https:\/\/noti-america.com\/site\/colombia\/wp-content\/uploads\/sites\/20\/2025\/09\/COMPENSAR.jpg","type":"image\/jpeg"}],"author":"mlenis","twitter_card":"summary_large_image","twitter_creator":"@notiamerica","twitter_site":"@notiamerica","twitter_misc":{"Escrito por":"mlenis","Tiempo estimado de lectura":"2 minutos"},"schema":{"@context":"https:\/\/schema.org","@graph":[{"@type":"Article","@id":"https:\/\/noti-america.com\/site\/colombia\/2025\/09\/05\/circuito-clasico-de-compensar-y-la-fosbo-vive-a-beethoven-en-vivo\/#article","isPartOf":{"@id":"https:\/\/noti-america.com\/site\/colombia\/2025\/09\/05\/circuito-clasico-de-compensar-y-la-fosbo-vive-a-beethoven-en-vivo\/"},"author":{"name":"mlenis","@id":"https:\/\/noti-america.com\/site\/colombia\/#\/schema\/person\/4b216aa1c65f5f3ee2a0f0ee69a3f85f"},"headline":"Circuito cl\u00e1sico de compensar y la Fosbo: Vive a Beethoven en vivo","datePublished":"2025-09-05T16:03:36+00:00","mainEntityOfPage":{"@id":"https:\/\/noti-america.com\/site\/colombia\/2025\/09\/05\/circuito-clasico-de-compensar-y-la-fosbo-vive-a-beethoven-en-vivo\/"},"wordCount":355,"commentCount":0,"image":{"@id":"https:\/\/noti-america.com\/site\/colombia\/2025\/09\/05\/circuito-clasico-de-compensar-y-la-fosbo-vive-a-beethoven-en-vivo\/#primaryimage"},"thumbnailUrl":"https:\/\/noti-america.com\/site\/colombia\/wp-content\/uploads\/sites\/20\/2025\/09\/COMPENSAR.jpg","articleSection":["Arte y Espect\u00e1culos"],"inLanguage":"es","potentialAction":[{"@type":"CommentAction","name":"Comment","target":["https:\/\/noti-america.com\/site\/colombia\/2025\/09\/05\/circuito-clasico-de-compensar-y-la-fosbo-vive-a-beethoven-en-vivo\/#respond"]}]},{"@type":"WebPage","@id":"https:\/\/noti-america.com\/site\/colombia\/2025\/09\/05\/circuito-clasico-de-compensar-y-la-fosbo-vive-a-beethoven-en-vivo\/","url":"https:\/\/noti-america.com\/site\/colombia\/2025\/09\/05\/circuito-clasico-de-compensar-y-la-fosbo-vive-a-beethoven-en-vivo\/","name":"Circuito cl\u00e1sico de compensar y la Fosbo: Vive a Beethoven en vivo - Colombia | Noti-America.com","isPartOf":{"@id":"https:\/\/noti-america.com\/site\/colombia\/#website"},"primaryImageOfPage":{"@id":"https:\/\/noti-america.com\/site\/colombia\/2025\/09\/05\/circuito-clasico-de-compensar-y-la-fosbo-vive-a-beethoven-en-vivo\/#primaryimage"},"image":{"@id":"https:\/\/noti-america.com\/site\/colombia\/2025\/09\/05\/circuito-clasico-de-compensar-y-la-fosbo-vive-a-beethoven-en-vivo\/#primaryimage"},"thumbnailUrl":"https:\/\/noti-america.com\/site\/colombia\/wp-content\/uploads\/sites\/20\/2025\/09\/COMPENSAR.jpg","datePublished":"2025-09-05T16:03:36+00:00","author":{"@id":"https:\/\/noti-america.com\/site\/colombia\/#\/schema\/person\/4b216aa1c65f5f3ee2a0f0ee69a3f85f"},"breadcrumb":{"@id":"https:\/\/noti-america.com\/site\/colombia\/2025\/09\/05\/circuito-clasico-de-compensar-y-la-fosbo-vive-a-beethoven-en-vivo\/#breadcrumb"},"inLanguage":"es","potentialAction":[{"@type":"ReadAction","target":["https:\/\/noti-america.com\/site\/colombia\/2025\/09\/05\/circuito-clasico-de-compensar-y-la-fosbo-vive-a-beethoven-en-vivo\/"]}]},{"@type":"ImageObject","inLanguage":"es","@id":"https:\/\/noti-america.com\/site\/colombia\/2025\/09\/05\/circuito-clasico-de-compensar-y-la-fosbo-vive-a-beethoven-en-vivo\/#primaryimage","url":"https:\/\/noti-america.com\/site\/colombia\/wp-content\/uploads\/sites\/20\/2025\/09\/COMPENSAR.jpg","contentUrl":"https:\/\/noti-america.com\/site\/colombia\/wp-content\/uploads\/sites\/20\/2025\/09\/COMPENSAR.jpg","width":539,"height":303},{"@type":"BreadcrumbList","@id":"https:\/\/noti-america.com\/site\/colombia\/2025\/09\/05\/circuito-clasico-de-compensar-y-la-fosbo-vive-a-beethoven-en-vivo\/#breadcrumb","itemListElement":[{"@type":"ListItem","position":1,"name":"Portada","item":"https:\/\/noti-america.com\/site\/colombia\/"},{"@type":"ListItem","position":2,"name":"Circuito cl\u00e1sico de compensar y la Fosbo: Vive a Beethoven en vivo"}]},{"@type":"WebSite","@id":"https:\/\/noti-america.com\/site\/colombia\/#website","url":"https:\/\/noti-america.com\/site\/colombia\/","name":"Colombia | Noti-America.com","description":"","potentialAction":[{"@type":"SearchAction","target":{"@type":"EntryPoint","urlTemplate":"https:\/\/noti-america.com\/site\/colombia\/?s={search_term_string}"},"query-input":{"@type":"PropertyValueSpecification","valueRequired":true,"valueName":"search_term_string"}}],"inLanguage":"es"},{"@type":"Person","@id":"https:\/\/noti-america.com\/site\/colombia\/#\/schema\/person\/4b216aa1c65f5f3ee2a0f0ee69a3f85f","name":"mlenis","image":{"@type":"ImageObject","inLanguage":"es","@id":"https:\/\/secure.gravatar.com\/avatar\/71bbe7129a082888d49bedca63e7a6e75ca485c648bb239a7515a2a55acd510f?s=96&d=mm&r=g","url":"https:\/\/secure.gravatar.com\/avatar\/71bbe7129a082888d49bedca63e7a6e75ca485c648bb239a7515a2a55acd510f?s=96&d=mm&r=g","contentUrl":"https:\/\/secure.gravatar.com\/avatar\/71bbe7129a082888d49bedca63e7a6e75ca485c648bb239a7515a2a55acd510f?s=96&d=mm&r=g","caption":"mlenis"},"url":"https:\/\/noti-america.com\/site\/colombia\/author\/mlenis\/"}]}},"_links":{"self":[{"href":"https:\/\/noti-america.com\/site\/colombia\/wp-json\/wp\/v2\/posts\/19804","targetHints":{"allow":["GET"]}}],"collection":[{"href":"https:\/\/noti-america.com\/site\/colombia\/wp-json\/wp\/v2\/posts"}],"about":[{"href":"https:\/\/noti-america.com\/site\/colombia\/wp-json\/wp\/v2\/types\/post"}],"author":[{"embeddable":true,"href":"https:\/\/noti-america.com\/site\/colombia\/wp-json\/wp\/v2\/users\/135"}],"replies":[{"embeddable":true,"href":"https:\/\/noti-america.com\/site\/colombia\/wp-json\/wp\/v2\/comments?post=19804"}],"version-history":[{"count":1,"href":"https:\/\/noti-america.com\/site\/colombia\/wp-json\/wp\/v2\/posts\/19804\/revisions"}],"predecessor-version":[{"id":19806,"href":"https:\/\/noti-america.com\/site\/colombia\/wp-json\/wp\/v2\/posts\/19804\/revisions\/19806"}],"wp:featuredmedia":[{"embeddable":true,"href":"https:\/\/noti-america.com\/site\/colombia\/wp-json\/wp\/v2\/media\/19805"}],"wp:attachment":[{"href":"https:\/\/noti-america.com\/site\/colombia\/wp-json\/wp\/v2\/media?parent=19804"}],"wp:term":[{"taxonomy":"category","embeddable":true,"href":"https:\/\/noti-america.com\/site\/colombia\/wp-json\/wp\/v2\/categories?post=19804"},{"taxonomy":"post_tag","embeddable":true,"href":"https:\/\/noti-america.com\/site\/colombia\/wp-json\/wp\/v2\/tags?post=19804"}],"curies":[{"name":"wp","href":"https:\/\/api.w.org\/{rel}","templated":true}]}}