{"id":18720,"date":"2025-03-08T03:14:22","date_gmt":"2025-03-08T03:14:22","guid":{"rendered":"https:\/\/noti-america.com\/site\/colombia\/?p=18720"},"modified":"2025-03-30T03:19:37","modified_gmt":"2025-03-30T03:19:37","slug":"she-is-my-boss-llega-a-su-cuarta-temporada-con-mujeres-colombianas-que-impactan-en-diferentes-ambitos","status":"publish","type":"post","link":"https:\/\/noti-america.com\/site\/colombia\/2025\/03\/08\/she-is-my-boss-llega-a-su-cuarta-temporada-con-mujeres-colombianas-que-impactan-en-diferentes-ambitos\/","title":{"rendered":"She is My Boss llega a su cuarta temporada con mujeres colombianas que impactan en diferentes \u00e1mbitos."},"content":{"rendered":"<p>NOTI-AMERICA | COLOMBIA<\/p>\n<p><strong>She Is My Boss, <\/strong>la exitosa serie de historias de mujeres poderosas anuncia el lanzamiento de su nueva temporada con nuevas historias de mujeres colombianas que generan un alto impacto. <strong>She Is My Boss <\/strong>destaca el papel fundamental que cumplen las mujeres en la transformaci\u00f3n social y profesional, reafirmando que no hay l\u00edmites para quienes conf\u00edan en s\u00ed mismas, superado barreras, desafiado estereotipos y generado un impacto significativo en sus comunidades.<\/p>\n<p>Tres de cuatro mujeres experimentan durante su carrera el s\u00edndrome del impostor, esa voz interior que les dice \u201cNo lo vas a lograr, no eres capaz\u201d pero encuentran la manera de superarlo, de ah\u00ed se crea <strong>She Is My Boss,<\/strong> con una \u00f3ptica diferente para mostrar a las mujeres que impactan m\u00e1s por su vida, que por el cargo que ejercen en su vida profesional. Un aspecto importante, es que se resalta c\u00f3mo afrontaron una situaci\u00f3n dif\u00edcil o la llamada \u201cpiedra en el zapato\u201d, como una enfermedad, divorcio, su habilidad para salir adelante y convertirse en inspiraci\u00f3n para otras mujeres, que pueden estar afrontando lo mismo.<\/p>\n<p><em>\u00abShe Is My Boss naci\u00f3 con un prop\u00f3sito superior y muy claro, con una propuesta distinta, en la que encontrar\u00e1n una serie de documentales que muestran m\u00e1s all\u00e1 de una gesti\u00f3n, se van a encontrar con la historia de cada protagonista desde que nacen hasta que llegan a ejercer sus roles profesionales despu\u00e9s de superar los obst\u00e1culos, para poder inspirar a millones de ni\u00f1as y mujeres en Colombia y Latinoam\u00e9rica\u201d,<\/em> indica <strong>Camilo Betancur Morales, director y creador del documental She is my Boss y CEO de LA7EM.<\/strong><\/p>\n<p><strong>\u00a0<\/strong>La cuarta temporada de <strong>She IS My Boss<\/strong> llega en el mes de la mujer no solo para reconocer su valor dentro de la sociedad sino para crear desde la ni\u00f1ez esa fuerza y valores que lograr\u00e1n su transformaci\u00f3n en mujeres seguras con la capacidad de afrontar el camino laboral con \u00e9xito y convertirse en referentes femeninos en la sociedad.<\/p>\n<p>Estas son las protagonistas:<\/p>\n<ol>\n<li>Patricia Field \u2013 Presidente Novo Nordisk<\/li>\n<li>Mariana Botero \u2013 Presidente Puntos Colombia<\/li>\n<li>Erika Zarante \u2013 Presidente LATAM Airlines Colombia<\/li>\n<li>Mar\u00eda Elena Obando \u2013 P\u2060residente Coordinadora Mercantil<\/li>\n<li>\u2060Martha V\u00e1squez \u2013 Vicepresidente Bancolombia<\/li>\n<li>Mary Luz Giraldo \u2013 Vicepresidente FGA<\/li>\n<li>Patricia Echeverri \u2013 Gerente General Proquident<\/li>\n<li>Pilar Amorocho \u2013 Gerente General\u00a0 Qbano<\/li>\n<li>\u2060Sandra Gall\u00f3n \u2013 Directora Talento Humano Postob\u00f3n<\/li>\n<li>Emilia Restrepo \u2013 Rectora CESA<\/li>\n<li>Luc\u00eda Mart\u00ednez \u2013 Ejecutiva Comercial Compra por Cat\u00e1logo, Leonisa<\/li>\n<\/ol>\n<p>\u2060A trav\u00e9s de un enfoque aut\u00e9ntico y emotivo, la producci\u00f3n demuestra que el \u00e9xito no conoce l\u00edmites cuando se combinan esfuerzo, preparaci\u00f3n y confianza en s\u00ed mismas, reforzando el compromiso con la equidad de g\u00e9nero, con ejemplos de mujeres l\u00edderes en diversos \u00e1mbitos, como la ciencia, la tecnolog\u00eda, el arte, la sostenibilidad y los negocios.<\/p>\n<p>El primer cap\u00edtulo es el de Patricia Field y ser\u00e1n emitidos cada semana los jueves a las 7:00 pm por el canal de <a href=\"https:\/\/www.youtube.com\/@LA7EM\">YouTube<\/a> de <strong>LA7EM <\/strong>y en la <a href=\"https:\/\/sheismyboss.com\/\">web<\/a> oficial de<strong> She Is My Boss<\/strong>.<\/p>\n","protected":false},"excerpt":{"rendered":"<p>NOTI-AMERICA | COLOMBIA She Is My Boss, la exitosa serie de historias de mujeres poderosas anuncia el lanzamiento de su nueva temporada con nuevas historias de mujeres colombianas que generan un alto impacto. She&#46;&#46;&#46;<\/p>\n","protected":false},"author":135,"featured_media":18721,"comment_status":"open","ping_status":"open","sticky":false,"template":"","format":"image","meta":{"_acf_changed":false,"om_disable_all_campaigns":false,"rop_custom_images_group":[],"rop_custom_messages_group":[],"rop_publish_now":"initial","rop_publish_now_accounts":{"twitter_242054905_242054905":""},"rop_publish_now_history":[],"rop_publish_now_status":"pending","_uf_show_specific_survey":0,"_uf_disable_surveys":false,"footnotes":""},"categories":[216],"tags":[],"class_list":["post-18720","post","type-post","status-publish","format-image","has-post-thumbnail","hentry","category-empresarios","post_format-post-format-image"],"acf":[],"aioseo_notices":[],"yoast_head":"<!-- This site is optimized with the Yoast SEO Premium plugin v24.9 (Yoast SEO v27.2) - https:\/\/yoast.com\/product\/yoast-seo-premium-wordpress\/ -->\n<title>She is My Boss llega a su cuarta temporada con mujeres colombianas que impactan en diferentes \u00e1mbitos. - Colombia | Noti-America.com<\/title>\n<meta name=\"robots\" content=\"index, follow, max-snippet:-1, max-image-preview:large, max-video-preview:-1\" \/>\n<link rel=\"canonical\" href=\"https:\/\/noti-america.com\/site\/colombia\/2025\/03\/08\/she-is-my-boss-llega-a-su-cuarta-temporada-con-mujeres-colombianas-que-impactan-en-diferentes-ambitos\/\" \/>\n<meta property=\"og:locale\" content=\"es_ES\" \/>\n<meta property=\"og:type\" content=\"article\" \/>\n<meta property=\"og:title\" content=\"She is My Boss llega a su cuarta temporada con mujeres colombianas que impactan en diferentes \u00e1mbitos.\" \/>\n<meta property=\"og:description\" content=\"NOTI-AMERICA | COLOMBIA She Is My Boss, la exitosa serie de historias de mujeres poderosas anuncia el lanzamiento de su nueva temporada con nuevas historias de mujeres colombianas que generan un alto impacto. She&#046;&#046;&#046;\" \/>\n<meta property=\"og:url\" content=\"https:\/\/noti-america.com\/site\/colombia\/2025\/03\/08\/she-is-my-boss-llega-a-su-cuarta-temporada-con-mujeres-colombianas-que-impactan-en-diferentes-ambitos\/\" \/>\n<meta property=\"og:site_name\" content=\"Colombia | Noti-America.com\" \/>\n<meta property=\"article:published_time\" content=\"2025-03-08T03:14:22+00:00\" \/>\n<meta property=\"article:modified_time\" content=\"2025-03-30T03:19:37+00:00\" \/>\n<meta property=\"og:image\" content=\"https:\/\/noti-america.com\/site\/colombia\/wp-content\/uploads\/sites\/20\/2025\/03\/Foto-2-She-is-my-boss.jpeg\" \/>\n\t<meta property=\"og:image:width\" content=\"1600\" \/>\n\t<meta property=\"og:image:height\" content=\"900\" \/>\n\t<meta property=\"og:image:type\" content=\"image\/jpeg\" \/>\n<meta name=\"author\" content=\"mlenis\" \/>\n<meta name=\"twitter:card\" content=\"summary_large_image\" \/>\n<meta name=\"twitter:creator\" content=\"@notiamerica\" \/>\n<meta name=\"twitter:site\" content=\"@notiamerica\" \/>\n<meta name=\"twitter:label1\" content=\"Escrito por\" \/>\n\t<meta name=\"twitter:data1\" content=\"mlenis\" \/>\n\t<meta name=\"twitter:label2\" content=\"Tiempo estimado de lectura\" \/>\n\t<meta name=\"twitter:data2\" content=\"3 minutos\" \/>\n<script type=\"application\/ld+json\" class=\"yoast-schema-graph\">{\"@context\":\"https:\/\/schema.org\",\"@graph\":[{\"@type\":\"Article\",\"@id\":\"https:\/\/noti-america.com\/site\/colombia\/2025\/03\/08\/she-is-my-boss-llega-a-su-cuarta-temporada-con-mujeres-colombianas-que-impactan-en-diferentes-ambitos\/#article\",\"isPartOf\":{\"@id\":\"https:\/\/noti-america.com\/site\/colombia\/2025\/03\/08\/she-is-my-boss-llega-a-su-cuarta-temporada-con-mujeres-colombianas-que-impactan-en-diferentes-ambitos\/\"},\"author\":{\"name\":\"mlenis\",\"@id\":\"https:\/\/noti-america.com\/site\/colombia\/#\/schema\/person\/4b216aa1c65f5f3ee2a0f0ee69a3f85f\"},\"headline\":\"She is My Boss llega a su cuarta temporada con mujeres colombianas que impactan en diferentes \u00e1mbitos.\",\"datePublished\":\"2025-03-08T03:14:22+00:00\",\"dateModified\":\"2025-03-30T03:19:37+00:00\",\"mainEntityOfPage\":{\"@id\":\"https:\/\/noti-america.com\/site\/colombia\/2025\/03\/08\/she-is-my-boss-llega-a-su-cuarta-temporada-con-mujeres-colombianas-que-impactan-en-diferentes-ambitos\/\"},\"wordCount\":536,\"commentCount\":0,\"image\":{\"@id\":\"https:\/\/noti-america.com\/site\/colombia\/2025\/03\/08\/she-is-my-boss-llega-a-su-cuarta-temporada-con-mujeres-colombianas-que-impactan-en-diferentes-ambitos\/#primaryimage\"},\"thumbnailUrl\":\"https:\/\/noti-america.com\/site\/colombia\/wp-content\/uploads\/sites\/20\/2025\/03\/Foto-2-She-is-my-boss.jpeg\",\"articleSection\":[\"Empresarios\"],\"inLanguage\":\"es\",\"potentialAction\":[{\"@type\":\"CommentAction\",\"name\":\"Comment\",\"target\":[\"https:\/\/noti-america.com\/site\/colombia\/2025\/03\/08\/she-is-my-boss-llega-a-su-cuarta-temporada-con-mujeres-colombianas-que-impactan-en-diferentes-ambitos\/#respond\"]}]},{\"@type\":\"WebPage\",\"@id\":\"https:\/\/noti-america.com\/site\/colombia\/2025\/03\/08\/she-is-my-boss-llega-a-su-cuarta-temporada-con-mujeres-colombianas-que-impactan-en-diferentes-ambitos\/\",\"url\":\"https:\/\/noti-america.com\/site\/colombia\/2025\/03\/08\/she-is-my-boss-llega-a-su-cuarta-temporada-con-mujeres-colombianas-que-impactan-en-diferentes-ambitos\/\",\"name\":\"She is My Boss llega a su cuarta temporada con mujeres colombianas que impactan en diferentes \u00e1mbitos. - Colombia | Noti-America.com\",\"isPartOf\":{\"@id\":\"https:\/\/noti-america.com\/site\/colombia\/#website\"},\"primaryImageOfPage\":{\"@id\":\"https:\/\/noti-america.com\/site\/colombia\/2025\/03\/08\/she-is-my-boss-llega-a-su-cuarta-temporada-con-mujeres-colombianas-que-impactan-en-diferentes-ambitos\/#primaryimage\"},\"image\":{\"@id\":\"https:\/\/noti-america.com\/site\/colombia\/2025\/03\/08\/she-is-my-boss-llega-a-su-cuarta-temporada-con-mujeres-colombianas-que-impactan-en-diferentes-ambitos\/#primaryimage\"},\"thumbnailUrl\":\"https:\/\/noti-america.com\/site\/colombia\/wp-content\/uploads\/sites\/20\/2025\/03\/Foto-2-She-is-my-boss.jpeg\",\"datePublished\":\"2025-03-08T03:14:22+00:00\",\"dateModified\":\"2025-03-30T03:19:37+00:00\",\"author\":{\"@id\":\"https:\/\/noti-america.com\/site\/colombia\/#\/schema\/person\/4b216aa1c65f5f3ee2a0f0ee69a3f85f\"},\"breadcrumb\":{\"@id\":\"https:\/\/noti-america.com\/site\/colombia\/2025\/03\/08\/she-is-my-boss-llega-a-su-cuarta-temporada-con-mujeres-colombianas-que-impactan-en-diferentes-ambitos\/#breadcrumb\"},\"inLanguage\":\"es\",\"potentialAction\":[{\"@type\":\"ReadAction\",\"target\":[\"https:\/\/noti-america.com\/site\/colombia\/2025\/03\/08\/she-is-my-boss-llega-a-su-cuarta-temporada-con-mujeres-colombianas-que-impactan-en-diferentes-ambitos\/\"]}]},{\"@type\":\"ImageObject\",\"inLanguage\":\"es\",\"@id\":\"https:\/\/noti-america.com\/site\/colombia\/2025\/03\/08\/she-is-my-boss-llega-a-su-cuarta-temporada-con-mujeres-colombianas-que-impactan-en-diferentes-ambitos\/#primaryimage\",\"url\":\"https:\/\/noti-america.com\/site\/colombia\/wp-content\/uploads\/sites\/20\/2025\/03\/Foto-2-She-is-my-boss.jpeg\",\"contentUrl\":\"https:\/\/noti-america.com\/site\/colombia\/wp-content\/uploads\/sites\/20\/2025\/03\/Foto-2-She-is-my-boss.jpeg\",\"width\":1600,\"height\":900},{\"@type\":\"BreadcrumbList\",\"@id\":\"https:\/\/noti-america.com\/site\/colombia\/2025\/03\/08\/she-is-my-boss-llega-a-su-cuarta-temporada-con-mujeres-colombianas-que-impactan-en-diferentes-ambitos\/#breadcrumb\",\"itemListElement\":[{\"@type\":\"ListItem\",\"position\":1,\"name\":\"Portada\",\"item\":\"https:\/\/noti-america.com\/site\/colombia\/\"},{\"@type\":\"ListItem\",\"position\":2,\"name\":\"She is My Boss llega a su cuarta temporada con mujeres colombianas que impactan en diferentes \u00e1mbitos.\"}]},{\"@type\":\"WebSite\",\"@id\":\"https:\/\/noti-america.com\/site\/colombia\/#website\",\"url\":\"https:\/\/noti-america.com\/site\/colombia\/\",\"name\":\"Colombia | Noti-America.com\",\"description\":\"\",\"potentialAction\":[{\"@type\":\"SearchAction\",\"target\":{\"@type\":\"EntryPoint\",\"urlTemplate\":\"https:\/\/noti-america.com\/site\/colombia\/?s={search_term_string}\"},\"query-input\":{\"@type\":\"PropertyValueSpecification\",\"valueRequired\":true,\"valueName\":\"search_term_string\"}}],\"inLanguage\":\"es\"},{\"@type\":\"Person\",\"@id\":\"https:\/\/noti-america.com\/site\/colombia\/#\/schema\/person\/4b216aa1c65f5f3ee2a0f0ee69a3f85f\",\"name\":\"mlenis\",\"image\":{\"@type\":\"ImageObject\",\"inLanguage\":\"es\",\"@id\":\"https:\/\/secure.gravatar.com\/avatar\/71bbe7129a082888d49bedca63e7a6e75ca485c648bb239a7515a2a55acd510f?s=96&d=mm&r=g\",\"url\":\"https:\/\/secure.gravatar.com\/avatar\/71bbe7129a082888d49bedca63e7a6e75ca485c648bb239a7515a2a55acd510f?s=96&d=mm&r=g\",\"contentUrl\":\"https:\/\/secure.gravatar.com\/avatar\/71bbe7129a082888d49bedca63e7a6e75ca485c648bb239a7515a2a55acd510f?s=96&d=mm&r=g\",\"caption\":\"mlenis\"},\"url\":\"https:\/\/noti-america.com\/site\/colombia\/author\/mlenis\/\"}]}<\/script>\n<!-- \/ Yoast SEO Premium plugin. -->","yoast_head_json":{"title":"She is My Boss llega a su cuarta temporada con mujeres colombianas que impactan en diferentes \u00e1mbitos. - Colombia | Noti-America.com","robots":{"index":"index","follow":"follow","max-snippet":"max-snippet:-1","max-image-preview":"max-image-preview:large","max-video-preview":"max-video-preview:-1"},"canonical":"https:\/\/noti-america.com\/site\/colombia\/2025\/03\/08\/she-is-my-boss-llega-a-su-cuarta-temporada-con-mujeres-colombianas-que-impactan-en-diferentes-ambitos\/","og_locale":"es_ES","og_type":"article","og_title":"She is My Boss llega a su cuarta temporada con mujeres colombianas que impactan en diferentes \u00e1mbitos.","og_description":"NOTI-AMERICA | COLOMBIA She Is My Boss, la exitosa serie de historias de mujeres poderosas anuncia el lanzamiento de su nueva temporada con nuevas historias de mujeres colombianas que generan un alto impacto. She&#46;&#46;&#46;","og_url":"https:\/\/noti-america.com\/site\/colombia\/2025\/03\/08\/she-is-my-boss-llega-a-su-cuarta-temporada-con-mujeres-colombianas-que-impactan-en-diferentes-ambitos\/","og_site_name":"Colombia | Noti-America.com","article_published_time":"2025-03-08T03:14:22+00:00","article_modified_time":"2025-03-30T03:19:37+00:00","og_image":[{"width":1600,"height":900,"url":"https:\/\/noti-america.com\/site\/colombia\/wp-content\/uploads\/sites\/20\/2025\/03\/Foto-2-She-is-my-boss.jpeg","type":"image\/jpeg"}],"author":"mlenis","twitter_card":"summary_large_image","twitter_creator":"@notiamerica","twitter_site":"@notiamerica","twitter_misc":{"Escrito por":"mlenis","Tiempo estimado de lectura":"3 minutos"},"schema":{"@context":"https:\/\/schema.org","@graph":[{"@type":"Article","@id":"https:\/\/noti-america.com\/site\/colombia\/2025\/03\/08\/she-is-my-boss-llega-a-su-cuarta-temporada-con-mujeres-colombianas-que-impactan-en-diferentes-ambitos\/#article","isPartOf":{"@id":"https:\/\/noti-america.com\/site\/colombia\/2025\/03\/08\/she-is-my-boss-llega-a-su-cuarta-temporada-con-mujeres-colombianas-que-impactan-en-diferentes-ambitos\/"},"author":{"name":"mlenis","@id":"https:\/\/noti-america.com\/site\/colombia\/#\/schema\/person\/4b216aa1c65f5f3ee2a0f0ee69a3f85f"},"headline":"She is My Boss llega a su cuarta temporada con mujeres colombianas que impactan en diferentes \u00e1mbitos.","datePublished":"2025-03-08T03:14:22+00:00","dateModified":"2025-03-30T03:19:37+00:00","mainEntityOfPage":{"@id":"https:\/\/noti-america.com\/site\/colombia\/2025\/03\/08\/she-is-my-boss-llega-a-su-cuarta-temporada-con-mujeres-colombianas-que-impactan-en-diferentes-ambitos\/"},"wordCount":536,"commentCount":0,"image":{"@id":"https:\/\/noti-america.com\/site\/colombia\/2025\/03\/08\/she-is-my-boss-llega-a-su-cuarta-temporada-con-mujeres-colombianas-que-impactan-en-diferentes-ambitos\/#primaryimage"},"thumbnailUrl":"https:\/\/noti-america.com\/site\/colombia\/wp-content\/uploads\/sites\/20\/2025\/03\/Foto-2-She-is-my-boss.jpeg","articleSection":["Empresarios"],"inLanguage":"es","potentialAction":[{"@type":"CommentAction","name":"Comment","target":["https:\/\/noti-america.com\/site\/colombia\/2025\/03\/08\/she-is-my-boss-llega-a-su-cuarta-temporada-con-mujeres-colombianas-que-impactan-en-diferentes-ambitos\/#respond"]}]},{"@type":"WebPage","@id":"https:\/\/noti-america.com\/site\/colombia\/2025\/03\/08\/she-is-my-boss-llega-a-su-cuarta-temporada-con-mujeres-colombianas-que-impactan-en-diferentes-ambitos\/","url":"https:\/\/noti-america.com\/site\/colombia\/2025\/03\/08\/she-is-my-boss-llega-a-su-cuarta-temporada-con-mujeres-colombianas-que-impactan-en-diferentes-ambitos\/","name":"She is My Boss llega a su cuarta temporada con mujeres colombianas que impactan en diferentes \u00e1mbitos. - Colombia | Noti-America.com","isPartOf":{"@id":"https:\/\/noti-america.com\/site\/colombia\/#website"},"primaryImageOfPage":{"@id":"https:\/\/noti-america.com\/site\/colombia\/2025\/03\/08\/she-is-my-boss-llega-a-su-cuarta-temporada-con-mujeres-colombianas-que-impactan-en-diferentes-ambitos\/#primaryimage"},"image":{"@id":"https:\/\/noti-america.com\/site\/colombia\/2025\/03\/08\/she-is-my-boss-llega-a-su-cuarta-temporada-con-mujeres-colombianas-que-impactan-en-diferentes-ambitos\/#primaryimage"},"thumbnailUrl":"https:\/\/noti-america.com\/site\/colombia\/wp-content\/uploads\/sites\/20\/2025\/03\/Foto-2-She-is-my-boss.jpeg","datePublished":"2025-03-08T03:14:22+00:00","dateModified":"2025-03-30T03:19:37+00:00","author":{"@id":"https:\/\/noti-america.com\/site\/colombia\/#\/schema\/person\/4b216aa1c65f5f3ee2a0f0ee69a3f85f"},"breadcrumb":{"@id":"https:\/\/noti-america.com\/site\/colombia\/2025\/03\/08\/she-is-my-boss-llega-a-su-cuarta-temporada-con-mujeres-colombianas-que-impactan-en-diferentes-ambitos\/#breadcrumb"},"inLanguage":"es","potentialAction":[{"@type":"ReadAction","target":["https:\/\/noti-america.com\/site\/colombia\/2025\/03\/08\/she-is-my-boss-llega-a-su-cuarta-temporada-con-mujeres-colombianas-que-impactan-en-diferentes-ambitos\/"]}]},{"@type":"ImageObject","inLanguage":"es","@id":"https:\/\/noti-america.com\/site\/colombia\/2025\/03\/08\/she-is-my-boss-llega-a-su-cuarta-temporada-con-mujeres-colombianas-que-impactan-en-diferentes-ambitos\/#primaryimage","url":"https:\/\/noti-america.com\/site\/colombia\/wp-content\/uploads\/sites\/20\/2025\/03\/Foto-2-She-is-my-boss.jpeg","contentUrl":"https:\/\/noti-america.com\/site\/colombia\/wp-content\/uploads\/sites\/20\/2025\/03\/Foto-2-She-is-my-boss.jpeg","width":1600,"height":900},{"@type":"BreadcrumbList","@id":"https:\/\/noti-america.com\/site\/colombia\/2025\/03\/08\/she-is-my-boss-llega-a-su-cuarta-temporada-con-mujeres-colombianas-que-impactan-en-diferentes-ambitos\/#breadcrumb","itemListElement":[{"@type":"ListItem","position":1,"name":"Portada","item":"https:\/\/noti-america.com\/site\/colombia\/"},{"@type":"ListItem","position":2,"name":"She is My Boss llega a su cuarta temporada con mujeres colombianas que impactan en diferentes \u00e1mbitos."}]},{"@type":"WebSite","@id":"https:\/\/noti-america.com\/site\/colombia\/#website","url":"https:\/\/noti-america.com\/site\/colombia\/","name":"Colombia | Noti-America.com","description":"","potentialAction":[{"@type":"SearchAction","target":{"@type":"EntryPoint","urlTemplate":"https:\/\/noti-america.com\/site\/colombia\/?s={search_term_string}"},"query-input":{"@type":"PropertyValueSpecification","valueRequired":true,"valueName":"search_term_string"}}],"inLanguage":"es"},{"@type":"Person","@id":"https:\/\/noti-america.com\/site\/colombia\/#\/schema\/person\/4b216aa1c65f5f3ee2a0f0ee69a3f85f","name":"mlenis","image":{"@type":"ImageObject","inLanguage":"es","@id":"https:\/\/secure.gravatar.com\/avatar\/71bbe7129a082888d49bedca63e7a6e75ca485c648bb239a7515a2a55acd510f?s=96&d=mm&r=g","url":"https:\/\/secure.gravatar.com\/avatar\/71bbe7129a082888d49bedca63e7a6e75ca485c648bb239a7515a2a55acd510f?s=96&d=mm&r=g","contentUrl":"https:\/\/secure.gravatar.com\/avatar\/71bbe7129a082888d49bedca63e7a6e75ca485c648bb239a7515a2a55acd510f?s=96&d=mm&r=g","caption":"mlenis"},"url":"https:\/\/noti-america.com\/site\/colombia\/author\/mlenis\/"}]}},"_links":{"self":[{"href":"https:\/\/noti-america.com\/site\/colombia\/wp-json\/wp\/v2\/posts\/18720","targetHints":{"allow":["GET"]}}],"collection":[{"href":"https:\/\/noti-america.com\/site\/colombia\/wp-json\/wp\/v2\/posts"}],"about":[{"href":"https:\/\/noti-america.com\/site\/colombia\/wp-json\/wp\/v2\/types\/post"}],"author":[{"embeddable":true,"href":"https:\/\/noti-america.com\/site\/colombia\/wp-json\/wp\/v2\/users\/135"}],"replies":[{"embeddable":true,"href":"https:\/\/noti-america.com\/site\/colombia\/wp-json\/wp\/v2\/comments?post=18720"}],"version-history":[{"count":1,"href":"https:\/\/noti-america.com\/site\/colombia\/wp-json\/wp\/v2\/posts\/18720\/revisions"}],"predecessor-version":[{"id":18722,"href":"https:\/\/noti-america.com\/site\/colombia\/wp-json\/wp\/v2\/posts\/18720\/revisions\/18722"}],"wp:featuredmedia":[{"embeddable":true,"href":"https:\/\/noti-america.com\/site\/colombia\/wp-json\/wp\/v2\/media\/18721"}],"wp:attachment":[{"href":"https:\/\/noti-america.com\/site\/colombia\/wp-json\/wp\/v2\/media?parent=18720"}],"wp:term":[{"taxonomy":"category","embeddable":true,"href":"https:\/\/noti-america.com\/site\/colombia\/wp-json\/wp\/v2\/categories?post=18720"},{"taxonomy":"post_tag","embeddable":true,"href":"https:\/\/noti-america.com\/site\/colombia\/wp-json\/wp\/v2\/tags?post=18720"}],"curies":[{"name":"wp","href":"https:\/\/api.w.org\/{rel}","templated":true}]}}