{"id":1813,"date":"2018-11-03T15:26:28","date_gmt":"2018-11-03T15:26:28","guid":{"rendered":"http:\/\/noti-america.com\/site\/colombia\/2018\/11\/03\/vinicius-brillo-en-el-triunfo-del-real-madrid-ante-el-valladolid\/"},"modified":"2018-11-03T15:26:28","modified_gmt":"2018-11-03T15:26:28","slug":"vinicius-brillo-en-el-triunfo-del-real-madrid-ante-el-valladolid","status":"publish","type":"post","link":"https:\/\/noti-america.com\/site\/colombia\/2018\/11\/03\/vinicius-brillo-en-el-triunfo-del-real-madrid-ante-el-valladolid\/","title":{"rendered":"Vinicius brill\u00f3 en el triunfo del Real Madrid ante el Valladolid"},"content":{"rendered":"<p>Lcdo. Andr\u00e9s Salazar | Prensa Noti-Am\u00e9rica |<\/p>\n<h3 style=\"text-align: justify\">Solari que hizo su debut en el Bernab\u00e9u ante el Valladolid, luego de el Real Madrid jugara entre semana el partido por la etapa 32 de la Copa del Rey frente al Melilla.<\/h3>\n<p style=\"text-align: justify\">Los merengues se impusieron 2 goles por 0 al Real Valladolid, con un Vinicius Junior que volvi\u00f3 hacer el mas destaco del partido, gracias a un centro del joven jugador llegar\u00eda la primera anotaci\u00f3n de los blancos, tras un Kiko Olivas en propia puerta en el minuto 83.\u00a0Posteriormente, a los 88 el capit\u00e1n Sergio Ramos convertir\u00eda el segundo por la v\u00eda del penalti, que cerr\u00f3 el triunfo para los ahora dirigidos por el t\u00e9cnico argentino Santiago Solari.<\/p>\n<div class=\"video-container\"><iframe loading=\"lazy\" title=\"LaLiga: Resumen y Goles del Partido Real Madrid (2) - (0) Valladolid del 03\/11\/2018\" width=\"500\" height=\"281\" src=\"https:\/\/www.youtube.com\/embed\/ifXNzmWziOQ?feature=oembed&#038;wmode=opaque\" frameborder=\"0\" allow=\"accelerometer; autoplay; clipboard-write; encrypted-media; gyroscope; picture-in-picture; web-share\" referrerpolicy=\"strict-origin-when-cross-origin\" allowfullscreen><\/iframe><\/div>\n<p style=\"text-align: justify\">De momento, el Real Madrid concluye la jornada 11 de la Liga Espa\u00f1ola con 17 puntos, ubicado en el sexto lugar.<\/p>\n","protected":false},"excerpt":{"rendered":"<p>Lcdo. Andr\u00e9s Salazar | Prensa Noti-Am\u00e9rica | Solari que hizo su debut en el Bernab\u00e9u ante el Valladolid, luego de el Real Madrid jugara entre semana el partido por la etapa 32 de la&#46;&#46;&#46;<\/p>\n","protected":false},"author":4,"featured_media":1814,"comment_status":"open","ping_status":"open","sticky":false,"template":"","format":"standard","meta":{"_acf_changed":false,"om_disable_all_campaigns":false,"rop_custom_images_group":[],"rop_custom_messages_group":[],"rop_publish_now":"initial","rop_publish_now_accounts":{"twitter_242054905_242054905":""},"rop_publish_now_history":[],"rop_publish_now_status":"pending","_uf_show_specific_survey":0,"_uf_disable_surveys":false,"footnotes":""},"categories":[16],"tags":[],"class_list":["post-1813","post","type-post","status-publish","format-standard","has-post-thumbnail","hentry","category-deportes"],"acf":[],"aioseo_notices":[],"yoast_head":"<!-- This site is optimized with the Yoast SEO Premium plugin v24.9 (Yoast SEO v27.2) - https:\/\/yoast.com\/product\/yoast-seo-premium-wordpress\/ -->\n<title>Vinicius brill\u00f3 en el triunfo del Real Madrid ante el Valladolid - Colombia | Noti-America.com<\/title>\n<meta name=\"robots\" content=\"index, follow, max-snippet:-1, max-image-preview:large, max-video-preview:-1\" \/>\n<link rel=\"canonical\" href=\"https:\/\/noti-america.com\/site\/colombia\/2018\/11\/03\/vinicius-brillo-en-el-triunfo-del-real-madrid-ante-el-valladolid\/\" \/>\n<meta property=\"og:locale\" content=\"es_ES\" \/>\n<meta property=\"og:type\" content=\"article\" \/>\n<meta property=\"og:title\" content=\"Vinicius brill\u00f3 en el triunfo del Real Madrid ante el Valladolid\" \/>\n<meta property=\"og:description\" content=\"Lcdo. Andr\u00e9s Salazar | Prensa Noti-Am\u00e9rica | Solari que hizo su debut en el Bernab\u00e9u ante el Valladolid, luego de el Real Madrid jugara entre semana el partido por la etapa 32 de la&#046;&#046;&#046;\" \/>\n<meta property=\"og:url\" content=\"https:\/\/noti-america.com\/site\/colombia\/2018\/11\/03\/vinicius-brillo-en-el-triunfo-del-real-madrid-ante-el-valladolid\/\" \/>\n<meta property=\"og:site_name\" content=\"Colombia | Noti-America.com\" \/>\n<meta property=\"article:author\" content=\"https:\/\/www.facebook.com\/AndresSalazarTV\/\" \/>\n<meta property=\"article:published_time\" content=\"2018-11-03T15:26:28+00:00\" \/>\n<meta property=\"og:image\" content=\"https:\/\/noti-america.com\/site\/colombia\/wp-content\/uploads\/sites\/20\/2018\/11\/5bddd84414a9a.jpeg\" \/>\n\t<meta property=\"og:image:width\" content=\"1214\" \/>\n\t<meta property=\"og:image:height\" content=\"697\" \/>\n\t<meta property=\"og:image:type\" content=\"image\/jpeg\" \/>\n<meta name=\"author\" content=\"Andr\u00e9s Salazar TV\" \/>\n<meta name=\"twitter:card\" content=\"summary_large_image\" \/>\n<meta name=\"twitter:creator\" content=\"@notiamerica\" \/>\n<meta name=\"twitter:site\" content=\"@notiamerica\" \/>\n<meta name=\"twitter:label1\" content=\"Escrito por\" \/>\n\t<meta name=\"twitter:data1\" content=\"Andr\u00e9s Salazar TV\" \/>\n\t<meta name=\"twitter:label2\" content=\"Tiempo estimado de lectura\" \/>\n\t<meta name=\"twitter:data2\" content=\"1 minuto\" \/>\n<script type=\"application\/ld+json\" class=\"yoast-schema-graph\">{\"@context\":\"https:\/\/schema.org\",\"@graph\":[{\"@type\":\"Article\",\"@id\":\"https:\/\/noti-america.com\/site\/colombia\/2018\/11\/03\/vinicius-brillo-en-el-triunfo-del-real-madrid-ante-el-valladolid\/#article\",\"isPartOf\":{\"@id\":\"https:\/\/noti-america.com\/site\/colombia\/2018\/11\/03\/vinicius-brillo-en-el-triunfo-del-real-madrid-ante-el-valladolid\/\"},\"author\":{\"name\":\"Andr\u00e9s Salazar TV\",\"@id\":\"https:\/\/noti-america.com\/site\/colombia\/#\/schema\/person\/5536bbfd0e2b9220dabb68be6a79e6a2\"},\"headline\":\"Vinicius brill\u00f3 en el triunfo del Real Madrid ante el Valladolid\",\"datePublished\":\"2018-11-03T15:26:28+00:00\",\"mainEntityOfPage\":{\"@id\":\"https:\/\/noti-america.com\/site\/colombia\/2018\/11\/03\/vinicius-brillo-en-el-triunfo-del-real-madrid-ante-el-valladolid\/\"},\"wordCount\":157,\"commentCount\":0,\"image\":{\"@id\":\"https:\/\/noti-america.com\/site\/colombia\/2018\/11\/03\/vinicius-brillo-en-el-triunfo-del-real-madrid-ante-el-valladolid\/#primaryimage\"},\"thumbnailUrl\":\"https:\/\/noti-america.com\/site\/colombia\/wp-content\/uploads\/sites\/20\/2018\/11\/5bddd84414a9a.jpeg\",\"articleSection\":[\"Deportes\"],\"inLanguage\":\"es\",\"potentialAction\":[{\"@type\":\"CommentAction\",\"name\":\"Comment\",\"target\":[\"https:\/\/noti-america.com\/site\/colombia\/2018\/11\/03\/vinicius-brillo-en-el-triunfo-del-real-madrid-ante-el-valladolid\/#respond\"]}]},{\"@type\":\"WebPage\",\"@id\":\"https:\/\/noti-america.com\/site\/colombia\/2018\/11\/03\/vinicius-brillo-en-el-triunfo-del-real-madrid-ante-el-valladolid\/\",\"url\":\"https:\/\/noti-america.com\/site\/colombia\/2018\/11\/03\/vinicius-brillo-en-el-triunfo-del-real-madrid-ante-el-valladolid\/\",\"name\":\"Vinicius brill\u00f3 en el triunfo del Real Madrid ante el Valladolid - Colombia | Noti-America.com\",\"isPartOf\":{\"@id\":\"https:\/\/noti-america.com\/site\/colombia\/#website\"},\"primaryImageOfPage\":{\"@id\":\"https:\/\/noti-america.com\/site\/colombia\/2018\/11\/03\/vinicius-brillo-en-el-triunfo-del-real-madrid-ante-el-valladolid\/#primaryimage\"},\"image\":{\"@id\":\"https:\/\/noti-america.com\/site\/colombia\/2018\/11\/03\/vinicius-brillo-en-el-triunfo-del-real-madrid-ante-el-valladolid\/#primaryimage\"},\"thumbnailUrl\":\"https:\/\/noti-america.com\/site\/colombia\/wp-content\/uploads\/sites\/20\/2018\/11\/5bddd84414a9a.jpeg\",\"datePublished\":\"2018-11-03T15:26:28+00:00\",\"author\":{\"@id\":\"https:\/\/noti-america.com\/site\/colombia\/#\/schema\/person\/5536bbfd0e2b9220dabb68be6a79e6a2\"},\"breadcrumb\":{\"@id\":\"https:\/\/noti-america.com\/site\/colombia\/2018\/11\/03\/vinicius-brillo-en-el-triunfo-del-real-madrid-ante-el-valladolid\/#breadcrumb\"},\"inLanguage\":\"es\",\"potentialAction\":[{\"@type\":\"ReadAction\",\"target\":[\"https:\/\/noti-america.com\/site\/colombia\/2018\/11\/03\/vinicius-brillo-en-el-triunfo-del-real-madrid-ante-el-valladolid\/\"]}]},{\"@type\":\"ImageObject\",\"inLanguage\":\"es\",\"@id\":\"https:\/\/noti-america.com\/site\/colombia\/2018\/11\/03\/vinicius-brillo-en-el-triunfo-del-real-madrid-ante-el-valladolid\/#primaryimage\",\"url\":\"https:\/\/noti-america.com\/site\/colombia\/wp-content\/uploads\/sites\/20\/2018\/11\/5bddd84414a9a.jpeg\",\"contentUrl\":\"https:\/\/noti-america.com\/site\/colombia\/wp-content\/uploads\/sites\/20\/2018\/11\/5bddd84414a9a.jpeg\",\"width\":1214,\"height\":697},{\"@type\":\"BreadcrumbList\",\"@id\":\"https:\/\/noti-america.com\/site\/colombia\/2018\/11\/03\/vinicius-brillo-en-el-triunfo-del-real-madrid-ante-el-valladolid\/#breadcrumb\",\"itemListElement\":[{\"@type\":\"ListItem\",\"position\":1,\"name\":\"Portada\",\"item\":\"https:\/\/noti-america.com\/site\/colombia\/\"},{\"@type\":\"ListItem\",\"position\":2,\"name\":\"Vinicius brill\u00f3 en el triunfo del Real Madrid ante el Valladolid\"}]},{\"@type\":\"WebSite\",\"@id\":\"https:\/\/noti-america.com\/site\/colombia\/#website\",\"url\":\"https:\/\/noti-america.com\/site\/colombia\/\",\"name\":\"Colombia | Noti-America.com\",\"description\":\"\",\"potentialAction\":[{\"@type\":\"SearchAction\",\"target\":{\"@type\":\"EntryPoint\",\"urlTemplate\":\"https:\/\/noti-america.com\/site\/colombia\/?s={search_term_string}\"},\"query-input\":{\"@type\":\"PropertyValueSpecification\",\"valueRequired\":true,\"valueName\":\"search_term_string\"}}],\"inLanguage\":\"es\"},{\"@type\":\"Person\",\"@id\":\"https:\/\/noti-america.com\/site\/colombia\/#\/schema\/person\/5536bbfd0e2b9220dabb68be6a79e6a2\",\"name\":\"Andr\u00e9s Salazar TV\",\"image\":{\"@type\":\"ImageObject\",\"inLanguage\":\"es\",\"@id\":\"https:\/\/secure.gravatar.com\/avatar\/afe6826ba750395b641021d9bf08e5496b9d29671cfabb16346350901fb94310?s=96&d=mm&r=g\",\"url\":\"https:\/\/secure.gravatar.com\/avatar\/afe6826ba750395b641021d9bf08e5496b9d29671cfabb16346350901fb94310?s=96&d=mm&r=g\",\"contentUrl\":\"https:\/\/secure.gravatar.com\/avatar\/afe6826ba750395b641021d9bf08e5496b9d29671cfabb16346350901fb94310?s=96&d=mm&r=g\",\"caption\":\"Andr\u00e9s Salazar TV\"},\"description\":\"Andr\u00e9s Salazar. Corresponsal de Noti-Am\u00e9rica en Venezuela. Periodista con m\u00e1s de 14 a\u00f1os de trayectoria en la cobertura de hechos informativos. Amplia experiencia en la narrativa de eventos deportivos, musicales y sucesos de \u00faltima hora.\",\"sameAs\":[\"https:\/\/www.facebook.com\/AndresSalazarTV\/\",\"https:\/\/youtube.com\/@andressalazartv?si=fYrt2l__ee2OK_Fh\"],\"url\":\"https:\/\/noti-america.com\/site\/colombia\/author\/asalazar\/\"}]}<\/script>\n<!-- \/ Yoast SEO Premium plugin. -->","yoast_head_json":{"title":"Vinicius brill\u00f3 en el triunfo del Real Madrid ante el Valladolid - Colombia | Noti-America.com","robots":{"index":"index","follow":"follow","max-snippet":"max-snippet:-1","max-image-preview":"max-image-preview:large","max-video-preview":"max-video-preview:-1"},"canonical":"https:\/\/noti-america.com\/site\/colombia\/2018\/11\/03\/vinicius-brillo-en-el-triunfo-del-real-madrid-ante-el-valladolid\/","og_locale":"es_ES","og_type":"article","og_title":"Vinicius brill\u00f3 en el triunfo del Real Madrid ante el Valladolid","og_description":"Lcdo. Andr\u00e9s Salazar | Prensa Noti-Am\u00e9rica | Solari que hizo su debut en el Bernab\u00e9u ante el Valladolid, luego de el Real Madrid jugara entre semana el partido por la etapa 32 de la&#46;&#46;&#46;","og_url":"https:\/\/noti-america.com\/site\/colombia\/2018\/11\/03\/vinicius-brillo-en-el-triunfo-del-real-madrid-ante-el-valladolid\/","og_site_name":"Colombia | Noti-America.com","article_author":"https:\/\/www.facebook.com\/AndresSalazarTV\/","article_published_time":"2018-11-03T15:26:28+00:00","og_image":[{"width":1214,"height":697,"url":"https:\/\/noti-america.com\/site\/colombia\/wp-content\/uploads\/sites\/20\/2018\/11\/5bddd84414a9a.jpeg","type":"image\/jpeg"}],"author":"Andr\u00e9s Salazar TV","twitter_card":"summary_large_image","twitter_creator":"@notiamerica","twitter_site":"@notiamerica","twitter_misc":{"Escrito por":"Andr\u00e9s Salazar TV","Tiempo estimado de lectura":"1 minuto"},"schema":{"@context":"https:\/\/schema.org","@graph":[{"@type":"Article","@id":"https:\/\/noti-america.com\/site\/colombia\/2018\/11\/03\/vinicius-brillo-en-el-triunfo-del-real-madrid-ante-el-valladolid\/#article","isPartOf":{"@id":"https:\/\/noti-america.com\/site\/colombia\/2018\/11\/03\/vinicius-brillo-en-el-triunfo-del-real-madrid-ante-el-valladolid\/"},"author":{"name":"Andr\u00e9s Salazar TV","@id":"https:\/\/noti-america.com\/site\/colombia\/#\/schema\/person\/5536bbfd0e2b9220dabb68be6a79e6a2"},"headline":"Vinicius brill\u00f3 en el triunfo del Real Madrid ante el Valladolid","datePublished":"2018-11-03T15:26:28+00:00","mainEntityOfPage":{"@id":"https:\/\/noti-america.com\/site\/colombia\/2018\/11\/03\/vinicius-brillo-en-el-triunfo-del-real-madrid-ante-el-valladolid\/"},"wordCount":157,"commentCount":0,"image":{"@id":"https:\/\/noti-america.com\/site\/colombia\/2018\/11\/03\/vinicius-brillo-en-el-triunfo-del-real-madrid-ante-el-valladolid\/#primaryimage"},"thumbnailUrl":"https:\/\/noti-america.com\/site\/colombia\/wp-content\/uploads\/sites\/20\/2018\/11\/5bddd84414a9a.jpeg","articleSection":["Deportes"],"inLanguage":"es","potentialAction":[{"@type":"CommentAction","name":"Comment","target":["https:\/\/noti-america.com\/site\/colombia\/2018\/11\/03\/vinicius-brillo-en-el-triunfo-del-real-madrid-ante-el-valladolid\/#respond"]}]},{"@type":"WebPage","@id":"https:\/\/noti-america.com\/site\/colombia\/2018\/11\/03\/vinicius-brillo-en-el-triunfo-del-real-madrid-ante-el-valladolid\/","url":"https:\/\/noti-america.com\/site\/colombia\/2018\/11\/03\/vinicius-brillo-en-el-triunfo-del-real-madrid-ante-el-valladolid\/","name":"Vinicius brill\u00f3 en el triunfo del Real Madrid ante el Valladolid - Colombia | Noti-America.com","isPartOf":{"@id":"https:\/\/noti-america.com\/site\/colombia\/#website"},"primaryImageOfPage":{"@id":"https:\/\/noti-america.com\/site\/colombia\/2018\/11\/03\/vinicius-brillo-en-el-triunfo-del-real-madrid-ante-el-valladolid\/#primaryimage"},"image":{"@id":"https:\/\/noti-america.com\/site\/colombia\/2018\/11\/03\/vinicius-brillo-en-el-triunfo-del-real-madrid-ante-el-valladolid\/#primaryimage"},"thumbnailUrl":"https:\/\/noti-america.com\/site\/colombia\/wp-content\/uploads\/sites\/20\/2018\/11\/5bddd84414a9a.jpeg","datePublished":"2018-11-03T15:26:28+00:00","author":{"@id":"https:\/\/noti-america.com\/site\/colombia\/#\/schema\/person\/5536bbfd0e2b9220dabb68be6a79e6a2"},"breadcrumb":{"@id":"https:\/\/noti-america.com\/site\/colombia\/2018\/11\/03\/vinicius-brillo-en-el-triunfo-del-real-madrid-ante-el-valladolid\/#breadcrumb"},"inLanguage":"es","potentialAction":[{"@type":"ReadAction","target":["https:\/\/noti-america.com\/site\/colombia\/2018\/11\/03\/vinicius-brillo-en-el-triunfo-del-real-madrid-ante-el-valladolid\/"]}]},{"@type":"ImageObject","inLanguage":"es","@id":"https:\/\/noti-america.com\/site\/colombia\/2018\/11\/03\/vinicius-brillo-en-el-triunfo-del-real-madrid-ante-el-valladolid\/#primaryimage","url":"https:\/\/noti-america.com\/site\/colombia\/wp-content\/uploads\/sites\/20\/2018\/11\/5bddd84414a9a.jpeg","contentUrl":"https:\/\/noti-america.com\/site\/colombia\/wp-content\/uploads\/sites\/20\/2018\/11\/5bddd84414a9a.jpeg","width":1214,"height":697},{"@type":"BreadcrumbList","@id":"https:\/\/noti-america.com\/site\/colombia\/2018\/11\/03\/vinicius-brillo-en-el-triunfo-del-real-madrid-ante-el-valladolid\/#breadcrumb","itemListElement":[{"@type":"ListItem","position":1,"name":"Portada","item":"https:\/\/noti-america.com\/site\/colombia\/"},{"@type":"ListItem","position":2,"name":"Vinicius brill\u00f3 en el triunfo del Real Madrid ante el Valladolid"}]},{"@type":"WebSite","@id":"https:\/\/noti-america.com\/site\/colombia\/#website","url":"https:\/\/noti-america.com\/site\/colombia\/","name":"Colombia | Noti-America.com","description":"","potentialAction":[{"@type":"SearchAction","target":{"@type":"EntryPoint","urlTemplate":"https:\/\/noti-america.com\/site\/colombia\/?s={search_term_string}"},"query-input":{"@type":"PropertyValueSpecification","valueRequired":true,"valueName":"search_term_string"}}],"inLanguage":"es"},{"@type":"Person","@id":"https:\/\/noti-america.com\/site\/colombia\/#\/schema\/person\/5536bbfd0e2b9220dabb68be6a79e6a2","name":"Andr\u00e9s Salazar TV","image":{"@type":"ImageObject","inLanguage":"es","@id":"https:\/\/secure.gravatar.com\/avatar\/afe6826ba750395b641021d9bf08e5496b9d29671cfabb16346350901fb94310?s=96&d=mm&r=g","url":"https:\/\/secure.gravatar.com\/avatar\/afe6826ba750395b641021d9bf08e5496b9d29671cfabb16346350901fb94310?s=96&d=mm&r=g","contentUrl":"https:\/\/secure.gravatar.com\/avatar\/afe6826ba750395b641021d9bf08e5496b9d29671cfabb16346350901fb94310?s=96&d=mm&r=g","caption":"Andr\u00e9s Salazar TV"},"description":"Andr\u00e9s Salazar. Corresponsal de Noti-Am\u00e9rica en Venezuela. Periodista con m\u00e1s de 14 a\u00f1os de trayectoria en la cobertura de hechos informativos. Amplia experiencia en la narrativa de eventos deportivos, musicales y sucesos de \u00faltima hora.","sameAs":["https:\/\/www.facebook.com\/AndresSalazarTV\/","https:\/\/youtube.com\/@andressalazartv?si=fYrt2l__ee2OK_Fh"],"url":"https:\/\/noti-america.com\/site\/colombia\/author\/asalazar\/"}]}},"_links":{"self":[{"href":"https:\/\/noti-america.com\/site\/colombia\/wp-json\/wp\/v2\/posts\/1813","targetHints":{"allow":["GET"]}}],"collection":[{"href":"https:\/\/noti-america.com\/site\/colombia\/wp-json\/wp\/v2\/posts"}],"about":[{"href":"https:\/\/noti-america.com\/site\/colombia\/wp-json\/wp\/v2\/types\/post"}],"author":[{"embeddable":true,"href":"https:\/\/noti-america.com\/site\/colombia\/wp-json\/wp\/v2\/users\/4"}],"replies":[{"embeddable":true,"href":"https:\/\/noti-america.com\/site\/colombia\/wp-json\/wp\/v2\/comments?post=1813"}],"version-history":[{"count":0,"href":"https:\/\/noti-america.com\/site\/colombia\/wp-json\/wp\/v2\/posts\/1813\/revisions"}],"wp:featuredmedia":[{"embeddable":true,"href":"https:\/\/noti-america.com\/site\/colombia\/wp-json\/wp\/v2\/media\/1814"}],"wp:attachment":[{"href":"https:\/\/noti-america.com\/site\/colombia\/wp-json\/wp\/v2\/media?parent=1813"}],"wp:term":[{"taxonomy":"category","embeddable":true,"href":"https:\/\/noti-america.com\/site\/colombia\/wp-json\/wp\/v2\/categories?post=1813"},{"taxonomy":"post_tag","embeddable":true,"href":"https:\/\/noti-america.com\/site\/colombia\/wp-json\/wp\/v2\/tags?post=1813"}],"curies":[{"name":"wp","href":"https:\/\/api.w.org\/{rel}","templated":true}]}}