{"id":17972,"date":"2025-01-21T22:09:46","date_gmt":"2025-01-21T22:09:46","guid":{"rendered":"https:\/\/noti-america.com\/site\/colombia\/?p=17972"},"modified":"2025-01-21T22:09:46","modified_gmt":"2025-01-21T22:09:46","slug":"estos-son-los-indicadores-comerciales-entre-colombia-y-estados-unidos-con-los-que-comenzara-la-segunda-presidencia-de-donald-trump","status":"publish","type":"post","link":"https:\/\/noti-america.com\/site\/colombia\/2025\/01\/21\/estos-son-los-indicadores-comerciales-entre-colombia-y-estados-unidos-con-los-que-comenzara-la-segunda-presidencia-de-donald-trump\/","title":{"rendered":"Estos son los indicadores comerciales entre Colombia y Estados Unidos con los que comenzar\u00e1 la segunda presidencia de Donald Trump"},"content":{"rendered":"<p>NOTI-AMERICA | COLOMBIA<\/p>\n<p style=\"font-weight: 400\">Con la presidencia de Donald Trump en Estados Unidos, quien comenzar\u00e1 \u00a0su segundo mandato tras ganar las elecciones de noviembre pasado, estos son los principales indicadores comerciales entre Colombia y Estados Unidos recopilados por la C\u00e1mara Colombo Americana, AmCham Colombia, que en 2025 cumple 70 a\u00f1os de labores.<\/p>\n<ol style=\"font-weight: 400\">\n<li>En lo corrido del a\u00f1o, hasta noviembre, Estados Unidos se mantiene como principal socio comercial de Colombia. Las exportaciones se registraron en US$ 13.106,3 millones, siendo el 29% de las ventas totales, seg\u00fan cifras del DANE.<\/li>\n<li>El 59% de los productos exportados a EE. UU. pertenecen al rubro no minero-energ\u00e9tico versus 41% del sector minero-energ\u00e9tico, entre enero y noviembre, de acuerdo con el DANE.<\/li>\n<li>De acuerdo con la tendencia del nearshoring y del endurecimiento de la pol\u00edtica comercial de EE. UU. con el segundo mandato del presidente Donald Trump, un estudio de AmCham Colombia encontr\u00f3 que el pa\u00eds tiene potencial de aumentar exportaciones a ese pa\u00eds en 224 partidas gracias a una Ventaja Comparativa Revelada mayor a 1 frente a China, Canad\u00e1 y M\u00e9xico, pa\u00edses objeto de posibles aumentos arancelarios.<\/li>\n<li>En promedio, cada a\u00f1o m\u00e1s de 3.000 empresas exportan productos a Estados Unidos, representando el 35% de las que lo hacen al mundo, seg\u00fan informaci\u00f3n de la DIAN.<\/li>\n<li>Seg\u00fan un estudio realizado por AmCham Colombia, las exportaciones del sector agroindustrial tiene un potencial de crecimiento de hasta 250% a 2027.<\/li>\n<li>Cerca del 70% de las importaciones desde Estados Unidos son bienes que no produce Colombia y que, en su mayor\u00eda, entran a formar parte de las cadenas productivas locales. Este pa\u00eds es el principal proveedor de bienes a la naci\u00f3n.<\/li>\n<li>Estados Unidos se mantiene como el principal inversor hist\u00f3rico de Colombia. La inversi\u00f3n al tercer trimestre de 2024 se registr\u00f3 en US$ 4.163 millones, representando el 42% de los US$ 9.953 millones que recibi\u00f3 el pa\u00eds en ese periodo, de acuerdo con cifras del Banco de la Rep\u00fablica. La inversi\u00f3n total a llega a m\u00e1s de 15 sectores del pa\u00eds, entre ellos comercio, telecomunicaciones, petrolero y minero, financiero, industria manufacturera, electricidad, gas y agua, construcci\u00f3n, y agricultura, entre otros.<\/li>\n<li>Estados Unidos es el principal emisor de remesas para Colombia. Al tercer trimestre se registraron en US$ 4.637 millones, mostrando un crecimiento del 17% frente a los flujos que llegaron en el mismo periodo de 2023, y representando el 53% de los US$ 8.680 millones que recibi\u00f3 el pa\u00eds, seg\u00fan cifras del Banco de la Rep\u00fablica.<\/li>\n<li>Viajeros estadounidenses, principales turistas que visitan Colombia. Entre enero y noviembre de 2024, llegaron 1.072.914 visitantes, consolidando el 26% de los extranjeros no residentes que llegan al pa\u00eds, de acuerdo con cifras del MinCIT.<\/li>\n<li>Colombia ha sido el mayor receptor de asistencia econ\u00f3mica de Estados Unidos\u00a0en el Hemisferio Oeste en los \u00faltimos 50 a\u00f1os. En 2023, se registr\u00f3 una ayuda de US$ 740 millones, presentando un crecimiento de 9% frente a la ayuda de 2022 de US$ 680 millones. Frente a los pa\u00edses de la regi\u00f3n, Ecuador le sigue en recepci\u00f3n de asistencia por valor de US$ 243 millones en 2023, seg\u00fan datos de\u00a0<em>Foreign Assistance.<\/em><\/li>\n<\/ol>\n","protected":false},"excerpt":{"rendered":"<p>NOTI-AMERICA | COLOMBIA Con la presidencia de Donald Trump en Estados Unidos, quien comenzar\u00e1 \u00a0su segundo mandato tras ganar las elecciones de noviembre pasado, estos son los principales indicadores comerciales entre Colombia y Estados&#46;&#46;&#46;<\/p>\n","protected":false},"author":135,"featured_media":17973,"comment_status":"open","ping_status":"open","sticky":false,"template":"","format":"image","meta":{"_acf_changed":false,"om_disable_all_campaigns":false,"rop_custom_images_group":[],"rop_custom_messages_group":[],"rop_publish_now":"initial","rop_publish_now_accounts":{"twitter_242054905_242054905":""},"rop_publish_now_history":[],"rop_publish_now_status":"pending","_uf_show_specific_survey":0,"_uf_disable_surveys":false,"footnotes":""},"categories":[5],"tags":[],"class_list":["post-17972","post","type-post","status-publish","format-image","has-post-thumbnail","hentry","category-economia","post_format-post-format-image"],"acf":[],"aioseo_notices":[],"yoast_head":"<!-- This site is optimized with the Yoast SEO Premium plugin v24.9 (Yoast SEO v27.2) - https:\/\/yoast.com\/product\/yoast-seo-premium-wordpress\/ -->\n<title>Estos son los indicadores comerciales entre Colombia y Estados Unidos con los que comenzar\u00e1 la segunda presidencia de Donald Trump - Colombia | Noti-America.com<\/title>\n<meta name=\"robots\" content=\"index, follow, max-snippet:-1, max-image-preview:large, max-video-preview:-1\" \/>\n<link rel=\"canonical\" href=\"https:\/\/noti-america.com\/site\/colombia\/2025\/01\/21\/estos-son-los-indicadores-comerciales-entre-colombia-y-estados-unidos-con-los-que-comenzara-la-segunda-presidencia-de-donald-trump\/\" \/>\n<meta property=\"og:locale\" content=\"es_ES\" \/>\n<meta property=\"og:type\" content=\"article\" \/>\n<meta property=\"og:title\" content=\"Estos son los indicadores comerciales entre Colombia y Estados Unidos con los que comenzar\u00e1 la segunda presidencia de Donald Trump\" \/>\n<meta property=\"og:description\" content=\"NOTI-AMERICA | COLOMBIA Con la presidencia de Donald Trump en Estados Unidos, quien comenzar\u00e1 \u00a0su segundo mandato tras ganar las elecciones de noviembre pasado, estos son los principales indicadores comerciales entre Colombia y Estados&#046;&#046;&#046;\" \/>\n<meta property=\"og:url\" content=\"https:\/\/noti-america.com\/site\/colombia\/2025\/01\/21\/estos-son-los-indicadores-comerciales-entre-colombia-y-estados-unidos-con-los-que-comenzara-la-segunda-presidencia-de-donald-trump\/\" \/>\n<meta property=\"og:site_name\" content=\"Colombia | Noti-America.com\" \/>\n<meta property=\"article:published_time\" content=\"2025-01-21T22:09:46+00:00\" \/>\n<meta property=\"og:image\" content=\"https:\/\/noti-america.com\/site\/colombia\/wp-content\/uploads\/sites\/20\/2025\/01\/bandera.png\" \/>\n\t<meta property=\"og:image:width\" content=\"608\" \/>\n\t<meta property=\"og:image:height\" content=\"407\" \/>\n\t<meta property=\"og:image:type\" content=\"image\/png\" \/>\n<meta name=\"author\" content=\"mlenis\" \/>\n<meta name=\"twitter:card\" content=\"summary_large_image\" \/>\n<meta name=\"twitter:creator\" content=\"@notiamerica\" \/>\n<meta name=\"twitter:site\" content=\"@notiamerica\" \/>\n<meta name=\"twitter:label1\" content=\"Escrito por\" \/>\n\t<meta name=\"twitter:data1\" content=\"mlenis\" \/>\n\t<meta name=\"twitter:label2\" content=\"Tiempo estimado de lectura\" \/>\n\t<meta name=\"twitter:data2\" content=\"3 minutos\" \/>\n<script type=\"application\/ld+json\" class=\"yoast-schema-graph\">{\"@context\":\"https:\/\/schema.org\",\"@graph\":[{\"@type\":\"Article\",\"@id\":\"https:\/\/noti-america.com\/site\/colombia\/2025\/01\/21\/estos-son-los-indicadores-comerciales-entre-colombia-y-estados-unidos-con-los-que-comenzara-la-segunda-presidencia-de-donald-trump\/#article\",\"isPartOf\":{\"@id\":\"https:\/\/noti-america.com\/site\/colombia\/2025\/01\/21\/estos-son-los-indicadores-comerciales-entre-colombia-y-estados-unidos-con-los-que-comenzara-la-segunda-presidencia-de-donald-trump\/\"},\"author\":{\"name\":\"mlenis\",\"@id\":\"https:\/\/noti-america.com\/site\/colombia\/#\/schema\/person\/4b216aa1c65f5f3ee2a0f0ee69a3f85f\"},\"headline\":\"Estos son los indicadores comerciales entre Colombia y Estados Unidos con los que comenzar\u00e1 la segunda presidencia de Donald Trump\",\"datePublished\":\"2025-01-21T22:09:46+00:00\",\"mainEntityOfPage\":{\"@id\":\"https:\/\/noti-america.com\/site\/colombia\/2025\/01\/21\/estos-son-los-indicadores-comerciales-entre-colombia-y-estados-unidos-con-los-que-comenzara-la-segunda-presidencia-de-donald-trump\/\"},\"wordCount\":535,\"commentCount\":0,\"image\":{\"@id\":\"https:\/\/noti-america.com\/site\/colombia\/2025\/01\/21\/estos-son-los-indicadores-comerciales-entre-colombia-y-estados-unidos-con-los-que-comenzara-la-segunda-presidencia-de-donald-trump\/#primaryimage\"},\"thumbnailUrl\":\"https:\/\/noti-america.com\/site\/colombia\/wp-content\/uploads\/sites\/20\/2025\/01\/bandera.png\",\"articleSection\":[\"Econom\u00eda\"],\"inLanguage\":\"es\",\"potentialAction\":[{\"@type\":\"CommentAction\",\"name\":\"Comment\",\"target\":[\"https:\/\/noti-america.com\/site\/colombia\/2025\/01\/21\/estos-son-los-indicadores-comerciales-entre-colombia-y-estados-unidos-con-los-que-comenzara-la-segunda-presidencia-de-donald-trump\/#respond\"]}]},{\"@type\":\"WebPage\",\"@id\":\"https:\/\/noti-america.com\/site\/colombia\/2025\/01\/21\/estos-son-los-indicadores-comerciales-entre-colombia-y-estados-unidos-con-los-que-comenzara-la-segunda-presidencia-de-donald-trump\/\",\"url\":\"https:\/\/noti-america.com\/site\/colombia\/2025\/01\/21\/estos-son-los-indicadores-comerciales-entre-colombia-y-estados-unidos-con-los-que-comenzara-la-segunda-presidencia-de-donald-trump\/\",\"name\":\"Estos son los indicadores comerciales entre Colombia y Estados Unidos con los que comenzar\u00e1 la segunda presidencia de Donald Trump - Colombia | Noti-America.com\",\"isPartOf\":{\"@id\":\"https:\/\/noti-america.com\/site\/colombia\/#website\"},\"primaryImageOfPage\":{\"@id\":\"https:\/\/noti-america.com\/site\/colombia\/2025\/01\/21\/estos-son-los-indicadores-comerciales-entre-colombia-y-estados-unidos-con-los-que-comenzara-la-segunda-presidencia-de-donald-trump\/#primaryimage\"},\"image\":{\"@id\":\"https:\/\/noti-america.com\/site\/colombia\/2025\/01\/21\/estos-son-los-indicadores-comerciales-entre-colombia-y-estados-unidos-con-los-que-comenzara-la-segunda-presidencia-de-donald-trump\/#primaryimage\"},\"thumbnailUrl\":\"https:\/\/noti-america.com\/site\/colombia\/wp-content\/uploads\/sites\/20\/2025\/01\/bandera.png\",\"datePublished\":\"2025-01-21T22:09:46+00:00\",\"author\":{\"@id\":\"https:\/\/noti-america.com\/site\/colombia\/#\/schema\/person\/4b216aa1c65f5f3ee2a0f0ee69a3f85f\"},\"breadcrumb\":{\"@id\":\"https:\/\/noti-america.com\/site\/colombia\/2025\/01\/21\/estos-son-los-indicadores-comerciales-entre-colombia-y-estados-unidos-con-los-que-comenzara-la-segunda-presidencia-de-donald-trump\/#breadcrumb\"},\"inLanguage\":\"es\",\"potentialAction\":[{\"@type\":\"ReadAction\",\"target\":[\"https:\/\/noti-america.com\/site\/colombia\/2025\/01\/21\/estos-son-los-indicadores-comerciales-entre-colombia-y-estados-unidos-con-los-que-comenzara-la-segunda-presidencia-de-donald-trump\/\"]}]},{\"@type\":\"ImageObject\",\"inLanguage\":\"es\",\"@id\":\"https:\/\/noti-america.com\/site\/colombia\/2025\/01\/21\/estos-son-los-indicadores-comerciales-entre-colombia-y-estados-unidos-con-los-que-comenzara-la-segunda-presidencia-de-donald-trump\/#primaryimage\",\"url\":\"https:\/\/noti-america.com\/site\/colombia\/wp-content\/uploads\/sites\/20\/2025\/01\/bandera.png\",\"contentUrl\":\"https:\/\/noti-america.com\/site\/colombia\/wp-content\/uploads\/sites\/20\/2025\/01\/bandera.png\",\"width\":608,\"height\":407},{\"@type\":\"BreadcrumbList\",\"@id\":\"https:\/\/noti-america.com\/site\/colombia\/2025\/01\/21\/estos-son-los-indicadores-comerciales-entre-colombia-y-estados-unidos-con-los-que-comenzara-la-segunda-presidencia-de-donald-trump\/#breadcrumb\",\"itemListElement\":[{\"@type\":\"ListItem\",\"position\":1,\"name\":\"Portada\",\"item\":\"https:\/\/noti-america.com\/site\/colombia\/\"},{\"@type\":\"ListItem\",\"position\":2,\"name\":\"Estos son los indicadores comerciales entre Colombia y Estados Unidos con los que comenzar\u00e1 la segunda presidencia de Donald Trump\"}]},{\"@type\":\"WebSite\",\"@id\":\"https:\/\/noti-america.com\/site\/colombia\/#website\",\"url\":\"https:\/\/noti-america.com\/site\/colombia\/\",\"name\":\"Colombia | Noti-America.com\",\"description\":\"\",\"potentialAction\":[{\"@type\":\"SearchAction\",\"target\":{\"@type\":\"EntryPoint\",\"urlTemplate\":\"https:\/\/noti-america.com\/site\/colombia\/?s={search_term_string}\"},\"query-input\":{\"@type\":\"PropertyValueSpecification\",\"valueRequired\":true,\"valueName\":\"search_term_string\"}}],\"inLanguage\":\"es\"},{\"@type\":\"Person\",\"@id\":\"https:\/\/noti-america.com\/site\/colombia\/#\/schema\/person\/4b216aa1c65f5f3ee2a0f0ee69a3f85f\",\"name\":\"mlenis\",\"image\":{\"@type\":\"ImageObject\",\"inLanguage\":\"es\",\"@id\":\"https:\/\/secure.gravatar.com\/avatar\/71bbe7129a082888d49bedca63e7a6e75ca485c648bb239a7515a2a55acd510f?s=96&d=mm&r=g\",\"url\":\"https:\/\/secure.gravatar.com\/avatar\/71bbe7129a082888d49bedca63e7a6e75ca485c648bb239a7515a2a55acd510f?s=96&d=mm&r=g\",\"contentUrl\":\"https:\/\/secure.gravatar.com\/avatar\/71bbe7129a082888d49bedca63e7a6e75ca485c648bb239a7515a2a55acd510f?s=96&d=mm&r=g\",\"caption\":\"mlenis\"},\"url\":\"https:\/\/noti-america.com\/site\/colombia\/author\/mlenis\/\"}]}<\/script>\n<!-- \/ Yoast SEO Premium plugin. -->","yoast_head_json":{"title":"Estos son los indicadores comerciales entre Colombia y Estados Unidos con los que comenzar\u00e1 la segunda presidencia de Donald Trump - Colombia | Noti-America.com","robots":{"index":"index","follow":"follow","max-snippet":"max-snippet:-1","max-image-preview":"max-image-preview:large","max-video-preview":"max-video-preview:-1"},"canonical":"https:\/\/noti-america.com\/site\/colombia\/2025\/01\/21\/estos-son-los-indicadores-comerciales-entre-colombia-y-estados-unidos-con-los-que-comenzara-la-segunda-presidencia-de-donald-trump\/","og_locale":"es_ES","og_type":"article","og_title":"Estos son los indicadores comerciales entre Colombia y Estados Unidos con los que comenzar\u00e1 la segunda presidencia de Donald Trump","og_description":"NOTI-AMERICA | COLOMBIA Con la presidencia de Donald Trump en Estados Unidos, quien comenzar\u00e1 \u00a0su segundo mandato tras ganar las elecciones de noviembre pasado, estos son los principales indicadores comerciales entre Colombia y Estados&#46;&#46;&#46;","og_url":"https:\/\/noti-america.com\/site\/colombia\/2025\/01\/21\/estos-son-los-indicadores-comerciales-entre-colombia-y-estados-unidos-con-los-que-comenzara-la-segunda-presidencia-de-donald-trump\/","og_site_name":"Colombia | Noti-America.com","article_published_time":"2025-01-21T22:09:46+00:00","og_image":[{"width":608,"height":407,"url":"https:\/\/noti-america.com\/site\/colombia\/wp-content\/uploads\/sites\/20\/2025\/01\/bandera.png","type":"image\/png"}],"author":"mlenis","twitter_card":"summary_large_image","twitter_creator":"@notiamerica","twitter_site":"@notiamerica","twitter_misc":{"Escrito por":"mlenis","Tiempo estimado de lectura":"3 minutos"},"schema":{"@context":"https:\/\/schema.org","@graph":[{"@type":"Article","@id":"https:\/\/noti-america.com\/site\/colombia\/2025\/01\/21\/estos-son-los-indicadores-comerciales-entre-colombia-y-estados-unidos-con-los-que-comenzara-la-segunda-presidencia-de-donald-trump\/#article","isPartOf":{"@id":"https:\/\/noti-america.com\/site\/colombia\/2025\/01\/21\/estos-son-los-indicadores-comerciales-entre-colombia-y-estados-unidos-con-los-que-comenzara-la-segunda-presidencia-de-donald-trump\/"},"author":{"name":"mlenis","@id":"https:\/\/noti-america.com\/site\/colombia\/#\/schema\/person\/4b216aa1c65f5f3ee2a0f0ee69a3f85f"},"headline":"Estos son los indicadores comerciales entre Colombia y Estados Unidos con los que comenzar\u00e1 la segunda presidencia de Donald Trump","datePublished":"2025-01-21T22:09:46+00:00","mainEntityOfPage":{"@id":"https:\/\/noti-america.com\/site\/colombia\/2025\/01\/21\/estos-son-los-indicadores-comerciales-entre-colombia-y-estados-unidos-con-los-que-comenzara-la-segunda-presidencia-de-donald-trump\/"},"wordCount":535,"commentCount":0,"image":{"@id":"https:\/\/noti-america.com\/site\/colombia\/2025\/01\/21\/estos-son-los-indicadores-comerciales-entre-colombia-y-estados-unidos-con-los-que-comenzara-la-segunda-presidencia-de-donald-trump\/#primaryimage"},"thumbnailUrl":"https:\/\/noti-america.com\/site\/colombia\/wp-content\/uploads\/sites\/20\/2025\/01\/bandera.png","articleSection":["Econom\u00eda"],"inLanguage":"es","potentialAction":[{"@type":"CommentAction","name":"Comment","target":["https:\/\/noti-america.com\/site\/colombia\/2025\/01\/21\/estos-son-los-indicadores-comerciales-entre-colombia-y-estados-unidos-con-los-que-comenzara-la-segunda-presidencia-de-donald-trump\/#respond"]}]},{"@type":"WebPage","@id":"https:\/\/noti-america.com\/site\/colombia\/2025\/01\/21\/estos-son-los-indicadores-comerciales-entre-colombia-y-estados-unidos-con-los-que-comenzara-la-segunda-presidencia-de-donald-trump\/","url":"https:\/\/noti-america.com\/site\/colombia\/2025\/01\/21\/estos-son-los-indicadores-comerciales-entre-colombia-y-estados-unidos-con-los-que-comenzara-la-segunda-presidencia-de-donald-trump\/","name":"Estos son los indicadores comerciales entre Colombia y Estados Unidos con los que comenzar\u00e1 la segunda presidencia de Donald Trump - Colombia | Noti-America.com","isPartOf":{"@id":"https:\/\/noti-america.com\/site\/colombia\/#website"},"primaryImageOfPage":{"@id":"https:\/\/noti-america.com\/site\/colombia\/2025\/01\/21\/estos-son-los-indicadores-comerciales-entre-colombia-y-estados-unidos-con-los-que-comenzara-la-segunda-presidencia-de-donald-trump\/#primaryimage"},"image":{"@id":"https:\/\/noti-america.com\/site\/colombia\/2025\/01\/21\/estos-son-los-indicadores-comerciales-entre-colombia-y-estados-unidos-con-los-que-comenzara-la-segunda-presidencia-de-donald-trump\/#primaryimage"},"thumbnailUrl":"https:\/\/noti-america.com\/site\/colombia\/wp-content\/uploads\/sites\/20\/2025\/01\/bandera.png","datePublished":"2025-01-21T22:09:46+00:00","author":{"@id":"https:\/\/noti-america.com\/site\/colombia\/#\/schema\/person\/4b216aa1c65f5f3ee2a0f0ee69a3f85f"},"breadcrumb":{"@id":"https:\/\/noti-america.com\/site\/colombia\/2025\/01\/21\/estos-son-los-indicadores-comerciales-entre-colombia-y-estados-unidos-con-los-que-comenzara-la-segunda-presidencia-de-donald-trump\/#breadcrumb"},"inLanguage":"es","potentialAction":[{"@type":"ReadAction","target":["https:\/\/noti-america.com\/site\/colombia\/2025\/01\/21\/estos-son-los-indicadores-comerciales-entre-colombia-y-estados-unidos-con-los-que-comenzara-la-segunda-presidencia-de-donald-trump\/"]}]},{"@type":"ImageObject","inLanguage":"es","@id":"https:\/\/noti-america.com\/site\/colombia\/2025\/01\/21\/estos-son-los-indicadores-comerciales-entre-colombia-y-estados-unidos-con-los-que-comenzara-la-segunda-presidencia-de-donald-trump\/#primaryimage","url":"https:\/\/noti-america.com\/site\/colombia\/wp-content\/uploads\/sites\/20\/2025\/01\/bandera.png","contentUrl":"https:\/\/noti-america.com\/site\/colombia\/wp-content\/uploads\/sites\/20\/2025\/01\/bandera.png","width":608,"height":407},{"@type":"BreadcrumbList","@id":"https:\/\/noti-america.com\/site\/colombia\/2025\/01\/21\/estos-son-los-indicadores-comerciales-entre-colombia-y-estados-unidos-con-los-que-comenzara-la-segunda-presidencia-de-donald-trump\/#breadcrumb","itemListElement":[{"@type":"ListItem","position":1,"name":"Portada","item":"https:\/\/noti-america.com\/site\/colombia\/"},{"@type":"ListItem","position":2,"name":"Estos son los indicadores comerciales entre Colombia y Estados Unidos con los que comenzar\u00e1 la segunda presidencia de Donald Trump"}]},{"@type":"WebSite","@id":"https:\/\/noti-america.com\/site\/colombia\/#website","url":"https:\/\/noti-america.com\/site\/colombia\/","name":"Colombia | Noti-America.com","description":"","potentialAction":[{"@type":"SearchAction","target":{"@type":"EntryPoint","urlTemplate":"https:\/\/noti-america.com\/site\/colombia\/?s={search_term_string}"},"query-input":{"@type":"PropertyValueSpecification","valueRequired":true,"valueName":"search_term_string"}}],"inLanguage":"es"},{"@type":"Person","@id":"https:\/\/noti-america.com\/site\/colombia\/#\/schema\/person\/4b216aa1c65f5f3ee2a0f0ee69a3f85f","name":"mlenis","image":{"@type":"ImageObject","inLanguage":"es","@id":"https:\/\/secure.gravatar.com\/avatar\/71bbe7129a082888d49bedca63e7a6e75ca485c648bb239a7515a2a55acd510f?s=96&d=mm&r=g","url":"https:\/\/secure.gravatar.com\/avatar\/71bbe7129a082888d49bedca63e7a6e75ca485c648bb239a7515a2a55acd510f?s=96&d=mm&r=g","contentUrl":"https:\/\/secure.gravatar.com\/avatar\/71bbe7129a082888d49bedca63e7a6e75ca485c648bb239a7515a2a55acd510f?s=96&d=mm&r=g","caption":"mlenis"},"url":"https:\/\/noti-america.com\/site\/colombia\/author\/mlenis\/"}]}},"_links":{"self":[{"href":"https:\/\/noti-america.com\/site\/colombia\/wp-json\/wp\/v2\/posts\/17972","targetHints":{"allow":["GET"]}}],"collection":[{"href":"https:\/\/noti-america.com\/site\/colombia\/wp-json\/wp\/v2\/posts"}],"about":[{"href":"https:\/\/noti-america.com\/site\/colombia\/wp-json\/wp\/v2\/types\/post"}],"author":[{"embeddable":true,"href":"https:\/\/noti-america.com\/site\/colombia\/wp-json\/wp\/v2\/users\/135"}],"replies":[{"embeddable":true,"href":"https:\/\/noti-america.com\/site\/colombia\/wp-json\/wp\/v2\/comments?post=17972"}],"version-history":[{"count":1,"href":"https:\/\/noti-america.com\/site\/colombia\/wp-json\/wp\/v2\/posts\/17972\/revisions"}],"predecessor-version":[{"id":17974,"href":"https:\/\/noti-america.com\/site\/colombia\/wp-json\/wp\/v2\/posts\/17972\/revisions\/17974"}],"wp:featuredmedia":[{"embeddable":true,"href":"https:\/\/noti-america.com\/site\/colombia\/wp-json\/wp\/v2\/media\/17973"}],"wp:attachment":[{"href":"https:\/\/noti-america.com\/site\/colombia\/wp-json\/wp\/v2\/media?parent=17972"}],"wp:term":[{"taxonomy":"category","embeddable":true,"href":"https:\/\/noti-america.com\/site\/colombia\/wp-json\/wp\/v2\/categories?post=17972"},{"taxonomy":"post_tag","embeddable":true,"href":"https:\/\/noti-america.com\/site\/colombia\/wp-json\/wp\/v2\/tags?post=17972"}],"curies":[{"name":"wp","href":"https:\/\/api.w.org\/{rel}","templated":true}]}}