{"id":1785,"date":"2018-10-27T17:04:11","date_gmt":"2018-10-27T17:04:11","guid":{"rendered":"http:\/\/noti-america.com\/site\/colombia\/2018\/10\/27\/atletico-madrid-gano-y-asalto-la-punta-de-la-liga\/"},"modified":"2018-10-27T22:05:36","modified_gmt":"2018-10-27T22:05:36","slug":"atletico-madrid-gano-y-asalto-la-punta-de-la-liga","status":"publish","type":"post","link":"https:\/\/noti-america.com\/site\/colombia\/2018\/10\/27\/atletico-madrid-gano-y-asalto-la-punta-de-la-liga\/","title":{"rendered":"Atl\u00e9tico Madrid gan\u00f3 y asalt\u00f3 la punta de la Liga"},"content":{"rendered":"<p>Lcdo. Andr\u00e9s Salazar | Prensa Noti-Am\u00e9rica |<\/p>\n<p>Tras la humillaci\u00f3n que recibi\u00f3 el Atl\u00e9tico ante por 4-0 ante el Burussia en Champions, los del Cholo Simeone se recuperaron al vencer 2-0 a la Real Sociedad en el partido correspondiente a la fecha 10\u00b0 de la Liga Espa\u00f1ola.<\/p>\n<p><img loading=\"lazy\" decoding=\"async\" class=\"alignnone size-full wp-image-1786\" src=\"http:\/\/noti-america.com\/site\/colombia\/wp-content\/uploads\/sites\/20\/2018\/10\/5bd4d0b254e15.jpeg\" alt=\"\" width=\"620\" height=\"356\" srcset=\"https:\/\/noti-america.com\/site\/colombia\/wp-content\/uploads\/sites\/20\/2018\/10\/5bd4d0b254e15.jpeg 620w, https:\/\/noti-america.com\/site\/colombia\/wp-content\/uploads\/sites\/20\/2018\/10\/5bd4d0b254e15-300x172.jpeg 300w\" sizes=\"auto, (max-width: 620px) 100vw, 620px\" \/><\/p>\n<p>God\u00edn y Filipe Luis fueron los autores de los goles. De momento los colchoneros se ubican l\u00edderes con 19 puntos, el Barcelona marcha segundo con 18 unidades, recordando que ma\u00f1ana los blaugranas recibir\u00e1n al Real Madrid.<\/p>\n","protected":false},"excerpt":{"rendered":"<p>Lcdo. Andr\u00e9s Salazar | Prensa Noti-Am\u00e9rica | Tras la humillaci\u00f3n que recibi\u00f3 el Atl\u00e9tico ante por 4-0 ante el Burussia en Champions, los del Cholo Simeone se recuperaron al vencer 2-0 a la Real&#46;&#46;&#46;<\/p>\n","protected":false},"author":4,"featured_media":1786,"comment_status":"open","ping_status":"open","sticky":false,"template":"","format":"standard","meta":{"_acf_changed":false,"om_disable_all_campaigns":false,"rop_custom_images_group":[],"rop_custom_messages_group":[],"rop_publish_now":"initial","rop_publish_now_accounts":{"twitter_242054905_242054905":""},"rop_publish_now_history":[],"rop_publish_now_status":"pending","_uf_show_specific_survey":0,"_uf_disable_surveys":false,"footnotes":""},"categories":[16],"tags":[],"class_list":["post-1785","post","type-post","status-publish","format-standard","has-post-thumbnail","hentry","category-deportes"],"acf":[],"aioseo_notices":[],"yoast_head":"<!-- This site is optimized with the Yoast SEO Premium plugin v24.9 (Yoast SEO v27.2) - https:\/\/yoast.com\/product\/yoast-seo-premium-wordpress\/ -->\n<title>Atl\u00e9tico Madrid gan\u00f3 y asalt\u00f3 la punta de la Liga - Colombia | Noti-America.com<\/title>\n<meta name=\"robots\" content=\"index, follow, max-snippet:-1, max-image-preview:large, max-video-preview:-1\" \/>\n<link rel=\"canonical\" href=\"https:\/\/noti-america.com\/site\/colombia\/2018\/10\/27\/atletico-madrid-gano-y-asalto-la-punta-de-la-liga\/\" \/>\n<meta property=\"og:locale\" content=\"es_ES\" \/>\n<meta property=\"og:type\" content=\"article\" \/>\n<meta property=\"og:title\" content=\"Atl\u00e9tico Madrid gan\u00f3 y asalt\u00f3 la punta de la Liga\" \/>\n<meta property=\"og:description\" content=\"Lcdo. Andr\u00e9s Salazar | Prensa Noti-Am\u00e9rica | Tras la humillaci\u00f3n que recibi\u00f3 el Atl\u00e9tico ante por 4-0 ante el Burussia en Champions, los del Cholo Simeone se recuperaron al vencer 2-0 a la Real&#046;&#046;&#046;\" \/>\n<meta property=\"og:url\" content=\"https:\/\/noti-america.com\/site\/colombia\/2018\/10\/27\/atletico-madrid-gano-y-asalto-la-punta-de-la-liga\/\" \/>\n<meta property=\"og:site_name\" content=\"Colombia | Noti-America.com\" \/>\n<meta property=\"article:author\" content=\"https:\/\/www.facebook.com\/AndresSalazarTV\/\" \/>\n<meta property=\"article:published_time\" content=\"2018-10-27T17:04:11+00:00\" \/>\n<meta property=\"article:modified_time\" content=\"2018-10-27T22:05:36+00:00\" \/>\n<meta property=\"og:image\" content=\"https:\/\/noti-america.com\/site\/colombia\/wp-content\/uploads\/sites\/20\/2018\/10\/5bd4d0b254e15.jpeg\" \/>\n\t<meta property=\"og:image:width\" content=\"620\" \/>\n\t<meta property=\"og:image:height\" content=\"356\" \/>\n\t<meta property=\"og:image:type\" content=\"image\/jpeg\" \/>\n<meta name=\"author\" content=\"Andr\u00e9s Salazar TV\" \/>\n<meta name=\"twitter:card\" content=\"summary_large_image\" \/>\n<meta name=\"twitter:creator\" content=\"@notiamerica\" \/>\n<meta name=\"twitter:site\" content=\"@notiamerica\" \/>\n<meta name=\"twitter:label1\" content=\"Escrito por\" \/>\n\t<meta name=\"twitter:data1\" content=\"Andr\u00e9s Salazar TV\" \/>\n<script type=\"application\/ld+json\" class=\"yoast-schema-graph\">{\"@context\":\"https:\/\/schema.org\",\"@graph\":[{\"@type\":\"Article\",\"@id\":\"https:\/\/noti-america.com\/site\/colombia\/2018\/10\/27\/atletico-madrid-gano-y-asalto-la-punta-de-la-liga\/#article\",\"isPartOf\":{\"@id\":\"https:\/\/noti-america.com\/site\/colombia\/2018\/10\/27\/atletico-madrid-gano-y-asalto-la-punta-de-la-liga\/\"},\"author\":{\"name\":\"Andr\u00e9s Salazar TV\",\"@id\":\"https:\/\/noti-america.com\/site\/colombia\/#\/schema\/person\/5536bbfd0e2b9220dabb68be6a79e6a2\"},\"headline\":\"Atl\u00e9tico Madrid gan\u00f3 y asalt\u00f3 la punta de la Liga\",\"datePublished\":\"2018-10-27T17:04:11+00:00\",\"dateModified\":\"2018-10-27T22:05:36+00:00\",\"mainEntityOfPage\":{\"@id\":\"https:\/\/noti-america.com\/site\/colombia\/2018\/10\/27\/atletico-madrid-gano-y-asalto-la-punta-de-la-liga\/\"},\"wordCount\":98,\"commentCount\":0,\"image\":{\"@id\":\"https:\/\/noti-america.com\/site\/colombia\/2018\/10\/27\/atletico-madrid-gano-y-asalto-la-punta-de-la-liga\/#primaryimage\"},\"thumbnailUrl\":\"https:\/\/noti-america.com\/site\/colombia\/wp-content\/uploads\/sites\/20\/2018\/10\/5bd4d0b254e15.jpeg\",\"articleSection\":[\"Deportes\"],\"inLanguage\":\"es\",\"potentialAction\":[{\"@type\":\"CommentAction\",\"name\":\"Comment\",\"target\":[\"https:\/\/noti-america.com\/site\/colombia\/2018\/10\/27\/atletico-madrid-gano-y-asalto-la-punta-de-la-liga\/#respond\"]}]},{\"@type\":\"WebPage\",\"@id\":\"https:\/\/noti-america.com\/site\/colombia\/2018\/10\/27\/atletico-madrid-gano-y-asalto-la-punta-de-la-liga\/\",\"url\":\"https:\/\/noti-america.com\/site\/colombia\/2018\/10\/27\/atletico-madrid-gano-y-asalto-la-punta-de-la-liga\/\",\"name\":\"Atl\u00e9tico Madrid gan\u00f3 y asalt\u00f3 la punta de la Liga - Colombia | Noti-America.com\",\"isPartOf\":{\"@id\":\"https:\/\/noti-america.com\/site\/colombia\/#website\"},\"primaryImageOfPage\":{\"@id\":\"https:\/\/noti-america.com\/site\/colombia\/2018\/10\/27\/atletico-madrid-gano-y-asalto-la-punta-de-la-liga\/#primaryimage\"},\"image\":{\"@id\":\"https:\/\/noti-america.com\/site\/colombia\/2018\/10\/27\/atletico-madrid-gano-y-asalto-la-punta-de-la-liga\/#primaryimage\"},\"thumbnailUrl\":\"https:\/\/noti-america.com\/site\/colombia\/wp-content\/uploads\/sites\/20\/2018\/10\/5bd4d0b254e15.jpeg\",\"datePublished\":\"2018-10-27T17:04:11+00:00\",\"dateModified\":\"2018-10-27T22:05:36+00:00\",\"author\":{\"@id\":\"https:\/\/noti-america.com\/site\/colombia\/#\/schema\/person\/5536bbfd0e2b9220dabb68be6a79e6a2\"},\"breadcrumb\":{\"@id\":\"https:\/\/noti-america.com\/site\/colombia\/2018\/10\/27\/atletico-madrid-gano-y-asalto-la-punta-de-la-liga\/#breadcrumb\"},\"inLanguage\":\"es\",\"potentialAction\":[{\"@type\":\"ReadAction\",\"target\":[\"https:\/\/noti-america.com\/site\/colombia\/2018\/10\/27\/atletico-madrid-gano-y-asalto-la-punta-de-la-liga\/\"]}]},{\"@type\":\"ImageObject\",\"inLanguage\":\"es\",\"@id\":\"https:\/\/noti-america.com\/site\/colombia\/2018\/10\/27\/atletico-madrid-gano-y-asalto-la-punta-de-la-liga\/#primaryimage\",\"url\":\"https:\/\/noti-america.com\/site\/colombia\/wp-content\/uploads\/sites\/20\/2018\/10\/5bd4d0b254e15.jpeg\",\"contentUrl\":\"https:\/\/noti-america.com\/site\/colombia\/wp-content\/uploads\/sites\/20\/2018\/10\/5bd4d0b254e15.jpeg\",\"width\":620,\"height\":356},{\"@type\":\"BreadcrumbList\",\"@id\":\"https:\/\/noti-america.com\/site\/colombia\/2018\/10\/27\/atletico-madrid-gano-y-asalto-la-punta-de-la-liga\/#breadcrumb\",\"itemListElement\":[{\"@type\":\"ListItem\",\"position\":1,\"name\":\"Portada\",\"item\":\"https:\/\/noti-america.com\/site\/colombia\/\"},{\"@type\":\"ListItem\",\"position\":2,\"name\":\"Atl\u00e9tico Madrid gan\u00f3 y asalt\u00f3 la punta de la Liga\"}]},{\"@type\":\"WebSite\",\"@id\":\"https:\/\/noti-america.com\/site\/colombia\/#website\",\"url\":\"https:\/\/noti-america.com\/site\/colombia\/\",\"name\":\"Colombia | Noti-America.com\",\"description\":\"\",\"potentialAction\":[{\"@type\":\"SearchAction\",\"target\":{\"@type\":\"EntryPoint\",\"urlTemplate\":\"https:\/\/noti-america.com\/site\/colombia\/?s={search_term_string}\"},\"query-input\":{\"@type\":\"PropertyValueSpecification\",\"valueRequired\":true,\"valueName\":\"search_term_string\"}}],\"inLanguage\":\"es\"},{\"@type\":\"Person\",\"@id\":\"https:\/\/noti-america.com\/site\/colombia\/#\/schema\/person\/5536bbfd0e2b9220dabb68be6a79e6a2\",\"name\":\"Andr\u00e9s Salazar TV\",\"image\":{\"@type\":\"ImageObject\",\"inLanguage\":\"es\",\"@id\":\"https:\/\/secure.gravatar.com\/avatar\/afe6826ba750395b641021d9bf08e5496b9d29671cfabb16346350901fb94310?s=96&d=mm&r=g\",\"url\":\"https:\/\/secure.gravatar.com\/avatar\/afe6826ba750395b641021d9bf08e5496b9d29671cfabb16346350901fb94310?s=96&d=mm&r=g\",\"contentUrl\":\"https:\/\/secure.gravatar.com\/avatar\/afe6826ba750395b641021d9bf08e5496b9d29671cfabb16346350901fb94310?s=96&d=mm&r=g\",\"caption\":\"Andr\u00e9s Salazar TV\"},\"description\":\"Andr\u00e9s Salazar. Corresponsal de Noti-Am\u00e9rica en Venezuela. Periodista con m\u00e1s de 14 a\u00f1os de trayectoria en la cobertura de hechos informativos. Amplia experiencia en la narrativa de eventos deportivos, musicales y sucesos de \u00faltima hora.\",\"sameAs\":[\"https:\/\/www.facebook.com\/AndresSalazarTV\/\",\"https:\/\/youtube.com\/@andressalazartv?si=fYrt2l__ee2OK_Fh\"],\"url\":\"https:\/\/noti-america.com\/site\/colombia\/author\/asalazar\/\"}]}<\/script>\n<!-- \/ Yoast SEO Premium plugin. -->","yoast_head_json":{"title":"Atl\u00e9tico Madrid gan\u00f3 y asalt\u00f3 la punta de la Liga - Colombia | Noti-America.com","robots":{"index":"index","follow":"follow","max-snippet":"max-snippet:-1","max-image-preview":"max-image-preview:large","max-video-preview":"max-video-preview:-1"},"canonical":"https:\/\/noti-america.com\/site\/colombia\/2018\/10\/27\/atletico-madrid-gano-y-asalto-la-punta-de-la-liga\/","og_locale":"es_ES","og_type":"article","og_title":"Atl\u00e9tico Madrid gan\u00f3 y asalt\u00f3 la punta de la Liga","og_description":"Lcdo. Andr\u00e9s Salazar | Prensa Noti-Am\u00e9rica | Tras la humillaci\u00f3n que recibi\u00f3 el Atl\u00e9tico ante por 4-0 ante el Burussia en Champions, los del Cholo Simeone se recuperaron al vencer 2-0 a la Real&#46;&#46;&#46;","og_url":"https:\/\/noti-america.com\/site\/colombia\/2018\/10\/27\/atletico-madrid-gano-y-asalto-la-punta-de-la-liga\/","og_site_name":"Colombia | Noti-America.com","article_author":"https:\/\/www.facebook.com\/AndresSalazarTV\/","article_published_time":"2018-10-27T17:04:11+00:00","article_modified_time":"2018-10-27T22:05:36+00:00","og_image":[{"width":620,"height":356,"url":"https:\/\/noti-america.com\/site\/colombia\/wp-content\/uploads\/sites\/20\/2018\/10\/5bd4d0b254e15.jpeg","type":"image\/jpeg"}],"author":"Andr\u00e9s Salazar TV","twitter_card":"summary_large_image","twitter_creator":"@notiamerica","twitter_site":"@notiamerica","twitter_misc":{"Escrito por":"Andr\u00e9s Salazar TV"},"schema":{"@context":"https:\/\/schema.org","@graph":[{"@type":"Article","@id":"https:\/\/noti-america.com\/site\/colombia\/2018\/10\/27\/atletico-madrid-gano-y-asalto-la-punta-de-la-liga\/#article","isPartOf":{"@id":"https:\/\/noti-america.com\/site\/colombia\/2018\/10\/27\/atletico-madrid-gano-y-asalto-la-punta-de-la-liga\/"},"author":{"name":"Andr\u00e9s Salazar TV","@id":"https:\/\/noti-america.com\/site\/colombia\/#\/schema\/person\/5536bbfd0e2b9220dabb68be6a79e6a2"},"headline":"Atl\u00e9tico Madrid gan\u00f3 y asalt\u00f3 la punta de la Liga","datePublished":"2018-10-27T17:04:11+00:00","dateModified":"2018-10-27T22:05:36+00:00","mainEntityOfPage":{"@id":"https:\/\/noti-america.com\/site\/colombia\/2018\/10\/27\/atletico-madrid-gano-y-asalto-la-punta-de-la-liga\/"},"wordCount":98,"commentCount":0,"image":{"@id":"https:\/\/noti-america.com\/site\/colombia\/2018\/10\/27\/atletico-madrid-gano-y-asalto-la-punta-de-la-liga\/#primaryimage"},"thumbnailUrl":"https:\/\/noti-america.com\/site\/colombia\/wp-content\/uploads\/sites\/20\/2018\/10\/5bd4d0b254e15.jpeg","articleSection":["Deportes"],"inLanguage":"es","potentialAction":[{"@type":"CommentAction","name":"Comment","target":["https:\/\/noti-america.com\/site\/colombia\/2018\/10\/27\/atletico-madrid-gano-y-asalto-la-punta-de-la-liga\/#respond"]}]},{"@type":"WebPage","@id":"https:\/\/noti-america.com\/site\/colombia\/2018\/10\/27\/atletico-madrid-gano-y-asalto-la-punta-de-la-liga\/","url":"https:\/\/noti-america.com\/site\/colombia\/2018\/10\/27\/atletico-madrid-gano-y-asalto-la-punta-de-la-liga\/","name":"Atl\u00e9tico Madrid gan\u00f3 y asalt\u00f3 la punta de la Liga - Colombia | Noti-America.com","isPartOf":{"@id":"https:\/\/noti-america.com\/site\/colombia\/#website"},"primaryImageOfPage":{"@id":"https:\/\/noti-america.com\/site\/colombia\/2018\/10\/27\/atletico-madrid-gano-y-asalto-la-punta-de-la-liga\/#primaryimage"},"image":{"@id":"https:\/\/noti-america.com\/site\/colombia\/2018\/10\/27\/atletico-madrid-gano-y-asalto-la-punta-de-la-liga\/#primaryimage"},"thumbnailUrl":"https:\/\/noti-america.com\/site\/colombia\/wp-content\/uploads\/sites\/20\/2018\/10\/5bd4d0b254e15.jpeg","datePublished":"2018-10-27T17:04:11+00:00","dateModified":"2018-10-27T22:05:36+00:00","author":{"@id":"https:\/\/noti-america.com\/site\/colombia\/#\/schema\/person\/5536bbfd0e2b9220dabb68be6a79e6a2"},"breadcrumb":{"@id":"https:\/\/noti-america.com\/site\/colombia\/2018\/10\/27\/atletico-madrid-gano-y-asalto-la-punta-de-la-liga\/#breadcrumb"},"inLanguage":"es","potentialAction":[{"@type":"ReadAction","target":["https:\/\/noti-america.com\/site\/colombia\/2018\/10\/27\/atletico-madrid-gano-y-asalto-la-punta-de-la-liga\/"]}]},{"@type":"ImageObject","inLanguage":"es","@id":"https:\/\/noti-america.com\/site\/colombia\/2018\/10\/27\/atletico-madrid-gano-y-asalto-la-punta-de-la-liga\/#primaryimage","url":"https:\/\/noti-america.com\/site\/colombia\/wp-content\/uploads\/sites\/20\/2018\/10\/5bd4d0b254e15.jpeg","contentUrl":"https:\/\/noti-america.com\/site\/colombia\/wp-content\/uploads\/sites\/20\/2018\/10\/5bd4d0b254e15.jpeg","width":620,"height":356},{"@type":"BreadcrumbList","@id":"https:\/\/noti-america.com\/site\/colombia\/2018\/10\/27\/atletico-madrid-gano-y-asalto-la-punta-de-la-liga\/#breadcrumb","itemListElement":[{"@type":"ListItem","position":1,"name":"Portada","item":"https:\/\/noti-america.com\/site\/colombia\/"},{"@type":"ListItem","position":2,"name":"Atl\u00e9tico Madrid gan\u00f3 y asalt\u00f3 la punta de la Liga"}]},{"@type":"WebSite","@id":"https:\/\/noti-america.com\/site\/colombia\/#website","url":"https:\/\/noti-america.com\/site\/colombia\/","name":"Colombia | Noti-America.com","description":"","potentialAction":[{"@type":"SearchAction","target":{"@type":"EntryPoint","urlTemplate":"https:\/\/noti-america.com\/site\/colombia\/?s={search_term_string}"},"query-input":{"@type":"PropertyValueSpecification","valueRequired":true,"valueName":"search_term_string"}}],"inLanguage":"es"},{"@type":"Person","@id":"https:\/\/noti-america.com\/site\/colombia\/#\/schema\/person\/5536bbfd0e2b9220dabb68be6a79e6a2","name":"Andr\u00e9s Salazar TV","image":{"@type":"ImageObject","inLanguage":"es","@id":"https:\/\/secure.gravatar.com\/avatar\/afe6826ba750395b641021d9bf08e5496b9d29671cfabb16346350901fb94310?s=96&d=mm&r=g","url":"https:\/\/secure.gravatar.com\/avatar\/afe6826ba750395b641021d9bf08e5496b9d29671cfabb16346350901fb94310?s=96&d=mm&r=g","contentUrl":"https:\/\/secure.gravatar.com\/avatar\/afe6826ba750395b641021d9bf08e5496b9d29671cfabb16346350901fb94310?s=96&d=mm&r=g","caption":"Andr\u00e9s Salazar TV"},"description":"Andr\u00e9s Salazar. Corresponsal de Noti-Am\u00e9rica en Venezuela. Periodista con m\u00e1s de 14 a\u00f1os de trayectoria en la cobertura de hechos informativos. Amplia experiencia en la narrativa de eventos deportivos, musicales y sucesos de \u00faltima hora.","sameAs":["https:\/\/www.facebook.com\/AndresSalazarTV\/","https:\/\/youtube.com\/@andressalazartv?si=fYrt2l__ee2OK_Fh"],"url":"https:\/\/noti-america.com\/site\/colombia\/author\/asalazar\/"}]}},"_links":{"self":[{"href":"https:\/\/noti-america.com\/site\/colombia\/wp-json\/wp\/v2\/posts\/1785","targetHints":{"allow":["GET"]}}],"collection":[{"href":"https:\/\/noti-america.com\/site\/colombia\/wp-json\/wp\/v2\/posts"}],"about":[{"href":"https:\/\/noti-america.com\/site\/colombia\/wp-json\/wp\/v2\/types\/post"}],"author":[{"embeddable":true,"href":"https:\/\/noti-america.com\/site\/colombia\/wp-json\/wp\/v2\/users\/4"}],"replies":[{"embeddable":true,"href":"https:\/\/noti-america.com\/site\/colombia\/wp-json\/wp\/v2\/comments?post=1785"}],"version-history":[{"count":1,"href":"https:\/\/noti-america.com\/site\/colombia\/wp-json\/wp\/v2\/posts\/1785\/revisions"}],"predecessor-version":[{"id":1787,"href":"https:\/\/noti-america.com\/site\/colombia\/wp-json\/wp\/v2\/posts\/1785\/revisions\/1787"}],"wp:featuredmedia":[{"embeddable":true,"href":"https:\/\/noti-america.com\/site\/colombia\/wp-json\/wp\/v2\/media\/1786"}],"wp:attachment":[{"href":"https:\/\/noti-america.com\/site\/colombia\/wp-json\/wp\/v2\/media?parent=1785"}],"wp:term":[{"taxonomy":"category","embeddable":true,"href":"https:\/\/noti-america.com\/site\/colombia\/wp-json\/wp\/v2\/categories?post=1785"},{"taxonomy":"post_tag","embeddable":true,"href":"https:\/\/noti-america.com\/site\/colombia\/wp-json\/wp\/v2\/tags?post=1785"}],"curies":[{"name":"wp","href":"https:\/\/api.w.org\/{rel}","templated":true}]}}