{"id":16691,"date":"2024-08-12T02:14:44","date_gmt":"2024-08-12T02:14:44","guid":{"rendered":"https:\/\/noti-america.com\/site\/colombia\/?p=16691"},"modified":"2024-08-12T02:14:44","modified_gmt":"2024-08-12T02:14:44","slug":"el-nomadismo-digital-cobra-fuerza-entre-los-latinoamericanos-como-iniciarse-en-este-modo-de-vida","status":"publish","type":"post","link":"https:\/\/noti-america.com\/site\/colombia\/2024\/08\/12\/el-nomadismo-digital-cobra-fuerza-entre-los-latinoamericanos-como-iniciarse-en-este-modo-de-vida\/","title":{"rendered":"El nomadismo digital cobra fuerza entre los latinoamericanos: \u00bfc\u00f3mo iniciarse en este modo de vida?"},"content":{"rendered":"<p>NOTI-AMERICA | COLOMBIA<\/p>\n<p>Ser n\u00f3mada digital es una tendencia que se viraliz\u00f3 junto al trabajo remoto durante y despu\u00e9s de la pandemia. Sin embargo, m\u00e1s que una tendencia, <strong>el nomadismo digital es actualmente considerado un movimiento cultural, <\/strong>que mueve la econom\u00eda desde el turismo y conlleva como filosof\u00eda generar conexiones interpersonales significativas alrededor del mundo, y como lograr el disfrute de la juventud. As\u00ed lo explica, <strong>Alex Specchio,<\/strong> un profesional italiano que comenz\u00f3 su vida n\u00f3mada, mientras trabajaba a distancia en su profesi\u00f3n de marketing, desde el 2010.<\/p>\n<p>Unido a la tendencia del S<em>low travel y el Workation<\/em>, el nomadismo se configura como una opci\u00f3n para trabajar y viajar al mismo tiempo, disfrutando los d\u00edas, creando conexiones humanas fuertes y duraderas. En ese sentido, la colaboraci\u00f3n y las redes de apoyo entre viajeros son enormes, facilitadas por las plataformas y redes sociales, all\u00ed se recomiendan lugares, planes y hoteles entre ellos. <strong>Esto se materializa en la despedida<em>: \u201cSee you, till I see you\u201d<\/em><\/strong><em>, nos veremos cuando nos volvamos a encontrar, que hace referencia a que no hay despedida definitiva pues el n\u00f3mada tienes planes flexibles y similares que pueden hacerlo reencontrar con amigos en cualquier otro lugar del mundo.<\/em><\/p>\n<p><strong>Entre los destinos mundiales favoritos de los millennials y centennials <\/strong>que experimentan este modo de vida est\u00e1n pa\u00edses como Espa\u00f1a, Colombia, M\u00e9xico, Jap\u00f3n, Italia, Hungr\u00eda o Bulgaria. De acuerdo con datos del portal Nomad List, <strong>las ciudades preferidas de Latinoam\u00e9rica y Colombia para estos viajeros son <\/strong>Buenos Aires en Argentina, Ciudad de M\u00e9xico, <strong>Medell\u00edn, Bogot\u00e1 y Cartagena en Colombia<\/strong>, Lima, Per\u00fa, S\u00e3o Paulo en Brasil y San Jos\u00e9 de Costa Rica. Aunque no siempre los n\u00f3madas son los latinoamericanos.<\/p>\n<p><em>\u201cLa cantidad de personas de Latinoam\u00e9rica interesadas en los r<strong>etiros para n\u00f3madas digitales <\/strong>han venido aumentando significativamente. Cuando iniciamos con las actividades de hace 5 a\u00f1os era frecuente encontrarnos con un 60 o 70% de inscritos en los retiros de nacionalidad estadounidense o europea, ahora tenemos retiros donde hemos logrado un 50% latinos y 50% extranjeros del todo el mundo. De estos, las nacionalidades m\u00e1s frecuentes de los n\u00f3madas latinos son colombianos, brasileros, argentinos y ecuatorianos\u201d<\/em> afirma <strong>Alex Specchio, actual Director Global del programa CoLive de Hoteles Selina, cadena especializada en n\u00f3madas digitales y viajeros modernos.<\/strong><\/p>\n<p>Seg\u00fan Hoteles Selina, en su trabajo de identificar a dichos n\u00f3madas digitales, estos se<em> CoLive<\/em> hallan entre los 23 o 24 y 42 a\u00f1os. A su vez, las profesiones que m\u00e1s practican este estilo de vida retiros son los abogados, ingenieros, los desarrolladores y profesionales de carreras como publicidad y marketing.<\/p>\n<p><strong>\u00bfC\u00f3mo comenzar en el nomadismo digital? <\/strong><\/p>\n<p><strong>\u00a0<\/strong>El director del programa CoLive de Selina afirma que \u201c<em>No necesariamente este es un estilo de vida para todo el mundo, <strong>pero s\u00ed alguien tiene la inquietud de hacerlo, deber\u00eda darse la oportunidad de probarlo.<\/strong> Sobre todo, gracias a la facilidad para viajar y a la interconectividad mundial actual, inexistentes anteriormente o 30 a\u00f1os atr\u00e1s donde ni siquiera exist\u00eda la Uni\u00f3n Europea\u201d. <\/em><\/p>\n<p><em>\u00a0<\/em><em>Para ello Specchio, da cinco recomendaciones para lanzarse al universo del n\u00f3mada digital:<\/em><em>\u00a0<\/em><\/p>\n<ol>\n<li><strong><em>Comienza con un viaje por periodos cortos <\/em><\/strong><em>de 1 mes hasta 6 meses, o date la oportunidad de hacer un primer viaje largo, mediante un retiro para n\u00f3madas digitales que duran usualmente entre dos a tres semanas.<\/em><\/li>\n<li><strong><em>Toma riesgos:<\/em><\/strong><em> si este es un estilo de vida que te llama la atenci\u00f3n, arri\u00e9sgate a probarlo. <\/em><\/li>\n<li><strong><em>Cultiva la disciplina y habla ingl\u00e9s b\u00e1sico:<\/em><\/strong><em> se necesita es mucha disciplina para compatibilizar trabajo y viaje, y en paralelo es clave conocer algo de ingl\u00e9s, ya que es el idioma principal para poder moverte en el mundo entero.<\/em><\/li>\n<li><strong><em>Rompe tus miedos y ten una mentalidad abierta:<\/em><\/strong><em> Por otra, es importante tener un mindset o modo de pensar abierto y flexible como es la vida n\u00f3mada misma, porque puedes llegar a un destino que te enamora y querer cambiar los planes y quedarte m\u00e1s tiempo, cuenta Specchio. O si piensas que el dinero es un problema, ser\u00e1 un problema, por eso lo primero es abrir tu mente y visualizar eso que quieres. Trabaja en dejar de lado el miedo viajar solo, o a hacer cosas por primera vez. <\/em><\/li>\n<li><strong><em>Organiza un presupuesto base:<\/em><\/strong><em> ten claro cu\u00e1l ser\u00e1 tu dinero base para ello, o los ingresos de tu trabajo fijo al comenzar con tu primera temporada de n\u00f3mada digital.<\/em><\/li>\n<\/ol>\n<p><em>\u00a0<\/em>Finalmente, Specchio considera que es fundamental <strong>querer inmiscuirse en la cultura local como viajero, <\/strong>aprender el idioma o la cultura del destino, los problemas y desaf\u00edos de ese pa\u00eds.<\/p>\n<p><a href=\"https:\/\/colive.selina.com\/\"><strong>Selina CoLive<\/strong><\/a><strong> lanza sus primeros retiros para n\u00f3madas en Colombia<\/strong><br \/>\nEl programa CoLive de Selina vende paquetes de alojamiento para largas estad\u00edas, dentro de este, la otra modalidad que se ofrece son los retiros para n\u00f3madas digitales, que se lanzan por primera vez en Colombia y tendr\u00e1n lugar del 25 de agosto al 15 de septiembre, y pasar\u00e1 por Bogot\u00e1, Villa de Leyva y Medell\u00edn, as\u00ed como el Surf Retreat para el mes de septiembre, ambos con <a href=\"https:\/\/docs.google.com\/forms\/d\/e\/1FAIpQLSeE_lp3OCXp2rUtfDb8Jv2OkrQnZapO7qlZ9an7Ux308dnQuQ\/viewform\"><strong>inscripciones abiertas<\/strong>.<\/a><\/p>\n<p><strong>El <em>classic retreat<\/em> de Selina,<\/strong> busca ser un viaje en grupo para generar comunidad y dar una peque\u00f1a muestra de lo que es la vida n\u00f3mada. Tambi\u00e9n existen retiros tem\u00e1ticos como son los enfocados en <strong>bienestar, Yoga o para iniciarse en el Surf<\/strong>. Recientemente, el programa CoLive realiz\u00f3 tambi\u00e9n en Centroam\u00e9rica <strong>retiros de impacto,<\/strong> en donde la misi\u00f3n y el sentido del viaje es poder realizar acciones donde los profesionales dejen un legado o ense\u00f1anzas a las comunidades.<\/p>\n<p><strong>Hoteles Selina organiza mundialmente en promedio uno o dos retiros al mes, en los que participan grupos de entre 5 y 15 personas y cuesta entre 700 y 1,000 USD (en Colombia) o hasta 2,200 USD en otros destinos internacionales, dependiendo de acomodaci\u00f3n y gastos variables como tours y alimentaci\u00f3n del viajero.<\/strong><\/p>\n<p>Cada retiro incluye el paso por dos o m\u00e1s destinos por un tiempo de 10 d\u00edas en cada lugar. En este se les brinda a los viajeros la acomodaci\u00f3n, as\u00ed como acceso a toda la programaci\u00f3n de bienestar y entretenimiento de cada hotel tales como: clases de yoga, clases de cocina, cocteler\u00eda, c\u00edrculos para compartir conocimientos para hombres, mujeres, karaoke o cineclubs.<\/p>\n<p>Durante el retiro se crea con los viajeros un grupo de WhatsApp donde se comparten las actividades diarias planeadas, que se realizan antes de las 8 am o despu\u00e9s de las 6 pm para respetar los horarios de trabajo individuales. Los cambios de locaci\u00f3n se programan para el domingo usualmente. Estas actividades est\u00e1n dirigidas a personas adultas, por lo que siempre se es flexible con las condiciones y particularidades de cada viajero.<\/p>\n<p>El Pilar del Cowork en Selina, o espacios de trabajo, son fundamentales por lo que la capacidad de rapidez y alcance del Wifi se cuida en todas las locaciones. Adem\u00e1s, el programa promueve intercambios con aerol\u00edneas u otros incentivos para los viajeros mediante el programa de fidelizaci\u00f3n y tokens de Selina. Si quieres conocer la programaci\u00f3n de todos los retiros a nivel mundial ingresa aqu\u00ed: <a href=\"https:\/\/colive.selina.com\/\">https:\/\/colive.selina.com\/<\/a><\/p>\n<p><strong>\u00a0<\/strong><\/p>\n","protected":false},"excerpt":{"rendered":"<p>NOTI-AMERICA | COLOMBIA Ser n\u00f3mada digital es una tendencia que se viraliz\u00f3 junto al trabajo remoto durante y despu\u00e9s de la pandemia. Sin embargo, m\u00e1s que una tendencia, el nomadismo digital es actualmente considerado&#46;&#46;&#46;<\/p>\n","protected":false},"author":135,"featured_media":16692,"comment_status":"open","ping_status":"open","sticky":false,"template":"","format":"image","meta":{"_acf_changed":false,"om_disable_all_campaigns":false,"rop_custom_images_group":[],"rop_custom_messages_group":[],"rop_publish_now":"initial","rop_publish_now_accounts":{"twitter_242054905_242054905":""},"rop_publish_now_history":[],"rop_publish_now_status":"pending","_uf_show_specific_survey":0,"_uf_disable_surveys":false,"footnotes":""},"categories":[9],"tags":[],"class_list":["post-16691","post","type-post","status-publish","format-image","has-post-thumbnail","hentry","category-tecnologia","post_format-post-format-image"],"acf":[],"aioseo_notices":[],"yoast_head":"<!-- This site is optimized with the Yoast SEO Premium plugin v24.9 (Yoast SEO v27.2) - https:\/\/yoast.com\/product\/yoast-seo-premium-wordpress\/ -->\n<title>El nomadismo digital cobra fuerza entre los latinoamericanos: \u00bfc\u00f3mo iniciarse en este modo de vida? - Colombia | Noti-America.com<\/title>\n<meta name=\"robots\" content=\"index, follow, max-snippet:-1, max-image-preview:large, max-video-preview:-1\" \/>\n<link rel=\"canonical\" href=\"https:\/\/noti-america.com\/site\/colombia\/2024\/08\/12\/el-nomadismo-digital-cobra-fuerza-entre-los-latinoamericanos-como-iniciarse-en-este-modo-de-vida\/\" \/>\n<meta property=\"og:locale\" content=\"es_ES\" \/>\n<meta property=\"og:type\" content=\"article\" \/>\n<meta property=\"og:title\" content=\"El nomadismo digital cobra fuerza entre los latinoamericanos: \u00bfc\u00f3mo iniciarse en este modo de vida?\" \/>\n<meta property=\"og:description\" content=\"NOTI-AMERICA | COLOMBIA Ser n\u00f3mada digital es una tendencia que se viraliz\u00f3 junto al trabajo remoto durante y despu\u00e9s de la pandemia. Sin embargo, m\u00e1s que una tendencia, el nomadismo digital es actualmente considerado&#046;&#046;&#046;\" \/>\n<meta property=\"og:url\" content=\"https:\/\/noti-america.com\/site\/colombia\/2024\/08\/12\/el-nomadismo-digital-cobra-fuerza-entre-los-latinoamericanos-como-iniciarse-en-este-modo-de-vida\/\" \/>\n<meta property=\"og:site_name\" content=\"Colombia | Noti-America.com\" \/>\n<meta property=\"article:published_time\" content=\"2024-08-12T02:14:44+00:00\" \/>\n<meta property=\"og:image\" content=\"https:\/\/noti-america.com\/site\/colombia\/wp-content\/uploads\/sites\/20\/2024\/08\/SELINAAG.png\" \/>\n\t<meta property=\"og:image:width\" content=\"730\" \/>\n\t<meta property=\"og:image:height\" content=\"440\" \/>\n\t<meta property=\"og:image:type\" content=\"image\/png\" \/>\n<meta name=\"author\" content=\"mlenis\" \/>\n<meta name=\"twitter:card\" content=\"summary_large_image\" \/>\n<meta name=\"twitter:creator\" content=\"@notiamerica\" \/>\n<meta name=\"twitter:site\" content=\"@notiamerica\" \/>\n<meta name=\"twitter:label1\" content=\"Escrito por\" \/>\n\t<meta name=\"twitter:data1\" content=\"mlenis\" \/>\n\t<meta name=\"twitter:label2\" content=\"Tiempo estimado de lectura\" \/>\n\t<meta name=\"twitter:data2\" content=\"6 minutos\" \/>\n<script type=\"application\/ld+json\" class=\"yoast-schema-graph\">{\"@context\":\"https:\/\/schema.org\",\"@graph\":[{\"@type\":\"Article\",\"@id\":\"https:\/\/noti-america.com\/site\/colombia\/2024\/08\/12\/el-nomadismo-digital-cobra-fuerza-entre-los-latinoamericanos-como-iniciarse-en-este-modo-de-vida\/#article\",\"isPartOf\":{\"@id\":\"https:\/\/noti-america.com\/site\/colombia\/2024\/08\/12\/el-nomadismo-digital-cobra-fuerza-entre-los-latinoamericanos-como-iniciarse-en-este-modo-de-vida\/\"},\"author\":{\"name\":\"mlenis\",\"@id\":\"https:\/\/noti-america.com\/site\/colombia\/#\/schema\/person\/4b216aa1c65f5f3ee2a0f0ee69a3f85f\"},\"headline\":\"El nomadismo digital cobra fuerza entre los latinoamericanos: \u00bfc\u00f3mo iniciarse en este modo de vida?\",\"datePublished\":\"2024-08-12T02:14:44+00:00\",\"mainEntityOfPage\":{\"@id\":\"https:\/\/noti-america.com\/site\/colombia\/2024\/08\/12\/el-nomadismo-digital-cobra-fuerza-entre-los-latinoamericanos-como-iniciarse-en-este-modo-de-vida\/\"},\"wordCount\":1230,\"commentCount\":0,\"image\":{\"@id\":\"https:\/\/noti-america.com\/site\/colombia\/2024\/08\/12\/el-nomadismo-digital-cobra-fuerza-entre-los-latinoamericanos-como-iniciarse-en-este-modo-de-vida\/#primaryimage\"},\"thumbnailUrl\":\"https:\/\/noti-america.com\/site\/colombia\/wp-content\/uploads\/sites\/20\/2024\/08\/SELINAAG.png\",\"articleSection\":[\"Tecnolog\u00eda\"],\"inLanguage\":\"es\",\"potentialAction\":[{\"@type\":\"CommentAction\",\"name\":\"Comment\",\"target\":[\"https:\/\/noti-america.com\/site\/colombia\/2024\/08\/12\/el-nomadismo-digital-cobra-fuerza-entre-los-latinoamericanos-como-iniciarse-en-este-modo-de-vida\/#respond\"]}]},{\"@type\":\"WebPage\",\"@id\":\"https:\/\/noti-america.com\/site\/colombia\/2024\/08\/12\/el-nomadismo-digital-cobra-fuerza-entre-los-latinoamericanos-como-iniciarse-en-este-modo-de-vida\/\",\"url\":\"https:\/\/noti-america.com\/site\/colombia\/2024\/08\/12\/el-nomadismo-digital-cobra-fuerza-entre-los-latinoamericanos-como-iniciarse-en-este-modo-de-vida\/\",\"name\":\"El nomadismo digital cobra fuerza entre los latinoamericanos: \u00bfc\u00f3mo iniciarse en este modo de vida? - Colombia | Noti-America.com\",\"isPartOf\":{\"@id\":\"https:\/\/noti-america.com\/site\/colombia\/#website\"},\"primaryImageOfPage\":{\"@id\":\"https:\/\/noti-america.com\/site\/colombia\/2024\/08\/12\/el-nomadismo-digital-cobra-fuerza-entre-los-latinoamericanos-como-iniciarse-en-este-modo-de-vida\/#primaryimage\"},\"image\":{\"@id\":\"https:\/\/noti-america.com\/site\/colombia\/2024\/08\/12\/el-nomadismo-digital-cobra-fuerza-entre-los-latinoamericanos-como-iniciarse-en-este-modo-de-vida\/#primaryimage\"},\"thumbnailUrl\":\"https:\/\/noti-america.com\/site\/colombia\/wp-content\/uploads\/sites\/20\/2024\/08\/SELINAAG.png\",\"datePublished\":\"2024-08-12T02:14:44+00:00\",\"author\":{\"@id\":\"https:\/\/noti-america.com\/site\/colombia\/#\/schema\/person\/4b216aa1c65f5f3ee2a0f0ee69a3f85f\"},\"breadcrumb\":{\"@id\":\"https:\/\/noti-america.com\/site\/colombia\/2024\/08\/12\/el-nomadismo-digital-cobra-fuerza-entre-los-latinoamericanos-como-iniciarse-en-este-modo-de-vida\/#breadcrumb\"},\"inLanguage\":\"es\",\"potentialAction\":[{\"@type\":\"ReadAction\",\"target\":[\"https:\/\/noti-america.com\/site\/colombia\/2024\/08\/12\/el-nomadismo-digital-cobra-fuerza-entre-los-latinoamericanos-como-iniciarse-en-este-modo-de-vida\/\"]}]},{\"@type\":\"ImageObject\",\"inLanguage\":\"es\",\"@id\":\"https:\/\/noti-america.com\/site\/colombia\/2024\/08\/12\/el-nomadismo-digital-cobra-fuerza-entre-los-latinoamericanos-como-iniciarse-en-este-modo-de-vida\/#primaryimage\",\"url\":\"https:\/\/noti-america.com\/site\/colombia\/wp-content\/uploads\/sites\/20\/2024\/08\/SELINAAG.png\",\"contentUrl\":\"https:\/\/noti-america.com\/site\/colombia\/wp-content\/uploads\/sites\/20\/2024\/08\/SELINAAG.png\",\"width\":730,\"height\":440},{\"@type\":\"BreadcrumbList\",\"@id\":\"https:\/\/noti-america.com\/site\/colombia\/2024\/08\/12\/el-nomadismo-digital-cobra-fuerza-entre-los-latinoamericanos-como-iniciarse-en-este-modo-de-vida\/#breadcrumb\",\"itemListElement\":[{\"@type\":\"ListItem\",\"position\":1,\"name\":\"Portada\",\"item\":\"https:\/\/noti-america.com\/site\/colombia\/\"},{\"@type\":\"ListItem\",\"position\":2,\"name\":\"El nomadismo digital cobra fuerza entre los latinoamericanos: \u00bfc\u00f3mo iniciarse en este modo de vida?\"}]},{\"@type\":\"WebSite\",\"@id\":\"https:\/\/noti-america.com\/site\/colombia\/#website\",\"url\":\"https:\/\/noti-america.com\/site\/colombia\/\",\"name\":\"Colombia | Noti-America.com\",\"description\":\"\",\"potentialAction\":[{\"@type\":\"SearchAction\",\"target\":{\"@type\":\"EntryPoint\",\"urlTemplate\":\"https:\/\/noti-america.com\/site\/colombia\/?s={search_term_string}\"},\"query-input\":{\"@type\":\"PropertyValueSpecification\",\"valueRequired\":true,\"valueName\":\"search_term_string\"}}],\"inLanguage\":\"es\"},{\"@type\":\"Person\",\"@id\":\"https:\/\/noti-america.com\/site\/colombia\/#\/schema\/person\/4b216aa1c65f5f3ee2a0f0ee69a3f85f\",\"name\":\"mlenis\",\"image\":{\"@type\":\"ImageObject\",\"inLanguage\":\"es\",\"@id\":\"https:\/\/secure.gravatar.com\/avatar\/71bbe7129a082888d49bedca63e7a6e75ca485c648bb239a7515a2a55acd510f?s=96&d=mm&r=g\",\"url\":\"https:\/\/secure.gravatar.com\/avatar\/71bbe7129a082888d49bedca63e7a6e75ca485c648bb239a7515a2a55acd510f?s=96&d=mm&r=g\",\"contentUrl\":\"https:\/\/secure.gravatar.com\/avatar\/71bbe7129a082888d49bedca63e7a6e75ca485c648bb239a7515a2a55acd510f?s=96&d=mm&r=g\",\"caption\":\"mlenis\"},\"url\":\"https:\/\/noti-america.com\/site\/colombia\/author\/mlenis\/\"}]}<\/script>\n<!-- \/ Yoast SEO Premium plugin. -->","yoast_head_json":{"title":"El nomadismo digital cobra fuerza entre los latinoamericanos: \u00bfc\u00f3mo iniciarse en este modo de vida? - Colombia | Noti-America.com","robots":{"index":"index","follow":"follow","max-snippet":"max-snippet:-1","max-image-preview":"max-image-preview:large","max-video-preview":"max-video-preview:-1"},"canonical":"https:\/\/noti-america.com\/site\/colombia\/2024\/08\/12\/el-nomadismo-digital-cobra-fuerza-entre-los-latinoamericanos-como-iniciarse-en-este-modo-de-vida\/","og_locale":"es_ES","og_type":"article","og_title":"El nomadismo digital cobra fuerza entre los latinoamericanos: \u00bfc\u00f3mo iniciarse en este modo de vida?","og_description":"NOTI-AMERICA | COLOMBIA Ser n\u00f3mada digital es una tendencia que se viraliz\u00f3 junto al trabajo remoto durante y despu\u00e9s de la pandemia. Sin embargo, m\u00e1s que una tendencia, el nomadismo digital es actualmente considerado&#46;&#46;&#46;","og_url":"https:\/\/noti-america.com\/site\/colombia\/2024\/08\/12\/el-nomadismo-digital-cobra-fuerza-entre-los-latinoamericanos-como-iniciarse-en-este-modo-de-vida\/","og_site_name":"Colombia | Noti-America.com","article_published_time":"2024-08-12T02:14:44+00:00","og_image":[{"width":730,"height":440,"url":"https:\/\/noti-america.com\/site\/colombia\/wp-content\/uploads\/sites\/20\/2024\/08\/SELINAAG.png","type":"image\/png"}],"author":"mlenis","twitter_card":"summary_large_image","twitter_creator":"@notiamerica","twitter_site":"@notiamerica","twitter_misc":{"Escrito por":"mlenis","Tiempo estimado de lectura":"6 minutos"},"schema":{"@context":"https:\/\/schema.org","@graph":[{"@type":"Article","@id":"https:\/\/noti-america.com\/site\/colombia\/2024\/08\/12\/el-nomadismo-digital-cobra-fuerza-entre-los-latinoamericanos-como-iniciarse-en-este-modo-de-vida\/#article","isPartOf":{"@id":"https:\/\/noti-america.com\/site\/colombia\/2024\/08\/12\/el-nomadismo-digital-cobra-fuerza-entre-los-latinoamericanos-como-iniciarse-en-este-modo-de-vida\/"},"author":{"name":"mlenis","@id":"https:\/\/noti-america.com\/site\/colombia\/#\/schema\/person\/4b216aa1c65f5f3ee2a0f0ee69a3f85f"},"headline":"El nomadismo digital cobra fuerza entre los latinoamericanos: \u00bfc\u00f3mo iniciarse en este modo de vida?","datePublished":"2024-08-12T02:14:44+00:00","mainEntityOfPage":{"@id":"https:\/\/noti-america.com\/site\/colombia\/2024\/08\/12\/el-nomadismo-digital-cobra-fuerza-entre-los-latinoamericanos-como-iniciarse-en-este-modo-de-vida\/"},"wordCount":1230,"commentCount":0,"image":{"@id":"https:\/\/noti-america.com\/site\/colombia\/2024\/08\/12\/el-nomadismo-digital-cobra-fuerza-entre-los-latinoamericanos-como-iniciarse-en-este-modo-de-vida\/#primaryimage"},"thumbnailUrl":"https:\/\/noti-america.com\/site\/colombia\/wp-content\/uploads\/sites\/20\/2024\/08\/SELINAAG.png","articleSection":["Tecnolog\u00eda"],"inLanguage":"es","potentialAction":[{"@type":"CommentAction","name":"Comment","target":["https:\/\/noti-america.com\/site\/colombia\/2024\/08\/12\/el-nomadismo-digital-cobra-fuerza-entre-los-latinoamericanos-como-iniciarse-en-este-modo-de-vida\/#respond"]}]},{"@type":"WebPage","@id":"https:\/\/noti-america.com\/site\/colombia\/2024\/08\/12\/el-nomadismo-digital-cobra-fuerza-entre-los-latinoamericanos-como-iniciarse-en-este-modo-de-vida\/","url":"https:\/\/noti-america.com\/site\/colombia\/2024\/08\/12\/el-nomadismo-digital-cobra-fuerza-entre-los-latinoamericanos-como-iniciarse-en-este-modo-de-vida\/","name":"El nomadismo digital cobra fuerza entre los latinoamericanos: \u00bfc\u00f3mo iniciarse en este modo de vida? - Colombia | Noti-America.com","isPartOf":{"@id":"https:\/\/noti-america.com\/site\/colombia\/#website"},"primaryImageOfPage":{"@id":"https:\/\/noti-america.com\/site\/colombia\/2024\/08\/12\/el-nomadismo-digital-cobra-fuerza-entre-los-latinoamericanos-como-iniciarse-en-este-modo-de-vida\/#primaryimage"},"image":{"@id":"https:\/\/noti-america.com\/site\/colombia\/2024\/08\/12\/el-nomadismo-digital-cobra-fuerza-entre-los-latinoamericanos-como-iniciarse-en-este-modo-de-vida\/#primaryimage"},"thumbnailUrl":"https:\/\/noti-america.com\/site\/colombia\/wp-content\/uploads\/sites\/20\/2024\/08\/SELINAAG.png","datePublished":"2024-08-12T02:14:44+00:00","author":{"@id":"https:\/\/noti-america.com\/site\/colombia\/#\/schema\/person\/4b216aa1c65f5f3ee2a0f0ee69a3f85f"},"breadcrumb":{"@id":"https:\/\/noti-america.com\/site\/colombia\/2024\/08\/12\/el-nomadismo-digital-cobra-fuerza-entre-los-latinoamericanos-como-iniciarse-en-este-modo-de-vida\/#breadcrumb"},"inLanguage":"es","potentialAction":[{"@type":"ReadAction","target":["https:\/\/noti-america.com\/site\/colombia\/2024\/08\/12\/el-nomadismo-digital-cobra-fuerza-entre-los-latinoamericanos-como-iniciarse-en-este-modo-de-vida\/"]}]},{"@type":"ImageObject","inLanguage":"es","@id":"https:\/\/noti-america.com\/site\/colombia\/2024\/08\/12\/el-nomadismo-digital-cobra-fuerza-entre-los-latinoamericanos-como-iniciarse-en-este-modo-de-vida\/#primaryimage","url":"https:\/\/noti-america.com\/site\/colombia\/wp-content\/uploads\/sites\/20\/2024\/08\/SELINAAG.png","contentUrl":"https:\/\/noti-america.com\/site\/colombia\/wp-content\/uploads\/sites\/20\/2024\/08\/SELINAAG.png","width":730,"height":440},{"@type":"BreadcrumbList","@id":"https:\/\/noti-america.com\/site\/colombia\/2024\/08\/12\/el-nomadismo-digital-cobra-fuerza-entre-los-latinoamericanos-como-iniciarse-en-este-modo-de-vida\/#breadcrumb","itemListElement":[{"@type":"ListItem","position":1,"name":"Portada","item":"https:\/\/noti-america.com\/site\/colombia\/"},{"@type":"ListItem","position":2,"name":"El nomadismo digital cobra fuerza entre los latinoamericanos: \u00bfc\u00f3mo iniciarse en este modo de vida?"}]},{"@type":"WebSite","@id":"https:\/\/noti-america.com\/site\/colombia\/#website","url":"https:\/\/noti-america.com\/site\/colombia\/","name":"Colombia | Noti-America.com","description":"","potentialAction":[{"@type":"SearchAction","target":{"@type":"EntryPoint","urlTemplate":"https:\/\/noti-america.com\/site\/colombia\/?s={search_term_string}"},"query-input":{"@type":"PropertyValueSpecification","valueRequired":true,"valueName":"search_term_string"}}],"inLanguage":"es"},{"@type":"Person","@id":"https:\/\/noti-america.com\/site\/colombia\/#\/schema\/person\/4b216aa1c65f5f3ee2a0f0ee69a3f85f","name":"mlenis","image":{"@type":"ImageObject","inLanguage":"es","@id":"https:\/\/secure.gravatar.com\/avatar\/71bbe7129a082888d49bedca63e7a6e75ca485c648bb239a7515a2a55acd510f?s=96&d=mm&r=g","url":"https:\/\/secure.gravatar.com\/avatar\/71bbe7129a082888d49bedca63e7a6e75ca485c648bb239a7515a2a55acd510f?s=96&d=mm&r=g","contentUrl":"https:\/\/secure.gravatar.com\/avatar\/71bbe7129a082888d49bedca63e7a6e75ca485c648bb239a7515a2a55acd510f?s=96&d=mm&r=g","caption":"mlenis"},"url":"https:\/\/noti-america.com\/site\/colombia\/author\/mlenis\/"}]}},"_links":{"self":[{"href":"https:\/\/noti-america.com\/site\/colombia\/wp-json\/wp\/v2\/posts\/16691","targetHints":{"allow":["GET"]}}],"collection":[{"href":"https:\/\/noti-america.com\/site\/colombia\/wp-json\/wp\/v2\/posts"}],"about":[{"href":"https:\/\/noti-america.com\/site\/colombia\/wp-json\/wp\/v2\/types\/post"}],"author":[{"embeddable":true,"href":"https:\/\/noti-america.com\/site\/colombia\/wp-json\/wp\/v2\/users\/135"}],"replies":[{"embeddable":true,"href":"https:\/\/noti-america.com\/site\/colombia\/wp-json\/wp\/v2\/comments?post=16691"}],"version-history":[{"count":1,"href":"https:\/\/noti-america.com\/site\/colombia\/wp-json\/wp\/v2\/posts\/16691\/revisions"}],"predecessor-version":[{"id":16693,"href":"https:\/\/noti-america.com\/site\/colombia\/wp-json\/wp\/v2\/posts\/16691\/revisions\/16693"}],"wp:featuredmedia":[{"embeddable":true,"href":"https:\/\/noti-america.com\/site\/colombia\/wp-json\/wp\/v2\/media\/16692"}],"wp:attachment":[{"href":"https:\/\/noti-america.com\/site\/colombia\/wp-json\/wp\/v2\/media?parent=16691"}],"wp:term":[{"taxonomy":"category","embeddable":true,"href":"https:\/\/noti-america.com\/site\/colombia\/wp-json\/wp\/v2\/categories?post=16691"},{"taxonomy":"post_tag","embeddable":true,"href":"https:\/\/noti-america.com\/site\/colombia\/wp-json\/wp\/v2\/tags?post=16691"}],"curies":[{"name":"wp","href":"https:\/\/api.w.org\/{rel}","templated":true}]}}