{"id":15418,"date":"2024-05-31T00:21:03","date_gmt":"2024-05-31T00:21:03","guid":{"rendered":"https:\/\/noti-america.com\/site\/colombia\/?p=15418"},"modified":"2024-05-31T00:21:03","modified_gmt":"2024-05-31T00:21:03","slug":"las-bodas-de-oro-del-festival-de-musica-andina-colombiana-mono-nunez-por-radio-nacional-de-colombia-y-senal-colombia","status":"publish","type":"post","link":"https:\/\/noti-america.com\/site\/colombia\/2024\/05\/31\/las-bodas-de-oro-del-festival-de-musica-andina-colombiana-mono-nunez-por-radio-nacional-de-colombia-y-senal-colombia\/","title":{"rendered":"Las bodas de oro del \u2018Festival de M\u00fasica Andina Colombiana Mono N\u00fa\u00f1ez\u2019 por Radio Nacional de Colombia y Se\u00f1al Colombia"},"content":{"rendered":"<p>NOTI-AMERICA | COLOMBIA<\/p>\n<p>Del 30 de mayo al 2 de junio, Radio Nacional de Colombia y Se\u00f1al Colombia unir\u00e1n fuerzas para llevar esta celebraci\u00f3n desde Ginebra, Valle del Cauca, a todos los rincones del pa\u00eds. Es la oportunidad para que los colombianos vivan uno de los eventos culturales m\u00e1s importantes para la naci\u00f3n y del g\u00e9nero musical andino en Latinoam\u00e9rica.<\/p>\n<p>Preservar y fortalecer el acervo cultural y musical de Colombia es un objetivo fundamental para RTVC, y por eso cada d\u00eda del festival, <strong>desde las 10 de la ma\u00f1ana<\/strong> y con informes continuos, los medios p\u00fablicos estar\u00e1n transmitiendo de manera convergente todo lo relacionado con el \u2018Mono N\u00fa\u00f1ez\u2019, donde m\u00e1s de 800 artistas deleitar\u00e1n a m\u00e1s de 50 mil asistentes con lo mejor del folclor colombiano, as\u00ed como a los televidentes de Se\u00f1al Colombia y oyentes de Radio Nacional de Colombia.<\/p>\n<p>\u201cQueremos asegurarnos de que todos los colombianos, sin importar d\u00f3nde se encuentren, puedan disfrutar y sentir parte de las vivencias del Valle del Cauca. No solo es un evento musical, sino tambi\u00e9n una manifestaci\u00f3n de nuestro orgullo y nuestra herencia cultural, un espacio donde convergen generaciones y tradiciones para celebrar la m\u00fasica andina colombiana y la riqueza de esa identidad que nos une como naci\u00f3n\u201d, coment\u00f3 <strong>Hollman Morris<\/strong>, gerente de RTVC.<\/p>\n<p>Para esta edici\u00f3n especial est\u00e1n preparadas diferentes actividades, incluyendo el Concurso de int\u00e9rpretes, Gran final, Concurso de obras in\u00e9ditas, Encuentro de expresiones aut\u00f3ctonas \u2018Octavio Marulanda Morales\u2019, Festival de la Plaza, Conciertos dialogados, Encuentro infantil \u2018Mateo Ibarra\u2019, Concierto patrimonio cultural y el Concierto internacional de m\u00fasica.<\/p>\n<p>Se\u00f1al Colombia y Radio Nacional de Colombia tienen una amplia cobertura en todo el pa\u00eds, superior al 93% de la poblaci\u00f3n, garantizando que la edici\u00f3n 50 del \u2018Festival de M\u00fasica Andina Colombiana Mono N\u00fa\u00f1ez\u2019 llegue a m\u00e1s ciudadanos, incluidos aquellos que est\u00e1n en las zonas m\u00e1s apartadas y rec\u00f3nditas.<\/p>\n","protected":false},"excerpt":{"rendered":"<p>NOTI-AMERICA | COLOMBIA Del 30 de mayo al 2 de junio, Radio Nacional de Colombia y Se\u00f1al Colombia unir\u00e1n fuerzas para llevar esta celebraci\u00f3n desde Ginebra, Valle del Cauca, a todos los rincones del&#46;&#46;&#46;<\/p>\n","protected":false},"author":135,"featured_media":15419,"comment_status":"open","ping_status":"open","sticky":false,"template":"","format":"image","meta":{"_acf_changed":false,"om_disable_all_campaigns":false,"rop_custom_images_group":[],"rop_custom_messages_group":[],"rop_publish_now":"initial","rop_publish_now_accounts":{"twitter_242054905_242054905":""},"rop_publish_now_history":[],"rop_publish_now_status":"pending","_uf_show_specific_survey":0,"_uf_disable_surveys":false,"footnotes":""},"categories":[185],"tags":[],"class_list":["post-15418","post","type-post","status-publish","format-image","has-post-thumbnail","hentry","category-entretenimiento","post_format-post-format-image"],"acf":[],"aioseo_notices":[],"yoast_head":"<!-- This site is optimized with the Yoast SEO Premium plugin v24.9 (Yoast SEO v27.2) - https:\/\/yoast.com\/product\/yoast-seo-premium-wordpress\/ -->\n<title>Las bodas de oro del \u2018Festival de M\u00fasica Andina Colombiana Mono N\u00fa\u00f1ez\u2019 por Radio Nacional de Colombia y Se\u00f1al Colombia - Colombia | Noti-America.com<\/title>\n<meta name=\"robots\" content=\"index, follow, max-snippet:-1, max-image-preview:large, max-video-preview:-1\" \/>\n<link rel=\"canonical\" href=\"https:\/\/noti-america.com\/site\/colombia\/2024\/05\/31\/las-bodas-de-oro-del-festival-de-musica-andina-colombiana-mono-nunez-por-radio-nacional-de-colombia-y-senal-colombia\/\" \/>\n<meta property=\"og:locale\" content=\"es_ES\" \/>\n<meta property=\"og:type\" content=\"article\" \/>\n<meta property=\"og:title\" content=\"Las bodas de oro del \u2018Festival de M\u00fasica Andina Colombiana Mono N\u00fa\u00f1ez\u2019 por Radio Nacional de Colombia y Se\u00f1al Colombia\" \/>\n<meta property=\"og:description\" content=\"NOTI-AMERICA | COLOMBIA Del 30 de mayo al 2 de junio, Radio Nacional de Colombia y Se\u00f1al Colombia unir\u00e1n fuerzas para llevar esta celebraci\u00f3n desde Ginebra, Valle del Cauca, a todos los rincones del&#046;&#046;&#046;\" \/>\n<meta property=\"og:url\" content=\"https:\/\/noti-america.com\/site\/colombia\/2024\/05\/31\/las-bodas-de-oro-del-festival-de-musica-andina-colombiana-mono-nunez-por-radio-nacional-de-colombia-y-senal-colombia\/\" \/>\n<meta property=\"og:site_name\" content=\"Colombia | Noti-America.com\" \/>\n<meta property=\"article:published_time\" content=\"2024-05-31T00:21:03+00:00\" \/>\n<meta property=\"og:image\" content=\"https:\/\/noti-america.com\/site\/colombia\/wp-content\/uploads\/sites\/20\/2024\/05\/Festival-Mono-Nunez.jpg\" \/>\n\t<meta property=\"og:image:width\" content=\"1135\" \/>\n\t<meta property=\"og:image:height\" content=\"525\" \/>\n\t<meta property=\"og:image:type\" content=\"image\/jpeg\" \/>\n<meta name=\"author\" content=\"mlenis\" \/>\n<meta name=\"twitter:card\" content=\"summary_large_image\" \/>\n<meta name=\"twitter:creator\" content=\"@notiamerica\" \/>\n<meta name=\"twitter:site\" content=\"@notiamerica\" \/>\n<meta name=\"twitter:label1\" content=\"Escrito por\" \/>\n\t<meta name=\"twitter:data1\" content=\"mlenis\" \/>\n\t<meta name=\"twitter:label2\" content=\"Tiempo estimado de lectura\" \/>\n\t<meta name=\"twitter:data2\" content=\"2 minutos\" \/>\n<script type=\"application\/ld+json\" class=\"yoast-schema-graph\">{\"@context\":\"https:\/\/schema.org\",\"@graph\":[{\"@type\":\"Article\",\"@id\":\"https:\/\/noti-america.com\/site\/colombia\/2024\/05\/31\/las-bodas-de-oro-del-festival-de-musica-andina-colombiana-mono-nunez-por-radio-nacional-de-colombia-y-senal-colombia\/#article\",\"isPartOf\":{\"@id\":\"https:\/\/noti-america.com\/site\/colombia\/2024\/05\/31\/las-bodas-de-oro-del-festival-de-musica-andina-colombiana-mono-nunez-por-radio-nacional-de-colombia-y-senal-colombia\/\"},\"author\":{\"name\":\"mlenis\",\"@id\":\"https:\/\/noti-america.com\/site\/colombia\/#\/schema\/person\/4b216aa1c65f5f3ee2a0f0ee69a3f85f\"},\"headline\":\"Las bodas de oro del \u2018Festival de M\u00fasica Andina Colombiana Mono N\u00fa\u00f1ez\u2019 por Radio Nacional de Colombia y Se\u00f1al Colombia\",\"datePublished\":\"2024-05-31T00:21:03+00:00\",\"mainEntityOfPage\":{\"@id\":\"https:\/\/noti-america.com\/site\/colombia\/2024\/05\/31\/las-bodas-de-oro-del-festival-de-musica-andina-colombiana-mono-nunez-por-radio-nacional-de-colombia-y-senal-colombia\/\"},\"wordCount\":359,\"commentCount\":0,\"image\":{\"@id\":\"https:\/\/noti-america.com\/site\/colombia\/2024\/05\/31\/las-bodas-de-oro-del-festival-de-musica-andina-colombiana-mono-nunez-por-radio-nacional-de-colombia-y-senal-colombia\/#primaryimage\"},\"thumbnailUrl\":\"https:\/\/noti-america.com\/site\/colombia\/wp-content\/uploads\/sites\/20\/2024\/05\/Festival-Mono-Nunez.jpg\",\"articleSection\":[\"Entretenimiento\"],\"inLanguage\":\"es\",\"potentialAction\":[{\"@type\":\"CommentAction\",\"name\":\"Comment\",\"target\":[\"https:\/\/noti-america.com\/site\/colombia\/2024\/05\/31\/las-bodas-de-oro-del-festival-de-musica-andina-colombiana-mono-nunez-por-radio-nacional-de-colombia-y-senal-colombia\/#respond\"]}]},{\"@type\":\"WebPage\",\"@id\":\"https:\/\/noti-america.com\/site\/colombia\/2024\/05\/31\/las-bodas-de-oro-del-festival-de-musica-andina-colombiana-mono-nunez-por-radio-nacional-de-colombia-y-senal-colombia\/\",\"url\":\"https:\/\/noti-america.com\/site\/colombia\/2024\/05\/31\/las-bodas-de-oro-del-festival-de-musica-andina-colombiana-mono-nunez-por-radio-nacional-de-colombia-y-senal-colombia\/\",\"name\":\"Las bodas de oro del \u2018Festival de M\u00fasica Andina Colombiana Mono N\u00fa\u00f1ez\u2019 por Radio Nacional de Colombia y Se\u00f1al Colombia - Colombia | Noti-America.com\",\"isPartOf\":{\"@id\":\"https:\/\/noti-america.com\/site\/colombia\/#website\"},\"primaryImageOfPage\":{\"@id\":\"https:\/\/noti-america.com\/site\/colombia\/2024\/05\/31\/las-bodas-de-oro-del-festival-de-musica-andina-colombiana-mono-nunez-por-radio-nacional-de-colombia-y-senal-colombia\/#primaryimage\"},\"image\":{\"@id\":\"https:\/\/noti-america.com\/site\/colombia\/2024\/05\/31\/las-bodas-de-oro-del-festival-de-musica-andina-colombiana-mono-nunez-por-radio-nacional-de-colombia-y-senal-colombia\/#primaryimage\"},\"thumbnailUrl\":\"https:\/\/noti-america.com\/site\/colombia\/wp-content\/uploads\/sites\/20\/2024\/05\/Festival-Mono-Nunez.jpg\",\"datePublished\":\"2024-05-31T00:21:03+00:00\",\"author\":{\"@id\":\"https:\/\/noti-america.com\/site\/colombia\/#\/schema\/person\/4b216aa1c65f5f3ee2a0f0ee69a3f85f\"},\"breadcrumb\":{\"@id\":\"https:\/\/noti-america.com\/site\/colombia\/2024\/05\/31\/las-bodas-de-oro-del-festival-de-musica-andina-colombiana-mono-nunez-por-radio-nacional-de-colombia-y-senal-colombia\/#breadcrumb\"},\"inLanguage\":\"es\",\"potentialAction\":[{\"@type\":\"ReadAction\",\"target\":[\"https:\/\/noti-america.com\/site\/colombia\/2024\/05\/31\/las-bodas-de-oro-del-festival-de-musica-andina-colombiana-mono-nunez-por-radio-nacional-de-colombia-y-senal-colombia\/\"]}]},{\"@type\":\"ImageObject\",\"inLanguage\":\"es\",\"@id\":\"https:\/\/noti-america.com\/site\/colombia\/2024\/05\/31\/las-bodas-de-oro-del-festival-de-musica-andina-colombiana-mono-nunez-por-radio-nacional-de-colombia-y-senal-colombia\/#primaryimage\",\"url\":\"https:\/\/noti-america.com\/site\/colombia\/wp-content\/uploads\/sites\/20\/2024\/05\/Festival-Mono-Nunez.jpg\",\"contentUrl\":\"https:\/\/noti-america.com\/site\/colombia\/wp-content\/uploads\/sites\/20\/2024\/05\/Festival-Mono-Nunez.jpg\",\"width\":1135,\"height\":525},{\"@type\":\"BreadcrumbList\",\"@id\":\"https:\/\/noti-america.com\/site\/colombia\/2024\/05\/31\/las-bodas-de-oro-del-festival-de-musica-andina-colombiana-mono-nunez-por-radio-nacional-de-colombia-y-senal-colombia\/#breadcrumb\",\"itemListElement\":[{\"@type\":\"ListItem\",\"position\":1,\"name\":\"Portada\",\"item\":\"https:\/\/noti-america.com\/site\/colombia\/\"},{\"@type\":\"ListItem\",\"position\":2,\"name\":\"Las bodas de oro del \u2018Festival de M\u00fasica Andina Colombiana Mono N\u00fa\u00f1ez\u2019 por Radio Nacional de Colombia y Se\u00f1al Colombia\"}]},{\"@type\":\"WebSite\",\"@id\":\"https:\/\/noti-america.com\/site\/colombia\/#website\",\"url\":\"https:\/\/noti-america.com\/site\/colombia\/\",\"name\":\"Colombia | Noti-America.com\",\"description\":\"\",\"potentialAction\":[{\"@type\":\"SearchAction\",\"target\":{\"@type\":\"EntryPoint\",\"urlTemplate\":\"https:\/\/noti-america.com\/site\/colombia\/?s={search_term_string}\"},\"query-input\":{\"@type\":\"PropertyValueSpecification\",\"valueRequired\":true,\"valueName\":\"search_term_string\"}}],\"inLanguage\":\"es\"},{\"@type\":\"Person\",\"@id\":\"https:\/\/noti-america.com\/site\/colombia\/#\/schema\/person\/4b216aa1c65f5f3ee2a0f0ee69a3f85f\",\"name\":\"mlenis\",\"image\":{\"@type\":\"ImageObject\",\"inLanguage\":\"es\",\"@id\":\"https:\/\/secure.gravatar.com\/avatar\/71bbe7129a082888d49bedca63e7a6e75ca485c648bb239a7515a2a55acd510f?s=96&d=mm&r=g\",\"url\":\"https:\/\/secure.gravatar.com\/avatar\/71bbe7129a082888d49bedca63e7a6e75ca485c648bb239a7515a2a55acd510f?s=96&d=mm&r=g\",\"contentUrl\":\"https:\/\/secure.gravatar.com\/avatar\/71bbe7129a082888d49bedca63e7a6e75ca485c648bb239a7515a2a55acd510f?s=96&d=mm&r=g\",\"caption\":\"mlenis\"},\"url\":\"https:\/\/noti-america.com\/site\/colombia\/author\/mlenis\/\"}]}<\/script>\n<!-- \/ Yoast SEO Premium plugin. -->","yoast_head_json":{"title":"Las bodas de oro del \u2018Festival de M\u00fasica Andina Colombiana Mono N\u00fa\u00f1ez\u2019 por Radio Nacional de Colombia y Se\u00f1al Colombia - Colombia | Noti-America.com","robots":{"index":"index","follow":"follow","max-snippet":"max-snippet:-1","max-image-preview":"max-image-preview:large","max-video-preview":"max-video-preview:-1"},"canonical":"https:\/\/noti-america.com\/site\/colombia\/2024\/05\/31\/las-bodas-de-oro-del-festival-de-musica-andina-colombiana-mono-nunez-por-radio-nacional-de-colombia-y-senal-colombia\/","og_locale":"es_ES","og_type":"article","og_title":"Las bodas de oro del \u2018Festival de M\u00fasica Andina Colombiana Mono N\u00fa\u00f1ez\u2019 por Radio Nacional de Colombia y Se\u00f1al Colombia","og_description":"NOTI-AMERICA | COLOMBIA Del 30 de mayo al 2 de junio, Radio Nacional de Colombia y Se\u00f1al Colombia unir\u00e1n fuerzas para llevar esta celebraci\u00f3n desde Ginebra, Valle del Cauca, a todos los rincones del&#46;&#46;&#46;","og_url":"https:\/\/noti-america.com\/site\/colombia\/2024\/05\/31\/las-bodas-de-oro-del-festival-de-musica-andina-colombiana-mono-nunez-por-radio-nacional-de-colombia-y-senal-colombia\/","og_site_name":"Colombia | Noti-America.com","article_published_time":"2024-05-31T00:21:03+00:00","og_image":[{"width":1135,"height":525,"url":"https:\/\/noti-america.com\/site\/colombia\/wp-content\/uploads\/sites\/20\/2024\/05\/Festival-Mono-Nunez.jpg","type":"image\/jpeg"}],"author":"mlenis","twitter_card":"summary_large_image","twitter_creator":"@notiamerica","twitter_site":"@notiamerica","twitter_misc":{"Escrito por":"mlenis","Tiempo estimado de lectura":"2 minutos"},"schema":{"@context":"https:\/\/schema.org","@graph":[{"@type":"Article","@id":"https:\/\/noti-america.com\/site\/colombia\/2024\/05\/31\/las-bodas-de-oro-del-festival-de-musica-andina-colombiana-mono-nunez-por-radio-nacional-de-colombia-y-senal-colombia\/#article","isPartOf":{"@id":"https:\/\/noti-america.com\/site\/colombia\/2024\/05\/31\/las-bodas-de-oro-del-festival-de-musica-andina-colombiana-mono-nunez-por-radio-nacional-de-colombia-y-senal-colombia\/"},"author":{"name":"mlenis","@id":"https:\/\/noti-america.com\/site\/colombia\/#\/schema\/person\/4b216aa1c65f5f3ee2a0f0ee69a3f85f"},"headline":"Las bodas de oro del \u2018Festival de M\u00fasica Andina Colombiana Mono N\u00fa\u00f1ez\u2019 por Radio Nacional de Colombia y Se\u00f1al Colombia","datePublished":"2024-05-31T00:21:03+00:00","mainEntityOfPage":{"@id":"https:\/\/noti-america.com\/site\/colombia\/2024\/05\/31\/las-bodas-de-oro-del-festival-de-musica-andina-colombiana-mono-nunez-por-radio-nacional-de-colombia-y-senal-colombia\/"},"wordCount":359,"commentCount":0,"image":{"@id":"https:\/\/noti-america.com\/site\/colombia\/2024\/05\/31\/las-bodas-de-oro-del-festival-de-musica-andina-colombiana-mono-nunez-por-radio-nacional-de-colombia-y-senal-colombia\/#primaryimage"},"thumbnailUrl":"https:\/\/noti-america.com\/site\/colombia\/wp-content\/uploads\/sites\/20\/2024\/05\/Festival-Mono-Nunez.jpg","articleSection":["Entretenimiento"],"inLanguage":"es","potentialAction":[{"@type":"CommentAction","name":"Comment","target":["https:\/\/noti-america.com\/site\/colombia\/2024\/05\/31\/las-bodas-de-oro-del-festival-de-musica-andina-colombiana-mono-nunez-por-radio-nacional-de-colombia-y-senal-colombia\/#respond"]}]},{"@type":"WebPage","@id":"https:\/\/noti-america.com\/site\/colombia\/2024\/05\/31\/las-bodas-de-oro-del-festival-de-musica-andina-colombiana-mono-nunez-por-radio-nacional-de-colombia-y-senal-colombia\/","url":"https:\/\/noti-america.com\/site\/colombia\/2024\/05\/31\/las-bodas-de-oro-del-festival-de-musica-andina-colombiana-mono-nunez-por-radio-nacional-de-colombia-y-senal-colombia\/","name":"Las bodas de oro del \u2018Festival de M\u00fasica Andina Colombiana Mono N\u00fa\u00f1ez\u2019 por Radio Nacional de Colombia y Se\u00f1al Colombia - Colombia | Noti-America.com","isPartOf":{"@id":"https:\/\/noti-america.com\/site\/colombia\/#website"},"primaryImageOfPage":{"@id":"https:\/\/noti-america.com\/site\/colombia\/2024\/05\/31\/las-bodas-de-oro-del-festival-de-musica-andina-colombiana-mono-nunez-por-radio-nacional-de-colombia-y-senal-colombia\/#primaryimage"},"image":{"@id":"https:\/\/noti-america.com\/site\/colombia\/2024\/05\/31\/las-bodas-de-oro-del-festival-de-musica-andina-colombiana-mono-nunez-por-radio-nacional-de-colombia-y-senal-colombia\/#primaryimage"},"thumbnailUrl":"https:\/\/noti-america.com\/site\/colombia\/wp-content\/uploads\/sites\/20\/2024\/05\/Festival-Mono-Nunez.jpg","datePublished":"2024-05-31T00:21:03+00:00","author":{"@id":"https:\/\/noti-america.com\/site\/colombia\/#\/schema\/person\/4b216aa1c65f5f3ee2a0f0ee69a3f85f"},"breadcrumb":{"@id":"https:\/\/noti-america.com\/site\/colombia\/2024\/05\/31\/las-bodas-de-oro-del-festival-de-musica-andina-colombiana-mono-nunez-por-radio-nacional-de-colombia-y-senal-colombia\/#breadcrumb"},"inLanguage":"es","potentialAction":[{"@type":"ReadAction","target":["https:\/\/noti-america.com\/site\/colombia\/2024\/05\/31\/las-bodas-de-oro-del-festival-de-musica-andina-colombiana-mono-nunez-por-radio-nacional-de-colombia-y-senal-colombia\/"]}]},{"@type":"ImageObject","inLanguage":"es","@id":"https:\/\/noti-america.com\/site\/colombia\/2024\/05\/31\/las-bodas-de-oro-del-festival-de-musica-andina-colombiana-mono-nunez-por-radio-nacional-de-colombia-y-senal-colombia\/#primaryimage","url":"https:\/\/noti-america.com\/site\/colombia\/wp-content\/uploads\/sites\/20\/2024\/05\/Festival-Mono-Nunez.jpg","contentUrl":"https:\/\/noti-america.com\/site\/colombia\/wp-content\/uploads\/sites\/20\/2024\/05\/Festival-Mono-Nunez.jpg","width":1135,"height":525},{"@type":"BreadcrumbList","@id":"https:\/\/noti-america.com\/site\/colombia\/2024\/05\/31\/las-bodas-de-oro-del-festival-de-musica-andina-colombiana-mono-nunez-por-radio-nacional-de-colombia-y-senal-colombia\/#breadcrumb","itemListElement":[{"@type":"ListItem","position":1,"name":"Portada","item":"https:\/\/noti-america.com\/site\/colombia\/"},{"@type":"ListItem","position":2,"name":"Las bodas de oro del \u2018Festival de M\u00fasica Andina Colombiana Mono N\u00fa\u00f1ez\u2019 por Radio Nacional de Colombia y Se\u00f1al Colombia"}]},{"@type":"WebSite","@id":"https:\/\/noti-america.com\/site\/colombia\/#website","url":"https:\/\/noti-america.com\/site\/colombia\/","name":"Colombia | Noti-America.com","description":"","potentialAction":[{"@type":"SearchAction","target":{"@type":"EntryPoint","urlTemplate":"https:\/\/noti-america.com\/site\/colombia\/?s={search_term_string}"},"query-input":{"@type":"PropertyValueSpecification","valueRequired":true,"valueName":"search_term_string"}}],"inLanguage":"es"},{"@type":"Person","@id":"https:\/\/noti-america.com\/site\/colombia\/#\/schema\/person\/4b216aa1c65f5f3ee2a0f0ee69a3f85f","name":"mlenis","image":{"@type":"ImageObject","inLanguage":"es","@id":"https:\/\/secure.gravatar.com\/avatar\/71bbe7129a082888d49bedca63e7a6e75ca485c648bb239a7515a2a55acd510f?s=96&d=mm&r=g","url":"https:\/\/secure.gravatar.com\/avatar\/71bbe7129a082888d49bedca63e7a6e75ca485c648bb239a7515a2a55acd510f?s=96&d=mm&r=g","contentUrl":"https:\/\/secure.gravatar.com\/avatar\/71bbe7129a082888d49bedca63e7a6e75ca485c648bb239a7515a2a55acd510f?s=96&d=mm&r=g","caption":"mlenis"},"url":"https:\/\/noti-america.com\/site\/colombia\/author\/mlenis\/"}]}},"_links":{"self":[{"href":"https:\/\/noti-america.com\/site\/colombia\/wp-json\/wp\/v2\/posts\/15418","targetHints":{"allow":["GET"]}}],"collection":[{"href":"https:\/\/noti-america.com\/site\/colombia\/wp-json\/wp\/v2\/posts"}],"about":[{"href":"https:\/\/noti-america.com\/site\/colombia\/wp-json\/wp\/v2\/types\/post"}],"author":[{"embeddable":true,"href":"https:\/\/noti-america.com\/site\/colombia\/wp-json\/wp\/v2\/users\/135"}],"replies":[{"embeddable":true,"href":"https:\/\/noti-america.com\/site\/colombia\/wp-json\/wp\/v2\/comments?post=15418"}],"version-history":[{"count":1,"href":"https:\/\/noti-america.com\/site\/colombia\/wp-json\/wp\/v2\/posts\/15418\/revisions"}],"predecessor-version":[{"id":15420,"href":"https:\/\/noti-america.com\/site\/colombia\/wp-json\/wp\/v2\/posts\/15418\/revisions\/15420"}],"wp:featuredmedia":[{"embeddable":true,"href":"https:\/\/noti-america.com\/site\/colombia\/wp-json\/wp\/v2\/media\/15419"}],"wp:attachment":[{"href":"https:\/\/noti-america.com\/site\/colombia\/wp-json\/wp\/v2\/media?parent=15418"}],"wp:term":[{"taxonomy":"category","embeddable":true,"href":"https:\/\/noti-america.com\/site\/colombia\/wp-json\/wp\/v2\/categories?post=15418"},{"taxonomy":"post_tag","embeddable":true,"href":"https:\/\/noti-america.com\/site\/colombia\/wp-json\/wp\/v2\/tags?post=15418"}],"curies":[{"name":"wp","href":"https:\/\/api.w.org\/{rel}","templated":true}]}}