{"id":13403,"date":"2024-01-25T22:45:49","date_gmt":"2024-01-25T22:45:49","guid":{"rendered":"https:\/\/noti-america.com\/site\/colombia\/?p=13403"},"modified":"2024-01-25T22:45:49","modified_gmt":"2024-01-25T22:45:49","slug":"mas-de-1-millon-de-m%c2%b2-de-bodegas-se-proyectan-para-los-proximos-anos-en-bogota-y-la-sabana","status":"publish","type":"post","link":"https:\/\/noti-america.com\/site\/colombia\/2024\/01\/25\/mas-de-1-millon-de-m%c2%b2-de-bodegas-se-proyectan-para-los-proximos-anos-en-bogota-y-la-sabana\/","title":{"rendered":"M\u00e1s de 1 mill\u00f3n de m\u00b2 de bodegas se proyectan para los pr\u00f3ximos a\u00f1os en Bogot\u00e1 y la Sabana"},"content":{"rendered":"<p>NOTI-AMERICA | COLOMBIA<\/p>\n<p>El mercado industrial vive uno de sus mejores momentos, con constantes indicadores positivos, como lo demuestran las cifras del estudio de Cushman &amp; Wakefield. La vacancia sigue la tendencia a la baja iniciada en 2020, cerrando 2023 en un 1,54%; actualmente, hay 206,747 m\u00b2 en construcci\u00f3n, se proyectan 1.093.623 m\u00b2 y el precio mostr\u00f3 una tendencia alcista durante todo el 2023, impulsada por la baja oferta y una demanda s\u00f3lida, que seguir\u00e1 en 2024.<\/p>\n<p>Se evidencia un mercado din\u00e1mico y una demanda sostenida de todas las tipolog\u00edas de bodegas, aunque existe un inter\u00e9s particular por espacios de altas especificaciones en temas como altura, resistencia del piso, ubicaci\u00f3n y sostenibilidad.\u00a0 Adem\u00e1s, sigue en auge la preferencia por proyectos a la medida (Build to Suit), que permiten minimizar el riesgo de inversi\u00f3n, as\u00ed como una din\u00e1mica de precios de renta en aumento y una oferta competitiva centrada en el BTS, obedeciendo al ciclo econ\u00f3mico en la senda de recuperaci\u00f3n.<\/p>\n<p><strong>Vacancias cada vez m\u00e1s cercanas a 0%<\/strong><\/p>\n<p>Uno de los indicadores m\u00e1s importantes en el positivo desarrollo del sector lo constituye la vacancia, que cerr\u00f3 en 2023 en un 1,54%, a pesar del aumento del inventario del 0% interanual. En este item el submercado del Occidente de Bogot\u00e1, presenta vacancia 0%, seguido de Calle 80 (1,2%), Funza (1,9%) y Tocancip\u00e1 (2,1%).<\/p>\n<p>Por tipolog\u00eda de bodegas, el segundo semestre de 2023 cerr\u00f3 con vacancias de 0,8% en bodegas Clase A, 1,9% en tipo A+ y 2,3% en Clase B+, demostrando la preferencia por espacios de calidad, altas especificaciones y compromiso sostenible.<\/p>\n<p><strong>Una demanda que jalona una oferta premium<\/strong><\/p>\n<p>El aumento del inventario en 2023, fue evidente consolidado principalmente en el corredor de la Cll 80. Actualmente se encuentran disponibles 50.053 m\u00b2 donde el 74% se concentra en los submercados de la Calle 80 (21.936 m\u00b2) y Mosquera (15.167 m\u00b2), seguidos de Tocancip\u00e1 (7. 350 m\u00b2). Para el caso del submercado de Occidente de Bogot\u00e1, que se encuentra en el casco urbano, no cuenta con disponibilidad.<\/p>\n<p>\u201cEvidenciamos un creciente inter\u00e9s en el desarrollo de bodegas con altas especificaciones en parques con un enfoque log\u00edstico, pero tambi\u00e9n el mercado busca que tengan v\u00edas de acceso a la ciudad convenientes para sus procesos log\u00edsticos\u201d, asegura Juan Carlos Delgado, country manager de Cushman &amp; Wakefield.<\/p>\n<p>Y frente a la absorci\u00f3n el estudio de esta multinacional registra un aumento del 47% con respecto al cierre del a\u00f1o anterior.<\/p>\n<p><strong>El precio, un factor decisivo para inversionistas y ocupantes<\/strong><\/p>\n<p>Gracias a una baja oferta y una demanda s\u00f3lida, el comportamiento del precio ha mantenido una tendencia alcista. Adem\u00e1s, se han entregado nuevos espacios prime, generando un incremento interanual cercano al 15%.<\/p>\n<p>De hecho, al cierre del a\u00f1o, el precio alcanz\u00f3 los 20,748 COP\/m\u00b2. \u201cEs importante destacar que este incremento ha sido generalizado. No obstante, los submercados m\u00e1s apreciados son Calle 80, con un aumento del 29%, debido a la consolidaci\u00f3n de parques Clase A y la disponibilidad de nueva \u00e1rea, as\u00ed como Tocancip\u00e1 que ha experimentado un aumento del 13%, impulsado por la absorci\u00f3n de espacios Clase B con precios de renta m\u00e1s bajos\u201d, recalca Junior Ruiz, market research manager de Cushman &amp; Wakefield.<\/p>\n<p>En precio de renta por metro cuadrado en pesos por mes, Mosquera presenta el mejor valor por $15.236 m\u00b2, seguido de Funza con $18.000 m\u00b2 y Tocancip\u00e1 con $20.293 m\u00b2.<\/p>\n<p><strong>Proyecciones<\/strong><\/p>\n<p>Actualmente, hay 206,747 m2 en construcci\u00f3n, destacando la intenci\u00f3n de desarrollar proyectos Clase A+ en un 67% y bajo el modelo BTS o hecho a la medida, evidenciando una actualizaci\u00f3n en el inventario y una preferencia por desarrollar con especificaciones m\u00e1s elevadas, bajo la base de requisitos cada vez m\u00e1s adaptados a las necesidades de la industria.<\/p>\n<p>Pero a futuro el panorama muestra buenas perspectivas. En \u00e1rea sobre planos, se identifican 1,093,623 m\u00b2, resaltando la urbanizaci\u00f3n de varios proyectos y un aumento en las licencias de construcci\u00f3n, evidenciando un crecimiento del 38% en el \u00e1rea disponible para desarrollar. Este incremento refleja la intenci\u00f3n de acotar los tiempos de entrega, resaltando que, hasta la fecha, estos proyectos se ofrecen para construcci\u00f3n a la medida.<\/p>\n","protected":false},"excerpt":{"rendered":"<p>NOTI-AMERICA | COLOMBIA El mercado industrial vive uno de sus mejores momentos, con constantes indicadores positivos, como lo demuestran las cifras del estudio de Cushman &amp; Wakefield. La vacancia sigue la tendencia a la&#46;&#46;&#46;<\/p>\n","protected":false},"author":135,"featured_media":13404,"comment_status":"open","ping_status":"open","sticky":false,"template":"","format":"image","meta":{"_acf_changed":false,"om_disable_all_campaigns":false,"rop_custom_images_group":[],"rop_custom_messages_group":[],"rop_publish_now":"initial","rop_publish_now_accounts":{"twitter_242054905_242054905":""},"rop_publish_now_history":[],"rop_publish_now_status":"pending","_uf_show_specific_survey":0,"_uf_disable_surveys":false,"footnotes":""},"categories":[167],"tags":[],"class_list":["post-13403","post","type-post","status-publish","format-image","has-post-thumbnail","hentry","category-acturalidad","post_format-post-format-image"],"acf":[],"aioseo_notices":[],"yoast_head":"<!-- This site is optimized with the Yoast SEO Premium plugin v24.9 (Yoast SEO v27.2) - https:\/\/yoast.com\/product\/yoast-seo-premium-wordpress\/ -->\n<title>M\u00e1s de 1 mill\u00f3n de m\u00b2 de bodegas se proyectan para los pr\u00f3ximos a\u00f1os en Bogot\u00e1 y la Sabana - Colombia | Noti-America.com<\/title>\n<meta name=\"robots\" content=\"index, follow, max-snippet:-1, max-image-preview:large, max-video-preview:-1\" \/>\n<link rel=\"canonical\" href=\"https:\/\/noti-america.com\/site\/colombia\/2024\/01\/25\/mas-de-1-millon-de-m\u00b2-de-bodegas-se-proyectan-para-los-proximos-anos-en-bogota-y-la-sabana\/\" \/>\n<meta property=\"og:locale\" content=\"es_ES\" \/>\n<meta property=\"og:type\" content=\"article\" \/>\n<meta property=\"og:title\" content=\"M\u00e1s de 1 mill\u00f3n de m\u00b2 de bodegas se proyectan para los pr\u00f3ximos a\u00f1os en Bogot\u00e1 y la Sabana\" \/>\n<meta property=\"og:description\" content=\"NOTI-AMERICA | COLOMBIA El mercado industrial vive uno de sus mejores momentos, con constantes indicadores positivos, como lo demuestran las cifras del estudio de Cushman &amp; Wakefield. La vacancia sigue la tendencia a la&#046;&#046;&#046;\" \/>\n<meta property=\"og:url\" content=\"https:\/\/noti-america.com\/site\/colombia\/2024\/01\/25\/mas-de-1-millon-de-m\u00b2-de-bodegas-se-proyectan-para-los-proximos-anos-en-bogota-y-la-sabana\/\" \/>\n<meta property=\"og:site_name\" content=\"Colombia | Noti-America.com\" \/>\n<meta property=\"article:published_time\" content=\"2024-01-25T22:45:49+00:00\" \/>\n<meta property=\"og:image\" content=\"https:\/\/noti-america.com\/site\/colombia\/wp-content\/uploads\/sites\/20\/2024\/01\/WhatsApp-Image-2024-01-19-at-2.54.11-PM.jpeg\" \/>\n\t<meta property=\"og:image:width\" content=\"1280\" \/>\n\t<meta property=\"og:image:height\" content=\"852\" \/>\n\t<meta property=\"og:image:type\" content=\"image\/jpeg\" \/>\n<meta name=\"author\" content=\"mlenis\" \/>\n<meta name=\"twitter:card\" content=\"summary_large_image\" \/>\n<meta name=\"twitter:creator\" content=\"@notiamerica\" \/>\n<meta name=\"twitter:site\" content=\"@notiamerica\" \/>\n<meta name=\"twitter:label1\" content=\"Escrito por\" \/>\n\t<meta name=\"twitter:data1\" content=\"mlenis\" \/>\n\t<meta name=\"twitter:label2\" content=\"Tiempo estimado de lectura\" \/>\n\t<meta name=\"twitter:data2\" content=\"4 minutos\" \/>\n<script type=\"application\/ld+json\" class=\"yoast-schema-graph\">{\"@context\":\"https:\/\/schema.org\",\"@graph\":[{\"@type\":\"Article\",\"@id\":\"https:\/\/noti-america.com\/site\/colombia\/2024\/01\/25\/mas-de-1-millon-de-m%c2%b2-de-bodegas-se-proyectan-para-los-proximos-anos-en-bogota-y-la-sabana\/#article\",\"isPartOf\":{\"@id\":\"https:\/\/noti-america.com\/site\/colombia\/2024\/01\/25\/mas-de-1-millon-de-m%c2%b2-de-bodegas-se-proyectan-para-los-proximos-anos-en-bogota-y-la-sabana\/\"},\"author\":{\"name\":\"mlenis\",\"@id\":\"https:\/\/noti-america.com\/site\/colombia\/#\/schema\/person\/4b216aa1c65f5f3ee2a0f0ee69a3f85f\"},\"headline\":\"M\u00e1s de 1 mill\u00f3n de m\u00b2 de bodegas se proyectan para los pr\u00f3ximos a\u00f1os en Bogot\u00e1 y la Sabana\",\"datePublished\":\"2024-01-25T22:45:49+00:00\",\"mainEntityOfPage\":{\"@id\":\"https:\/\/noti-america.com\/site\/colombia\/2024\/01\/25\/mas-de-1-millon-de-m%c2%b2-de-bodegas-se-proyectan-para-los-proximos-anos-en-bogota-y-la-sabana\/\"},\"wordCount\":697,\"commentCount\":0,\"image\":{\"@id\":\"https:\/\/noti-america.com\/site\/colombia\/2024\/01\/25\/mas-de-1-millon-de-m%c2%b2-de-bodegas-se-proyectan-para-los-proximos-anos-en-bogota-y-la-sabana\/#primaryimage\"},\"thumbnailUrl\":\"https:\/\/noti-america.com\/site\/colombia\/wp-content\/uploads\/sites\/20\/2024\/01\/WhatsApp-Image-2024-01-19-at-2.54.11-PM.jpeg\",\"articleSection\":[\"Actualidad\"],\"inLanguage\":\"es\",\"potentialAction\":[{\"@type\":\"CommentAction\",\"name\":\"Comment\",\"target\":[\"https:\/\/noti-america.com\/site\/colombia\/2024\/01\/25\/mas-de-1-millon-de-m%c2%b2-de-bodegas-se-proyectan-para-los-proximos-anos-en-bogota-y-la-sabana\/#respond\"]}]},{\"@type\":\"WebPage\",\"@id\":\"https:\/\/noti-america.com\/site\/colombia\/2024\/01\/25\/mas-de-1-millon-de-m%c2%b2-de-bodegas-se-proyectan-para-los-proximos-anos-en-bogota-y-la-sabana\/\",\"url\":\"https:\/\/noti-america.com\/site\/colombia\/2024\/01\/25\/mas-de-1-millon-de-m%c2%b2-de-bodegas-se-proyectan-para-los-proximos-anos-en-bogota-y-la-sabana\/\",\"name\":\"M\u00e1s de 1 mill\u00f3n de m\u00b2 de bodegas se proyectan para los pr\u00f3ximos a\u00f1os en Bogot\u00e1 y la Sabana - Colombia | Noti-America.com\",\"isPartOf\":{\"@id\":\"https:\/\/noti-america.com\/site\/colombia\/#website\"},\"primaryImageOfPage\":{\"@id\":\"https:\/\/noti-america.com\/site\/colombia\/2024\/01\/25\/mas-de-1-millon-de-m%c2%b2-de-bodegas-se-proyectan-para-los-proximos-anos-en-bogota-y-la-sabana\/#primaryimage\"},\"image\":{\"@id\":\"https:\/\/noti-america.com\/site\/colombia\/2024\/01\/25\/mas-de-1-millon-de-m%c2%b2-de-bodegas-se-proyectan-para-los-proximos-anos-en-bogota-y-la-sabana\/#primaryimage\"},\"thumbnailUrl\":\"https:\/\/noti-america.com\/site\/colombia\/wp-content\/uploads\/sites\/20\/2024\/01\/WhatsApp-Image-2024-01-19-at-2.54.11-PM.jpeg\",\"datePublished\":\"2024-01-25T22:45:49+00:00\",\"author\":{\"@id\":\"https:\/\/noti-america.com\/site\/colombia\/#\/schema\/person\/4b216aa1c65f5f3ee2a0f0ee69a3f85f\"},\"breadcrumb\":{\"@id\":\"https:\/\/noti-america.com\/site\/colombia\/2024\/01\/25\/mas-de-1-millon-de-m%c2%b2-de-bodegas-se-proyectan-para-los-proximos-anos-en-bogota-y-la-sabana\/#breadcrumb\"},\"inLanguage\":\"es\",\"potentialAction\":[{\"@type\":\"ReadAction\",\"target\":[\"https:\/\/noti-america.com\/site\/colombia\/2024\/01\/25\/mas-de-1-millon-de-m%c2%b2-de-bodegas-se-proyectan-para-los-proximos-anos-en-bogota-y-la-sabana\/\"]}]},{\"@type\":\"ImageObject\",\"inLanguage\":\"es\",\"@id\":\"https:\/\/noti-america.com\/site\/colombia\/2024\/01\/25\/mas-de-1-millon-de-m%c2%b2-de-bodegas-se-proyectan-para-los-proximos-anos-en-bogota-y-la-sabana\/#primaryimage\",\"url\":\"https:\/\/noti-america.com\/site\/colombia\/wp-content\/uploads\/sites\/20\/2024\/01\/WhatsApp-Image-2024-01-19-at-2.54.11-PM.jpeg\",\"contentUrl\":\"https:\/\/noti-america.com\/site\/colombia\/wp-content\/uploads\/sites\/20\/2024\/01\/WhatsApp-Image-2024-01-19-at-2.54.11-PM.jpeg\",\"width\":1280,\"height\":852},{\"@type\":\"BreadcrumbList\",\"@id\":\"https:\/\/noti-america.com\/site\/colombia\/2024\/01\/25\/mas-de-1-millon-de-m%c2%b2-de-bodegas-se-proyectan-para-los-proximos-anos-en-bogota-y-la-sabana\/#breadcrumb\",\"itemListElement\":[{\"@type\":\"ListItem\",\"position\":1,\"name\":\"Portada\",\"item\":\"https:\/\/noti-america.com\/site\/colombia\/\"},{\"@type\":\"ListItem\",\"position\":2,\"name\":\"M\u00e1s de 1 mill\u00f3n de m\u00b2 de bodegas se proyectan para los pr\u00f3ximos a\u00f1os en Bogot\u00e1 y la Sabana\"}]},{\"@type\":\"WebSite\",\"@id\":\"https:\/\/noti-america.com\/site\/colombia\/#website\",\"url\":\"https:\/\/noti-america.com\/site\/colombia\/\",\"name\":\"Colombia | Noti-America.com\",\"description\":\"\",\"potentialAction\":[{\"@type\":\"SearchAction\",\"target\":{\"@type\":\"EntryPoint\",\"urlTemplate\":\"https:\/\/noti-america.com\/site\/colombia\/?s={search_term_string}\"},\"query-input\":{\"@type\":\"PropertyValueSpecification\",\"valueRequired\":true,\"valueName\":\"search_term_string\"}}],\"inLanguage\":\"es\"},{\"@type\":\"Person\",\"@id\":\"https:\/\/noti-america.com\/site\/colombia\/#\/schema\/person\/4b216aa1c65f5f3ee2a0f0ee69a3f85f\",\"name\":\"mlenis\",\"image\":{\"@type\":\"ImageObject\",\"inLanguage\":\"es\",\"@id\":\"https:\/\/secure.gravatar.com\/avatar\/71bbe7129a082888d49bedca63e7a6e75ca485c648bb239a7515a2a55acd510f?s=96&d=mm&r=g\",\"url\":\"https:\/\/secure.gravatar.com\/avatar\/71bbe7129a082888d49bedca63e7a6e75ca485c648bb239a7515a2a55acd510f?s=96&d=mm&r=g\",\"contentUrl\":\"https:\/\/secure.gravatar.com\/avatar\/71bbe7129a082888d49bedca63e7a6e75ca485c648bb239a7515a2a55acd510f?s=96&d=mm&r=g\",\"caption\":\"mlenis\"},\"url\":\"https:\/\/noti-america.com\/site\/colombia\/author\/mlenis\/\"}]}<\/script>\n<!-- \/ Yoast SEO Premium plugin. -->","yoast_head_json":{"title":"M\u00e1s de 1 mill\u00f3n de m\u00b2 de bodegas se proyectan para los pr\u00f3ximos a\u00f1os en Bogot\u00e1 y la Sabana - Colombia | Noti-America.com","robots":{"index":"index","follow":"follow","max-snippet":"max-snippet:-1","max-image-preview":"max-image-preview:large","max-video-preview":"max-video-preview:-1"},"canonical":"https:\/\/noti-america.com\/site\/colombia\/2024\/01\/25\/mas-de-1-millon-de-m\u00b2-de-bodegas-se-proyectan-para-los-proximos-anos-en-bogota-y-la-sabana\/","og_locale":"es_ES","og_type":"article","og_title":"M\u00e1s de 1 mill\u00f3n de m\u00b2 de bodegas se proyectan para los pr\u00f3ximos a\u00f1os en Bogot\u00e1 y la Sabana","og_description":"NOTI-AMERICA | COLOMBIA El mercado industrial vive uno de sus mejores momentos, con constantes indicadores positivos, como lo demuestran las cifras del estudio de Cushman &amp; Wakefield. La vacancia sigue la tendencia a la&#46;&#46;&#46;","og_url":"https:\/\/noti-america.com\/site\/colombia\/2024\/01\/25\/mas-de-1-millon-de-m\u00b2-de-bodegas-se-proyectan-para-los-proximos-anos-en-bogota-y-la-sabana\/","og_site_name":"Colombia | Noti-America.com","article_published_time":"2024-01-25T22:45:49+00:00","og_image":[{"width":1280,"height":852,"url":"https:\/\/noti-america.com\/site\/colombia\/wp-content\/uploads\/sites\/20\/2024\/01\/WhatsApp-Image-2024-01-19-at-2.54.11-PM.jpeg","type":"image\/jpeg"}],"author":"mlenis","twitter_card":"summary_large_image","twitter_creator":"@notiamerica","twitter_site":"@notiamerica","twitter_misc":{"Escrito por":"mlenis","Tiempo estimado de lectura":"4 minutos"},"schema":{"@context":"https:\/\/schema.org","@graph":[{"@type":"Article","@id":"https:\/\/noti-america.com\/site\/colombia\/2024\/01\/25\/mas-de-1-millon-de-m%c2%b2-de-bodegas-se-proyectan-para-los-proximos-anos-en-bogota-y-la-sabana\/#article","isPartOf":{"@id":"https:\/\/noti-america.com\/site\/colombia\/2024\/01\/25\/mas-de-1-millon-de-m%c2%b2-de-bodegas-se-proyectan-para-los-proximos-anos-en-bogota-y-la-sabana\/"},"author":{"name":"mlenis","@id":"https:\/\/noti-america.com\/site\/colombia\/#\/schema\/person\/4b216aa1c65f5f3ee2a0f0ee69a3f85f"},"headline":"M\u00e1s de 1 mill\u00f3n de m\u00b2 de bodegas se proyectan para los pr\u00f3ximos a\u00f1os en Bogot\u00e1 y la Sabana","datePublished":"2024-01-25T22:45:49+00:00","mainEntityOfPage":{"@id":"https:\/\/noti-america.com\/site\/colombia\/2024\/01\/25\/mas-de-1-millon-de-m%c2%b2-de-bodegas-se-proyectan-para-los-proximos-anos-en-bogota-y-la-sabana\/"},"wordCount":697,"commentCount":0,"image":{"@id":"https:\/\/noti-america.com\/site\/colombia\/2024\/01\/25\/mas-de-1-millon-de-m%c2%b2-de-bodegas-se-proyectan-para-los-proximos-anos-en-bogota-y-la-sabana\/#primaryimage"},"thumbnailUrl":"https:\/\/noti-america.com\/site\/colombia\/wp-content\/uploads\/sites\/20\/2024\/01\/WhatsApp-Image-2024-01-19-at-2.54.11-PM.jpeg","articleSection":["Actualidad"],"inLanguage":"es","potentialAction":[{"@type":"CommentAction","name":"Comment","target":["https:\/\/noti-america.com\/site\/colombia\/2024\/01\/25\/mas-de-1-millon-de-m%c2%b2-de-bodegas-se-proyectan-para-los-proximos-anos-en-bogota-y-la-sabana\/#respond"]}]},{"@type":"WebPage","@id":"https:\/\/noti-america.com\/site\/colombia\/2024\/01\/25\/mas-de-1-millon-de-m%c2%b2-de-bodegas-se-proyectan-para-los-proximos-anos-en-bogota-y-la-sabana\/","url":"https:\/\/noti-america.com\/site\/colombia\/2024\/01\/25\/mas-de-1-millon-de-m%c2%b2-de-bodegas-se-proyectan-para-los-proximos-anos-en-bogota-y-la-sabana\/","name":"M\u00e1s de 1 mill\u00f3n de m\u00b2 de bodegas se proyectan para los pr\u00f3ximos a\u00f1os en Bogot\u00e1 y la Sabana - Colombia | Noti-America.com","isPartOf":{"@id":"https:\/\/noti-america.com\/site\/colombia\/#website"},"primaryImageOfPage":{"@id":"https:\/\/noti-america.com\/site\/colombia\/2024\/01\/25\/mas-de-1-millon-de-m%c2%b2-de-bodegas-se-proyectan-para-los-proximos-anos-en-bogota-y-la-sabana\/#primaryimage"},"image":{"@id":"https:\/\/noti-america.com\/site\/colombia\/2024\/01\/25\/mas-de-1-millon-de-m%c2%b2-de-bodegas-se-proyectan-para-los-proximos-anos-en-bogota-y-la-sabana\/#primaryimage"},"thumbnailUrl":"https:\/\/noti-america.com\/site\/colombia\/wp-content\/uploads\/sites\/20\/2024\/01\/WhatsApp-Image-2024-01-19-at-2.54.11-PM.jpeg","datePublished":"2024-01-25T22:45:49+00:00","author":{"@id":"https:\/\/noti-america.com\/site\/colombia\/#\/schema\/person\/4b216aa1c65f5f3ee2a0f0ee69a3f85f"},"breadcrumb":{"@id":"https:\/\/noti-america.com\/site\/colombia\/2024\/01\/25\/mas-de-1-millon-de-m%c2%b2-de-bodegas-se-proyectan-para-los-proximos-anos-en-bogota-y-la-sabana\/#breadcrumb"},"inLanguage":"es","potentialAction":[{"@type":"ReadAction","target":["https:\/\/noti-america.com\/site\/colombia\/2024\/01\/25\/mas-de-1-millon-de-m%c2%b2-de-bodegas-se-proyectan-para-los-proximos-anos-en-bogota-y-la-sabana\/"]}]},{"@type":"ImageObject","inLanguage":"es","@id":"https:\/\/noti-america.com\/site\/colombia\/2024\/01\/25\/mas-de-1-millon-de-m%c2%b2-de-bodegas-se-proyectan-para-los-proximos-anos-en-bogota-y-la-sabana\/#primaryimage","url":"https:\/\/noti-america.com\/site\/colombia\/wp-content\/uploads\/sites\/20\/2024\/01\/WhatsApp-Image-2024-01-19-at-2.54.11-PM.jpeg","contentUrl":"https:\/\/noti-america.com\/site\/colombia\/wp-content\/uploads\/sites\/20\/2024\/01\/WhatsApp-Image-2024-01-19-at-2.54.11-PM.jpeg","width":1280,"height":852},{"@type":"BreadcrumbList","@id":"https:\/\/noti-america.com\/site\/colombia\/2024\/01\/25\/mas-de-1-millon-de-m%c2%b2-de-bodegas-se-proyectan-para-los-proximos-anos-en-bogota-y-la-sabana\/#breadcrumb","itemListElement":[{"@type":"ListItem","position":1,"name":"Portada","item":"https:\/\/noti-america.com\/site\/colombia\/"},{"@type":"ListItem","position":2,"name":"M\u00e1s de 1 mill\u00f3n de m\u00b2 de bodegas se proyectan para los pr\u00f3ximos a\u00f1os en Bogot\u00e1 y la Sabana"}]},{"@type":"WebSite","@id":"https:\/\/noti-america.com\/site\/colombia\/#website","url":"https:\/\/noti-america.com\/site\/colombia\/","name":"Colombia | Noti-America.com","description":"","potentialAction":[{"@type":"SearchAction","target":{"@type":"EntryPoint","urlTemplate":"https:\/\/noti-america.com\/site\/colombia\/?s={search_term_string}"},"query-input":{"@type":"PropertyValueSpecification","valueRequired":true,"valueName":"search_term_string"}}],"inLanguage":"es"},{"@type":"Person","@id":"https:\/\/noti-america.com\/site\/colombia\/#\/schema\/person\/4b216aa1c65f5f3ee2a0f0ee69a3f85f","name":"mlenis","image":{"@type":"ImageObject","inLanguage":"es","@id":"https:\/\/secure.gravatar.com\/avatar\/71bbe7129a082888d49bedca63e7a6e75ca485c648bb239a7515a2a55acd510f?s=96&d=mm&r=g","url":"https:\/\/secure.gravatar.com\/avatar\/71bbe7129a082888d49bedca63e7a6e75ca485c648bb239a7515a2a55acd510f?s=96&d=mm&r=g","contentUrl":"https:\/\/secure.gravatar.com\/avatar\/71bbe7129a082888d49bedca63e7a6e75ca485c648bb239a7515a2a55acd510f?s=96&d=mm&r=g","caption":"mlenis"},"url":"https:\/\/noti-america.com\/site\/colombia\/author\/mlenis\/"}]}},"_links":{"self":[{"href":"https:\/\/noti-america.com\/site\/colombia\/wp-json\/wp\/v2\/posts\/13403","targetHints":{"allow":["GET"]}}],"collection":[{"href":"https:\/\/noti-america.com\/site\/colombia\/wp-json\/wp\/v2\/posts"}],"about":[{"href":"https:\/\/noti-america.com\/site\/colombia\/wp-json\/wp\/v2\/types\/post"}],"author":[{"embeddable":true,"href":"https:\/\/noti-america.com\/site\/colombia\/wp-json\/wp\/v2\/users\/135"}],"replies":[{"embeddable":true,"href":"https:\/\/noti-america.com\/site\/colombia\/wp-json\/wp\/v2\/comments?post=13403"}],"version-history":[{"count":1,"href":"https:\/\/noti-america.com\/site\/colombia\/wp-json\/wp\/v2\/posts\/13403\/revisions"}],"predecessor-version":[{"id":13405,"href":"https:\/\/noti-america.com\/site\/colombia\/wp-json\/wp\/v2\/posts\/13403\/revisions\/13405"}],"wp:featuredmedia":[{"embeddable":true,"href":"https:\/\/noti-america.com\/site\/colombia\/wp-json\/wp\/v2\/media\/13404"}],"wp:attachment":[{"href":"https:\/\/noti-america.com\/site\/colombia\/wp-json\/wp\/v2\/media?parent=13403"}],"wp:term":[{"taxonomy":"category","embeddable":true,"href":"https:\/\/noti-america.com\/site\/colombia\/wp-json\/wp\/v2\/categories?post=13403"},{"taxonomy":"post_tag","embeddable":true,"href":"https:\/\/noti-america.com\/site\/colombia\/wp-json\/wp\/v2\/tags?post=13403"}],"curies":[{"name":"wp","href":"https:\/\/api.w.org\/{rel}","templated":true}]}}