{"id":4073,"date":"2023-07-27T15:46:06","date_gmt":"2023-07-27T15:46:06","guid":{"rendered":"https:\/\/noti-america.com\/site\/chile\/?p=4073"},"modified":"2023-07-27T15:46:06","modified_gmt":"2023-07-27T15:46:06","slug":"la-entrevista-por-la-que-bukele-se-enojo-con-boric-y-lo-cruzo-por-twitter-poco-sentido-comun","status":"publish","type":"post","link":"https:\/\/noti-america.com\/site\/chile\/2023\/07\/27\/la-entrevista-por-la-que-bukele-se-enojo-con-boric-y-lo-cruzo-por-twitter-poco-sentido-comun\/","title":{"rendered":"La entrevista por la que Bukele se enoj\u00f3 con Boric y lo cruz\u00f3 por Twitter: \u201cPoco sentido com\u00fan\u201d"},"content":{"rendered":"<p>NOTI-AMERICA.COM | CHILE \u2013 La semana pasada, el presidente chileno Gabriel Boric concedi\u00f3 una entrevista a BBC Mundo desde Bruselas, en la que abord\u00f3 m\u00faltiples temas, uno de ellos la inseguridad, una de las mayores preocupaciones para los chilenos.<\/p>\n<p>En un momento dado, la periodista le pregunt\u00f3 qu\u00e9 opinaba sobre la implacable estrategia de seguridad del presidente de El Salvador, Nayib Bukele, que le ha tra\u00eddo una \u201cenorme popularidad\u201d.<\/p>\n<p>El mandatario chileno respondi\u00f3: \u201cCreo que si para conseguir un objetivo loable, que es el deseo de seguridad que tienen las grandes mayor\u00edas de la poblaci\u00f3n en cualquier pa\u00eds del mundo, se toman atajos en t\u00e9rminos de las convicciones democr\u00e1ticas y de respeto de los derechos humanos, finalmente eso tarde o temprano termina pagando la cuenta\u201d.<\/p>\n<p>\u201cEs cierto que alguien puede ser muy popular en un momento dado, y m\u00e1s all\u00e1 del caso de Bukele, yo por lo menos tengo la convicci\u00f3n de que para enfrentar la delincuencia tenemos que, por un lado, ser duros en la persecuci\u00f3n del delito, y decir que hay cosas que en nuestro pa\u00eds no son tolerables; y por otro, entender cu\u00e1les son los motivos profundos que generan que el narcotr\u00e1fico tenga espacio donde avanzar\u201d, agreg\u00f3.<\/p>\n<p>Boric luego matiz\u00f3 algunas cr\u00edticas por ignorar problemas de fondo a la estrategia de Bukele y su estado de excepci\u00f3n de m\u00e1s de un a\u00f1o, que ha sido efectivo en la reducci\u00f3n de la tasa de homicidios en El Salvador, pero igualmente cuestionado por las sistem\u00e1ticas violaciones reportadas de los derechos humanos de los presos y de la poblaci\u00f3n en general.<\/p>\n<p>En esa l\u00ednea plante\u00f3 un posible escenario. \u201cPor qu\u00e9, por ejemplo, hay j\u00f3venes a los que les resulta m\u00e1s atractivo ser un soldado narco que ir al colegio. Y cuando nos hacemos esa pregunta, no podemos pensarlo solo desde la perspectiva de la represi\u00f3n sino tambi\u00e9n c\u00f3mo fortalecemos los lazos con las escuelas, c\u00f3mo generamos mayor asociatividad en los barrios, c\u00f3mo el Estado se hace presente con sus servicios a trav\u00e9s de las diferentes instituciones\u201d.<\/p>\n<p>\u201cEntonces me parece que es una pol\u00edtica que tiene varias dimensiones. Cuando solo se enfoca desde la cu\u00f1a de qui\u00e9n es el m\u00e1s duro o categ\u00f3rico, o las medidas m\u00e1s extremas para combatir la delincuencia, al final no estamos solucionando el tema de fondo y es pan para hoy y hambre para ma\u00f1ana\u201d, remat\u00f3.<\/p>\n","protected":false},"excerpt":{"rendered":"<p>NOTI-AMERICA.COM | CHILE \u2013 La semana pasada, el presidente chileno Gabriel Boric concedi\u00f3 una entrevista a BBC Mundo desde Bruselas, en la que abord\u00f3 m\u00faltiples temas, uno de ellos la inseguridad, una de las&#46;&#46;&#46;<\/p>\n","protected":false},"author":133,"featured_media":4074,"comment_status":"open","ping_status":"open","sticky":false,"template":"","format":"image","meta":{"_acf_changed":false,"om_disable_all_campaigns":false,"rop_custom_images_group":[],"rop_custom_messages_group":[],"rop_publish_now":"initial","rop_publish_now_accounts":{"twitter_242054905_242054905":""},"rop_publish_now_history":[],"rop_publish_now_status":"pending","_uf_show_specific_survey":0,"_uf_disable_surveys":false,"footnotes":""},"categories":[46],"tags":[],"class_list":["post-4073","post","type-post","status-publish","format-image","has-post-thumbnail","hentry","category-actualidad","post_format-post-format-image"],"acf":[],"aioseo_notices":[],"yoast_head":"<!-- This site is optimized with the Yoast SEO Premium plugin v24.9 (Yoast SEO v27.2) - https:\/\/yoast.com\/product\/yoast-seo-premium-wordpress\/ -->\n<title>La entrevista por la que Bukele se enoj\u00f3 con Boric y lo cruz\u00f3 por Twitter: \u201cPoco sentido com\u00fan\u201d - Chile | Noti-America.com<\/title>\n<meta name=\"robots\" content=\"index, follow, max-snippet:-1, max-image-preview:large, max-video-preview:-1\" \/>\n<link rel=\"canonical\" href=\"https:\/\/noti-america.com\/site\/chile\/2023\/07\/27\/la-entrevista-por-la-que-bukele-se-enojo-con-boric-y-lo-cruzo-por-twitter-poco-sentido-comun\/\" \/>\n<meta property=\"og:locale\" content=\"es_ES\" \/>\n<meta property=\"og:type\" content=\"article\" \/>\n<meta property=\"og:title\" content=\"La entrevista por la que Bukele se enoj\u00f3 con Boric y lo cruz\u00f3 por Twitter: \u201cPoco sentido com\u00fan\u201d\" \/>\n<meta property=\"og:description\" content=\"NOTI-AMERICA.COM | CHILE \u2013 La semana pasada, el presidente chileno Gabriel Boric concedi\u00f3 una entrevista a BBC Mundo desde Bruselas, en la que abord\u00f3 m\u00faltiples temas, uno de ellos la inseguridad, una de las&#046;&#046;&#046;\" \/>\n<meta property=\"og:url\" content=\"https:\/\/noti-america.com\/site\/chile\/2023\/07\/27\/la-entrevista-por-la-que-bukele-se-enojo-con-boric-y-lo-cruzo-por-twitter-poco-sentido-comun\/\" \/>\n<meta property=\"og:site_name\" content=\"Chile | Noti-America.com\" \/>\n<meta property=\"article:author\" content=\"Mar\u00eda Valentina Noguera\" \/>\n<meta property=\"article:published_time\" content=\"2023-07-27T15:46:06+00:00\" \/>\n<meta property=\"og:image\" content=\"https:\/\/noti-america.com\/site\/chile\/wp-content\/uploads\/sites\/21\/2023\/07\/Nayib-Bukele-925x470-1.jpg\" \/>\n\t<meta property=\"og:image:width\" content=\"925\" \/>\n\t<meta property=\"og:image:height\" content=\"470\" \/>\n\t<meta property=\"og:image:type\" content=\"image\/jpeg\" \/>\n<meta name=\"author\" content=\"Maria Valentina Noguera Medina\" \/>\n<meta name=\"twitter:card\" content=\"summary_large_image\" \/>\n<meta name=\"twitter:creator\" content=\"@notiamerica\" \/>\n<meta name=\"twitter:site\" content=\"@notiamerica\" \/>\n<meta name=\"twitter:label1\" content=\"Escrito por\" \/>\n\t<meta name=\"twitter:data1\" content=\"Maria Valentina Noguera Medina\" \/>\n\t<meta name=\"twitter:label2\" content=\"Tiempo estimado de lectura\" \/>\n\t<meta name=\"twitter:data2\" content=\"2 minutos\" \/>\n<script type=\"application\/ld+json\" class=\"yoast-schema-graph\">{\"@context\":\"https:\/\/schema.org\",\"@graph\":[{\"@type\":\"Article\",\"@id\":\"https:\/\/noti-america.com\/site\/chile\/2023\/07\/27\/la-entrevista-por-la-que-bukele-se-enojo-con-boric-y-lo-cruzo-por-twitter-poco-sentido-comun\/#article\",\"isPartOf\":{\"@id\":\"https:\/\/noti-america.com\/site\/chile\/2023\/07\/27\/la-entrevista-por-la-que-bukele-se-enojo-con-boric-y-lo-cruzo-por-twitter-poco-sentido-comun\/\"},\"author\":{\"name\":\"Maria Valentina Noguera Medina\",\"@id\":\"https:\/\/noti-america.com\/site\/chile\/#\/schema\/person\/22806efcc2cfc4b45efb0e17be210ea8\"},\"headline\":\"La entrevista por la que Bukele se enoj\u00f3 con Boric y lo cruz\u00f3 por Twitter: \u201cPoco sentido com\u00fan\u201d\",\"datePublished\":\"2023-07-27T15:46:06+00:00\",\"mainEntityOfPage\":{\"@id\":\"https:\/\/noti-america.com\/site\/chile\/2023\/07\/27\/la-entrevista-por-la-que-bukele-se-enojo-con-boric-y-lo-cruzo-por-twitter-poco-sentido-comun\/\"},\"wordCount\":444,\"commentCount\":0,\"publisher\":{\"@id\":\"https:\/\/noti-america.com\/site\/chile\/#organization\"},\"image\":{\"@id\":\"https:\/\/noti-america.com\/site\/chile\/2023\/07\/27\/la-entrevista-por-la-que-bukele-se-enojo-con-boric-y-lo-cruzo-por-twitter-poco-sentido-comun\/#primaryimage\"},\"thumbnailUrl\":\"https:\/\/noti-america.com\/site\/chile\/wp-content\/uploads\/sites\/21\/2023\/07\/Nayib-Bukele-925x470-1.jpg\",\"articleSection\":[\"Actualidad\"],\"inLanguage\":\"es\",\"potentialAction\":[{\"@type\":\"CommentAction\",\"name\":\"Comment\",\"target\":[\"https:\/\/noti-america.com\/site\/chile\/2023\/07\/27\/la-entrevista-por-la-que-bukele-se-enojo-con-boric-y-lo-cruzo-por-twitter-poco-sentido-comun\/#respond\"]}]},{\"@type\":\"WebPage\",\"@id\":\"https:\/\/noti-america.com\/site\/chile\/2023\/07\/27\/la-entrevista-por-la-que-bukele-se-enojo-con-boric-y-lo-cruzo-por-twitter-poco-sentido-comun\/\",\"url\":\"https:\/\/noti-america.com\/site\/chile\/2023\/07\/27\/la-entrevista-por-la-que-bukele-se-enojo-con-boric-y-lo-cruzo-por-twitter-poco-sentido-comun\/\",\"name\":\"La entrevista por la que Bukele se enoj\u00f3 con Boric y lo cruz\u00f3 por Twitter: \u201cPoco sentido com\u00fan\u201d - Chile | Noti-America.com\",\"isPartOf\":{\"@id\":\"https:\/\/noti-america.com\/site\/chile\/#website\"},\"primaryImageOfPage\":{\"@id\":\"https:\/\/noti-america.com\/site\/chile\/2023\/07\/27\/la-entrevista-por-la-que-bukele-se-enojo-con-boric-y-lo-cruzo-por-twitter-poco-sentido-comun\/#primaryimage\"},\"image\":{\"@id\":\"https:\/\/noti-america.com\/site\/chile\/2023\/07\/27\/la-entrevista-por-la-que-bukele-se-enojo-con-boric-y-lo-cruzo-por-twitter-poco-sentido-comun\/#primaryimage\"},\"thumbnailUrl\":\"https:\/\/noti-america.com\/site\/chile\/wp-content\/uploads\/sites\/21\/2023\/07\/Nayib-Bukele-925x470-1.jpg\",\"datePublished\":\"2023-07-27T15:46:06+00:00\",\"breadcrumb\":{\"@id\":\"https:\/\/noti-america.com\/site\/chile\/2023\/07\/27\/la-entrevista-por-la-que-bukele-se-enojo-con-boric-y-lo-cruzo-por-twitter-poco-sentido-comun\/#breadcrumb\"},\"inLanguage\":\"es\",\"potentialAction\":[{\"@type\":\"ReadAction\",\"target\":[\"https:\/\/noti-america.com\/site\/chile\/2023\/07\/27\/la-entrevista-por-la-que-bukele-se-enojo-con-boric-y-lo-cruzo-por-twitter-poco-sentido-comun\/\"]}]},{\"@type\":\"ImageObject\",\"inLanguage\":\"es\",\"@id\":\"https:\/\/noti-america.com\/site\/chile\/2023\/07\/27\/la-entrevista-por-la-que-bukele-se-enojo-con-boric-y-lo-cruzo-por-twitter-poco-sentido-comun\/#primaryimage\",\"url\":\"https:\/\/noti-america.com\/site\/chile\/wp-content\/uploads\/sites\/21\/2023\/07\/Nayib-Bukele-925x470-1.jpg\",\"contentUrl\":\"https:\/\/noti-america.com\/site\/chile\/wp-content\/uploads\/sites\/21\/2023\/07\/Nayib-Bukele-925x470-1.jpg\",\"width\":925,\"height\":470},{\"@type\":\"BreadcrumbList\",\"@id\":\"https:\/\/noti-america.com\/site\/chile\/2023\/07\/27\/la-entrevista-por-la-que-bukele-se-enojo-con-boric-y-lo-cruzo-por-twitter-poco-sentido-comun\/#breadcrumb\",\"itemListElement\":[{\"@type\":\"ListItem\",\"position\":1,\"name\":\"Portada\",\"item\":\"https:\/\/noti-america.com\/site\/chile\/\"},{\"@type\":\"ListItem\",\"position\":2,\"name\":\"La entrevista por la que Bukele se enoj\u00f3 con Boric y lo cruz\u00f3 por Twitter: \u201cPoco sentido com\u00fan\u201d\"}]},{\"@type\":\"WebSite\",\"@id\":\"https:\/\/noti-america.com\/site\/chile\/#website\",\"url\":\"https:\/\/noti-america.com\/site\/chile\/\",\"name\":\"Chile | Noti-America.com\",\"description\":\"\",\"publisher\":{\"@id\":\"https:\/\/noti-america.com\/site\/chile\/#organization\"},\"potentialAction\":[{\"@type\":\"SearchAction\",\"target\":{\"@type\":\"EntryPoint\",\"urlTemplate\":\"https:\/\/noti-america.com\/site\/chile\/?s={search_term_string}\"},\"query-input\":{\"@type\":\"PropertyValueSpecification\",\"valueRequired\":true,\"valueName\":\"search_term_string\"}}],\"inLanguage\":\"es\"},{\"@type\":\"Organization\",\"@id\":\"https:\/\/noti-america.com\/site\/chile\/#organization\",\"name\":\"Noti-America LLC | Chile\",\"url\":\"https:\/\/noti-america.com\/site\/chile\/\",\"logo\":{\"@type\":\"ImageObject\",\"inLanguage\":\"es\",\"@id\":\"https:\/\/noti-america.com\/site\/chile\/#\/schema\/logo\/image\/\",\"url\":\"https:\/\/noti-america.com\/site\/chile\/wp-content\/uploads\/sites\/21\/2020\/07\/LogoNA-4x3-1.jpg\",\"contentUrl\":\"https:\/\/noti-america.com\/site\/chile\/wp-content\/uploads\/sites\/21\/2020\/07\/LogoNA-4x3-1.jpg\",\"width\":1236,\"height\":1080,\"caption\":\"Noti-America LLC | Chile\"},\"image\":{\"@id\":\"https:\/\/noti-america.com\/site\/chile\/#\/schema\/logo\/image\/\"},\"sameAs\":[\"https:\/\/x.com\/notiamerica\"]},{\"@type\":\"Person\",\"@id\":\"https:\/\/noti-america.com\/site\/chile\/#\/schema\/person\/22806efcc2cfc4b45efb0e17be210ea8\",\"name\":\"Maria Valentina Noguera Medina\",\"image\":{\"@type\":\"ImageObject\",\"inLanguage\":\"es\",\"@id\":\"https:\/\/secure.gravatar.com\/avatar\/4ec5eb9d099f2608a49c9df6f7341f66f04f819cdffa09d56a7a0e91d2819d56?s=96&d=mm&r=g\",\"url\":\"https:\/\/secure.gravatar.com\/avatar\/4ec5eb9d099f2608a49c9df6f7341f66f04f819cdffa09d56a7a0e91d2819d56?s=96&d=mm&r=g\",\"contentUrl\":\"https:\/\/secure.gravatar.com\/avatar\/4ec5eb9d099f2608a49c9df6f7341f66f04f819cdffa09d56a7a0e91d2819d56?s=96&d=mm&r=g\",\"caption\":\"Maria Valentina Noguera Medina\"},\"description\":\"Periodista - noti-america - Promar Community Manager - Talento Plus Dise\u00f1adora\/ creadora de contenido...\",\"sameAs\":[\"Mar\u00eda Valentina Noguera\",\"https:\/\/www.facebook.com\/mariavalentina.noguera\",\"https:\/\/www.linkedin.com\/in\/mara-valentina-noguera-medina-373075165\/\",\"https:\/\/www.pinterest.es\/valentinanoguera95\/\",\"https:\/\/www.youtube.com\/channel\/UCdek6mbUZ-Tqqw0I63i4nmQ\"],\"url\":\"https:\/\/noti-america.com\/site\/chile\/author\/mnoguera\/\"}]}<\/script>\n<!-- \/ Yoast SEO Premium plugin. -->","yoast_head_json":{"title":"La entrevista por la que Bukele se enoj\u00f3 con Boric y lo cruz\u00f3 por Twitter: \u201cPoco sentido com\u00fan\u201d - Chile | Noti-America.com","robots":{"index":"index","follow":"follow","max-snippet":"max-snippet:-1","max-image-preview":"max-image-preview:large","max-video-preview":"max-video-preview:-1"},"canonical":"https:\/\/noti-america.com\/site\/chile\/2023\/07\/27\/la-entrevista-por-la-que-bukele-se-enojo-con-boric-y-lo-cruzo-por-twitter-poco-sentido-comun\/","og_locale":"es_ES","og_type":"article","og_title":"La entrevista por la que Bukele se enoj\u00f3 con Boric y lo cruz\u00f3 por Twitter: \u201cPoco sentido com\u00fan\u201d","og_description":"NOTI-AMERICA.COM | CHILE \u2013 La semana pasada, el presidente chileno Gabriel Boric concedi\u00f3 una entrevista a BBC Mundo desde Bruselas, en la que abord\u00f3 m\u00faltiples temas, uno de ellos la inseguridad, una de las&#46;&#46;&#46;","og_url":"https:\/\/noti-america.com\/site\/chile\/2023\/07\/27\/la-entrevista-por-la-que-bukele-se-enojo-con-boric-y-lo-cruzo-por-twitter-poco-sentido-comun\/","og_site_name":"Chile | Noti-America.com","article_author":"Mar\u00eda Valentina Noguera","article_published_time":"2023-07-27T15:46:06+00:00","og_image":[{"width":925,"height":470,"url":"https:\/\/noti-america.com\/site\/chile\/wp-content\/uploads\/sites\/21\/2023\/07\/Nayib-Bukele-925x470-1.jpg","type":"image\/jpeg"}],"author":"Maria Valentina Noguera Medina","twitter_card":"summary_large_image","twitter_creator":"@notiamerica","twitter_site":"@notiamerica","twitter_misc":{"Escrito por":"Maria Valentina Noguera Medina","Tiempo estimado de lectura":"2 minutos"},"schema":{"@context":"https:\/\/schema.org","@graph":[{"@type":"Article","@id":"https:\/\/noti-america.com\/site\/chile\/2023\/07\/27\/la-entrevista-por-la-que-bukele-se-enojo-con-boric-y-lo-cruzo-por-twitter-poco-sentido-comun\/#article","isPartOf":{"@id":"https:\/\/noti-america.com\/site\/chile\/2023\/07\/27\/la-entrevista-por-la-que-bukele-se-enojo-con-boric-y-lo-cruzo-por-twitter-poco-sentido-comun\/"},"author":{"name":"Maria Valentina Noguera Medina","@id":"https:\/\/noti-america.com\/site\/chile\/#\/schema\/person\/22806efcc2cfc4b45efb0e17be210ea8"},"headline":"La entrevista por la que Bukele se enoj\u00f3 con Boric y lo cruz\u00f3 por Twitter: \u201cPoco sentido com\u00fan\u201d","datePublished":"2023-07-27T15:46:06+00:00","mainEntityOfPage":{"@id":"https:\/\/noti-america.com\/site\/chile\/2023\/07\/27\/la-entrevista-por-la-que-bukele-se-enojo-con-boric-y-lo-cruzo-por-twitter-poco-sentido-comun\/"},"wordCount":444,"commentCount":0,"publisher":{"@id":"https:\/\/noti-america.com\/site\/chile\/#organization"},"image":{"@id":"https:\/\/noti-america.com\/site\/chile\/2023\/07\/27\/la-entrevista-por-la-que-bukele-se-enojo-con-boric-y-lo-cruzo-por-twitter-poco-sentido-comun\/#primaryimage"},"thumbnailUrl":"https:\/\/noti-america.com\/site\/chile\/wp-content\/uploads\/sites\/21\/2023\/07\/Nayib-Bukele-925x470-1.jpg","articleSection":["Actualidad"],"inLanguage":"es","potentialAction":[{"@type":"CommentAction","name":"Comment","target":["https:\/\/noti-america.com\/site\/chile\/2023\/07\/27\/la-entrevista-por-la-que-bukele-se-enojo-con-boric-y-lo-cruzo-por-twitter-poco-sentido-comun\/#respond"]}]},{"@type":"WebPage","@id":"https:\/\/noti-america.com\/site\/chile\/2023\/07\/27\/la-entrevista-por-la-que-bukele-se-enojo-con-boric-y-lo-cruzo-por-twitter-poco-sentido-comun\/","url":"https:\/\/noti-america.com\/site\/chile\/2023\/07\/27\/la-entrevista-por-la-que-bukele-se-enojo-con-boric-y-lo-cruzo-por-twitter-poco-sentido-comun\/","name":"La entrevista por la que Bukele se enoj\u00f3 con Boric y lo cruz\u00f3 por Twitter: \u201cPoco sentido com\u00fan\u201d - Chile | Noti-America.com","isPartOf":{"@id":"https:\/\/noti-america.com\/site\/chile\/#website"},"primaryImageOfPage":{"@id":"https:\/\/noti-america.com\/site\/chile\/2023\/07\/27\/la-entrevista-por-la-que-bukele-se-enojo-con-boric-y-lo-cruzo-por-twitter-poco-sentido-comun\/#primaryimage"},"image":{"@id":"https:\/\/noti-america.com\/site\/chile\/2023\/07\/27\/la-entrevista-por-la-que-bukele-se-enojo-con-boric-y-lo-cruzo-por-twitter-poco-sentido-comun\/#primaryimage"},"thumbnailUrl":"https:\/\/noti-america.com\/site\/chile\/wp-content\/uploads\/sites\/21\/2023\/07\/Nayib-Bukele-925x470-1.jpg","datePublished":"2023-07-27T15:46:06+00:00","breadcrumb":{"@id":"https:\/\/noti-america.com\/site\/chile\/2023\/07\/27\/la-entrevista-por-la-que-bukele-se-enojo-con-boric-y-lo-cruzo-por-twitter-poco-sentido-comun\/#breadcrumb"},"inLanguage":"es","potentialAction":[{"@type":"ReadAction","target":["https:\/\/noti-america.com\/site\/chile\/2023\/07\/27\/la-entrevista-por-la-que-bukele-se-enojo-con-boric-y-lo-cruzo-por-twitter-poco-sentido-comun\/"]}]},{"@type":"ImageObject","inLanguage":"es","@id":"https:\/\/noti-america.com\/site\/chile\/2023\/07\/27\/la-entrevista-por-la-que-bukele-se-enojo-con-boric-y-lo-cruzo-por-twitter-poco-sentido-comun\/#primaryimage","url":"https:\/\/noti-america.com\/site\/chile\/wp-content\/uploads\/sites\/21\/2023\/07\/Nayib-Bukele-925x470-1.jpg","contentUrl":"https:\/\/noti-america.com\/site\/chile\/wp-content\/uploads\/sites\/21\/2023\/07\/Nayib-Bukele-925x470-1.jpg","width":925,"height":470},{"@type":"BreadcrumbList","@id":"https:\/\/noti-america.com\/site\/chile\/2023\/07\/27\/la-entrevista-por-la-que-bukele-se-enojo-con-boric-y-lo-cruzo-por-twitter-poco-sentido-comun\/#breadcrumb","itemListElement":[{"@type":"ListItem","position":1,"name":"Portada","item":"https:\/\/noti-america.com\/site\/chile\/"},{"@type":"ListItem","position":2,"name":"La entrevista por la que Bukele se enoj\u00f3 con Boric y lo cruz\u00f3 por Twitter: \u201cPoco sentido com\u00fan\u201d"}]},{"@type":"WebSite","@id":"https:\/\/noti-america.com\/site\/chile\/#website","url":"https:\/\/noti-america.com\/site\/chile\/","name":"Chile | Noti-America.com","description":"","publisher":{"@id":"https:\/\/noti-america.com\/site\/chile\/#organization"},"potentialAction":[{"@type":"SearchAction","target":{"@type":"EntryPoint","urlTemplate":"https:\/\/noti-america.com\/site\/chile\/?s={search_term_string}"},"query-input":{"@type":"PropertyValueSpecification","valueRequired":true,"valueName":"search_term_string"}}],"inLanguage":"es"},{"@type":"Organization","@id":"https:\/\/noti-america.com\/site\/chile\/#organization","name":"Noti-America LLC | Chile","url":"https:\/\/noti-america.com\/site\/chile\/","logo":{"@type":"ImageObject","inLanguage":"es","@id":"https:\/\/noti-america.com\/site\/chile\/#\/schema\/logo\/image\/","url":"https:\/\/noti-america.com\/site\/chile\/wp-content\/uploads\/sites\/21\/2020\/07\/LogoNA-4x3-1.jpg","contentUrl":"https:\/\/noti-america.com\/site\/chile\/wp-content\/uploads\/sites\/21\/2020\/07\/LogoNA-4x3-1.jpg","width":1236,"height":1080,"caption":"Noti-America LLC | Chile"},"image":{"@id":"https:\/\/noti-america.com\/site\/chile\/#\/schema\/logo\/image\/"},"sameAs":["https:\/\/x.com\/notiamerica"]},{"@type":"Person","@id":"https:\/\/noti-america.com\/site\/chile\/#\/schema\/person\/22806efcc2cfc4b45efb0e17be210ea8","name":"Maria Valentina Noguera Medina","image":{"@type":"ImageObject","inLanguage":"es","@id":"https:\/\/secure.gravatar.com\/avatar\/4ec5eb9d099f2608a49c9df6f7341f66f04f819cdffa09d56a7a0e91d2819d56?s=96&d=mm&r=g","url":"https:\/\/secure.gravatar.com\/avatar\/4ec5eb9d099f2608a49c9df6f7341f66f04f819cdffa09d56a7a0e91d2819d56?s=96&d=mm&r=g","contentUrl":"https:\/\/secure.gravatar.com\/avatar\/4ec5eb9d099f2608a49c9df6f7341f66f04f819cdffa09d56a7a0e91d2819d56?s=96&d=mm&r=g","caption":"Maria Valentina Noguera Medina"},"description":"Periodista - noti-america - Promar Community Manager - Talento Plus Dise\u00f1adora\/ creadora de contenido...","sameAs":["Mar\u00eda Valentina Noguera","https:\/\/www.facebook.com\/mariavalentina.noguera","https:\/\/www.linkedin.com\/in\/mara-valentina-noguera-medina-373075165\/","https:\/\/www.pinterest.es\/valentinanoguera95\/","https:\/\/www.youtube.com\/channel\/UCdek6mbUZ-Tqqw0I63i4nmQ"],"url":"https:\/\/noti-america.com\/site\/chile\/author\/mnoguera\/"}]}},"_links":{"self":[{"href":"https:\/\/noti-america.com\/site\/chile\/wp-json\/wp\/v2\/posts\/4073","targetHints":{"allow":["GET"]}}],"collection":[{"href":"https:\/\/noti-america.com\/site\/chile\/wp-json\/wp\/v2\/posts"}],"about":[{"href":"https:\/\/noti-america.com\/site\/chile\/wp-json\/wp\/v2\/types\/post"}],"author":[{"embeddable":true,"href":"https:\/\/noti-america.com\/site\/chile\/wp-json\/wp\/v2\/users\/133"}],"replies":[{"embeddable":true,"href":"https:\/\/noti-america.com\/site\/chile\/wp-json\/wp\/v2\/comments?post=4073"}],"version-history":[{"count":1,"href":"https:\/\/noti-america.com\/site\/chile\/wp-json\/wp\/v2\/posts\/4073\/revisions"}],"predecessor-version":[{"id":4075,"href":"https:\/\/noti-america.com\/site\/chile\/wp-json\/wp\/v2\/posts\/4073\/revisions\/4075"}],"wp:featuredmedia":[{"embeddable":true,"href":"https:\/\/noti-america.com\/site\/chile\/wp-json\/wp\/v2\/media\/4074"}],"wp:attachment":[{"href":"https:\/\/noti-america.com\/site\/chile\/wp-json\/wp\/v2\/media?parent=4073"}],"wp:term":[{"taxonomy":"category","embeddable":true,"href":"https:\/\/noti-america.com\/site\/chile\/wp-json\/wp\/v2\/categories?post=4073"},{"taxonomy":"post_tag","embeddable":true,"href":"https:\/\/noti-america.com\/site\/chile\/wp-json\/wp\/v2\/tags?post=4073"}],"curies":[{"name":"wp","href":"https:\/\/api.w.org\/{rel}","templated":true}]}}