{"id":15181,"date":"2026-08-26T15:46:06","date_gmt":"2026-08-26T15:46:06","guid":{"rendered":"https:\/\/noti-america.com\/site\/chile\/?p=15181"},"modified":"2026-08-26T15:46:06","modified_gmt":"2026-08-26T15:46:06","slug":"rupert-grint-vuelve-como-ron-weasley-y-sorprende-a-los-fans-de-harry-potter","status":"publish","type":"post","link":"https:\/\/noti-america.com\/site\/chile\/2026\/08\/26\/rupert-grint-vuelve-como-ron-weasley-y-sorprende-a-los-fans-de-harry-potter\/","title":{"rendered":"Rupert Grint vuelve como Ron Weasley y sorprende a los fans de Harry Potter"},"content":{"rendered":"<p>NOTI-AMERICA.COM | CHILE<\/p>\n<p class=\"wp-block-paragraph\" style=\"text-align: justify\"><strong>Harry Potter y el legado maldito<\/strong>\u00a0confirm\u00f3 el regreso de\u00a0<strong>Rupert Grint<\/strong>\u00a0al papel que lo hizo famoso. El actor retomar\u00e1 a\u00a0<strong>Ron Weasley<\/strong>\u00a0en el escenario de Broadway, casi dos d\u00e9cadas despu\u00e9s de su \u00faltima aparici\u00f3n en la saga cinematogr\u00e1fica.<\/p>\n<h2 class=\"wp-block-heading\" style=\"text-align: justify\">Confirmado el regreso de Rupert Grint como Ron Weasley<\/h2>\n<p class=\"wp-block-paragraph\" style=\"text-align: justify\"><mark class=\"has-inline-color\"><strong>Grint<\/strong>\u00a0interpretar\u00e1 a la versi\u00f3n adulta de\u00a0<strong>Ron<\/strong>\u00a0durante\u00a0<strong>17<\/strong>\u00a0semanas, del\u00a0<strong>2 de febrero<\/strong>\u00a0al\u00a0<strong>30 de mayo de 2027<\/strong>, en el Lyric Theatre de Nueva York.<\/mark><\/p>\n<p class=\"wp-block-paragraph\" style=\"text-align: justify\">Se trata de una temporada limitada dentro de la exitosa obra teatral que contin\u00faa la historia de la saga casi dos d\u00e9cadas despu\u00e9s de los hechos de las pel\u00edculas.<\/p>\n<p class=\"wp-block-paragraph\" style=\"text-align: justify\">Antes del debut de\u00a0<strong>Grint<\/strong>\u00a0en la obra, los fans todav\u00eda pueden ver a su compa\u00f1ero de reparto en las pel\u00edculas originales,\u00a0<strong>Tom Felton<\/strong>, interpretando a\u00a0<strong>Draco Malfoy<\/strong>\u00a0en el mismo escenario hasta el\u00a0<strong>3 de enero de 2027<\/strong>.<\/p>\n<h2 class=\"wp-block-heading\" style=\"text-align: justify\">Lo que dice Rupert Grint sobre este regreso<\/h2>\n<p class=\"wp-block-paragraph\" style=\"text-align: justify\"><mark class=\"has-inline-color\">El actor comparti\u00f3 su emoci\u00f3n por este regreso en un comunicado:\u00a0<em>\u201c<strong>Ron Weasley<\/strong>\u00a0ha sido parte de m\u00ed desde que ten\u00eda\u00a0<strong>11<\/strong>\u00a0a\u00f1os\u201d<\/em>, dijo, describiendo la experiencia como algo especial precisamente porque ahora, tanto \u00e9l como el personaje, son padres.<\/mark><\/p>\n<p class=\"wp-block-paragraph\" style=\"text-align: justify\"><strong>Grint<\/strong>\u00a0tambi\u00e9n record\u00f3 la primera vez que vio la obra en escena, asegurando que qued\u00f3 completamente impresionado, y expres\u00f3 su entusiasmo por volver a pisar el and\u00e9n 9 \u00be junto al elenco y equipo del Lyric Theatre.<\/p>\n<p class=\"wp-block-paragraph\" style=\"text-align: justify\"><strong>Sonia Friedman<\/strong>\u00a0y\u00a0<strong>Colin Callender<\/strong>, dupla de productores detr\u00e1s de la obra, tambi\u00e9n celebraron el anuncio con un comunicado conjunto:\u00a0<em>\u201cnos sentimos enormemente privilegiados de recibir de vuelta a\u00a0<strong>Rupert Grint<\/strong>\u201c<\/em>\u00a0a este universo.<\/p>\n<p class=\"wp-block-paragraph\" style=\"text-align: justify\">Seg\u00fan explicaron, su interpretaci\u00f3n de\u00a0<strong>Ron<\/strong>\u00a0en las ocho pel\u00edculas defini\u00f3 para generaciones enteras lo que significa ser un amigo leal y valiente incluso frente a la adversidad.<\/p>\n<h2 class=\"wp-block-heading\" style=\"text-align: justify\">\u00bfDe qu\u00e9 trata Harry Potter y el Legado Maldito?<\/h2>\n<p class=\"wp-block-paragraph\" style=\"text-align: justify\">La obra est\u00e1 ambientada\u00a0<strong>19<\/strong>\u00a0a\u00f1os despu\u00e9s de los eventos narrados en\u00a0<strong>Harry Potter y las reliquias de la muerte<\/strong>, siguiendo a los hijos de los personajes originales mientras enfrentan las complicaciones del legado que heredaron de sus padres.<\/p>\n<p class=\"wp-block-paragraph\" style=\"text-align: justify\">Para\u00a0<strong>Grint<\/strong>, este regreso representa un momento particularmente circular: interpretar a un\u00a0<strong>Ron<\/strong>\u00a0adulto, ahora tambi\u00e9n padre, despu\u00e9s de haber crecido literalmente dentro de la piel del personaje desde la infancia.<\/p>\n<p class=\"wp-block-paragraph\" style=\"text-align: justify\"><mark class=\"has-inline-color\">Seg\u00fan los productores, su regreso construye un puente poderoso entre la historia que las audiencias conocieron por primera vez en pantalla y la historia sobre familia, legado y el paso del tiempo que narra esta obra.<\/mark><\/p>\n<h2 class=\"wp-block-heading\" style=\"text-align: justify\">\u00bfC\u00f3mo conseguir boletos?<\/h2>\n<p class=\"wp-block-paragraph\" style=\"text-align: justify\">Los fans interesados en conseguir boletos pueden registrarse en el sitio oficial de la producci\u00f3n para obtener acceso a la preventa, que arranca el\u00a0<strong>martes 1 de septiembre a las 11:00 a.m.<\/strong>, hora del este.<\/p>\n<p class=\"wp-block-paragraph\" style=\"text-align: justify\">La venta general al p\u00fablico comienza el\u00a0<strong>mi\u00e9rcoles 2 de septiembre<\/strong>\u00a0a la misma hora. Quienes se registren antes de las\u00a0<strong>5:59 p.m.<\/strong>, hora del este, del\u00a0<strong>31 de agosto<\/strong>, recibir\u00e1n el enlace de preventa por correo electr\u00f3nico al d\u00eda siguiente.<\/p>\n<h2 class=\"wp-block-heading\" style=\"text-align: justify\">El peso cultural de Harry Potter y el Legado Maldito<\/h2>\n<p class=\"wp-block-paragraph\" style=\"text-align: justify\">La obra debut\u00f3 en\u00a0<strong>Londres<\/strong>\u00a0en\u00a0<strong>2016<\/strong>\u00a0y desde entonces se ha convertido en un fen\u00f3meno teatral propio, ganando m\u00faltiples premios\u00a0<strong>Tony<\/strong>\u00a0y\u00a0<strong>Olivier<\/strong>\u00a0por su innovadora puesta en escena y efectos especiales realizados completamente en vivo.<\/p>\n<p class=\"wp-block-paragraph\" style=\"text-align: justify\">Su llegada a Broadway en 2018 consolid\u00f3 a la producci\u00f3n como una de las experiencias teatrales m\u00e1s buscadas por los fans de la saga alrededor del mundo, atrayendo tanto a seguidores de toda la vida como a nuevas audiencias que descubrieron la historia a trav\u00e9s del teatro.<\/p>\n<p class=\"wp-block-paragraph\" style=\"text-align: justify\"><mark class=\"has-inline-color\">El regreso de actores del elenco original de las pel\u00edculas, primero con\u00a0<strong>Felton<\/strong>\u00a0y ahora con\u00a0<strong>Grint<\/strong>, refleja el inter\u00e9s constante de la producci\u00f3n por mantener vivo el v\u00ednculo emocional entre los fans y los rostros que definieron a estos personajes.<\/mark><\/p>\n<p class=\"wp-block-paragraph\" style=\"text-align: justify\">Ese v\u00ednculo se construy\u00f3 en pantalla durante m\u00e1s de una d\u00e9cada, y ahora encuentra una nueva forma de expresarse sobre el escenario.<\/p>\n","protected":false},"excerpt":{"rendered":"<p>NOTI-AMERICA.COM | CHILE Harry Potter y el legado maldito\u00a0confirm\u00f3 el regreso de\u00a0Rupert Grint\u00a0al papel que lo hizo famoso. El actor retomar\u00e1 a\u00a0Ron Weasley\u00a0en el escenario de Broadway, casi dos d\u00e9cadas despu\u00e9s de su \u00faltima&#46;&#46;&#46;<\/p>\n","protected":false},"author":133,"featured_media":15182,"comment_status":"open","ping_status":"open","sticky":false,"template":"","format":"image","meta":{"_acf_changed":false,"om_disable_all_campaigns":false,"rop_custom_images_group":[],"rop_custom_messages_group":[],"rop_publish_now":"no","rop_publish_now_accounts":{"twitter_242054905_242054905":""},"rop_publish_now_history":[{"account":"twitter_242054905_242054905","service":"twitter","timestamp":1787759195,"status":"error"}],"rop_publish_now_status":"done","_uf_show_specific_survey":0,"_uf_disable_surveys":false,"footnotes":""},"categories":[90],"tags":[],"class_list":["post-15181","post","type-post","status-publish","format-image","has-post-thumbnail","hentry","category-entretenimiento","post_format-post-format-image"],"acf":[],"aioseo_notices":[],"yoast_head":"<!-- This site is optimized with the Yoast SEO Premium plugin v24.9 (Yoast SEO v27.2) - https:\/\/yoast.com\/product\/yoast-seo-premium-wordpress\/ -->\n<title>Rupert Grint vuelve como Ron Weasley y sorprende a los fans de Harry Potter - Chile | Noti-America.com<\/title>\n<meta name=\"robots\" content=\"index, follow, max-snippet:-1, max-image-preview:large, max-video-preview:-1\" \/>\n<link rel=\"canonical\" href=\"https:\/\/noti-america.com\/site\/chile\/2026\/08\/26\/rupert-grint-vuelve-como-ron-weasley-y-sorprende-a-los-fans-de-harry-potter\/\" \/>\n<meta property=\"og:locale\" content=\"es_ES\" \/>\n<meta property=\"og:type\" content=\"article\" \/>\n<meta property=\"og:title\" content=\"Rupert Grint vuelve como Ron Weasley y sorprende a los fans de Harry Potter\" \/>\n<meta property=\"og:description\" content=\"NOTI-AMERICA.COM | CHILE Harry Potter y el legado maldito\u00a0confirm\u00f3 el regreso de\u00a0Rupert Grint\u00a0al papel que lo hizo famoso. El actor retomar\u00e1 a\u00a0Ron Weasley\u00a0en el escenario de Broadway, casi dos d\u00e9cadas despu\u00e9s de su \u00faltima&#046;&#046;&#046;\" \/>\n<meta property=\"og:url\" content=\"https:\/\/noti-america.com\/site\/chile\/2026\/08\/26\/rupert-grint-vuelve-como-ron-weasley-y-sorprende-a-los-fans-de-harry-potter\/\" \/>\n<meta property=\"og:site_name\" content=\"Chile | Noti-America.com\" \/>\n<meta property=\"article:author\" content=\"Mar\u00eda Valentina Noguera\" \/>\n<meta property=\"article:published_time\" content=\"2026-08-26T15:46:06+00:00\" \/>\n<meta property=\"og:image\" content=\"https:\/\/noti-america.com\/site\/chile\/wp-content\/uploads\/sites\/21\/2026\/08\/rupert-grint-harry-potter-ron-weasley-2-1024x576-1.jpg\" \/>\n\t<meta property=\"og:image:width\" content=\"1024\" \/>\n\t<meta property=\"og:image:height\" content=\"576\" \/>\n\t<meta property=\"og:image:type\" content=\"image\/jpeg\" \/>\n<meta name=\"author\" content=\"Maria Valentina Noguera Medina\" \/>\n<meta name=\"twitter:card\" content=\"summary_large_image\" \/>\n<meta name=\"twitter:creator\" content=\"@notiamerica\" \/>\n<meta name=\"twitter:site\" content=\"@notiamerica\" \/>\n<meta name=\"twitter:label1\" content=\"Escrito por\" \/>\n\t<meta name=\"twitter:data1\" content=\"Maria Valentina Noguera Medina\" \/>\n\t<meta name=\"twitter:label2\" content=\"Tiempo estimado de lectura\" \/>\n\t<meta name=\"twitter:data2\" content=\"4 minutos\" \/>\n<script type=\"application\/ld+json\" class=\"yoast-schema-graph\">{\"@context\":\"https:\/\/schema.org\",\"@graph\":[{\"@type\":\"Article\",\"@id\":\"https:\/\/noti-america.com\/site\/chile\/2026\/08\/26\/rupert-grint-vuelve-como-ron-weasley-y-sorprende-a-los-fans-de-harry-potter\/#article\",\"isPartOf\":{\"@id\":\"https:\/\/noti-america.com\/site\/chile\/2026\/08\/26\/rupert-grint-vuelve-como-ron-weasley-y-sorprende-a-los-fans-de-harry-potter\/\"},\"author\":{\"name\":\"Maria Valentina Noguera Medina\",\"@id\":\"https:\/\/noti-america.com\/site\/chile\/#\/schema\/person\/b0777fb8ad9a321dc446ddbbceae778f\"},\"headline\":\"Rupert Grint vuelve como Ron Weasley y sorprende a los fans de Harry Potter\",\"datePublished\":\"2026-08-26T15:46:06+00:00\",\"mainEntityOfPage\":{\"@id\":\"https:\/\/noti-america.com\/site\/chile\/2026\/08\/26\/rupert-grint-vuelve-como-ron-weasley-y-sorprende-a-los-fans-de-harry-potter\/\"},\"wordCount\":692,\"commentCount\":0,\"publisher\":{\"@id\":\"https:\/\/noti-america.com\/site\/chile\/#organization\"},\"image\":{\"@id\":\"https:\/\/noti-america.com\/site\/chile\/2026\/08\/26\/rupert-grint-vuelve-como-ron-weasley-y-sorprende-a-los-fans-de-harry-potter\/#primaryimage\"},\"thumbnailUrl\":\"https:\/\/noti-america.com\/site\/chile\/wp-content\/uploads\/sites\/21\/2026\/08\/rupert-grint-harry-potter-ron-weasley-2-1024x576-1.jpg\",\"articleSection\":[\"Entretenimiento\"],\"inLanguage\":\"es\",\"potentialAction\":[{\"@type\":\"CommentAction\",\"name\":\"Comment\",\"target\":[\"https:\/\/noti-america.com\/site\/chile\/2026\/08\/26\/rupert-grint-vuelve-como-ron-weasley-y-sorprende-a-los-fans-de-harry-potter\/#respond\"]}]},{\"@type\":\"WebPage\",\"@id\":\"https:\/\/noti-america.com\/site\/chile\/2026\/08\/26\/rupert-grint-vuelve-como-ron-weasley-y-sorprende-a-los-fans-de-harry-potter\/\",\"url\":\"https:\/\/noti-america.com\/site\/chile\/2026\/08\/26\/rupert-grint-vuelve-como-ron-weasley-y-sorprende-a-los-fans-de-harry-potter\/\",\"name\":\"Rupert Grint vuelve como Ron Weasley y sorprende a los fans de Harry Potter - Chile | Noti-America.com\",\"isPartOf\":{\"@id\":\"https:\/\/noti-america.com\/site\/chile\/#website\"},\"primaryImageOfPage\":{\"@id\":\"https:\/\/noti-america.com\/site\/chile\/2026\/08\/26\/rupert-grint-vuelve-como-ron-weasley-y-sorprende-a-los-fans-de-harry-potter\/#primaryimage\"},\"image\":{\"@id\":\"https:\/\/noti-america.com\/site\/chile\/2026\/08\/26\/rupert-grint-vuelve-como-ron-weasley-y-sorprende-a-los-fans-de-harry-potter\/#primaryimage\"},\"thumbnailUrl\":\"https:\/\/noti-america.com\/site\/chile\/wp-content\/uploads\/sites\/21\/2026\/08\/rupert-grint-harry-potter-ron-weasley-2-1024x576-1.jpg\",\"datePublished\":\"2026-08-26T15:46:06+00:00\",\"breadcrumb\":{\"@id\":\"https:\/\/noti-america.com\/site\/chile\/2026\/08\/26\/rupert-grint-vuelve-como-ron-weasley-y-sorprende-a-los-fans-de-harry-potter\/#breadcrumb\"},\"inLanguage\":\"es\",\"potentialAction\":[{\"@type\":\"ReadAction\",\"target\":[\"https:\/\/noti-america.com\/site\/chile\/2026\/08\/26\/rupert-grint-vuelve-como-ron-weasley-y-sorprende-a-los-fans-de-harry-potter\/\"]}]},{\"@type\":\"ImageObject\",\"inLanguage\":\"es\",\"@id\":\"https:\/\/noti-america.com\/site\/chile\/2026\/08\/26\/rupert-grint-vuelve-como-ron-weasley-y-sorprende-a-los-fans-de-harry-potter\/#primaryimage\",\"url\":\"https:\/\/noti-america.com\/site\/chile\/wp-content\/uploads\/sites\/21\/2026\/08\/rupert-grint-harry-potter-ron-weasley-2-1024x576-1.jpg\",\"contentUrl\":\"https:\/\/noti-america.com\/site\/chile\/wp-content\/uploads\/sites\/21\/2026\/08\/rupert-grint-harry-potter-ron-weasley-2-1024x576-1.jpg\",\"width\":1024,\"height\":576},{\"@type\":\"BreadcrumbList\",\"@id\":\"https:\/\/noti-america.com\/site\/chile\/2026\/08\/26\/rupert-grint-vuelve-como-ron-weasley-y-sorprende-a-los-fans-de-harry-potter\/#breadcrumb\",\"itemListElement\":[{\"@type\":\"ListItem\",\"position\":1,\"name\":\"Portada\",\"item\":\"https:\/\/noti-america.com\/site\/chile\/\"},{\"@type\":\"ListItem\",\"position\":2,\"name\":\"Rupert Grint vuelve como Ron Weasley y sorprende a los fans de Harry Potter\"}]},{\"@type\":\"WebSite\",\"@id\":\"https:\/\/noti-america.com\/site\/chile\/#website\",\"url\":\"https:\/\/noti-america.com\/site\/chile\/\",\"name\":\"Chile | Noti-America.com\",\"description\":\"\",\"publisher\":{\"@id\":\"https:\/\/noti-america.com\/site\/chile\/#organization\"},\"potentialAction\":[{\"@type\":\"SearchAction\",\"target\":{\"@type\":\"EntryPoint\",\"urlTemplate\":\"https:\/\/noti-america.com\/site\/chile\/?s={search_term_string}\"},\"query-input\":{\"@type\":\"PropertyValueSpecification\",\"valueRequired\":true,\"valueName\":\"search_term_string\"}}],\"inLanguage\":\"es\"},{\"@type\":\"Organization\",\"@id\":\"https:\/\/noti-america.com\/site\/chile\/#organization\",\"name\":\"Noti-America LLC | Chile\",\"url\":\"https:\/\/noti-america.com\/site\/chile\/\",\"logo\":{\"@type\":\"ImageObject\",\"inLanguage\":\"es\",\"@id\":\"https:\/\/noti-america.com\/site\/chile\/#\/schema\/logo\/image\/\",\"url\":\"https:\/\/noti-america.com\/site\/chile\/wp-content\/uploads\/sites\/21\/2020\/07\/LogoNA-4x3-1.jpg\",\"contentUrl\":\"https:\/\/noti-america.com\/site\/chile\/wp-content\/uploads\/sites\/21\/2020\/07\/LogoNA-4x3-1.jpg\",\"width\":1236,\"height\":1080,\"caption\":\"Noti-America LLC | Chile\"},\"image\":{\"@id\":\"https:\/\/noti-america.com\/site\/chile\/#\/schema\/logo\/image\/\"},\"sameAs\":[\"https:\/\/x.com\/notiamerica\"]},{\"@type\":\"Person\",\"@id\":\"https:\/\/noti-america.com\/site\/chile\/#\/schema\/person\/b0777fb8ad9a321dc446ddbbceae778f\",\"name\":\"Maria Valentina Noguera Medina\",\"image\":{\"@type\":\"ImageObject\",\"inLanguage\":\"es\",\"@id\":\"https:\/\/secure.gravatar.com\/avatar\/4ec5eb9d099f2608a49c9df6f7341f66f04f819cdffa09d56a7a0e91d2819d56?s=96&d=mm&r=g\",\"url\":\"https:\/\/secure.gravatar.com\/avatar\/4ec5eb9d099f2608a49c9df6f7341f66f04f819cdffa09d56a7a0e91d2819d56?s=96&d=mm&r=g\",\"contentUrl\":\"https:\/\/secure.gravatar.com\/avatar\/4ec5eb9d099f2608a49c9df6f7341f66f04f819cdffa09d56a7a0e91d2819d56?s=96&d=mm&r=g\",\"caption\":\"Maria Valentina Noguera Medina\"},\"description\":\"Periodista - noti-america - Promar Community Manager - Talento Plus Dise\u00f1adora\/ creadora de contenido...\",\"sameAs\":[\"Mar\u00eda Valentina Noguera\",\"https:\/\/www.facebook.com\/mariavalentina.noguera\",\"https:\/\/www.linkedin.com\/in\/mara-valentina-noguera-medina-373075165\/\",\"https:\/\/www.pinterest.es\/valentinanoguera95\/\",\"https:\/\/www.youtube.com\/channel\/UCdek6mbUZ-Tqqw0I63i4nmQ\"],\"url\":\"https:\/\/noti-america.com\/site\/chile\/author\/mnoguera\/\"}]}<\/script>\n<!-- \/ Yoast SEO Premium plugin. -->","yoast_head_json":{"title":"Rupert Grint vuelve como Ron Weasley y sorprende a los fans de Harry Potter - Chile | Noti-America.com","robots":{"index":"index","follow":"follow","max-snippet":"max-snippet:-1","max-image-preview":"max-image-preview:large","max-video-preview":"max-video-preview:-1"},"canonical":"https:\/\/noti-america.com\/site\/chile\/2026\/08\/26\/rupert-grint-vuelve-como-ron-weasley-y-sorprende-a-los-fans-de-harry-potter\/","og_locale":"es_ES","og_type":"article","og_title":"Rupert Grint vuelve como Ron Weasley y sorprende a los fans de Harry Potter","og_description":"NOTI-AMERICA.COM | CHILE Harry Potter y el legado maldito\u00a0confirm\u00f3 el regreso de\u00a0Rupert Grint\u00a0al papel que lo hizo famoso. El actor retomar\u00e1 a\u00a0Ron Weasley\u00a0en el escenario de Broadway, casi dos d\u00e9cadas despu\u00e9s de su \u00faltima&#46;&#46;&#46;","og_url":"https:\/\/noti-america.com\/site\/chile\/2026\/08\/26\/rupert-grint-vuelve-como-ron-weasley-y-sorprende-a-los-fans-de-harry-potter\/","og_site_name":"Chile | Noti-America.com","article_author":"Mar\u00eda Valentina Noguera","article_published_time":"2026-08-26T15:46:06+00:00","og_image":[{"width":1024,"height":576,"url":"https:\/\/noti-america.com\/site\/chile\/wp-content\/uploads\/sites\/21\/2026\/08\/rupert-grint-harry-potter-ron-weasley-2-1024x576-1.jpg","type":"image\/jpeg"}],"author":"Maria Valentina Noguera Medina","twitter_card":"summary_large_image","twitter_creator":"@notiamerica","twitter_site":"@notiamerica","twitter_misc":{"Escrito por":"Maria Valentina Noguera Medina","Tiempo estimado de lectura":"4 minutos"},"schema":{"@context":"https:\/\/schema.org","@graph":[{"@type":"Article","@id":"https:\/\/noti-america.com\/site\/chile\/2026\/08\/26\/rupert-grint-vuelve-como-ron-weasley-y-sorprende-a-los-fans-de-harry-potter\/#article","isPartOf":{"@id":"https:\/\/noti-america.com\/site\/chile\/2026\/08\/26\/rupert-grint-vuelve-como-ron-weasley-y-sorprende-a-los-fans-de-harry-potter\/"},"author":{"name":"Maria Valentina Noguera Medina","@id":"https:\/\/noti-america.com\/site\/chile\/#\/schema\/person\/b0777fb8ad9a321dc446ddbbceae778f"},"headline":"Rupert Grint vuelve como Ron Weasley y sorprende a los fans de Harry Potter","datePublished":"2026-08-26T15:46:06+00:00","mainEntityOfPage":{"@id":"https:\/\/noti-america.com\/site\/chile\/2026\/08\/26\/rupert-grint-vuelve-como-ron-weasley-y-sorprende-a-los-fans-de-harry-potter\/"},"wordCount":692,"commentCount":0,"publisher":{"@id":"https:\/\/noti-america.com\/site\/chile\/#organization"},"image":{"@id":"https:\/\/noti-america.com\/site\/chile\/2026\/08\/26\/rupert-grint-vuelve-como-ron-weasley-y-sorprende-a-los-fans-de-harry-potter\/#primaryimage"},"thumbnailUrl":"https:\/\/noti-america.com\/site\/chile\/wp-content\/uploads\/sites\/21\/2026\/08\/rupert-grint-harry-potter-ron-weasley-2-1024x576-1.jpg","articleSection":["Entretenimiento"],"inLanguage":"es","potentialAction":[{"@type":"CommentAction","name":"Comment","target":["https:\/\/noti-america.com\/site\/chile\/2026\/08\/26\/rupert-grint-vuelve-como-ron-weasley-y-sorprende-a-los-fans-de-harry-potter\/#respond"]}]},{"@type":"WebPage","@id":"https:\/\/noti-america.com\/site\/chile\/2026\/08\/26\/rupert-grint-vuelve-como-ron-weasley-y-sorprende-a-los-fans-de-harry-potter\/","url":"https:\/\/noti-america.com\/site\/chile\/2026\/08\/26\/rupert-grint-vuelve-como-ron-weasley-y-sorprende-a-los-fans-de-harry-potter\/","name":"Rupert Grint vuelve como Ron Weasley y sorprende a los fans de Harry Potter - Chile | Noti-America.com","isPartOf":{"@id":"https:\/\/noti-america.com\/site\/chile\/#website"},"primaryImageOfPage":{"@id":"https:\/\/noti-america.com\/site\/chile\/2026\/08\/26\/rupert-grint-vuelve-como-ron-weasley-y-sorprende-a-los-fans-de-harry-potter\/#primaryimage"},"image":{"@id":"https:\/\/noti-america.com\/site\/chile\/2026\/08\/26\/rupert-grint-vuelve-como-ron-weasley-y-sorprende-a-los-fans-de-harry-potter\/#primaryimage"},"thumbnailUrl":"https:\/\/noti-america.com\/site\/chile\/wp-content\/uploads\/sites\/21\/2026\/08\/rupert-grint-harry-potter-ron-weasley-2-1024x576-1.jpg","datePublished":"2026-08-26T15:46:06+00:00","breadcrumb":{"@id":"https:\/\/noti-america.com\/site\/chile\/2026\/08\/26\/rupert-grint-vuelve-como-ron-weasley-y-sorprende-a-los-fans-de-harry-potter\/#breadcrumb"},"inLanguage":"es","potentialAction":[{"@type":"ReadAction","target":["https:\/\/noti-america.com\/site\/chile\/2026\/08\/26\/rupert-grint-vuelve-como-ron-weasley-y-sorprende-a-los-fans-de-harry-potter\/"]}]},{"@type":"ImageObject","inLanguage":"es","@id":"https:\/\/noti-america.com\/site\/chile\/2026\/08\/26\/rupert-grint-vuelve-como-ron-weasley-y-sorprende-a-los-fans-de-harry-potter\/#primaryimage","url":"https:\/\/noti-america.com\/site\/chile\/wp-content\/uploads\/sites\/21\/2026\/08\/rupert-grint-harry-potter-ron-weasley-2-1024x576-1.jpg","contentUrl":"https:\/\/noti-america.com\/site\/chile\/wp-content\/uploads\/sites\/21\/2026\/08\/rupert-grint-harry-potter-ron-weasley-2-1024x576-1.jpg","width":1024,"height":576},{"@type":"BreadcrumbList","@id":"https:\/\/noti-america.com\/site\/chile\/2026\/08\/26\/rupert-grint-vuelve-como-ron-weasley-y-sorprende-a-los-fans-de-harry-potter\/#breadcrumb","itemListElement":[{"@type":"ListItem","position":1,"name":"Portada","item":"https:\/\/noti-america.com\/site\/chile\/"},{"@type":"ListItem","position":2,"name":"Rupert Grint vuelve como Ron Weasley y sorprende a los fans de Harry Potter"}]},{"@type":"WebSite","@id":"https:\/\/noti-america.com\/site\/chile\/#website","url":"https:\/\/noti-america.com\/site\/chile\/","name":"Chile | Noti-America.com","description":"","publisher":{"@id":"https:\/\/noti-america.com\/site\/chile\/#organization"},"potentialAction":[{"@type":"SearchAction","target":{"@type":"EntryPoint","urlTemplate":"https:\/\/noti-america.com\/site\/chile\/?s={search_term_string}"},"query-input":{"@type":"PropertyValueSpecification","valueRequired":true,"valueName":"search_term_string"}}],"inLanguage":"es"},{"@type":"Organization","@id":"https:\/\/noti-america.com\/site\/chile\/#organization","name":"Noti-America LLC | Chile","url":"https:\/\/noti-america.com\/site\/chile\/","logo":{"@type":"ImageObject","inLanguage":"es","@id":"https:\/\/noti-america.com\/site\/chile\/#\/schema\/logo\/image\/","url":"https:\/\/noti-america.com\/site\/chile\/wp-content\/uploads\/sites\/21\/2020\/07\/LogoNA-4x3-1.jpg","contentUrl":"https:\/\/noti-america.com\/site\/chile\/wp-content\/uploads\/sites\/21\/2020\/07\/LogoNA-4x3-1.jpg","width":1236,"height":1080,"caption":"Noti-America LLC | Chile"},"image":{"@id":"https:\/\/noti-america.com\/site\/chile\/#\/schema\/logo\/image\/"},"sameAs":["https:\/\/x.com\/notiamerica"]},{"@type":"Person","@id":"https:\/\/noti-america.com\/site\/chile\/#\/schema\/person\/b0777fb8ad9a321dc446ddbbceae778f","name":"Maria Valentina Noguera Medina","image":{"@type":"ImageObject","inLanguage":"es","@id":"https:\/\/secure.gravatar.com\/avatar\/4ec5eb9d099f2608a49c9df6f7341f66f04f819cdffa09d56a7a0e91d2819d56?s=96&d=mm&r=g","url":"https:\/\/secure.gravatar.com\/avatar\/4ec5eb9d099f2608a49c9df6f7341f66f04f819cdffa09d56a7a0e91d2819d56?s=96&d=mm&r=g","contentUrl":"https:\/\/secure.gravatar.com\/avatar\/4ec5eb9d099f2608a49c9df6f7341f66f04f819cdffa09d56a7a0e91d2819d56?s=96&d=mm&r=g","caption":"Maria Valentina Noguera Medina"},"description":"Periodista - noti-america - Promar Community Manager - Talento Plus Dise\u00f1adora\/ creadora de contenido...","sameAs":["Mar\u00eda Valentina Noguera","https:\/\/www.facebook.com\/mariavalentina.noguera","https:\/\/www.linkedin.com\/in\/mara-valentina-noguera-medina-373075165\/","https:\/\/www.pinterest.es\/valentinanoguera95\/","https:\/\/www.youtube.com\/channel\/UCdek6mbUZ-Tqqw0I63i4nmQ"],"url":"https:\/\/noti-america.com\/site\/chile\/author\/mnoguera\/"}]}},"_links":{"self":[{"href":"https:\/\/noti-america.com\/site\/chile\/wp-json\/wp\/v2\/posts\/15181","targetHints":{"allow":["GET"]}}],"collection":[{"href":"https:\/\/noti-america.com\/site\/chile\/wp-json\/wp\/v2\/posts"}],"about":[{"href":"https:\/\/noti-america.com\/site\/chile\/wp-json\/wp\/v2\/types\/post"}],"author":[{"embeddable":true,"href":"https:\/\/noti-america.com\/site\/chile\/wp-json\/wp\/v2\/users\/133"}],"replies":[{"embeddable":true,"href":"https:\/\/noti-america.com\/site\/chile\/wp-json\/wp\/v2\/comments?post=15181"}],"version-history":[{"count":1,"href":"https:\/\/noti-america.com\/site\/chile\/wp-json\/wp\/v2\/posts\/15181\/revisions"}],"predecessor-version":[{"id":15183,"href":"https:\/\/noti-america.com\/site\/chile\/wp-json\/wp\/v2\/posts\/15181\/revisions\/15183"}],"wp:featuredmedia":[{"embeddable":true,"href":"https:\/\/noti-america.com\/site\/chile\/wp-json\/wp\/v2\/media\/15182"}],"wp:attachment":[{"href":"https:\/\/noti-america.com\/site\/chile\/wp-json\/wp\/v2\/media?parent=15181"}],"wp:term":[{"taxonomy":"category","embeddable":true,"href":"https:\/\/noti-america.com\/site\/chile\/wp-json\/wp\/v2\/categories?post=15181"},{"taxonomy":"post_tag","embeddable":true,"href":"https:\/\/noti-america.com\/site\/chile\/wp-json\/wp\/v2\/tags?post=15181"}],"curies":[{"name":"wp","href":"https:\/\/api.w.org\/{rel}","templated":true}]}}