{"id":9133,"date":"2024-10-17T12:47:04","date_gmt":"2024-10-17T15:47:04","guid":{"rendered":"https:\/\/noti-america.com\/site\/argentina\/?p=9133"},"modified":"2024-10-17T12:47:04","modified_gmt":"2024-10-17T15:47:04","slug":"el-sindrome-de-desconexion-cognitiva","status":"publish","type":"post","link":"https:\/\/noti-america.com\/site\/argentina\/2024\/10\/17\/el-sindrome-de-desconexion-cognitiva\/","title":{"rendered":"El s\u00edndrome de desconexi\u00f3n cognitiva"},"content":{"rendered":"<p>NOTI-AMERICA.COM | ARGENTINA<\/p>\n<p style=\"text-align: justify\">\u00bfNotas que sue\u00f1as mucho despierto? \u00bfTe sientes lento a menudo y tiendes a desconectarte f\u00e1cilmente cuando realizas una tarea? Es posible que tengas s\u00edndrome de desvinculaci\u00f3n cognitiva o CDS, por sus siglas en ingl\u00e9s.<\/p>\n<p style=\"text-align: justify\">El CDS fue descrito por primera vez por psic\u00f3logos en las d\u00e9cadas de 1960 y 1970, cuando notaron que algunas personas mostraban estos rasgos de manera m\u00e1s persistente que otras.<\/p>\n<p style=\"text-align: justify\">Pero \u00bfpor qu\u00e9 se considera un s\u00edndrome y no simplemente un rasgo peculiar de la personalidad?<\/p>\n<p style=\"text-align: justify\">La distinci\u00f3n radica en el efecto. Para las personas con CDS, su comportamiento interfiere significativamente en su vida diaria, su rendimiento acad\u00e9mico y sus interacciones sociales.<\/p>\n<p style=\"text-align: justify\">Si bien todo el mundo sue\u00f1a despierto de vez en cuando, a las personas con CDS les resulta dif\u00edcil concentrarse en las tareas durante per\u00edodos prolongados. No se trata s\u00f3lo de falta de atenci\u00f3n o pereza, el CDS es un patr\u00f3n persistente que puede alterar la capacidad de una persona para tener \u00e9xito en diversas \u00e1reas de la vida.<\/p>\n<p style=\"text-align: justify\">A diferencia del trastorno por d\u00e9ficit de atenci\u00f3n con hiperactividad (TDAH), que incluye hiperactividad e impulsividad, el CDS se caracteriza por su \u00abritmo cognitivo lento\u00bb, un nombre con el que anteriormente se conoc\u00eda la afecci\u00f3n.<\/p>\n<p style=\"text-align: justify\">El s\u00edndrome no est\u00e1 reconocido como un \u00abtrastorno de atenci\u00f3n\u00bb distinto en el<\/p>\n<p style=\"text-align: justify\">\u00abManual diagn\u00f3stico y estad\u00edstico de trastornos mentales\u00bb, la clasificaci\u00f3n est\u00e1ndar de trastornos mentales utilizada por los profesionales en Estados Unidos.<\/p>\n<p style=\"text-align: justify\">Sin embargo, un creciente n\u00famero de investigaciones muestra que merece m\u00e1s atenci\u00f3n y debe considerarse por separado del TDAH.<\/p>\n<p style=\"text-align: justify\">Una forma de distinguirlos es que, si una persona tiene TDAH, puede concentrarse en algo, pero probablemente se distraiga y cambie su atenci\u00f3n a otra cosa. Si una persona tiene CDS, en primer lugar no puede concentrarse<\/p>\n","protected":false},"excerpt":{"rendered":"<p>NOTI-AMERICA.COM | ARGENTINA \u00bfNotas que sue\u00f1as mucho despierto? \u00bfTe sientes lento a menudo y tiendes a desconectarte f\u00e1cilmente cuando realizas una tarea? Es posible que tengas s\u00edndrome de desvinculaci\u00f3n cognitiva o CDS, por sus&#46;&#46;&#46;<\/p>\n","protected":false},"author":133,"featured_media":9135,"comment_status":"open","ping_status":"open","sticky":false,"template":"","format":"image","meta":{"_acf_changed":false,"om_disable_all_campaigns":false,"rop_custom_images_group":[],"rop_custom_messages_group":[],"rop_publish_now":"initial","rop_publish_now_accounts":{"twitter_242054905_242054905":""},"rop_publish_now_history":[],"rop_publish_now_status":"pending","_uf_show_specific_survey":0,"_uf_disable_surveys":false,"footnotes":""},"categories":[287],"tags":[],"class_list":["post-9133","post","type-post","status-publish","format-image","has-post-thumbnail","hentry","category-actualidad","post_format-post-format-image"],"acf":[],"aioseo_notices":[],"yoast_head":"<!-- This site is optimized with the Yoast SEO Premium plugin v24.9 (Yoast SEO v27.2) - https:\/\/yoast.com\/product\/yoast-seo-premium-wordpress\/ -->\n<title>El s\u00edndrome de desconexi\u00f3n cognitiva - Argentina | Noti-America.com<\/title>\n<meta name=\"robots\" content=\"index, follow, max-snippet:-1, max-image-preview:large, max-video-preview:-1\" \/>\n<link rel=\"canonical\" href=\"https:\/\/noti-america.com\/site\/argentina\/2024\/10\/17\/el-sindrome-de-desconexion-cognitiva\/\" \/>\n<meta property=\"og:locale\" content=\"es_ES\" \/>\n<meta property=\"og:type\" content=\"article\" \/>\n<meta property=\"og:title\" content=\"El s\u00edndrome de desconexi\u00f3n cognitiva\" \/>\n<meta property=\"og:description\" content=\"NOTI-AMERICA.COM | ARGENTINA \u00bfNotas que sue\u00f1as mucho despierto? \u00bfTe sientes lento a menudo y tiendes a desconectarte f\u00e1cilmente cuando realizas una tarea? Es posible que tengas s\u00edndrome de desvinculaci\u00f3n cognitiva o CDS, por sus&#046;&#046;&#046;\" \/>\n<meta property=\"og:url\" content=\"https:\/\/noti-america.com\/site\/argentina\/2024\/10\/17\/el-sindrome-de-desconexion-cognitiva\/\" \/>\n<meta property=\"og:site_name\" content=\"Argentina | Noti-America.com\" \/>\n<meta property=\"article:author\" content=\"Mar\u00eda Valentina Noguera\" \/>\n<meta property=\"article:published_time\" content=\"2024-10-17T15:47:04+00:00\" \/>\n<meta property=\"og:image\" content=\"https:\/\/noti-america.com\/site\/argentina\/wp-content\/uploads\/sites\/24\/2024\/10\/pexels-olly-920379.jpg\" \/>\n\t<meta property=\"og:image:width\" content=\"640\" \/>\n\t<meta property=\"og:image:height\" content=\"427\" \/>\n\t<meta property=\"og:image:type\" content=\"image\/jpeg\" \/>\n<meta name=\"author\" content=\"Maria Valentina Noguera Medina\" \/>\n<meta name=\"twitter:card\" content=\"summary_large_image\" \/>\n<meta name=\"twitter:creator\" content=\"@inotiamerica\" \/>\n<meta name=\"twitter:site\" content=\"@inotiamerica\" \/>\n<meta name=\"twitter:label1\" content=\"Escrito por\" \/>\n\t<meta name=\"twitter:data1\" content=\"Maria Valentina Noguera Medina\" \/>\n\t<meta name=\"twitter:label2\" content=\"Tiempo estimado de lectura\" \/>\n\t<meta name=\"twitter:data2\" content=\"2 minutos\" \/>\n<script type=\"application\/ld+json\" class=\"yoast-schema-graph\">{\"@context\":\"https:\/\/schema.org\",\"@graph\":[{\"@type\":\"Article\",\"@id\":\"https:\/\/noti-america.com\/site\/argentina\/2024\/10\/17\/el-sindrome-de-desconexion-cognitiva\/#article\",\"isPartOf\":{\"@id\":\"https:\/\/noti-america.com\/site\/argentina\/2024\/10\/17\/el-sindrome-de-desconexion-cognitiva\/\"},\"author\":{\"name\":\"Maria Valentina Noguera Medina\",\"@id\":\"https:\/\/noti-america.com\/site\/argentina\/#\/schema\/person\/22806efcc2cfc4b45efb0e17be210ea8\"},\"headline\":\"El s\u00edndrome de desconexi\u00f3n cognitiva\",\"datePublished\":\"2024-10-17T15:47:04+00:00\",\"mainEntityOfPage\":{\"@id\":\"https:\/\/noti-america.com\/site\/argentina\/2024\/10\/17\/el-sindrome-de-desconexion-cognitiva\/\"},\"wordCount\":328,\"commentCount\":0,\"publisher\":{\"@id\":\"https:\/\/noti-america.com\/site\/argentina\/#organization\"},\"image\":{\"@id\":\"https:\/\/noti-america.com\/site\/argentina\/2024\/10\/17\/el-sindrome-de-desconexion-cognitiva\/#primaryimage\"},\"thumbnailUrl\":\"https:\/\/noti-america.com\/site\/argentina\/wp-content\/uploads\/sites\/24\/2024\/10\/pexels-olly-920379.jpg\",\"articleSection\":[\"Actualidad\"],\"inLanguage\":\"es\",\"potentialAction\":[{\"@type\":\"CommentAction\",\"name\":\"Comment\",\"target\":[\"https:\/\/noti-america.com\/site\/argentina\/2024\/10\/17\/el-sindrome-de-desconexion-cognitiva\/#respond\"]}]},{\"@type\":\"WebPage\",\"@id\":\"https:\/\/noti-america.com\/site\/argentina\/2024\/10\/17\/el-sindrome-de-desconexion-cognitiva\/\",\"url\":\"https:\/\/noti-america.com\/site\/argentina\/2024\/10\/17\/el-sindrome-de-desconexion-cognitiva\/\",\"name\":\"El s\u00edndrome de desconexi\u00f3n cognitiva - Argentina | Noti-America.com\",\"isPartOf\":{\"@id\":\"https:\/\/noti-america.com\/site\/argentina\/#website\"},\"primaryImageOfPage\":{\"@id\":\"https:\/\/noti-america.com\/site\/argentina\/2024\/10\/17\/el-sindrome-de-desconexion-cognitiva\/#primaryimage\"},\"image\":{\"@id\":\"https:\/\/noti-america.com\/site\/argentina\/2024\/10\/17\/el-sindrome-de-desconexion-cognitiva\/#primaryimage\"},\"thumbnailUrl\":\"https:\/\/noti-america.com\/site\/argentina\/wp-content\/uploads\/sites\/24\/2024\/10\/pexels-olly-920379.jpg\",\"datePublished\":\"2024-10-17T15:47:04+00:00\",\"breadcrumb\":{\"@id\":\"https:\/\/noti-america.com\/site\/argentina\/2024\/10\/17\/el-sindrome-de-desconexion-cognitiva\/#breadcrumb\"},\"inLanguage\":\"es\",\"potentialAction\":[{\"@type\":\"ReadAction\",\"target\":[\"https:\/\/noti-america.com\/site\/argentina\/2024\/10\/17\/el-sindrome-de-desconexion-cognitiva\/\"]}]},{\"@type\":\"ImageObject\",\"inLanguage\":\"es\",\"@id\":\"https:\/\/noti-america.com\/site\/argentina\/2024\/10\/17\/el-sindrome-de-desconexion-cognitiva\/#primaryimage\",\"url\":\"https:\/\/noti-america.com\/site\/argentina\/wp-content\/uploads\/sites\/24\/2024\/10\/pexels-olly-920379.jpg\",\"contentUrl\":\"https:\/\/noti-america.com\/site\/argentina\/wp-content\/uploads\/sites\/24\/2024\/10\/pexels-olly-920379.jpg\",\"width\":640,\"height\":427},{\"@type\":\"BreadcrumbList\",\"@id\":\"https:\/\/noti-america.com\/site\/argentina\/2024\/10\/17\/el-sindrome-de-desconexion-cognitiva\/#breadcrumb\",\"itemListElement\":[{\"@type\":\"ListItem\",\"position\":1,\"name\":\"Portada\",\"item\":\"https:\/\/noti-america.com\/site\/argentina\/\"},{\"@type\":\"ListItem\",\"position\":2,\"name\":\"El s\u00edndrome de desconexi\u00f3n cognitiva\"}]},{\"@type\":\"WebSite\",\"@id\":\"https:\/\/noti-america.com\/site\/argentina\/#website\",\"url\":\"https:\/\/noti-america.com\/site\/argentina\/\",\"name\":\"Argentina | Noti-America.com\",\"description\":\"\",\"publisher\":{\"@id\":\"https:\/\/noti-america.com\/site\/argentina\/#organization\"},\"potentialAction\":[{\"@type\":\"SearchAction\",\"target\":{\"@type\":\"EntryPoint\",\"urlTemplate\":\"https:\/\/noti-america.com\/site\/argentina\/?s={search_term_string}\"},\"query-input\":{\"@type\":\"PropertyValueSpecification\",\"valueRequired\":true,\"valueName\":\"search_term_string\"}}],\"inLanguage\":\"es\"},{\"@type\":\"Organization\",\"@id\":\"https:\/\/noti-america.com\/site\/argentina\/#organization\",\"name\":\"Noti-America LLC | Argentina\",\"url\":\"https:\/\/noti-america.com\/site\/argentina\/\",\"logo\":{\"@type\":\"ImageObject\",\"inLanguage\":\"es\",\"@id\":\"https:\/\/noti-america.com\/site\/argentina\/#\/schema\/logo\/image\/\",\"url\":\"https:\/\/noti-america.com\/site\/argentina\/wp-content\/uploads\/sites\/24\/2020\/07\/LogoNA-4x3-1.jpg\",\"contentUrl\":\"https:\/\/noti-america.com\/site\/argentina\/wp-content\/uploads\/sites\/24\/2020\/07\/LogoNA-4x3-1.jpg\",\"width\":1236,\"height\":1080,\"caption\":\"Noti-America LLC | Argentina\"},\"image\":{\"@id\":\"https:\/\/noti-america.com\/site\/argentina\/#\/schema\/logo\/image\/\"},\"sameAs\":[\"https:\/\/x.com\/inotiamerica\"]},{\"@type\":\"Person\",\"@id\":\"https:\/\/noti-america.com\/site\/argentina\/#\/schema\/person\/22806efcc2cfc4b45efb0e17be210ea8\",\"name\":\"Maria Valentina Noguera Medina\",\"image\":{\"@type\":\"ImageObject\",\"inLanguage\":\"es\",\"@id\":\"https:\/\/secure.gravatar.com\/avatar\/4ec5eb9d099f2608a49c9df6f7341f66f04f819cdffa09d56a7a0e91d2819d56?s=96&d=mm&r=g\",\"url\":\"https:\/\/secure.gravatar.com\/avatar\/4ec5eb9d099f2608a49c9df6f7341f66f04f819cdffa09d56a7a0e91d2819d56?s=96&d=mm&r=g\",\"contentUrl\":\"https:\/\/secure.gravatar.com\/avatar\/4ec5eb9d099f2608a49c9df6f7341f66f04f819cdffa09d56a7a0e91d2819d56?s=96&d=mm&r=g\",\"caption\":\"Maria Valentina Noguera Medina\"},\"description\":\"Periodista - noti-america - Promar Community Manager - Talento Plus Dise\u00f1adora\/ creadora de contenido...\",\"sameAs\":[\"Mar\u00eda Valentina Noguera\",\"https:\/\/www.facebook.com\/mariavalentina.noguera\",\"https:\/\/www.linkedin.com\/in\/mara-valentina-noguera-medina-373075165\/\",\"https:\/\/www.pinterest.es\/valentinanoguera95\/\",\"https:\/\/www.youtube.com\/channel\/UCdek6mbUZ-Tqqw0I63i4nmQ\"],\"url\":\"https:\/\/noti-america.com\/site\/argentina\/author\/mnoguera\/\"}]}<\/script>\n<!-- \/ Yoast SEO Premium plugin. -->","yoast_head_json":{"title":"El s\u00edndrome de desconexi\u00f3n cognitiva - Argentina | Noti-America.com","robots":{"index":"index","follow":"follow","max-snippet":"max-snippet:-1","max-image-preview":"max-image-preview:large","max-video-preview":"max-video-preview:-1"},"canonical":"https:\/\/noti-america.com\/site\/argentina\/2024\/10\/17\/el-sindrome-de-desconexion-cognitiva\/","og_locale":"es_ES","og_type":"article","og_title":"El s\u00edndrome de desconexi\u00f3n cognitiva","og_description":"NOTI-AMERICA.COM | ARGENTINA \u00bfNotas que sue\u00f1as mucho despierto? \u00bfTe sientes lento a menudo y tiendes a desconectarte f\u00e1cilmente cuando realizas una tarea? Es posible que tengas s\u00edndrome de desvinculaci\u00f3n cognitiva o CDS, por sus&#46;&#46;&#46;","og_url":"https:\/\/noti-america.com\/site\/argentina\/2024\/10\/17\/el-sindrome-de-desconexion-cognitiva\/","og_site_name":"Argentina | Noti-America.com","article_author":"Mar\u00eda Valentina Noguera","article_published_time":"2024-10-17T15:47:04+00:00","og_image":[{"width":640,"height":427,"url":"https:\/\/noti-america.com\/site\/argentina\/wp-content\/uploads\/sites\/24\/2024\/10\/pexels-olly-920379.jpg","type":"image\/jpeg"}],"author":"Maria Valentina Noguera Medina","twitter_card":"summary_large_image","twitter_creator":"@inotiamerica","twitter_site":"@inotiamerica","twitter_misc":{"Escrito por":"Maria Valentina Noguera Medina","Tiempo estimado de lectura":"2 minutos"},"schema":{"@context":"https:\/\/schema.org","@graph":[{"@type":"Article","@id":"https:\/\/noti-america.com\/site\/argentina\/2024\/10\/17\/el-sindrome-de-desconexion-cognitiva\/#article","isPartOf":{"@id":"https:\/\/noti-america.com\/site\/argentina\/2024\/10\/17\/el-sindrome-de-desconexion-cognitiva\/"},"author":{"name":"Maria Valentina Noguera Medina","@id":"https:\/\/noti-america.com\/site\/argentina\/#\/schema\/person\/22806efcc2cfc4b45efb0e17be210ea8"},"headline":"El s\u00edndrome de desconexi\u00f3n cognitiva","datePublished":"2024-10-17T15:47:04+00:00","mainEntityOfPage":{"@id":"https:\/\/noti-america.com\/site\/argentina\/2024\/10\/17\/el-sindrome-de-desconexion-cognitiva\/"},"wordCount":328,"commentCount":0,"publisher":{"@id":"https:\/\/noti-america.com\/site\/argentina\/#organization"},"image":{"@id":"https:\/\/noti-america.com\/site\/argentina\/2024\/10\/17\/el-sindrome-de-desconexion-cognitiva\/#primaryimage"},"thumbnailUrl":"https:\/\/noti-america.com\/site\/argentina\/wp-content\/uploads\/sites\/24\/2024\/10\/pexels-olly-920379.jpg","articleSection":["Actualidad"],"inLanguage":"es","potentialAction":[{"@type":"CommentAction","name":"Comment","target":["https:\/\/noti-america.com\/site\/argentina\/2024\/10\/17\/el-sindrome-de-desconexion-cognitiva\/#respond"]}]},{"@type":"WebPage","@id":"https:\/\/noti-america.com\/site\/argentina\/2024\/10\/17\/el-sindrome-de-desconexion-cognitiva\/","url":"https:\/\/noti-america.com\/site\/argentina\/2024\/10\/17\/el-sindrome-de-desconexion-cognitiva\/","name":"El s\u00edndrome de desconexi\u00f3n cognitiva - Argentina | Noti-America.com","isPartOf":{"@id":"https:\/\/noti-america.com\/site\/argentina\/#website"},"primaryImageOfPage":{"@id":"https:\/\/noti-america.com\/site\/argentina\/2024\/10\/17\/el-sindrome-de-desconexion-cognitiva\/#primaryimage"},"image":{"@id":"https:\/\/noti-america.com\/site\/argentina\/2024\/10\/17\/el-sindrome-de-desconexion-cognitiva\/#primaryimage"},"thumbnailUrl":"https:\/\/noti-america.com\/site\/argentina\/wp-content\/uploads\/sites\/24\/2024\/10\/pexels-olly-920379.jpg","datePublished":"2024-10-17T15:47:04+00:00","breadcrumb":{"@id":"https:\/\/noti-america.com\/site\/argentina\/2024\/10\/17\/el-sindrome-de-desconexion-cognitiva\/#breadcrumb"},"inLanguage":"es","potentialAction":[{"@type":"ReadAction","target":["https:\/\/noti-america.com\/site\/argentina\/2024\/10\/17\/el-sindrome-de-desconexion-cognitiva\/"]}]},{"@type":"ImageObject","inLanguage":"es","@id":"https:\/\/noti-america.com\/site\/argentina\/2024\/10\/17\/el-sindrome-de-desconexion-cognitiva\/#primaryimage","url":"https:\/\/noti-america.com\/site\/argentina\/wp-content\/uploads\/sites\/24\/2024\/10\/pexels-olly-920379.jpg","contentUrl":"https:\/\/noti-america.com\/site\/argentina\/wp-content\/uploads\/sites\/24\/2024\/10\/pexels-olly-920379.jpg","width":640,"height":427},{"@type":"BreadcrumbList","@id":"https:\/\/noti-america.com\/site\/argentina\/2024\/10\/17\/el-sindrome-de-desconexion-cognitiva\/#breadcrumb","itemListElement":[{"@type":"ListItem","position":1,"name":"Portada","item":"https:\/\/noti-america.com\/site\/argentina\/"},{"@type":"ListItem","position":2,"name":"El s\u00edndrome de desconexi\u00f3n cognitiva"}]},{"@type":"WebSite","@id":"https:\/\/noti-america.com\/site\/argentina\/#website","url":"https:\/\/noti-america.com\/site\/argentina\/","name":"Argentina | Noti-America.com","description":"","publisher":{"@id":"https:\/\/noti-america.com\/site\/argentina\/#organization"},"potentialAction":[{"@type":"SearchAction","target":{"@type":"EntryPoint","urlTemplate":"https:\/\/noti-america.com\/site\/argentina\/?s={search_term_string}"},"query-input":{"@type":"PropertyValueSpecification","valueRequired":true,"valueName":"search_term_string"}}],"inLanguage":"es"},{"@type":"Organization","@id":"https:\/\/noti-america.com\/site\/argentina\/#organization","name":"Noti-America LLC | Argentina","url":"https:\/\/noti-america.com\/site\/argentina\/","logo":{"@type":"ImageObject","inLanguage":"es","@id":"https:\/\/noti-america.com\/site\/argentina\/#\/schema\/logo\/image\/","url":"https:\/\/noti-america.com\/site\/argentina\/wp-content\/uploads\/sites\/24\/2020\/07\/LogoNA-4x3-1.jpg","contentUrl":"https:\/\/noti-america.com\/site\/argentina\/wp-content\/uploads\/sites\/24\/2020\/07\/LogoNA-4x3-1.jpg","width":1236,"height":1080,"caption":"Noti-America LLC | Argentina"},"image":{"@id":"https:\/\/noti-america.com\/site\/argentina\/#\/schema\/logo\/image\/"},"sameAs":["https:\/\/x.com\/inotiamerica"]},{"@type":"Person","@id":"https:\/\/noti-america.com\/site\/argentina\/#\/schema\/person\/22806efcc2cfc4b45efb0e17be210ea8","name":"Maria Valentina Noguera Medina","image":{"@type":"ImageObject","inLanguage":"es","@id":"https:\/\/secure.gravatar.com\/avatar\/4ec5eb9d099f2608a49c9df6f7341f66f04f819cdffa09d56a7a0e91d2819d56?s=96&d=mm&r=g","url":"https:\/\/secure.gravatar.com\/avatar\/4ec5eb9d099f2608a49c9df6f7341f66f04f819cdffa09d56a7a0e91d2819d56?s=96&d=mm&r=g","contentUrl":"https:\/\/secure.gravatar.com\/avatar\/4ec5eb9d099f2608a49c9df6f7341f66f04f819cdffa09d56a7a0e91d2819d56?s=96&d=mm&r=g","caption":"Maria Valentina Noguera Medina"},"description":"Periodista - noti-america - Promar Community Manager - Talento Plus Dise\u00f1adora\/ creadora de contenido...","sameAs":["Mar\u00eda Valentina Noguera","https:\/\/www.facebook.com\/mariavalentina.noguera","https:\/\/www.linkedin.com\/in\/mara-valentina-noguera-medina-373075165\/","https:\/\/www.pinterest.es\/valentinanoguera95\/","https:\/\/www.youtube.com\/channel\/UCdek6mbUZ-Tqqw0I63i4nmQ"],"url":"https:\/\/noti-america.com\/site\/argentina\/author\/mnoguera\/"}]}},"_links":{"self":[{"href":"https:\/\/noti-america.com\/site\/argentina\/wp-json\/wp\/v2\/posts\/9133","targetHints":{"allow":["GET"]}}],"collection":[{"href":"https:\/\/noti-america.com\/site\/argentina\/wp-json\/wp\/v2\/posts"}],"about":[{"href":"https:\/\/noti-america.com\/site\/argentina\/wp-json\/wp\/v2\/types\/post"}],"author":[{"embeddable":true,"href":"https:\/\/noti-america.com\/site\/argentina\/wp-json\/wp\/v2\/users\/133"}],"replies":[{"embeddable":true,"href":"https:\/\/noti-america.com\/site\/argentina\/wp-json\/wp\/v2\/comments?post=9133"}],"version-history":[{"count":1,"href":"https:\/\/noti-america.com\/site\/argentina\/wp-json\/wp\/v2\/posts\/9133\/revisions"}],"predecessor-version":[{"id":9136,"href":"https:\/\/noti-america.com\/site\/argentina\/wp-json\/wp\/v2\/posts\/9133\/revisions\/9136"}],"wp:featuredmedia":[{"embeddable":true,"href":"https:\/\/noti-america.com\/site\/argentina\/wp-json\/wp\/v2\/media\/9135"}],"wp:attachment":[{"href":"https:\/\/noti-america.com\/site\/argentina\/wp-json\/wp\/v2\/media?parent=9133"}],"wp:term":[{"taxonomy":"category","embeddable":true,"href":"https:\/\/noti-america.com\/site\/argentina\/wp-json\/wp\/v2\/categories?post=9133"},{"taxonomy":"post_tag","embeddable":true,"href":"https:\/\/noti-america.com\/site\/argentina\/wp-json\/wp\/v2\/tags?post=9133"}],"curies":[{"name":"wp","href":"https:\/\/api.w.org\/{rel}","templated":true}]}}