{"id":9070,"date":"2024-10-12T11:08:26","date_gmt":"2024-10-12T14:08:26","guid":{"rendered":"https:\/\/noti-america.com\/site\/argentina\/?p=9070"},"modified":"2024-10-12T11:08:26","modified_gmt":"2024-10-12T14:08:26","slug":"la-caida-del-empleo-no-se-frena","status":"publish","type":"post","link":"https:\/\/noti-america.com\/site\/argentina\/2024\/10\/12\/la-caida-del-empleo-no-se-frena\/","title":{"rendered":"La ca\u00edda del empleo no se frena"},"content":{"rendered":"<p>NOTI-AMERICA.COM | ARGENTINA<\/p>\n<p style=\"text-align: justify\">La perdida de puestos de trabajo en el Gobierno no fren\u00f3 en julio, como dec\u00eda el oficialismo, y ya se acumulan 200 mil empleos menos desde que Javier Milei es Presidente. Seg\u00fan el Sistema Integrado Previsional Argentino (SIPA), el salario privado formal acumula diez meses de ca\u00edda. As\u00ed, entre asalariados en el sector privado, asalariados en el sector p\u00fablico y trabajadoras de casas particulares, durante el s\u00e9ptimo mes del a\u00f1o se registraron 10.200 empleos menos que en junio<\/p>\n<p style=\"text-align: justify\">En el segmento privado el retroceso fue de 8.900 fuentes laborales, por lo cual explic\u00f3 la mayor parte del deterioro del mercado laboral. Entre los empleados p\u00fablicos la baja neta represent\u00f3 unas 1.400 personas, mientras que el empleo en casas particulares mostr\u00f3 un incremento de 1.000 trabajadores (las cuales en su gran mayor\u00eda son mujeres).<\/p>\n<p style=\"text-align: justify\">Respecto de noviembre de 2023, previo a la llegada del nuevo Gobierno, fueron 196.400 los puestos de trabajo que se perdieron. De ellos, 146.500 fueron en el sector privado, 41.300 en el p\u00fablico y 8.700 en el segmento de casas particulares.<\/p>\n<p style=\"text-align: justify\">Hace unas semanas, el secretario de Trabajo, Julio Cordero, hab\u00eda intentado mostrar un quiebre en la tendencia de ca\u00edda del empleo, que no se termin\u00f3 dando. \u201cLos n\u00fameros muestran que, desde hace aproximadamente tres meses, estamos midiendo perfectamente c\u00f3mo viene la situaci\u00f3n. De junio a julio se observa una ca\u00edda, pero el \u00edndice que marca la disminuci\u00f3n del empleo qued\u00f3 neutro, y previamente la desocupaci\u00f3n no era alta\u201d, afirm\u00f3 el funcionario en declaraciones radiales. Pero el escenario sigue m\u00e1s que complicado.<\/p>\n<h2 style=\"text-align: justify\">\u00abEl mismo nivel de empleo que en 2015\u00bb<\/h2>\n<p style=\"text-align: justify\">Sobre el tema de la perdida de puestos de trabajo, Luis Campos, economista de la CTA y uno de los investigadores que mejor manejan n\u00fameros de empleo, expres\u00f3 que, en t\u00e9rminos absolutos, las empresas privadas tienen el mismo nivel de empleo que en 2015, con una poblaci\u00f3n que creci\u00f3 un 9% en el mismo per\u00edodo.<\/p>\n<p style=\"text-align: justify\">\u00abA nivel sectorial el foco de atenci\u00f3n sigue puesto en la industria manufacturera y en la construcci\u00f3n. Desde los m\u00e1ximos anteriores la industria lleva un retroceso de 33.617 trabajadores (-2,8%) y la construcci\u00f3n perdi\u00f3 100.103 trabajadores (-21,2%)\u00bb, profundiz\u00f3 en su cuenta de la red social X.<\/p>\n<p style=\"text-align: justify\">En este escenario, Campos concluy\u00f3 que, en el medio del desplome de los puestos de trabajo, \u00abuna buena, leve pero buena al fin, es que en agosto volvieron a caer las suspensiones. Todav\u00eda est\u00e1n en un rango relativamente alto en t\u00e9rminos hist\u00f3ricos, pero van dos meses seguidos de una ca\u00edda sostenida\u00bb.<\/p>\n","protected":false},"excerpt":{"rendered":"<p>NOTI-AMERICA.COM | ARGENTINA La perdida de puestos de trabajo en el Gobierno no fren\u00f3 en julio, como dec\u00eda el oficialismo, y ya se acumulan 200 mil empleos menos desde que Javier Milei es Presidente.&#46;&#46;&#46;<\/p>\n","protected":false},"author":133,"featured_media":9071,"comment_status":"open","ping_status":"open","sticky":false,"template":"","format":"image","meta":{"_acf_changed":false,"om_disable_all_campaigns":false,"rop_custom_images_group":[],"rop_custom_messages_group":[],"rop_publish_now":"initial","rop_publish_now_accounts":{"twitter_242054905_242054905":""},"rop_publish_now_history":[],"rop_publish_now_status":"pending","_uf_show_specific_survey":0,"_uf_disable_surveys":false,"footnotes":""},"categories":[287],"tags":[],"class_list":["post-9070","post","type-post","status-publish","format-image","has-post-thumbnail","hentry","category-actualidad","post_format-post-format-image"],"acf":[],"aioseo_notices":[],"yoast_head":"<!-- This site is optimized with the Yoast SEO Premium plugin v24.9 (Yoast SEO v27.2) - https:\/\/yoast.com\/product\/yoast-seo-premium-wordpress\/ -->\n<title>La ca\u00edda del empleo no se frena - Argentina | Noti-America.com<\/title>\n<meta name=\"robots\" content=\"index, follow, max-snippet:-1, max-image-preview:large, max-video-preview:-1\" \/>\n<link rel=\"canonical\" href=\"https:\/\/noti-america.com\/site\/argentina\/2024\/10\/12\/la-caida-del-empleo-no-se-frena\/\" \/>\n<meta property=\"og:locale\" content=\"es_ES\" \/>\n<meta property=\"og:type\" content=\"article\" \/>\n<meta property=\"og:title\" content=\"La ca\u00edda del empleo no se frena\" \/>\n<meta property=\"og:description\" content=\"NOTI-AMERICA.COM | ARGENTINA La perdida de puestos de trabajo en el Gobierno no fren\u00f3 en julio, como dec\u00eda el oficialismo, y ya se acumulan 200 mil empleos menos desde que Javier Milei es Presidente.&#046;&#046;&#046;\" \/>\n<meta property=\"og:url\" content=\"https:\/\/noti-america.com\/site\/argentina\/2024\/10\/12\/la-caida-del-empleo-no-se-frena\/\" \/>\n<meta property=\"og:site_name\" content=\"Argentina | Noti-America.com\" \/>\n<meta property=\"article:author\" content=\"Mar\u00eda Valentina Noguera\" \/>\n<meta property=\"article:published_time\" content=\"2024-10-12T14:08:26+00:00\" \/>\n<meta property=\"og:image\" content=\"https:\/\/noti-america.com\/site\/argentina\/wp-content\/uploads\/sites\/24\/2024\/10\/880521-14a-g0088607-carolina-20camps.jpg\" \/>\n\t<meta property=\"og:image:width\" content=\"960\" \/>\n\t<meta property=\"og:image:height\" content=\"640\" \/>\n\t<meta property=\"og:image:type\" content=\"image\/jpeg\" \/>\n<meta name=\"author\" content=\"Maria Valentina Noguera Medina\" \/>\n<meta name=\"twitter:card\" content=\"summary_large_image\" \/>\n<meta name=\"twitter:creator\" content=\"@inotiamerica\" \/>\n<meta name=\"twitter:site\" content=\"@inotiamerica\" \/>\n<meta name=\"twitter:label1\" content=\"Escrito por\" \/>\n\t<meta name=\"twitter:data1\" content=\"Maria Valentina Noguera Medina\" \/>\n\t<meta name=\"twitter:label2\" content=\"Tiempo estimado de lectura\" \/>\n\t<meta name=\"twitter:data2\" content=\"3 minutos\" \/>\n<script type=\"application\/ld+json\" class=\"yoast-schema-graph\">{\"@context\":\"https:\/\/schema.org\",\"@graph\":[{\"@type\":\"Article\",\"@id\":\"https:\/\/noti-america.com\/site\/argentina\/2024\/10\/12\/la-caida-del-empleo-no-se-frena\/#article\",\"isPartOf\":{\"@id\":\"https:\/\/noti-america.com\/site\/argentina\/2024\/10\/12\/la-caida-del-empleo-no-se-frena\/\"},\"author\":{\"name\":\"Maria Valentina Noguera Medina\",\"@id\":\"https:\/\/noti-america.com\/site\/argentina\/#\/schema\/person\/22806efcc2cfc4b45efb0e17be210ea8\"},\"headline\":\"La ca\u00edda del empleo no se frena\",\"datePublished\":\"2024-10-12T14:08:26+00:00\",\"mainEntityOfPage\":{\"@id\":\"https:\/\/noti-america.com\/site\/argentina\/2024\/10\/12\/la-caida-del-empleo-no-se-frena\/\"},\"wordCount\":442,\"commentCount\":0,\"publisher\":{\"@id\":\"https:\/\/noti-america.com\/site\/argentina\/#organization\"},\"image\":{\"@id\":\"https:\/\/noti-america.com\/site\/argentina\/2024\/10\/12\/la-caida-del-empleo-no-se-frena\/#primaryimage\"},\"thumbnailUrl\":\"https:\/\/noti-america.com\/site\/argentina\/wp-content\/uploads\/sites\/24\/2024\/10\/880521-14a-g0088607-carolina-20camps.jpg\",\"articleSection\":[\"Actualidad\"],\"inLanguage\":\"es\",\"potentialAction\":[{\"@type\":\"CommentAction\",\"name\":\"Comment\",\"target\":[\"https:\/\/noti-america.com\/site\/argentina\/2024\/10\/12\/la-caida-del-empleo-no-se-frena\/#respond\"]}]},{\"@type\":\"WebPage\",\"@id\":\"https:\/\/noti-america.com\/site\/argentina\/2024\/10\/12\/la-caida-del-empleo-no-se-frena\/\",\"url\":\"https:\/\/noti-america.com\/site\/argentina\/2024\/10\/12\/la-caida-del-empleo-no-se-frena\/\",\"name\":\"La ca\u00edda del empleo no se frena - Argentina | Noti-America.com\",\"isPartOf\":{\"@id\":\"https:\/\/noti-america.com\/site\/argentina\/#website\"},\"primaryImageOfPage\":{\"@id\":\"https:\/\/noti-america.com\/site\/argentina\/2024\/10\/12\/la-caida-del-empleo-no-se-frena\/#primaryimage\"},\"image\":{\"@id\":\"https:\/\/noti-america.com\/site\/argentina\/2024\/10\/12\/la-caida-del-empleo-no-se-frena\/#primaryimage\"},\"thumbnailUrl\":\"https:\/\/noti-america.com\/site\/argentina\/wp-content\/uploads\/sites\/24\/2024\/10\/880521-14a-g0088607-carolina-20camps.jpg\",\"datePublished\":\"2024-10-12T14:08:26+00:00\",\"breadcrumb\":{\"@id\":\"https:\/\/noti-america.com\/site\/argentina\/2024\/10\/12\/la-caida-del-empleo-no-se-frena\/#breadcrumb\"},\"inLanguage\":\"es\",\"potentialAction\":[{\"@type\":\"ReadAction\",\"target\":[\"https:\/\/noti-america.com\/site\/argentina\/2024\/10\/12\/la-caida-del-empleo-no-se-frena\/\"]}]},{\"@type\":\"ImageObject\",\"inLanguage\":\"es\",\"@id\":\"https:\/\/noti-america.com\/site\/argentina\/2024\/10\/12\/la-caida-del-empleo-no-se-frena\/#primaryimage\",\"url\":\"https:\/\/noti-america.com\/site\/argentina\/wp-content\/uploads\/sites\/24\/2024\/10\/880521-14a-g0088607-carolina-20camps.jpg\",\"contentUrl\":\"https:\/\/noti-america.com\/site\/argentina\/wp-content\/uploads\/sites\/24\/2024\/10\/880521-14a-g0088607-carolina-20camps.jpg\",\"width\":960,\"height\":640},{\"@type\":\"BreadcrumbList\",\"@id\":\"https:\/\/noti-america.com\/site\/argentina\/2024\/10\/12\/la-caida-del-empleo-no-se-frena\/#breadcrumb\",\"itemListElement\":[{\"@type\":\"ListItem\",\"position\":1,\"name\":\"Portada\",\"item\":\"https:\/\/noti-america.com\/site\/argentina\/\"},{\"@type\":\"ListItem\",\"position\":2,\"name\":\"La ca\u00edda del empleo no se frena\"}]},{\"@type\":\"WebSite\",\"@id\":\"https:\/\/noti-america.com\/site\/argentina\/#website\",\"url\":\"https:\/\/noti-america.com\/site\/argentina\/\",\"name\":\"Argentina | Noti-America.com\",\"description\":\"\",\"publisher\":{\"@id\":\"https:\/\/noti-america.com\/site\/argentina\/#organization\"},\"potentialAction\":[{\"@type\":\"SearchAction\",\"target\":{\"@type\":\"EntryPoint\",\"urlTemplate\":\"https:\/\/noti-america.com\/site\/argentina\/?s={search_term_string}\"},\"query-input\":{\"@type\":\"PropertyValueSpecification\",\"valueRequired\":true,\"valueName\":\"search_term_string\"}}],\"inLanguage\":\"es\"},{\"@type\":\"Organization\",\"@id\":\"https:\/\/noti-america.com\/site\/argentina\/#organization\",\"name\":\"Noti-America LLC | Argentina\",\"url\":\"https:\/\/noti-america.com\/site\/argentina\/\",\"logo\":{\"@type\":\"ImageObject\",\"inLanguage\":\"es\",\"@id\":\"https:\/\/noti-america.com\/site\/argentina\/#\/schema\/logo\/image\/\",\"url\":\"https:\/\/noti-america.com\/site\/argentina\/wp-content\/uploads\/sites\/24\/2020\/07\/LogoNA-4x3-1.jpg\",\"contentUrl\":\"https:\/\/noti-america.com\/site\/argentina\/wp-content\/uploads\/sites\/24\/2020\/07\/LogoNA-4x3-1.jpg\",\"width\":1236,\"height\":1080,\"caption\":\"Noti-America LLC | Argentina\"},\"image\":{\"@id\":\"https:\/\/noti-america.com\/site\/argentina\/#\/schema\/logo\/image\/\"},\"sameAs\":[\"https:\/\/x.com\/inotiamerica\"]},{\"@type\":\"Person\",\"@id\":\"https:\/\/noti-america.com\/site\/argentina\/#\/schema\/person\/22806efcc2cfc4b45efb0e17be210ea8\",\"name\":\"Maria Valentina Noguera Medina\",\"image\":{\"@type\":\"ImageObject\",\"inLanguage\":\"es\",\"@id\":\"https:\/\/secure.gravatar.com\/avatar\/4ec5eb9d099f2608a49c9df6f7341f66f04f819cdffa09d56a7a0e91d2819d56?s=96&d=mm&r=g\",\"url\":\"https:\/\/secure.gravatar.com\/avatar\/4ec5eb9d099f2608a49c9df6f7341f66f04f819cdffa09d56a7a0e91d2819d56?s=96&d=mm&r=g\",\"contentUrl\":\"https:\/\/secure.gravatar.com\/avatar\/4ec5eb9d099f2608a49c9df6f7341f66f04f819cdffa09d56a7a0e91d2819d56?s=96&d=mm&r=g\",\"caption\":\"Maria Valentina Noguera Medina\"},\"description\":\"Periodista - noti-america - Promar Community Manager - Talento Plus Dise\u00f1adora\/ creadora de contenido...\",\"sameAs\":[\"Mar\u00eda Valentina Noguera\",\"https:\/\/www.facebook.com\/mariavalentina.noguera\",\"https:\/\/www.linkedin.com\/in\/mara-valentina-noguera-medina-373075165\/\",\"https:\/\/www.pinterest.es\/valentinanoguera95\/\",\"https:\/\/www.youtube.com\/channel\/UCdek6mbUZ-Tqqw0I63i4nmQ\"],\"url\":\"https:\/\/noti-america.com\/site\/argentina\/author\/mnoguera\/\"}]}<\/script>\n<!-- \/ Yoast SEO Premium plugin. -->","yoast_head_json":{"title":"La ca\u00edda del empleo no se frena - Argentina | Noti-America.com","robots":{"index":"index","follow":"follow","max-snippet":"max-snippet:-1","max-image-preview":"max-image-preview:large","max-video-preview":"max-video-preview:-1"},"canonical":"https:\/\/noti-america.com\/site\/argentina\/2024\/10\/12\/la-caida-del-empleo-no-se-frena\/","og_locale":"es_ES","og_type":"article","og_title":"La ca\u00edda del empleo no se frena","og_description":"NOTI-AMERICA.COM | ARGENTINA La perdida de puestos de trabajo en el Gobierno no fren\u00f3 en julio, como dec\u00eda el oficialismo, y ya se acumulan 200 mil empleos menos desde que Javier Milei es Presidente.&#46;&#46;&#46;","og_url":"https:\/\/noti-america.com\/site\/argentina\/2024\/10\/12\/la-caida-del-empleo-no-se-frena\/","og_site_name":"Argentina | Noti-America.com","article_author":"Mar\u00eda Valentina Noguera","article_published_time":"2024-10-12T14:08:26+00:00","og_image":[{"width":960,"height":640,"url":"https:\/\/noti-america.com\/site\/argentina\/wp-content\/uploads\/sites\/24\/2024\/10\/880521-14a-g0088607-carolina-20camps.jpg","type":"image\/jpeg"}],"author":"Maria Valentina Noguera Medina","twitter_card":"summary_large_image","twitter_creator":"@inotiamerica","twitter_site":"@inotiamerica","twitter_misc":{"Escrito por":"Maria Valentina Noguera Medina","Tiempo estimado de lectura":"3 minutos"},"schema":{"@context":"https:\/\/schema.org","@graph":[{"@type":"Article","@id":"https:\/\/noti-america.com\/site\/argentina\/2024\/10\/12\/la-caida-del-empleo-no-se-frena\/#article","isPartOf":{"@id":"https:\/\/noti-america.com\/site\/argentina\/2024\/10\/12\/la-caida-del-empleo-no-se-frena\/"},"author":{"name":"Maria Valentina Noguera Medina","@id":"https:\/\/noti-america.com\/site\/argentina\/#\/schema\/person\/22806efcc2cfc4b45efb0e17be210ea8"},"headline":"La ca\u00edda del empleo no se frena","datePublished":"2024-10-12T14:08:26+00:00","mainEntityOfPage":{"@id":"https:\/\/noti-america.com\/site\/argentina\/2024\/10\/12\/la-caida-del-empleo-no-se-frena\/"},"wordCount":442,"commentCount":0,"publisher":{"@id":"https:\/\/noti-america.com\/site\/argentina\/#organization"},"image":{"@id":"https:\/\/noti-america.com\/site\/argentina\/2024\/10\/12\/la-caida-del-empleo-no-se-frena\/#primaryimage"},"thumbnailUrl":"https:\/\/noti-america.com\/site\/argentina\/wp-content\/uploads\/sites\/24\/2024\/10\/880521-14a-g0088607-carolina-20camps.jpg","articleSection":["Actualidad"],"inLanguage":"es","potentialAction":[{"@type":"CommentAction","name":"Comment","target":["https:\/\/noti-america.com\/site\/argentina\/2024\/10\/12\/la-caida-del-empleo-no-se-frena\/#respond"]}]},{"@type":"WebPage","@id":"https:\/\/noti-america.com\/site\/argentina\/2024\/10\/12\/la-caida-del-empleo-no-se-frena\/","url":"https:\/\/noti-america.com\/site\/argentina\/2024\/10\/12\/la-caida-del-empleo-no-se-frena\/","name":"La ca\u00edda del empleo no se frena - Argentina | Noti-America.com","isPartOf":{"@id":"https:\/\/noti-america.com\/site\/argentina\/#website"},"primaryImageOfPage":{"@id":"https:\/\/noti-america.com\/site\/argentina\/2024\/10\/12\/la-caida-del-empleo-no-se-frena\/#primaryimage"},"image":{"@id":"https:\/\/noti-america.com\/site\/argentina\/2024\/10\/12\/la-caida-del-empleo-no-se-frena\/#primaryimage"},"thumbnailUrl":"https:\/\/noti-america.com\/site\/argentina\/wp-content\/uploads\/sites\/24\/2024\/10\/880521-14a-g0088607-carolina-20camps.jpg","datePublished":"2024-10-12T14:08:26+00:00","breadcrumb":{"@id":"https:\/\/noti-america.com\/site\/argentina\/2024\/10\/12\/la-caida-del-empleo-no-se-frena\/#breadcrumb"},"inLanguage":"es","potentialAction":[{"@type":"ReadAction","target":["https:\/\/noti-america.com\/site\/argentina\/2024\/10\/12\/la-caida-del-empleo-no-se-frena\/"]}]},{"@type":"ImageObject","inLanguage":"es","@id":"https:\/\/noti-america.com\/site\/argentina\/2024\/10\/12\/la-caida-del-empleo-no-se-frena\/#primaryimage","url":"https:\/\/noti-america.com\/site\/argentina\/wp-content\/uploads\/sites\/24\/2024\/10\/880521-14a-g0088607-carolina-20camps.jpg","contentUrl":"https:\/\/noti-america.com\/site\/argentina\/wp-content\/uploads\/sites\/24\/2024\/10\/880521-14a-g0088607-carolina-20camps.jpg","width":960,"height":640},{"@type":"BreadcrumbList","@id":"https:\/\/noti-america.com\/site\/argentina\/2024\/10\/12\/la-caida-del-empleo-no-se-frena\/#breadcrumb","itemListElement":[{"@type":"ListItem","position":1,"name":"Portada","item":"https:\/\/noti-america.com\/site\/argentina\/"},{"@type":"ListItem","position":2,"name":"La ca\u00edda del empleo no se frena"}]},{"@type":"WebSite","@id":"https:\/\/noti-america.com\/site\/argentina\/#website","url":"https:\/\/noti-america.com\/site\/argentina\/","name":"Argentina | Noti-America.com","description":"","publisher":{"@id":"https:\/\/noti-america.com\/site\/argentina\/#organization"},"potentialAction":[{"@type":"SearchAction","target":{"@type":"EntryPoint","urlTemplate":"https:\/\/noti-america.com\/site\/argentina\/?s={search_term_string}"},"query-input":{"@type":"PropertyValueSpecification","valueRequired":true,"valueName":"search_term_string"}}],"inLanguage":"es"},{"@type":"Organization","@id":"https:\/\/noti-america.com\/site\/argentina\/#organization","name":"Noti-America LLC | Argentina","url":"https:\/\/noti-america.com\/site\/argentina\/","logo":{"@type":"ImageObject","inLanguage":"es","@id":"https:\/\/noti-america.com\/site\/argentina\/#\/schema\/logo\/image\/","url":"https:\/\/noti-america.com\/site\/argentina\/wp-content\/uploads\/sites\/24\/2020\/07\/LogoNA-4x3-1.jpg","contentUrl":"https:\/\/noti-america.com\/site\/argentina\/wp-content\/uploads\/sites\/24\/2020\/07\/LogoNA-4x3-1.jpg","width":1236,"height":1080,"caption":"Noti-America LLC | Argentina"},"image":{"@id":"https:\/\/noti-america.com\/site\/argentina\/#\/schema\/logo\/image\/"},"sameAs":["https:\/\/x.com\/inotiamerica"]},{"@type":"Person","@id":"https:\/\/noti-america.com\/site\/argentina\/#\/schema\/person\/22806efcc2cfc4b45efb0e17be210ea8","name":"Maria Valentina Noguera Medina","image":{"@type":"ImageObject","inLanguage":"es","@id":"https:\/\/secure.gravatar.com\/avatar\/4ec5eb9d099f2608a49c9df6f7341f66f04f819cdffa09d56a7a0e91d2819d56?s=96&d=mm&r=g","url":"https:\/\/secure.gravatar.com\/avatar\/4ec5eb9d099f2608a49c9df6f7341f66f04f819cdffa09d56a7a0e91d2819d56?s=96&d=mm&r=g","contentUrl":"https:\/\/secure.gravatar.com\/avatar\/4ec5eb9d099f2608a49c9df6f7341f66f04f819cdffa09d56a7a0e91d2819d56?s=96&d=mm&r=g","caption":"Maria Valentina Noguera Medina"},"description":"Periodista - noti-america - Promar Community Manager - Talento Plus Dise\u00f1adora\/ creadora de contenido...","sameAs":["Mar\u00eda Valentina Noguera","https:\/\/www.facebook.com\/mariavalentina.noguera","https:\/\/www.linkedin.com\/in\/mara-valentina-noguera-medina-373075165\/","https:\/\/www.pinterest.es\/valentinanoguera95\/","https:\/\/www.youtube.com\/channel\/UCdek6mbUZ-Tqqw0I63i4nmQ"],"url":"https:\/\/noti-america.com\/site\/argentina\/author\/mnoguera\/"}]}},"_links":{"self":[{"href":"https:\/\/noti-america.com\/site\/argentina\/wp-json\/wp\/v2\/posts\/9070","targetHints":{"allow":["GET"]}}],"collection":[{"href":"https:\/\/noti-america.com\/site\/argentina\/wp-json\/wp\/v2\/posts"}],"about":[{"href":"https:\/\/noti-america.com\/site\/argentina\/wp-json\/wp\/v2\/types\/post"}],"author":[{"embeddable":true,"href":"https:\/\/noti-america.com\/site\/argentina\/wp-json\/wp\/v2\/users\/133"}],"replies":[{"embeddable":true,"href":"https:\/\/noti-america.com\/site\/argentina\/wp-json\/wp\/v2\/comments?post=9070"}],"version-history":[{"count":1,"href":"https:\/\/noti-america.com\/site\/argentina\/wp-json\/wp\/v2\/posts\/9070\/revisions"}],"predecessor-version":[{"id":9072,"href":"https:\/\/noti-america.com\/site\/argentina\/wp-json\/wp\/v2\/posts\/9070\/revisions\/9072"}],"wp:featuredmedia":[{"embeddable":true,"href":"https:\/\/noti-america.com\/site\/argentina\/wp-json\/wp\/v2\/media\/9071"}],"wp:attachment":[{"href":"https:\/\/noti-america.com\/site\/argentina\/wp-json\/wp\/v2\/media?parent=9070"}],"wp:term":[{"taxonomy":"category","embeddable":true,"href":"https:\/\/noti-america.com\/site\/argentina\/wp-json\/wp\/v2\/categories?post=9070"},{"taxonomy":"post_tag","embeddable":true,"href":"https:\/\/noti-america.com\/site\/argentina\/wp-json\/wp\/v2\/tags?post=9070"}],"curies":[{"name":"wp","href":"https:\/\/api.w.org\/{rel}","templated":true}]}}