{"id":8334,"date":"2024-08-09T12:14:01","date_gmt":"2024-08-09T15:14:01","guid":{"rendered":"https:\/\/noti-america.com\/site\/argentina\/?p=8334"},"modified":"2024-08-09T12:14:01","modified_gmt":"2024-08-09T15:14:01","slug":"el-doble-campeon-olimpico-que-empezo-su-carrera-profesional-en-argentina","status":"publish","type":"post","link":"https:\/\/noti-america.com\/site\/argentina\/2024\/08\/09\/el-doble-campeon-olimpico-que-empezo-su-carrera-profesional-en-argentina\/","title":{"rendered":"El doble campe\u00f3n ol\u00edmpico que empez\u00f3 su carrera profesional en Argentina"},"content":{"rendered":"<p>NOTI-AMERICA.COM | ARGENTINA<\/p>\n<p style=\"text-align: justify\">\u201cS\u00ed, lo hice para la foto. Los sue\u00f1os se hacen realidad\u201d,\u00a0poste\u00f3 Remco Evenepoel en su Instagram. No era para menos, en ese instante qued\u00f3 inmortalizado por haberse convertido en el primer doble campe\u00f3n ol\u00edmpico de ciclismo de ruta.\u00a0Despu\u00e9s de m\u00e1s de seis horas de pedalear por toda la capital francesa, cruz\u00f3 la meta, se baj\u00f3 de la bici y abri\u00f3 sus brazos con la Torre Eiffel\u00a0de fondo para dejar su sello, en lo que quedar\u00e1 como una de las im\u00e1genes m\u00e1s impactantes de estos Juegos Ol\u00edmpicos.<\/p>\n<p style=\"text-align: justify\">Con solo\u00a024 a\u00f1os gan\u00f3 la Vuelta de Espa\u00f1a, fue campe\u00f3n Mundial en pelot\u00f3n en 2022 y en contrarreloj en 2023. Hace muy pocos d\u00edas, en la previa de los Juegos, sali\u00f3 tercero en el\u00a0Tour de Francia\u00a0en su primera participaci\u00f3n. Este a\u00f1o el evento m\u00e1s importante de ciclismo\u00a0no termin\u00f3 en Par\u00eds, sino en Niza,\u00a0a causa de la preparaci\u00f3n para la m\u00e1xima cita multideportiva. Con todo ese palmar\u00e9s Remco Evenepoel lleg\u00f3 a los Juegos Ol\u00edmpicos como una de las figuras y cumpli\u00f3 sus expectativas con creces.\u00a0Hace m\u00e1s de cinco a\u00f1os tuvo su debut profesional en Argentina.<\/p>\n<h2>Doble campe\u00f3n ol\u00edmpico<\/h2>\n<p style=\"text-align: justify\">En el primer d\u00eda de competencia oficial, el ciclista europeo se qued\u00f3 con la dorada en contrarreloj individual. La prueba fue al d\u00eda siguiente de la ceremonia de apertura, con una capital francesa totalmente resbaladiza a causa de la lluvia que hab\u00eda complicado al despliegue de la inauguraci\u00f3n. Al que no complic\u00f3 para nada fue a Evenepoel que con un tiempo de 36:12.16 lleg\u00f3 a lo m\u00e1s alto del podio, seguido del italiano, Filippo Ganna, y su compatriota, Wout Van Aert. Por primera vez en Juegos Ol\u00edmpicos la ruta de esta prueba fue la misma en recorrido y distancia para mujeres y hombres y con la misma cantidad de participantes, trenta y cinco por g\u00e9nero.<\/p>\n<p style=\"text-align: justify\">Seis d\u00edas despu\u00e9s el ciclista belga tendr\u00eda su gran desaf\u00edo, el recorrido de la prueba de pelot\u00f3n ser\u00eda de 273 km con un circuito que sal\u00eda de Par\u00eds, pasar\u00eda por los lugares m\u00e1s emblem\u00e1ticos de la ciudad, el Palacio de Versalles, el valle de Chevreuse para luego regresar al centro de la ciudad desde Louvre con un ascenso en Montmartre para luego con el descenso final llegar al Trocadero, donde los espectadores estaban ansiosos esperando.<\/p>\n<p style=\"text-align: justify\">La llegada de Remco Evenepoel fue de los momentos m\u00e1s emocionantes de Par\u00eds 2024, cientos de periodistas y fot\u00f3grafos en la meta para lograr la imagen perfecta del ganador que lleg\u00f3 con un tiempo de 6:19.34. El belga hab\u00eda pinchado una de sus ruedas a 4 kil\u00f3metros del final, pero eso no impidi\u00f3 que llegara con gran distancia de sus inmediatos perseguidores, dos franceses que enloquecieron al p\u00fablico para completar el podio y ganar la plata y el bronce en uno de los escenarios m\u00e1s impactantes de los Juegos Ol\u00edmpicos.<\/p>\n<p><img loading=\"lazy\" decoding=\"async\" class=\"\" src=\"https:\/\/images.pagina12.com.ar\/styles\/width960\/public\/2024-08\/862623-whatsapp-20image-202024-08-07-20at-2011-58-43.jpeg?itok=4LDLpSRu\" width=\"668\" height=\"445\" \/><\/p>\n<h2>Su debut profesional en San Juan<\/h2>\n<p style=\"text-align: justify\">Empez\u00f3 con el f\u00fatbol, jug\u00f3 en el Anderlecht y en el PSV Eindhoven. Lleg\u00f3 a formar parte de las Selecciones nacionales juveniles de B\u00e9lgica hasta los 16 a\u00f1os, cuando decidi\u00f3 dedicarse al ciclismo de ruta, quiz\u00e1s por tradici\u00f3n familiar ya que su padre hab\u00eda sido profesional.<\/p>\n<p style=\"text-align: justify\">En 2017 comenz\u00f3 en la categor\u00eda junior y en 2018 se convirti\u00f3 en uno de los deportistas con m\u00e1s victorias en un mismo a\u00f1o. En septiembre se coron\u00f3 doble campe\u00f3n en contrarreloj y ruta en el Campeonato Mundial en Innsbruck.<\/p>\n<p style=\"text-align: justify\">Despu\u00e9s de todos esos logros decidi\u00f3 comenzar su camino profesional y as\u00ed lleg\u00f3 a la Argentina. En enero de 2019, Evenepoel debut\u00f3 en la Vuelta de San Juan, el evento de ciclismo m\u00e1s importante de Am\u00e9rica desde 2020 cuando ingres\u00f3 al UCI Pro Series, segunda categor\u00eda Mundial. En aquella carrera el ciclista belga qued\u00f3 primero en Sub 23 y noveno en la general. \u201cEstoy ilusionado con mi debut en San Juan. Adem\u00e1s, ser\u00e1 mi primera carrera como profesional y adem\u00e1s nunca he estado en Argentina\u201d, hab\u00eda comentado Evenepoel el aquel momento. Al a\u00f1o siguiente, el europeo decidi\u00f3 volver a la provincia cuyana para ganar la Vuelta de San Juan y convertirse en el atleta m\u00e1s joven en hacerlo.<\/p>\n<h2 style=\"text-align: justify\">La vuelta de San Juan, hoy<\/h2>\n<p style=\"text-align: justify\">Es uno de los eventos m\u00e1s importantes que se realizan en el pa\u00eds. Con una gran tradici\u00f3n desde fines de 1981 que funcion\u00f3 de manera amateur hasta el 2017 cuando el gobierno de San Juan decidi\u00f3 aportar para que la competencia ingresara al calendario UCI Pro Series, cuando subi\u00f3 de categor\u00eda. El a\u00f1o pasado desde el cambio de gobierno se quit\u00f3 el apoyo econ\u00f3mico y en 2024 se realiz\u00f3 otra carrera similar con el nombre de \u00abGran Prix del Pedal Club Olimpia\u00bb, pero solo con equipos de Argentina. El gobierno de la provincia qued\u00f3 en confirmarle a la Uni\u00f3n de Ciclismo Internacional a mediados de este a\u00f1o sobre la realizaci\u00f3n de la Vuelta para no perder el rango de internacional, pero a\u00fan no hay novedades certeras sobre el tema. Habr\u00e1 que esperar para saber si San Juan puede volver a recibir a campeones como Remco Evenepoel.<\/p>\n","protected":false},"excerpt":{"rendered":"<p>NOTI-AMERICA.COM | ARGENTINA \u201cS\u00ed, lo hice para la foto. Los sue\u00f1os se hacen realidad\u201d,\u00a0poste\u00f3 Remco Evenepoel en su Instagram. No era para menos, en ese instante qued\u00f3 inmortalizado por haberse convertido en el primer&#46;&#46;&#46;<\/p>\n","protected":false},"author":133,"featured_media":8335,"comment_status":"open","ping_status":"open","sticky":false,"template":"","format":"image","meta":{"_acf_changed":false,"om_disable_all_campaigns":false,"rop_custom_images_group":[],"rop_custom_messages_group":[],"rop_publish_now":"initial","rop_publish_now_accounts":{"twitter_242054905_242054905":""},"rop_publish_now_history":[],"rop_publish_now_status":"pending","_uf_show_specific_survey":0,"_uf_disable_surveys":false,"footnotes":""},"categories":[287],"tags":[],"class_list":["post-8334","post","type-post","status-publish","format-image","has-post-thumbnail","hentry","category-actualidad","post_format-post-format-image"],"acf":[],"aioseo_notices":[],"yoast_head":"<!-- This site is optimized with the Yoast SEO Premium plugin v24.9 (Yoast SEO v27.2) - https:\/\/yoast.com\/product\/yoast-seo-premium-wordpress\/ -->\n<title>El doble campe\u00f3n ol\u00edmpico que empez\u00f3 su carrera profesional en Argentina - Argentina | Noti-America.com<\/title>\n<meta name=\"robots\" content=\"index, follow, max-snippet:-1, max-image-preview:large, max-video-preview:-1\" \/>\n<link rel=\"canonical\" href=\"https:\/\/noti-america.com\/site\/argentina\/2024\/08\/09\/el-doble-campeon-olimpico-que-empezo-su-carrera-profesional-en-argentina\/\" \/>\n<meta property=\"og:locale\" content=\"es_ES\" \/>\n<meta property=\"og:type\" content=\"article\" \/>\n<meta property=\"og:title\" content=\"El doble campe\u00f3n ol\u00edmpico que empez\u00f3 su carrera profesional en Argentina\" \/>\n<meta property=\"og:description\" content=\"NOTI-AMERICA.COM | ARGENTINA \u201cS\u00ed, lo hice para la foto. Los sue\u00f1os se hacen realidad\u201d,\u00a0poste\u00f3 Remco Evenepoel en su Instagram. No era para menos, en ese instante qued\u00f3 inmortalizado por haberse convertido en el primer&#046;&#046;&#046;\" \/>\n<meta property=\"og:url\" content=\"https:\/\/noti-america.com\/site\/argentina\/2024\/08\/09\/el-doble-campeon-olimpico-que-empezo-su-carrera-profesional-en-argentina\/\" \/>\n<meta property=\"og:site_name\" content=\"Argentina | Noti-America.com\" \/>\n<meta property=\"article:author\" content=\"Mar\u00eda Valentina Noguera\" \/>\n<meta property=\"article:published_time\" content=\"2024-08-09T15:14:01+00:00\" \/>\n<meta property=\"og:image\" content=\"https:\/\/noti-america.com\/site\/argentina\/wp-content\/uploads\/sites\/24\/2024\/08\/862623-whatsapp-20image-202024-08-07-20at-2013-53-36.jpeg\" \/>\n\t<meta property=\"og:image:width\" content=\"960\" \/>\n\t<meta property=\"og:image:height\" content=\"640\" \/>\n\t<meta property=\"og:image:type\" content=\"image\/jpeg\" \/>\n<meta name=\"author\" content=\"Maria Valentina Noguera Medina\" \/>\n<meta name=\"twitter:card\" content=\"summary_large_image\" \/>\n<meta name=\"twitter:creator\" content=\"@inotiamerica\" \/>\n<meta name=\"twitter:site\" content=\"@inotiamerica\" \/>\n<meta name=\"twitter:label1\" content=\"Escrito por\" \/>\n\t<meta name=\"twitter:data1\" content=\"Maria Valentina Noguera Medina\" \/>\n\t<meta name=\"twitter:label2\" content=\"Tiempo estimado de lectura\" \/>\n\t<meta name=\"twitter:data2\" content=\"5 minutos\" \/>\n<script type=\"application\/ld+json\" class=\"yoast-schema-graph\">{\"@context\":\"https:\/\/schema.org\",\"@graph\":[{\"@type\":\"Article\",\"@id\":\"https:\/\/noti-america.com\/site\/argentina\/2024\/08\/09\/el-doble-campeon-olimpico-que-empezo-su-carrera-profesional-en-argentina\/#article\",\"isPartOf\":{\"@id\":\"https:\/\/noti-america.com\/site\/argentina\/2024\/08\/09\/el-doble-campeon-olimpico-que-empezo-su-carrera-profesional-en-argentina\/\"},\"author\":{\"name\":\"Maria Valentina Noguera Medina\",\"@id\":\"https:\/\/noti-america.com\/site\/argentina\/#\/schema\/person\/22806efcc2cfc4b45efb0e17be210ea8\"},\"headline\":\"El doble campe\u00f3n ol\u00edmpico que empez\u00f3 su carrera profesional en Argentina\",\"datePublished\":\"2024-08-09T15:14:01+00:00\",\"mainEntityOfPage\":{\"@id\":\"https:\/\/noti-america.com\/site\/argentina\/2024\/08\/09\/el-doble-campeon-olimpico-que-empezo-su-carrera-profesional-en-argentina\/\"},\"wordCount\":913,\"commentCount\":0,\"publisher\":{\"@id\":\"https:\/\/noti-america.com\/site\/argentina\/#organization\"},\"image\":{\"@id\":\"https:\/\/noti-america.com\/site\/argentina\/2024\/08\/09\/el-doble-campeon-olimpico-que-empezo-su-carrera-profesional-en-argentina\/#primaryimage\"},\"thumbnailUrl\":\"https:\/\/noti-america.com\/site\/argentina\/wp-content\/uploads\/sites\/24\/2024\/08\/862623-whatsapp-20image-202024-08-07-20at-2013-53-36.jpeg\",\"articleSection\":[\"Actualidad\"],\"inLanguage\":\"es\",\"potentialAction\":[{\"@type\":\"CommentAction\",\"name\":\"Comment\",\"target\":[\"https:\/\/noti-america.com\/site\/argentina\/2024\/08\/09\/el-doble-campeon-olimpico-que-empezo-su-carrera-profesional-en-argentina\/#respond\"]}]},{\"@type\":\"WebPage\",\"@id\":\"https:\/\/noti-america.com\/site\/argentina\/2024\/08\/09\/el-doble-campeon-olimpico-que-empezo-su-carrera-profesional-en-argentina\/\",\"url\":\"https:\/\/noti-america.com\/site\/argentina\/2024\/08\/09\/el-doble-campeon-olimpico-que-empezo-su-carrera-profesional-en-argentina\/\",\"name\":\"El doble campe\u00f3n ol\u00edmpico que empez\u00f3 su carrera profesional en Argentina - Argentina | Noti-America.com\",\"isPartOf\":{\"@id\":\"https:\/\/noti-america.com\/site\/argentina\/#website\"},\"primaryImageOfPage\":{\"@id\":\"https:\/\/noti-america.com\/site\/argentina\/2024\/08\/09\/el-doble-campeon-olimpico-que-empezo-su-carrera-profesional-en-argentina\/#primaryimage\"},\"image\":{\"@id\":\"https:\/\/noti-america.com\/site\/argentina\/2024\/08\/09\/el-doble-campeon-olimpico-que-empezo-su-carrera-profesional-en-argentina\/#primaryimage\"},\"thumbnailUrl\":\"https:\/\/noti-america.com\/site\/argentina\/wp-content\/uploads\/sites\/24\/2024\/08\/862623-whatsapp-20image-202024-08-07-20at-2013-53-36.jpeg\",\"datePublished\":\"2024-08-09T15:14:01+00:00\",\"breadcrumb\":{\"@id\":\"https:\/\/noti-america.com\/site\/argentina\/2024\/08\/09\/el-doble-campeon-olimpico-que-empezo-su-carrera-profesional-en-argentina\/#breadcrumb\"},\"inLanguage\":\"es\",\"potentialAction\":[{\"@type\":\"ReadAction\",\"target\":[\"https:\/\/noti-america.com\/site\/argentina\/2024\/08\/09\/el-doble-campeon-olimpico-que-empezo-su-carrera-profesional-en-argentina\/\"]}]},{\"@type\":\"ImageObject\",\"inLanguage\":\"es\",\"@id\":\"https:\/\/noti-america.com\/site\/argentina\/2024\/08\/09\/el-doble-campeon-olimpico-que-empezo-su-carrera-profesional-en-argentina\/#primaryimage\",\"url\":\"https:\/\/noti-america.com\/site\/argentina\/wp-content\/uploads\/sites\/24\/2024\/08\/862623-whatsapp-20image-202024-08-07-20at-2013-53-36.jpeg\",\"contentUrl\":\"https:\/\/noti-america.com\/site\/argentina\/wp-content\/uploads\/sites\/24\/2024\/08\/862623-whatsapp-20image-202024-08-07-20at-2013-53-36.jpeg\",\"width\":960,\"height\":640},{\"@type\":\"BreadcrumbList\",\"@id\":\"https:\/\/noti-america.com\/site\/argentina\/2024\/08\/09\/el-doble-campeon-olimpico-que-empezo-su-carrera-profesional-en-argentina\/#breadcrumb\",\"itemListElement\":[{\"@type\":\"ListItem\",\"position\":1,\"name\":\"Portada\",\"item\":\"https:\/\/noti-america.com\/site\/argentina\/\"},{\"@type\":\"ListItem\",\"position\":2,\"name\":\"El doble campe\u00f3n ol\u00edmpico que empez\u00f3 su carrera profesional en Argentina\"}]},{\"@type\":\"WebSite\",\"@id\":\"https:\/\/noti-america.com\/site\/argentina\/#website\",\"url\":\"https:\/\/noti-america.com\/site\/argentina\/\",\"name\":\"Argentina | Noti-America.com\",\"description\":\"\",\"publisher\":{\"@id\":\"https:\/\/noti-america.com\/site\/argentina\/#organization\"},\"potentialAction\":[{\"@type\":\"SearchAction\",\"target\":{\"@type\":\"EntryPoint\",\"urlTemplate\":\"https:\/\/noti-america.com\/site\/argentina\/?s={search_term_string}\"},\"query-input\":{\"@type\":\"PropertyValueSpecification\",\"valueRequired\":true,\"valueName\":\"search_term_string\"}}],\"inLanguage\":\"es\"},{\"@type\":\"Organization\",\"@id\":\"https:\/\/noti-america.com\/site\/argentina\/#organization\",\"name\":\"Noti-America LLC | Argentina\",\"url\":\"https:\/\/noti-america.com\/site\/argentina\/\",\"logo\":{\"@type\":\"ImageObject\",\"inLanguage\":\"es\",\"@id\":\"https:\/\/noti-america.com\/site\/argentina\/#\/schema\/logo\/image\/\",\"url\":\"https:\/\/noti-america.com\/site\/argentina\/wp-content\/uploads\/sites\/24\/2020\/07\/LogoNA-4x3-1.jpg\",\"contentUrl\":\"https:\/\/noti-america.com\/site\/argentina\/wp-content\/uploads\/sites\/24\/2020\/07\/LogoNA-4x3-1.jpg\",\"width\":1236,\"height\":1080,\"caption\":\"Noti-America LLC | Argentina\"},\"image\":{\"@id\":\"https:\/\/noti-america.com\/site\/argentina\/#\/schema\/logo\/image\/\"},\"sameAs\":[\"https:\/\/x.com\/inotiamerica\"]},{\"@type\":\"Person\",\"@id\":\"https:\/\/noti-america.com\/site\/argentina\/#\/schema\/person\/22806efcc2cfc4b45efb0e17be210ea8\",\"name\":\"Maria Valentina Noguera Medina\",\"image\":{\"@type\":\"ImageObject\",\"inLanguage\":\"es\",\"@id\":\"https:\/\/secure.gravatar.com\/avatar\/4ec5eb9d099f2608a49c9df6f7341f66f04f819cdffa09d56a7a0e91d2819d56?s=96&d=mm&r=g\",\"url\":\"https:\/\/secure.gravatar.com\/avatar\/4ec5eb9d099f2608a49c9df6f7341f66f04f819cdffa09d56a7a0e91d2819d56?s=96&d=mm&r=g\",\"contentUrl\":\"https:\/\/secure.gravatar.com\/avatar\/4ec5eb9d099f2608a49c9df6f7341f66f04f819cdffa09d56a7a0e91d2819d56?s=96&d=mm&r=g\",\"caption\":\"Maria Valentina Noguera Medina\"},\"description\":\"Periodista - noti-america - Promar Community Manager - Talento Plus Dise\u00f1adora\/ creadora de contenido...\",\"sameAs\":[\"Mar\u00eda Valentina Noguera\",\"https:\/\/www.facebook.com\/mariavalentina.noguera\",\"https:\/\/www.linkedin.com\/in\/mara-valentina-noguera-medina-373075165\/\",\"https:\/\/www.pinterest.es\/valentinanoguera95\/\",\"https:\/\/www.youtube.com\/channel\/UCdek6mbUZ-Tqqw0I63i4nmQ\"],\"url\":\"https:\/\/noti-america.com\/site\/argentina\/author\/mnoguera\/\"}]}<\/script>\n<!-- \/ Yoast SEO Premium plugin. -->","yoast_head_json":{"title":"El doble campe\u00f3n ol\u00edmpico que empez\u00f3 su carrera profesional en Argentina - Argentina | Noti-America.com","robots":{"index":"index","follow":"follow","max-snippet":"max-snippet:-1","max-image-preview":"max-image-preview:large","max-video-preview":"max-video-preview:-1"},"canonical":"https:\/\/noti-america.com\/site\/argentina\/2024\/08\/09\/el-doble-campeon-olimpico-que-empezo-su-carrera-profesional-en-argentina\/","og_locale":"es_ES","og_type":"article","og_title":"El doble campe\u00f3n ol\u00edmpico que empez\u00f3 su carrera profesional en Argentina","og_description":"NOTI-AMERICA.COM | ARGENTINA \u201cS\u00ed, lo hice para la foto. Los sue\u00f1os se hacen realidad\u201d,\u00a0poste\u00f3 Remco Evenepoel en su Instagram. No era para menos, en ese instante qued\u00f3 inmortalizado por haberse convertido en el primer&#46;&#46;&#46;","og_url":"https:\/\/noti-america.com\/site\/argentina\/2024\/08\/09\/el-doble-campeon-olimpico-que-empezo-su-carrera-profesional-en-argentina\/","og_site_name":"Argentina | Noti-America.com","article_author":"Mar\u00eda Valentina Noguera","article_published_time":"2024-08-09T15:14:01+00:00","og_image":[{"width":960,"height":640,"url":"https:\/\/noti-america.com\/site\/argentina\/wp-content\/uploads\/sites\/24\/2024\/08\/862623-whatsapp-20image-202024-08-07-20at-2013-53-36.jpeg","type":"image\/jpeg"}],"author":"Maria Valentina Noguera Medina","twitter_card":"summary_large_image","twitter_creator":"@inotiamerica","twitter_site":"@inotiamerica","twitter_misc":{"Escrito por":"Maria Valentina Noguera Medina","Tiempo estimado de lectura":"5 minutos"},"schema":{"@context":"https:\/\/schema.org","@graph":[{"@type":"Article","@id":"https:\/\/noti-america.com\/site\/argentina\/2024\/08\/09\/el-doble-campeon-olimpico-que-empezo-su-carrera-profesional-en-argentina\/#article","isPartOf":{"@id":"https:\/\/noti-america.com\/site\/argentina\/2024\/08\/09\/el-doble-campeon-olimpico-que-empezo-su-carrera-profesional-en-argentina\/"},"author":{"name":"Maria Valentina Noguera Medina","@id":"https:\/\/noti-america.com\/site\/argentina\/#\/schema\/person\/22806efcc2cfc4b45efb0e17be210ea8"},"headline":"El doble campe\u00f3n ol\u00edmpico que empez\u00f3 su carrera profesional en Argentina","datePublished":"2024-08-09T15:14:01+00:00","mainEntityOfPage":{"@id":"https:\/\/noti-america.com\/site\/argentina\/2024\/08\/09\/el-doble-campeon-olimpico-que-empezo-su-carrera-profesional-en-argentina\/"},"wordCount":913,"commentCount":0,"publisher":{"@id":"https:\/\/noti-america.com\/site\/argentina\/#organization"},"image":{"@id":"https:\/\/noti-america.com\/site\/argentina\/2024\/08\/09\/el-doble-campeon-olimpico-que-empezo-su-carrera-profesional-en-argentina\/#primaryimage"},"thumbnailUrl":"https:\/\/noti-america.com\/site\/argentina\/wp-content\/uploads\/sites\/24\/2024\/08\/862623-whatsapp-20image-202024-08-07-20at-2013-53-36.jpeg","articleSection":["Actualidad"],"inLanguage":"es","potentialAction":[{"@type":"CommentAction","name":"Comment","target":["https:\/\/noti-america.com\/site\/argentina\/2024\/08\/09\/el-doble-campeon-olimpico-que-empezo-su-carrera-profesional-en-argentina\/#respond"]}]},{"@type":"WebPage","@id":"https:\/\/noti-america.com\/site\/argentina\/2024\/08\/09\/el-doble-campeon-olimpico-que-empezo-su-carrera-profesional-en-argentina\/","url":"https:\/\/noti-america.com\/site\/argentina\/2024\/08\/09\/el-doble-campeon-olimpico-que-empezo-su-carrera-profesional-en-argentina\/","name":"El doble campe\u00f3n ol\u00edmpico que empez\u00f3 su carrera profesional en Argentina - Argentina | Noti-America.com","isPartOf":{"@id":"https:\/\/noti-america.com\/site\/argentina\/#website"},"primaryImageOfPage":{"@id":"https:\/\/noti-america.com\/site\/argentina\/2024\/08\/09\/el-doble-campeon-olimpico-que-empezo-su-carrera-profesional-en-argentina\/#primaryimage"},"image":{"@id":"https:\/\/noti-america.com\/site\/argentina\/2024\/08\/09\/el-doble-campeon-olimpico-que-empezo-su-carrera-profesional-en-argentina\/#primaryimage"},"thumbnailUrl":"https:\/\/noti-america.com\/site\/argentina\/wp-content\/uploads\/sites\/24\/2024\/08\/862623-whatsapp-20image-202024-08-07-20at-2013-53-36.jpeg","datePublished":"2024-08-09T15:14:01+00:00","breadcrumb":{"@id":"https:\/\/noti-america.com\/site\/argentina\/2024\/08\/09\/el-doble-campeon-olimpico-que-empezo-su-carrera-profesional-en-argentina\/#breadcrumb"},"inLanguage":"es","potentialAction":[{"@type":"ReadAction","target":["https:\/\/noti-america.com\/site\/argentina\/2024\/08\/09\/el-doble-campeon-olimpico-que-empezo-su-carrera-profesional-en-argentina\/"]}]},{"@type":"ImageObject","inLanguage":"es","@id":"https:\/\/noti-america.com\/site\/argentina\/2024\/08\/09\/el-doble-campeon-olimpico-que-empezo-su-carrera-profesional-en-argentina\/#primaryimage","url":"https:\/\/noti-america.com\/site\/argentina\/wp-content\/uploads\/sites\/24\/2024\/08\/862623-whatsapp-20image-202024-08-07-20at-2013-53-36.jpeg","contentUrl":"https:\/\/noti-america.com\/site\/argentina\/wp-content\/uploads\/sites\/24\/2024\/08\/862623-whatsapp-20image-202024-08-07-20at-2013-53-36.jpeg","width":960,"height":640},{"@type":"BreadcrumbList","@id":"https:\/\/noti-america.com\/site\/argentina\/2024\/08\/09\/el-doble-campeon-olimpico-que-empezo-su-carrera-profesional-en-argentina\/#breadcrumb","itemListElement":[{"@type":"ListItem","position":1,"name":"Portada","item":"https:\/\/noti-america.com\/site\/argentina\/"},{"@type":"ListItem","position":2,"name":"El doble campe\u00f3n ol\u00edmpico que empez\u00f3 su carrera profesional en Argentina"}]},{"@type":"WebSite","@id":"https:\/\/noti-america.com\/site\/argentina\/#website","url":"https:\/\/noti-america.com\/site\/argentina\/","name":"Argentina | Noti-America.com","description":"","publisher":{"@id":"https:\/\/noti-america.com\/site\/argentina\/#organization"},"potentialAction":[{"@type":"SearchAction","target":{"@type":"EntryPoint","urlTemplate":"https:\/\/noti-america.com\/site\/argentina\/?s={search_term_string}"},"query-input":{"@type":"PropertyValueSpecification","valueRequired":true,"valueName":"search_term_string"}}],"inLanguage":"es"},{"@type":"Organization","@id":"https:\/\/noti-america.com\/site\/argentina\/#organization","name":"Noti-America LLC | Argentina","url":"https:\/\/noti-america.com\/site\/argentina\/","logo":{"@type":"ImageObject","inLanguage":"es","@id":"https:\/\/noti-america.com\/site\/argentina\/#\/schema\/logo\/image\/","url":"https:\/\/noti-america.com\/site\/argentina\/wp-content\/uploads\/sites\/24\/2020\/07\/LogoNA-4x3-1.jpg","contentUrl":"https:\/\/noti-america.com\/site\/argentina\/wp-content\/uploads\/sites\/24\/2020\/07\/LogoNA-4x3-1.jpg","width":1236,"height":1080,"caption":"Noti-America LLC | Argentina"},"image":{"@id":"https:\/\/noti-america.com\/site\/argentina\/#\/schema\/logo\/image\/"},"sameAs":["https:\/\/x.com\/inotiamerica"]},{"@type":"Person","@id":"https:\/\/noti-america.com\/site\/argentina\/#\/schema\/person\/22806efcc2cfc4b45efb0e17be210ea8","name":"Maria Valentina Noguera Medina","image":{"@type":"ImageObject","inLanguage":"es","@id":"https:\/\/secure.gravatar.com\/avatar\/4ec5eb9d099f2608a49c9df6f7341f66f04f819cdffa09d56a7a0e91d2819d56?s=96&d=mm&r=g","url":"https:\/\/secure.gravatar.com\/avatar\/4ec5eb9d099f2608a49c9df6f7341f66f04f819cdffa09d56a7a0e91d2819d56?s=96&d=mm&r=g","contentUrl":"https:\/\/secure.gravatar.com\/avatar\/4ec5eb9d099f2608a49c9df6f7341f66f04f819cdffa09d56a7a0e91d2819d56?s=96&d=mm&r=g","caption":"Maria Valentina Noguera Medina"},"description":"Periodista - noti-america - Promar Community Manager - Talento Plus Dise\u00f1adora\/ creadora de contenido...","sameAs":["Mar\u00eda Valentina Noguera","https:\/\/www.facebook.com\/mariavalentina.noguera","https:\/\/www.linkedin.com\/in\/mara-valentina-noguera-medina-373075165\/","https:\/\/www.pinterest.es\/valentinanoguera95\/","https:\/\/www.youtube.com\/channel\/UCdek6mbUZ-Tqqw0I63i4nmQ"],"url":"https:\/\/noti-america.com\/site\/argentina\/author\/mnoguera\/"}]}},"_links":{"self":[{"href":"https:\/\/noti-america.com\/site\/argentina\/wp-json\/wp\/v2\/posts\/8334","targetHints":{"allow":["GET"]}}],"collection":[{"href":"https:\/\/noti-america.com\/site\/argentina\/wp-json\/wp\/v2\/posts"}],"about":[{"href":"https:\/\/noti-america.com\/site\/argentina\/wp-json\/wp\/v2\/types\/post"}],"author":[{"embeddable":true,"href":"https:\/\/noti-america.com\/site\/argentina\/wp-json\/wp\/v2\/users\/133"}],"replies":[{"embeddable":true,"href":"https:\/\/noti-america.com\/site\/argentina\/wp-json\/wp\/v2\/comments?post=8334"}],"version-history":[{"count":1,"href":"https:\/\/noti-america.com\/site\/argentina\/wp-json\/wp\/v2\/posts\/8334\/revisions"}],"predecessor-version":[{"id":8336,"href":"https:\/\/noti-america.com\/site\/argentina\/wp-json\/wp\/v2\/posts\/8334\/revisions\/8336"}],"wp:featuredmedia":[{"embeddable":true,"href":"https:\/\/noti-america.com\/site\/argentina\/wp-json\/wp\/v2\/media\/8335"}],"wp:attachment":[{"href":"https:\/\/noti-america.com\/site\/argentina\/wp-json\/wp\/v2\/media?parent=8334"}],"wp:term":[{"taxonomy":"category","embeddable":true,"href":"https:\/\/noti-america.com\/site\/argentina\/wp-json\/wp\/v2\/categories?post=8334"},{"taxonomy":"post_tag","embeddable":true,"href":"https:\/\/noti-america.com\/site\/argentina\/wp-json\/wp\/v2\/tags?post=8334"}],"curies":[{"name":"wp","href":"https:\/\/api.w.org\/{rel}","templated":true}]}}