{"id":8262,"date":"2024-08-03T16:17:20","date_gmt":"2024-08-03T19:17:20","guid":{"rendered":"https:\/\/noti-america.com\/site\/argentina\/?p=8262"},"modified":"2024-08-03T16:17:20","modified_gmt":"2024-08-03T19:17:20","slug":"elecciones-en-venezuela-marchas-a-favor-y-en-contra-de-maduro-tensionan-caracas","status":"publish","type":"post","link":"https:\/\/noti-america.com\/site\/argentina\/2024\/08\/03\/elecciones-en-venezuela-marchas-a-favor-y-en-contra-de-maduro-tensionan-caracas\/","title":{"rendered":"Elecciones en Venezuela: Marchas a favor y en contra de Maduro tensionan Caracas"},"content":{"rendered":"<h3>NOTI-AMERICA.COM | ARGENTINA<\/h3>\n<p>El gobierno de Estados Unidos dio por ganador a Edmundo Gonz\u00e1lez y se encolumnaron detr\u00e1s suyo varios pa\u00edses latinoamericanos. Tras la presentaci\u00f3n de Maduro, el Tribunal Supremo de Justicia reclam\u00f3 al CNE todas las actas que documenten lo ocurrido en la elecci\u00f3n.<\/p>\n<p>Crece la tensi\u00f3n entre el oficialismo y la oposici\u00f3n por los resultados de las elecciones presidenciales en Venezuela. El Gobierno denunci\u00f3 un intento de desestabilizaci\u00f3n comandado por \u00abfactores de la derecha fascista y extremista\u00bb y crece la presi\u00f3n de los pa\u00edses contrarios a Nicol\u00e1s Maduro. Estados Unidos dio por ganador a Edmundo Gonz\u00e1lez Urrutia y el gobierno de Javier Milei se enconlumn\u00f3 detr\u00e1s de Washington y lo reconoci\u00f3 como presidente electo.<\/p>\n<p>El pronunciamiento de la Casa Blanca lleg\u00f3 luego de que el Centro Carter afirmara que no pudo verificar los resultados de los comicios, en los que la autoridad electoral proclam\u00f3 ganador a Maduro, debido a la \u201cfalta total de transparencia\u201d del organismo electoral. Varios pa\u00edses de la regi\u00f3n le reclaman la publicaci\u00f3n de las actas electorales para despejar las dudas.<\/p>\n<p>\u00abEstoy dispuesto a ser investigado por la sala electoral como candidato presidencial ganador de las elecciones del domingo\u00bb, sostuvo Maduro al recurrir a la Corte Suprema para que se investigue el hackeo del sistema electoral y dijo estar listo para presentar \u00abel 100% de las actas\u00bb.<\/p>\n<h2>LOS PARTIDARIOS DE MADURO TAMBI\u00c9N MARCHARON EN SU APOYO<\/h2>\n<p>Miles de chavistas salieron tambi\u00e9n este s\u00e1bado a las calles de Caracas para marchar \u00aben defensa de la paz\u00bb y en respaldo de la anunciada reelecci\u00f3n de Nicol\u00e1s Maduro como presidente de Venezuela.<\/p>\n<p>Una multitud de motociclistas recorrieron varios kil\u00f3metros del este de la capital venezolana tocando bocinas en se\u00f1al de apoyo a Maduro y para rechazar lo que el chavismo y las autoridades del Gobierno consideran un intento de golpe de Estado, en alusi\u00f3n a las denuncias de fraude electoral por parte de la mayor coalici\u00f3n opositora, la Plataforma Unitaria Democr\u00e1tica (PUD).<\/p>\n<p>Asimismo, los chavistas se reunieron en, al menos, dos puntos de la ciudad para caminar hacia una zona cercana al palacio presidencial de Miraflores, sin que se tenga confirmaci\u00f3n de la presencia del mandatario al final de la actividad.<\/p>\n<p>Estas manifestaciones han sido replicadas en varias regiones del pa\u00eds, seg\u00fan han mostrado en redes sociales gobernadores chavistas y medios estatales, que atendieron el llamado hecho por el gobernante Partido Socialista Unido (PSUV), que pidi\u00f3 a sus adeptos manifestarse el mismo d\u00eda que la PUD convoc\u00f3 a protestas en toda la naci\u00f3n.<\/p>\n<h3>EL DISCURSO DE CORINA MACHADO EN LA MARCHA OPOSITORA<\/h3>\n<p>La l\u00edder opositora Mar\u00eda Corina Machado abog\u00f3 este s\u00e1bado por mantener una lucha \u00abpac\u00edfica y c\u00edvica\u00bb pero con \u00abfuerza\u00bb ya que, dijo, las elecciones del 28 de julio marcaron un \u00abhito\u00bb sobre el cual se inici\u00f3 la \u00abtransici\u00f3n a la democracia\u00bb en Venezuela.<\/p>\n<p>\u00abDespu\u00e9s de una brutal represi\u00f3n, creyeron que nos iban a callar, atemorizar o paralizar, la presencia de cada uno de ustedes aqu\u00ed demuestra al mundo la magnitud de la fuerza y lo que significa que vamos a llegar hasta el final\u00bb, dijo.<\/p>\n<p>Asimismo, manifest\u00f3 que en estos \u00faltimos d\u00edas ha habido denuncias de persecuci\u00f3n contra los testigos electorales, al tiempo que indic\u00f3 que \u00abhoy el miedo est\u00e1 en otra parte (&#8230;) la nuestra es una lucha c\u00edvica y pac\u00edfica, pero no es d\u00e9bil\u00bb, se\u00f1al\u00f3.<\/p>\n<p><img loading=\"lazy\" decoding=\"async\" class=\"\" src=\"https:\/\/images.pagina12.com.ar\/styles\/width960\/public\/2024-08\/000-369q3gb.jpg?itok=EwAjBPSr\" width=\"531\" height=\"354\" \/><\/p>\n<p>La exdiputada sostuvo que no renunciar\u00e1 al derecho a la protesta pac\u00edfica, as\u00ed como que no aceptar\u00e1 que planteen un \u00abchantaje\u00bb que \u00abiguala a v\u00edctimas con victimarios\u00bb. \u00abNosotros no tenemos armas de fuego, es el r\u00e9gimen que las usa contra la poblaci\u00f3n, protestar c\u00edvica y pac\u00edficamente no es violencia\u00bb, apunt\u00f3.<\/p>\n<p>Miles de personas se concentraron este s\u00e1bado en Caracas y otras ciudades de Venezuela para protestar por los resultados de las presidenciales brindados por el Consejo Nacional Electoral (CNE), seg\u00fan el cual fue reelegido el presidente Nicol\u00e1s Maduro.<\/p>\n<h2>MILES DE PERSONAS EN LAS MARCHAS OPOSITORAS<\/h2>\n<p>Miles de personas salieron este s\u00e1bado a las calles en marchas y concentraciones en Caracas y otros puntos de Venezuela para protestar contra los resultados de las elecciones presidenciales del pasado domingo brindados por el Consejo Nacional Electoral (CNE), que proclam\u00f3 ganador y reelegido al presidente Nicol\u00e1s Maduro.<\/p>\n<p>Las protestas, convocadas por la mayor coalici\u00f3n opositora -la Plataforma Unitaria Democr\u00e1tica (PUD)- comenzaron en Caracas con normalidad. Es la segunda manifestaci\u00f3n de gran magnitud que se lleva a cabo a instancias de la oposici\u00f3n mayoritaria, que reclama que su abanderado en las presidenciales, Edmundo Gonz\u00e1lez Urrutia, gan\u00f3 las elecciones.<\/p>\n<p>Sin embargo, el chavismo insiste en que la documentaci\u00f3n puesta a disposici\u00f3n de los ciudadanos por parte de la oposici\u00f3n no es real, mientras el CNE no ha hecho p\u00fablicas las actas que, asegura, entregar\u00e1 al Tribunal Supremo de Justicia (TSJ), si as\u00ed lo requiere.<\/p>\n<h2>EL GOBIERNO VENEZOLANO DENUNCI\u00d3 ANTE LA JUSTICIA \u00abLA FALSEDAD DE LAS ACTAS\u00bb DIFUNDIDAS POR LA OPOSICI\u00d3N<\/h2>\n<p>El presidente de la Asamblea Nacional de Venezuela, Jorge Rodr\u00edguez, denunci\u00f3 la falsedad de las actas presentadas por la oposici\u00f3n en una p\u00e1gina web destinada a sustituir al Consejo Nacional Electoral.<\/p>\n<p>Rodr\u00edguez present\u00f3 evidencias sobre los planes de la oposici\u00f3n de derecha en la previa electoral que, en su opini\u00f3n, inclu\u00edan el anuncio de no reconocer los resultados del CNE, sino solo los de las \u201cactas\u201d que emanaran del \u201cconteo de su campa\u00f1a\u201d, como lo explicitaron \u201cdesde el pasado 18 de julio, diez d\u00edas antes de las elecciones\u201d.<\/p>\n<p>En esa misma direcci\u00f3n, tambi\u00e9n ofreci\u00f3 detalles t\u00e9cnicos de la adquisici\u00f3n del dominio, antes de las elecciones, como \u201cexpresi\u00f3n de la premeditaci\u00f3n\u201d con que se actu\u00f3.<\/p>\n<p>Rodr\u00edguez sostuvo que el sitio web contiene solo 9468 presuntas actas de las m\u00e1s de 36.000 mesas instaladas el domingo. Adem\u00e1s, asegur\u00f3 que presentaba pruebas de \u201clos papeles que la oposici\u00f3n hace pasar por actas\u201d, enumerando como \u201cfalsedades fundamentales\u201d:<\/p>\n<p>&nbsp;<\/p>\n<ul>\n<li>La presentaci\u00f3n de \u201cactas cero\u201d, la que se imprime al inicio de la votaci\u00f3n, como si fueran actas finales.<\/li>\n<li>La presentaci\u00f3n de \u201cactas en las cuales faltan las firmas de los operadores de mesa, o de los testigos\u201d, incluyendo testigos del PSUV, a pesar de tener este partido testigos en todas las mesas.<\/li>\n<li>La utilizaci\u00f3n de c\u00e9dulas de identidad de personas fallecidas.<\/li>\n<\/ul>\n<p>Otra parte de la presentaci\u00f3n refiere a \u201cinconsistencias matem\u00e1ticas\u201d en los resultados ofrecidos por la oposici\u00f3n, que da para todos los Estados n\u00fameros del 70 por ciento para Edmundo Gonz\u00e1lez y 30 por ciento para Nicol\u00e1s Maduro.<\/p>\n","protected":false},"excerpt":{"rendered":"<p>NOTI-AMERICA.COM | ARGENTINA El gobierno de Estados Unidos dio por ganador a Edmundo Gonz\u00e1lez y se encolumnaron detr\u00e1s suyo varios pa\u00edses latinoamericanos. Tras la presentaci\u00f3n de Maduro, el Tribunal Supremo de Justicia reclam\u00f3 al&#46;&#46;&#46;<\/p>\n","protected":false},"author":133,"featured_media":8263,"comment_status":"open","ping_status":"open","sticky":false,"template":"","format":"image","meta":{"_acf_changed":false,"om_disable_all_campaigns":false,"rop_custom_images_group":[],"rop_custom_messages_group":[],"rop_publish_now":"initial","rop_publish_now_accounts":{"twitter_242054905_242054905":""},"rop_publish_now_history":[],"rop_publish_now_status":"pending","_uf_show_specific_survey":0,"_uf_disable_surveys":false,"footnotes":""},"categories":[287],"tags":[],"class_list":["post-8262","post","type-post","status-publish","format-image","has-post-thumbnail","hentry","category-actualidad","post_format-post-format-image"],"acf":[],"aioseo_notices":[],"yoast_head":"<!-- This site is optimized with the Yoast SEO Premium plugin v24.9 (Yoast SEO v27.2) - https:\/\/yoast.com\/product\/yoast-seo-premium-wordpress\/ -->\n<title>Elecciones en Venezuela: Marchas a favor y en contra de Maduro tensionan Caracas - Argentina | Noti-America.com<\/title>\n<meta name=\"robots\" content=\"index, follow, max-snippet:-1, max-image-preview:large, max-video-preview:-1\" \/>\n<link rel=\"canonical\" href=\"https:\/\/noti-america.com\/site\/argentina\/2024\/08\/03\/elecciones-en-venezuela-marchas-a-favor-y-en-contra-de-maduro-tensionan-caracas\/\" \/>\n<meta property=\"og:locale\" content=\"es_ES\" \/>\n<meta property=\"og:type\" content=\"article\" \/>\n<meta property=\"og:title\" content=\"Elecciones en Venezuela: Marchas a favor y en contra de Maduro tensionan Caracas\" \/>\n<meta property=\"og:description\" content=\"NOTI-AMERICA.COM | ARGENTINA El gobierno de Estados Unidos dio por ganador a Edmundo Gonz\u00e1lez y se encolumnaron detr\u00e1s suyo varios pa\u00edses latinoamericanos. Tras la presentaci\u00f3n de Maduro, el Tribunal Supremo de Justicia reclam\u00f3 al&#046;&#046;&#046;\" \/>\n<meta property=\"og:url\" content=\"https:\/\/noti-america.com\/site\/argentina\/2024\/08\/03\/elecciones-en-venezuela-marchas-a-favor-y-en-contra-de-maduro-tensionan-caracas\/\" \/>\n<meta property=\"og:site_name\" content=\"Argentina | Noti-America.com\" \/>\n<meta property=\"article:author\" content=\"Mar\u00eda Valentina Noguera\" \/>\n<meta property=\"article:published_time\" content=\"2024-08-03T19:17:20+00:00\" \/>\n<meta property=\"og:image\" content=\"https:\/\/noti-america.com\/site\/argentina\/wp-content\/uploads\/sites\/24\/2024\/08\/859800-marchas-20en-20caracas.jpg\" \/>\n\t<meta property=\"og:image:width\" content=\"960\" \/>\n\t<meta property=\"og:image:height\" content=\"640\" \/>\n\t<meta property=\"og:image:type\" content=\"image\/jpeg\" \/>\n<meta name=\"author\" content=\"Maria Valentina Noguera Medina\" \/>\n<meta name=\"twitter:card\" content=\"summary_large_image\" \/>\n<meta name=\"twitter:creator\" content=\"@inotiamerica\" \/>\n<meta name=\"twitter:site\" content=\"@inotiamerica\" \/>\n<meta name=\"twitter:label1\" content=\"Escrito por\" \/>\n\t<meta name=\"twitter:data1\" content=\"Maria Valentina Noguera Medina\" \/>\n\t<meta name=\"twitter:label2\" content=\"Tiempo estimado de lectura\" \/>\n\t<meta name=\"twitter:data2\" content=\"6 minutos\" \/>\n<script type=\"application\/ld+json\" class=\"yoast-schema-graph\">{\"@context\":\"https:\/\/schema.org\",\"@graph\":[{\"@type\":\"Article\",\"@id\":\"https:\/\/noti-america.com\/site\/argentina\/2024\/08\/03\/elecciones-en-venezuela-marchas-a-favor-y-en-contra-de-maduro-tensionan-caracas\/#article\",\"isPartOf\":{\"@id\":\"https:\/\/noti-america.com\/site\/argentina\/2024\/08\/03\/elecciones-en-venezuela-marchas-a-favor-y-en-contra-de-maduro-tensionan-caracas\/\"},\"author\":{\"name\":\"Maria Valentina Noguera Medina\",\"@id\":\"https:\/\/noti-america.com\/site\/argentina\/#\/schema\/person\/22806efcc2cfc4b45efb0e17be210ea8\"},\"headline\":\"Elecciones en Venezuela: Marchas a favor y en contra de Maduro tensionan Caracas\",\"datePublished\":\"2024-08-03T19:17:20+00:00\",\"mainEntityOfPage\":{\"@id\":\"https:\/\/noti-america.com\/site\/argentina\/2024\/08\/03\/elecciones-en-venezuela-marchas-a-favor-y-en-contra-de-maduro-tensionan-caracas\/\"},\"wordCount\":1160,\"commentCount\":0,\"publisher\":{\"@id\":\"https:\/\/noti-america.com\/site\/argentina\/#organization\"},\"image\":{\"@id\":\"https:\/\/noti-america.com\/site\/argentina\/2024\/08\/03\/elecciones-en-venezuela-marchas-a-favor-y-en-contra-de-maduro-tensionan-caracas\/#primaryimage\"},\"thumbnailUrl\":\"https:\/\/noti-america.com\/site\/argentina\/wp-content\/uploads\/sites\/24\/2024\/08\/859800-marchas-20en-20caracas.jpg\",\"articleSection\":[\"Actualidad\"],\"inLanguage\":\"es\",\"potentialAction\":[{\"@type\":\"CommentAction\",\"name\":\"Comment\",\"target\":[\"https:\/\/noti-america.com\/site\/argentina\/2024\/08\/03\/elecciones-en-venezuela-marchas-a-favor-y-en-contra-de-maduro-tensionan-caracas\/#respond\"]}]},{\"@type\":\"WebPage\",\"@id\":\"https:\/\/noti-america.com\/site\/argentina\/2024\/08\/03\/elecciones-en-venezuela-marchas-a-favor-y-en-contra-de-maduro-tensionan-caracas\/\",\"url\":\"https:\/\/noti-america.com\/site\/argentina\/2024\/08\/03\/elecciones-en-venezuela-marchas-a-favor-y-en-contra-de-maduro-tensionan-caracas\/\",\"name\":\"Elecciones en Venezuela: Marchas a favor y en contra de Maduro tensionan Caracas - Argentina | Noti-America.com\",\"isPartOf\":{\"@id\":\"https:\/\/noti-america.com\/site\/argentina\/#website\"},\"primaryImageOfPage\":{\"@id\":\"https:\/\/noti-america.com\/site\/argentina\/2024\/08\/03\/elecciones-en-venezuela-marchas-a-favor-y-en-contra-de-maduro-tensionan-caracas\/#primaryimage\"},\"image\":{\"@id\":\"https:\/\/noti-america.com\/site\/argentina\/2024\/08\/03\/elecciones-en-venezuela-marchas-a-favor-y-en-contra-de-maduro-tensionan-caracas\/#primaryimage\"},\"thumbnailUrl\":\"https:\/\/noti-america.com\/site\/argentina\/wp-content\/uploads\/sites\/24\/2024\/08\/859800-marchas-20en-20caracas.jpg\",\"datePublished\":\"2024-08-03T19:17:20+00:00\",\"breadcrumb\":{\"@id\":\"https:\/\/noti-america.com\/site\/argentina\/2024\/08\/03\/elecciones-en-venezuela-marchas-a-favor-y-en-contra-de-maduro-tensionan-caracas\/#breadcrumb\"},\"inLanguage\":\"es\",\"potentialAction\":[{\"@type\":\"ReadAction\",\"target\":[\"https:\/\/noti-america.com\/site\/argentina\/2024\/08\/03\/elecciones-en-venezuela-marchas-a-favor-y-en-contra-de-maduro-tensionan-caracas\/\"]}]},{\"@type\":\"ImageObject\",\"inLanguage\":\"es\",\"@id\":\"https:\/\/noti-america.com\/site\/argentina\/2024\/08\/03\/elecciones-en-venezuela-marchas-a-favor-y-en-contra-de-maduro-tensionan-caracas\/#primaryimage\",\"url\":\"https:\/\/noti-america.com\/site\/argentina\/wp-content\/uploads\/sites\/24\/2024\/08\/859800-marchas-20en-20caracas.jpg\",\"contentUrl\":\"https:\/\/noti-america.com\/site\/argentina\/wp-content\/uploads\/sites\/24\/2024\/08\/859800-marchas-20en-20caracas.jpg\",\"width\":960,\"height\":640},{\"@type\":\"BreadcrumbList\",\"@id\":\"https:\/\/noti-america.com\/site\/argentina\/2024\/08\/03\/elecciones-en-venezuela-marchas-a-favor-y-en-contra-de-maduro-tensionan-caracas\/#breadcrumb\",\"itemListElement\":[{\"@type\":\"ListItem\",\"position\":1,\"name\":\"Portada\",\"item\":\"https:\/\/noti-america.com\/site\/argentina\/\"},{\"@type\":\"ListItem\",\"position\":2,\"name\":\"Elecciones en Venezuela: Marchas a favor y en contra de Maduro tensionan Caracas\"}]},{\"@type\":\"WebSite\",\"@id\":\"https:\/\/noti-america.com\/site\/argentina\/#website\",\"url\":\"https:\/\/noti-america.com\/site\/argentina\/\",\"name\":\"Argentina | Noti-America.com\",\"description\":\"\",\"publisher\":{\"@id\":\"https:\/\/noti-america.com\/site\/argentina\/#organization\"},\"potentialAction\":[{\"@type\":\"SearchAction\",\"target\":{\"@type\":\"EntryPoint\",\"urlTemplate\":\"https:\/\/noti-america.com\/site\/argentina\/?s={search_term_string}\"},\"query-input\":{\"@type\":\"PropertyValueSpecification\",\"valueRequired\":true,\"valueName\":\"search_term_string\"}}],\"inLanguage\":\"es\"},{\"@type\":\"Organization\",\"@id\":\"https:\/\/noti-america.com\/site\/argentina\/#organization\",\"name\":\"Noti-America LLC | Argentina\",\"url\":\"https:\/\/noti-america.com\/site\/argentina\/\",\"logo\":{\"@type\":\"ImageObject\",\"inLanguage\":\"es\",\"@id\":\"https:\/\/noti-america.com\/site\/argentina\/#\/schema\/logo\/image\/\",\"url\":\"https:\/\/noti-america.com\/site\/argentina\/wp-content\/uploads\/sites\/24\/2020\/07\/LogoNA-4x3-1.jpg\",\"contentUrl\":\"https:\/\/noti-america.com\/site\/argentina\/wp-content\/uploads\/sites\/24\/2020\/07\/LogoNA-4x3-1.jpg\",\"width\":1236,\"height\":1080,\"caption\":\"Noti-America LLC | Argentina\"},\"image\":{\"@id\":\"https:\/\/noti-america.com\/site\/argentina\/#\/schema\/logo\/image\/\"},\"sameAs\":[\"https:\/\/x.com\/inotiamerica\"]},{\"@type\":\"Person\",\"@id\":\"https:\/\/noti-america.com\/site\/argentina\/#\/schema\/person\/22806efcc2cfc4b45efb0e17be210ea8\",\"name\":\"Maria Valentina Noguera Medina\",\"image\":{\"@type\":\"ImageObject\",\"inLanguage\":\"es\",\"@id\":\"https:\/\/secure.gravatar.com\/avatar\/4ec5eb9d099f2608a49c9df6f7341f66f04f819cdffa09d56a7a0e91d2819d56?s=96&d=mm&r=g\",\"url\":\"https:\/\/secure.gravatar.com\/avatar\/4ec5eb9d099f2608a49c9df6f7341f66f04f819cdffa09d56a7a0e91d2819d56?s=96&d=mm&r=g\",\"contentUrl\":\"https:\/\/secure.gravatar.com\/avatar\/4ec5eb9d099f2608a49c9df6f7341f66f04f819cdffa09d56a7a0e91d2819d56?s=96&d=mm&r=g\",\"caption\":\"Maria Valentina Noguera Medina\"},\"description\":\"Periodista - noti-america - Promar Community Manager - Talento Plus Dise\u00f1adora\/ creadora de contenido...\",\"sameAs\":[\"Mar\u00eda Valentina Noguera\",\"https:\/\/www.facebook.com\/mariavalentina.noguera\",\"https:\/\/www.linkedin.com\/in\/mara-valentina-noguera-medina-373075165\/\",\"https:\/\/www.pinterest.es\/valentinanoguera95\/\",\"https:\/\/www.youtube.com\/channel\/UCdek6mbUZ-Tqqw0I63i4nmQ\"],\"url\":\"https:\/\/noti-america.com\/site\/argentina\/author\/mnoguera\/\"}]}<\/script>\n<!-- \/ Yoast SEO Premium plugin. -->","yoast_head_json":{"title":"Elecciones en Venezuela: Marchas a favor y en contra de Maduro tensionan Caracas - Argentina | Noti-America.com","robots":{"index":"index","follow":"follow","max-snippet":"max-snippet:-1","max-image-preview":"max-image-preview:large","max-video-preview":"max-video-preview:-1"},"canonical":"https:\/\/noti-america.com\/site\/argentina\/2024\/08\/03\/elecciones-en-venezuela-marchas-a-favor-y-en-contra-de-maduro-tensionan-caracas\/","og_locale":"es_ES","og_type":"article","og_title":"Elecciones en Venezuela: Marchas a favor y en contra de Maduro tensionan Caracas","og_description":"NOTI-AMERICA.COM | ARGENTINA El gobierno de Estados Unidos dio por ganador a Edmundo Gonz\u00e1lez y se encolumnaron detr\u00e1s suyo varios pa\u00edses latinoamericanos. Tras la presentaci\u00f3n de Maduro, el Tribunal Supremo de Justicia reclam\u00f3 al&#46;&#46;&#46;","og_url":"https:\/\/noti-america.com\/site\/argentina\/2024\/08\/03\/elecciones-en-venezuela-marchas-a-favor-y-en-contra-de-maduro-tensionan-caracas\/","og_site_name":"Argentina | Noti-America.com","article_author":"Mar\u00eda Valentina Noguera","article_published_time":"2024-08-03T19:17:20+00:00","og_image":[{"width":960,"height":640,"url":"https:\/\/noti-america.com\/site\/argentina\/wp-content\/uploads\/sites\/24\/2024\/08\/859800-marchas-20en-20caracas.jpg","type":"image\/jpeg"}],"author":"Maria Valentina Noguera Medina","twitter_card":"summary_large_image","twitter_creator":"@inotiamerica","twitter_site":"@inotiamerica","twitter_misc":{"Escrito por":"Maria Valentina Noguera Medina","Tiempo estimado de lectura":"6 minutos"},"schema":{"@context":"https:\/\/schema.org","@graph":[{"@type":"Article","@id":"https:\/\/noti-america.com\/site\/argentina\/2024\/08\/03\/elecciones-en-venezuela-marchas-a-favor-y-en-contra-de-maduro-tensionan-caracas\/#article","isPartOf":{"@id":"https:\/\/noti-america.com\/site\/argentina\/2024\/08\/03\/elecciones-en-venezuela-marchas-a-favor-y-en-contra-de-maduro-tensionan-caracas\/"},"author":{"name":"Maria Valentina Noguera Medina","@id":"https:\/\/noti-america.com\/site\/argentina\/#\/schema\/person\/22806efcc2cfc4b45efb0e17be210ea8"},"headline":"Elecciones en Venezuela: Marchas a favor y en contra de Maduro tensionan Caracas","datePublished":"2024-08-03T19:17:20+00:00","mainEntityOfPage":{"@id":"https:\/\/noti-america.com\/site\/argentina\/2024\/08\/03\/elecciones-en-venezuela-marchas-a-favor-y-en-contra-de-maduro-tensionan-caracas\/"},"wordCount":1160,"commentCount":0,"publisher":{"@id":"https:\/\/noti-america.com\/site\/argentina\/#organization"},"image":{"@id":"https:\/\/noti-america.com\/site\/argentina\/2024\/08\/03\/elecciones-en-venezuela-marchas-a-favor-y-en-contra-de-maduro-tensionan-caracas\/#primaryimage"},"thumbnailUrl":"https:\/\/noti-america.com\/site\/argentina\/wp-content\/uploads\/sites\/24\/2024\/08\/859800-marchas-20en-20caracas.jpg","articleSection":["Actualidad"],"inLanguage":"es","potentialAction":[{"@type":"CommentAction","name":"Comment","target":["https:\/\/noti-america.com\/site\/argentina\/2024\/08\/03\/elecciones-en-venezuela-marchas-a-favor-y-en-contra-de-maduro-tensionan-caracas\/#respond"]}]},{"@type":"WebPage","@id":"https:\/\/noti-america.com\/site\/argentina\/2024\/08\/03\/elecciones-en-venezuela-marchas-a-favor-y-en-contra-de-maduro-tensionan-caracas\/","url":"https:\/\/noti-america.com\/site\/argentina\/2024\/08\/03\/elecciones-en-venezuela-marchas-a-favor-y-en-contra-de-maduro-tensionan-caracas\/","name":"Elecciones en Venezuela: Marchas a favor y en contra de Maduro tensionan Caracas - Argentina | Noti-America.com","isPartOf":{"@id":"https:\/\/noti-america.com\/site\/argentina\/#website"},"primaryImageOfPage":{"@id":"https:\/\/noti-america.com\/site\/argentina\/2024\/08\/03\/elecciones-en-venezuela-marchas-a-favor-y-en-contra-de-maduro-tensionan-caracas\/#primaryimage"},"image":{"@id":"https:\/\/noti-america.com\/site\/argentina\/2024\/08\/03\/elecciones-en-venezuela-marchas-a-favor-y-en-contra-de-maduro-tensionan-caracas\/#primaryimage"},"thumbnailUrl":"https:\/\/noti-america.com\/site\/argentina\/wp-content\/uploads\/sites\/24\/2024\/08\/859800-marchas-20en-20caracas.jpg","datePublished":"2024-08-03T19:17:20+00:00","breadcrumb":{"@id":"https:\/\/noti-america.com\/site\/argentina\/2024\/08\/03\/elecciones-en-venezuela-marchas-a-favor-y-en-contra-de-maduro-tensionan-caracas\/#breadcrumb"},"inLanguage":"es","potentialAction":[{"@type":"ReadAction","target":["https:\/\/noti-america.com\/site\/argentina\/2024\/08\/03\/elecciones-en-venezuela-marchas-a-favor-y-en-contra-de-maduro-tensionan-caracas\/"]}]},{"@type":"ImageObject","inLanguage":"es","@id":"https:\/\/noti-america.com\/site\/argentina\/2024\/08\/03\/elecciones-en-venezuela-marchas-a-favor-y-en-contra-de-maduro-tensionan-caracas\/#primaryimage","url":"https:\/\/noti-america.com\/site\/argentina\/wp-content\/uploads\/sites\/24\/2024\/08\/859800-marchas-20en-20caracas.jpg","contentUrl":"https:\/\/noti-america.com\/site\/argentina\/wp-content\/uploads\/sites\/24\/2024\/08\/859800-marchas-20en-20caracas.jpg","width":960,"height":640},{"@type":"BreadcrumbList","@id":"https:\/\/noti-america.com\/site\/argentina\/2024\/08\/03\/elecciones-en-venezuela-marchas-a-favor-y-en-contra-de-maduro-tensionan-caracas\/#breadcrumb","itemListElement":[{"@type":"ListItem","position":1,"name":"Portada","item":"https:\/\/noti-america.com\/site\/argentina\/"},{"@type":"ListItem","position":2,"name":"Elecciones en Venezuela: Marchas a favor y en contra de Maduro tensionan Caracas"}]},{"@type":"WebSite","@id":"https:\/\/noti-america.com\/site\/argentina\/#website","url":"https:\/\/noti-america.com\/site\/argentina\/","name":"Argentina | Noti-America.com","description":"","publisher":{"@id":"https:\/\/noti-america.com\/site\/argentina\/#organization"},"potentialAction":[{"@type":"SearchAction","target":{"@type":"EntryPoint","urlTemplate":"https:\/\/noti-america.com\/site\/argentina\/?s={search_term_string}"},"query-input":{"@type":"PropertyValueSpecification","valueRequired":true,"valueName":"search_term_string"}}],"inLanguage":"es"},{"@type":"Organization","@id":"https:\/\/noti-america.com\/site\/argentina\/#organization","name":"Noti-America LLC | Argentina","url":"https:\/\/noti-america.com\/site\/argentina\/","logo":{"@type":"ImageObject","inLanguage":"es","@id":"https:\/\/noti-america.com\/site\/argentina\/#\/schema\/logo\/image\/","url":"https:\/\/noti-america.com\/site\/argentina\/wp-content\/uploads\/sites\/24\/2020\/07\/LogoNA-4x3-1.jpg","contentUrl":"https:\/\/noti-america.com\/site\/argentina\/wp-content\/uploads\/sites\/24\/2020\/07\/LogoNA-4x3-1.jpg","width":1236,"height":1080,"caption":"Noti-America LLC | Argentina"},"image":{"@id":"https:\/\/noti-america.com\/site\/argentina\/#\/schema\/logo\/image\/"},"sameAs":["https:\/\/x.com\/inotiamerica"]},{"@type":"Person","@id":"https:\/\/noti-america.com\/site\/argentina\/#\/schema\/person\/22806efcc2cfc4b45efb0e17be210ea8","name":"Maria Valentina Noguera Medina","image":{"@type":"ImageObject","inLanguage":"es","@id":"https:\/\/secure.gravatar.com\/avatar\/4ec5eb9d099f2608a49c9df6f7341f66f04f819cdffa09d56a7a0e91d2819d56?s=96&d=mm&r=g","url":"https:\/\/secure.gravatar.com\/avatar\/4ec5eb9d099f2608a49c9df6f7341f66f04f819cdffa09d56a7a0e91d2819d56?s=96&d=mm&r=g","contentUrl":"https:\/\/secure.gravatar.com\/avatar\/4ec5eb9d099f2608a49c9df6f7341f66f04f819cdffa09d56a7a0e91d2819d56?s=96&d=mm&r=g","caption":"Maria Valentina Noguera Medina"},"description":"Periodista - noti-america - Promar Community Manager - Talento Plus Dise\u00f1adora\/ creadora de contenido...","sameAs":["Mar\u00eda Valentina Noguera","https:\/\/www.facebook.com\/mariavalentina.noguera","https:\/\/www.linkedin.com\/in\/mara-valentina-noguera-medina-373075165\/","https:\/\/www.pinterest.es\/valentinanoguera95\/","https:\/\/www.youtube.com\/channel\/UCdek6mbUZ-Tqqw0I63i4nmQ"],"url":"https:\/\/noti-america.com\/site\/argentina\/author\/mnoguera\/"}]}},"_links":{"self":[{"href":"https:\/\/noti-america.com\/site\/argentina\/wp-json\/wp\/v2\/posts\/8262","targetHints":{"allow":["GET"]}}],"collection":[{"href":"https:\/\/noti-america.com\/site\/argentina\/wp-json\/wp\/v2\/posts"}],"about":[{"href":"https:\/\/noti-america.com\/site\/argentina\/wp-json\/wp\/v2\/types\/post"}],"author":[{"embeddable":true,"href":"https:\/\/noti-america.com\/site\/argentina\/wp-json\/wp\/v2\/users\/133"}],"replies":[{"embeddable":true,"href":"https:\/\/noti-america.com\/site\/argentina\/wp-json\/wp\/v2\/comments?post=8262"}],"version-history":[{"count":1,"href":"https:\/\/noti-america.com\/site\/argentina\/wp-json\/wp\/v2\/posts\/8262\/revisions"}],"predecessor-version":[{"id":8264,"href":"https:\/\/noti-america.com\/site\/argentina\/wp-json\/wp\/v2\/posts\/8262\/revisions\/8264"}],"wp:featuredmedia":[{"embeddable":true,"href":"https:\/\/noti-america.com\/site\/argentina\/wp-json\/wp\/v2\/media\/8263"}],"wp:attachment":[{"href":"https:\/\/noti-america.com\/site\/argentina\/wp-json\/wp\/v2\/media?parent=8262"}],"wp:term":[{"taxonomy":"category","embeddable":true,"href":"https:\/\/noti-america.com\/site\/argentina\/wp-json\/wp\/v2\/categories?post=8262"},{"taxonomy":"post_tag","embeddable":true,"href":"https:\/\/noti-america.com\/site\/argentina\/wp-json\/wp\/v2\/tags?post=8262"}],"curies":[{"name":"wp","href":"https:\/\/api.w.org\/{rel}","templated":true}]}}