{"id":7481,"date":"2024-06-12T11:25:16","date_gmt":"2024-06-12T14:25:16","guid":{"rendered":"https:\/\/noti-america.com\/site\/argentina\/?p=7481"},"modified":"2024-06-12T11:25:16","modified_gmt":"2024-06-12T14:25:16","slug":"javier-mascherano-los-juegos-olimpicos-son-una-gran-oportunidad-para-muchos-jugadores","status":"publish","type":"post","link":"https:\/\/noti-america.com\/site\/argentina\/2024\/06\/12\/javier-mascherano-los-juegos-olimpicos-son-una-gran-oportunidad-para-muchos-jugadores\/","title":{"rendered":"Javier Mascherano: \u00abLos Juegos Ol\u00edmpicos son una gran oportunidad para muchos jugadores\u00bb"},"content":{"rendered":"<p><span style=\"color: #33cccc\"><strong>NOTI-AMERICA.COM | ARGENTINA<\/strong><\/span><\/p>\n<p><strong>El plantel continuar\u00e1 su preparaci\u00f3n para lo que ser\u00e1 el debut en la cita francesa, el mi\u00e9rcoles 24 de julio, ante Marruecos.<\/strong><\/p>\n<p style=\"text-align: justify\"><span style=\"color: #000000\">El entrenador de la Selecci\u00f3n argentina Sub 23, Javier Mascherano, afirm\u00f3 que los Juegos Ol\u00edmpicos representan \u00abuna gran oportunidad\u00bb para muchos jugadores. Adem\u00e1s, se refiri\u00f3 al buen nivel de Giuliano Simeone en el \u00faltimo amistoso ante Paraguay y a la posible presencia de Kevin Zen\u00f3n en la cita polideportiva en Francia.<\/span><\/p>\n<p style=\"text-align: justify\"><span style=\"color: #000000\">Tras lo que fueron las dos victorias en los amistosos ante los paraguayos, el director t\u00e9cnico del plantel juvenil ya piensa en lo que ser\u00e1 la competencia ol\u00edmpica en Par\u00eds y declar\u00f3: \u00abLos Juegos Ol\u00edmpicos son una gran oportunidad para muchos jugadores. Queremos ir a competir de la mejor manera a Par\u00eds\u00bb.<\/span><\/p>\n<p style=\"text-align: justify\"><span style=\"color: #000000\">En el triunfo ante los guaran\u00edes en el estadio de Lan\u00fas, Giuliano Simeone marc\u00f3 los dos goles de la victoria y, sobre \u00e9l, Mascherano expres\u00f3: \u00abLo seguimos. Estuvo en Zaragoza, con un buen rendimiento en segunda divisi\u00f3n de Espa\u00f1a. Cuando volvi\u00f3 de su lesi\u00f3n regres\u00f3 en buen nivel y su final de temporada ha sido muy bueno\u00bb.<\/span><\/p>\n<p style=\"text-align: justify\"><span style=\"color: #000000\">Adem\u00e1s, el ex jugador del Barcelona de Espa\u00f1a se refiri\u00f3 a las posibilidades de que Kevin Zen\u00f3n, jugador de Boca, este en Par\u00eds: \u00abEst\u00e1 con las mismas posibilidades de los 50 que incluimos. Siempre estuvo en el radar nuestro. Particip\u00f3 del proceso preol\u00edmpico Sub 23. Lo que pas\u00f3 con \u00e9l en Boca muestra su personalidad, es para tenerlo en cuenta\u00bb.<\/span><\/p>\n<p style=\"text-align: justify\"><span style=\"color: #000000\">Por \u00faltimo, el entrenador de la Selecci\u00f3n argentina dio m\u00e1s detalles sobre las negociaciones para que tres mayores se sumen a la lista de convocados: \u00abEn teor\u00eda dos de los tres mayores los tenemos cerrados. Esto es de palabra. Habr\u00e1 que esperar la oficializaci\u00f3n de los clubes. Puede que se sume alguno de los tres que no cite Scaloni para la Copa Am\u00e9rica. Lo que hemos tratado es no manosear los nombres. No es f\u00e1cil ir por un jugador, que te digan que no y luego ir a buscar otro\u00bb.<\/span><\/p>\n<p style=\"text-align: justify\"><span style=\"color: #000000\">El equipo de Mascherano continuar\u00e1 su preparaci\u00f3n para lo que ser\u00e1 el debut en los Juegos Ol\u00edmpicos, el mi\u00e9rcoles 24 de julio, ante Marruecos. En lo inmediato, la Selecci\u00f3n Argentina viajar\u00e1 el 10 de julio a Francia para instalarse en el interior del pa\u00eds galo.<\/span><\/p>\n<p style=\"text-align: justify\"><span style=\"color: #000000\">Si bien no se descarta que se organicen otros amistosos m\u00e1s, lo que s\u00ed se sabe es que el equipo enfrentar\u00e1 al equipo franc\u00e9s Rouen 1899, el 15 de julio, y a la Selecci\u00f3n de Guinea, el 19 del mismo mes.<\/span><\/p>\n","protected":false},"excerpt":{"rendered":"<p>NOTI-AMERICA.COM | ARGENTINA El plantel continuar\u00e1 su preparaci\u00f3n para lo que ser\u00e1 el debut en la cita francesa, el mi\u00e9rcoles 24 de julio, ante Marruecos. El entrenador de la Selecci\u00f3n argentina Sub 23, Javier&#46;&#46;&#46;<\/p>\n","protected":false},"author":133,"featured_media":7482,"comment_status":"open","ping_status":"open","sticky":false,"template":"","format":"image","meta":{"_acf_changed":false,"om_disable_all_campaigns":false,"rop_custom_images_group":[],"rop_custom_messages_group":[],"rop_publish_now":"initial","rop_publish_now_accounts":{"twitter_242054905_242054905":""},"rop_publish_now_history":[],"rop_publish_now_status":"pending","_uf_show_specific_survey":0,"_uf_disable_surveys":false,"footnotes":""},"categories":[287],"tags":[],"class_list":["post-7481","post","type-post","status-publish","format-image","has-post-thumbnail","hentry","category-actualidad","post_format-post-format-image"],"acf":[],"aioseo_notices":[],"yoast_head":"<!-- This site is optimized with the Yoast SEO Premium plugin v24.9 (Yoast SEO v27.2) - https:\/\/yoast.com\/product\/yoast-seo-premium-wordpress\/ -->\n<title>Javier Mascherano: &quot;Los Juegos Ol\u00edmpicos son una gran oportunidad para muchos jugadores&quot; - Argentina | Noti-America.com<\/title>\n<meta name=\"robots\" content=\"index, follow, max-snippet:-1, max-image-preview:large, max-video-preview:-1\" \/>\n<link rel=\"canonical\" href=\"https:\/\/noti-america.com\/site\/argentina\/2024\/06\/12\/javier-mascherano-los-juegos-olimpicos-son-una-gran-oportunidad-para-muchos-jugadores\/\" \/>\n<meta property=\"og:locale\" content=\"es_ES\" \/>\n<meta property=\"og:type\" content=\"article\" \/>\n<meta property=\"og:title\" content=\"Javier Mascherano: &quot;Los Juegos Ol\u00edmpicos son una gran oportunidad para muchos jugadores&quot;\" \/>\n<meta property=\"og:description\" content=\"NOTI-AMERICA.COM | ARGENTINA El plantel continuar\u00e1 su preparaci\u00f3n para lo que ser\u00e1 el debut en la cita francesa, el mi\u00e9rcoles 24 de julio, ante Marruecos. El entrenador de la Selecci\u00f3n argentina Sub 23, Javier&#046;&#046;&#046;\" \/>\n<meta property=\"og:url\" content=\"https:\/\/noti-america.com\/site\/argentina\/2024\/06\/12\/javier-mascherano-los-juegos-olimpicos-son-una-gran-oportunidad-para-muchos-jugadores\/\" \/>\n<meta property=\"og:site_name\" content=\"Argentina | Noti-America.com\" \/>\n<meta property=\"article:author\" content=\"Mar\u00eda Valentina Noguera\" \/>\n<meta property=\"article:published_time\" content=\"2024-06-12T14:25:16+00:00\" \/>\n<meta property=\"og:image\" content=\"https:\/\/noti-america.com\/site\/argentina\/wp-content\/uploads\/sites\/24\/2024\/06\/846687-whatsapp-20image-202024-06-11-20at-2017-57-29.jpeg\" \/>\n\t<meta property=\"og:image:width\" content=\"960\" \/>\n\t<meta property=\"og:image:height\" content=\"640\" \/>\n\t<meta property=\"og:image:type\" content=\"image\/jpeg\" \/>\n<meta name=\"author\" content=\"Maria Valentina Noguera Medina\" \/>\n<meta name=\"twitter:card\" content=\"summary_large_image\" \/>\n<meta name=\"twitter:creator\" content=\"@inotiamerica\" \/>\n<meta name=\"twitter:site\" content=\"@inotiamerica\" \/>\n<meta name=\"twitter:label1\" content=\"Escrito por\" \/>\n\t<meta name=\"twitter:data1\" content=\"Maria Valentina Noguera Medina\" \/>\n\t<meta name=\"twitter:label2\" content=\"Tiempo estimado de lectura\" \/>\n\t<meta name=\"twitter:data2\" content=\"3 minutos\" \/>\n<script type=\"application\/ld+json\" class=\"yoast-schema-graph\">{\"@context\":\"https:\/\/schema.org\",\"@graph\":[{\"@type\":\"Article\",\"@id\":\"https:\/\/noti-america.com\/site\/argentina\/2024\/06\/12\/javier-mascherano-los-juegos-olimpicos-son-una-gran-oportunidad-para-muchos-jugadores\/#article\",\"isPartOf\":{\"@id\":\"https:\/\/noti-america.com\/site\/argentina\/2024\/06\/12\/javier-mascherano-los-juegos-olimpicos-son-una-gran-oportunidad-para-muchos-jugadores\/\"},\"author\":{\"name\":\"Maria Valentina Noguera Medina\",\"@id\":\"https:\/\/noti-america.com\/site\/argentina\/#\/schema\/person\/22806efcc2cfc4b45efb0e17be210ea8\"},\"headline\":\"Javier Mascherano: \u00abLos Juegos Ol\u00edmpicos son una gran oportunidad para muchos jugadores\u00bb\",\"datePublished\":\"2024-06-12T14:25:16+00:00\",\"mainEntityOfPage\":{\"@id\":\"https:\/\/noti-america.com\/site\/argentina\/2024\/06\/12\/javier-mascherano-los-juegos-olimpicos-son-una-gran-oportunidad-para-muchos-jugadores\/\"},\"wordCount\":460,\"commentCount\":0,\"publisher\":{\"@id\":\"https:\/\/noti-america.com\/site\/argentina\/#organization\"},\"image\":{\"@id\":\"https:\/\/noti-america.com\/site\/argentina\/2024\/06\/12\/javier-mascherano-los-juegos-olimpicos-son-una-gran-oportunidad-para-muchos-jugadores\/#primaryimage\"},\"thumbnailUrl\":\"https:\/\/noti-america.com\/site\/argentina\/wp-content\/uploads\/sites\/24\/2024\/06\/846687-whatsapp-20image-202024-06-11-20at-2017-57-29.jpeg\",\"articleSection\":[\"Actualidad\"],\"inLanguage\":\"es\",\"potentialAction\":[{\"@type\":\"CommentAction\",\"name\":\"Comment\",\"target\":[\"https:\/\/noti-america.com\/site\/argentina\/2024\/06\/12\/javier-mascherano-los-juegos-olimpicos-son-una-gran-oportunidad-para-muchos-jugadores\/#respond\"]}]},{\"@type\":\"WebPage\",\"@id\":\"https:\/\/noti-america.com\/site\/argentina\/2024\/06\/12\/javier-mascherano-los-juegos-olimpicos-son-una-gran-oportunidad-para-muchos-jugadores\/\",\"url\":\"https:\/\/noti-america.com\/site\/argentina\/2024\/06\/12\/javier-mascherano-los-juegos-olimpicos-son-una-gran-oportunidad-para-muchos-jugadores\/\",\"name\":\"Javier Mascherano: \\\"Los Juegos Ol\u00edmpicos son una gran oportunidad para muchos jugadores\\\" - Argentina | Noti-America.com\",\"isPartOf\":{\"@id\":\"https:\/\/noti-america.com\/site\/argentina\/#website\"},\"primaryImageOfPage\":{\"@id\":\"https:\/\/noti-america.com\/site\/argentina\/2024\/06\/12\/javier-mascherano-los-juegos-olimpicos-son-una-gran-oportunidad-para-muchos-jugadores\/#primaryimage\"},\"image\":{\"@id\":\"https:\/\/noti-america.com\/site\/argentina\/2024\/06\/12\/javier-mascherano-los-juegos-olimpicos-son-una-gran-oportunidad-para-muchos-jugadores\/#primaryimage\"},\"thumbnailUrl\":\"https:\/\/noti-america.com\/site\/argentina\/wp-content\/uploads\/sites\/24\/2024\/06\/846687-whatsapp-20image-202024-06-11-20at-2017-57-29.jpeg\",\"datePublished\":\"2024-06-12T14:25:16+00:00\",\"breadcrumb\":{\"@id\":\"https:\/\/noti-america.com\/site\/argentina\/2024\/06\/12\/javier-mascherano-los-juegos-olimpicos-son-una-gran-oportunidad-para-muchos-jugadores\/#breadcrumb\"},\"inLanguage\":\"es\",\"potentialAction\":[{\"@type\":\"ReadAction\",\"target\":[\"https:\/\/noti-america.com\/site\/argentina\/2024\/06\/12\/javier-mascherano-los-juegos-olimpicos-son-una-gran-oportunidad-para-muchos-jugadores\/\"]}]},{\"@type\":\"ImageObject\",\"inLanguage\":\"es\",\"@id\":\"https:\/\/noti-america.com\/site\/argentina\/2024\/06\/12\/javier-mascherano-los-juegos-olimpicos-son-una-gran-oportunidad-para-muchos-jugadores\/#primaryimage\",\"url\":\"https:\/\/noti-america.com\/site\/argentina\/wp-content\/uploads\/sites\/24\/2024\/06\/846687-whatsapp-20image-202024-06-11-20at-2017-57-29.jpeg\",\"contentUrl\":\"https:\/\/noti-america.com\/site\/argentina\/wp-content\/uploads\/sites\/24\/2024\/06\/846687-whatsapp-20image-202024-06-11-20at-2017-57-29.jpeg\",\"width\":960,\"height\":640},{\"@type\":\"BreadcrumbList\",\"@id\":\"https:\/\/noti-america.com\/site\/argentina\/2024\/06\/12\/javier-mascherano-los-juegos-olimpicos-son-una-gran-oportunidad-para-muchos-jugadores\/#breadcrumb\",\"itemListElement\":[{\"@type\":\"ListItem\",\"position\":1,\"name\":\"Portada\",\"item\":\"https:\/\/noti-america.com\/site\/argentina\/\"},{\"@type\":\"ListItem\",\"position\":2,\"name\":\"Javier Mascherano: &#8220;Los Juegos Ol\u00edmpicos son una gran oportunidad para muchos jugadores&#8221;\"}]},{\"@type\":\"WebSite\",\"@id\":\"https:\/\/noti-america.com\/site\/argentina\/#website\",\"url\":\"https:\/\/noti-america.com\/site\/argentina\/\",\"name\":\"Argentina | Noti-America.com\",\"description\":\"\",\"publisher\":{\"@id\":\"https:\/\/noti-america.com\/site\/argentina\/#organization\"},\"potentialAction\":[{\"@type\":\"SearchAction\",\"target\":{\"@type\":\"EntryPoint\",\"urlTemplate\":\"https:\/\/noti-america.com\/site\/argentina\/?s={search_term_string}\"},\"query-input\":{\"@type\":\"PropertyValueSpecification\",\"valueRequired\":true,\"valueName\":\"search_term_string\"}}],\"inLanguage\":\"es\"},{\"@type\":\"Organization\",\"@id\":\"https:\/\/noti-america.com\/site\/argentina\/#organization\",\"name\":\"Noti-America LLC | Argentina\",\"url\":\"https:\/\/noti-america.com\/site\/argentina\/\",\"logo\":{\"@type\":\"ImageObject\",\"inLanguage\":\"es\",\"@id\":\"https:\/\/noti-america.com\/site\/argentina\/#\/schema\/logo\/image\/\",\"url\":\"https:\/\/noti-america.com\/site\/argentina\/wp-content\/uploads\/sites\/24\/2020\/07\/LogoNA-4x3-1.jpg\",\"contentUrl\":\"https:\/\/noti-america.com\/site\/argentina\/wp-content\/uploads\/sites\/24\/2020\/07\/LogoNA-4x3-1.jpg\",\"width\":1236,\"height\":1080,\"caption\":\"Noti-America LLC | Argentina\"},\"image\":{\"@id\":\"https:\/\/noti-america.com\/site\/argentina\/#\/schema\/logo\/image\/\"},\"sameAs\":[\"https:\/\/x.com\/inotiamerica\"]},{\"@type\":\"Person\",\"@id\":\"https:\/\/noti-america.com\/site\/argentina\/#\/schema\/person\/22806efcc2cfc4b45efb0e17be210ea8\",\"name\":\"Maria Valentina Noguera Medina\",\"image\":{\"@type\":\"ImageObject\",\"inLanguage\":\"es\",\"@id\":\"https:\/\/secure.gravatar.com\/avatar\/4ec5eb9d099f2608a49c9df6f7341f66f04f819cdffa09d56a7a0e91d2819d56?s=96&d=mm&r=g\",\"url\":\"https:\/\/secure.gravatar.com\/avatar\/4ec5eb9d099f2608a49c9df6f7341f66f04f819cdffa09d56a7a0e91d2819d56?s=96&d=mm&r=g\",\"contentUrl\":\"https:\/\/secure.gravatar.com\/avatar\/4ec5eb9d099f2608a49c9df6f7341f66f04f819cdffa09d56a7a0e91d2819d56?s=96&d=mm&r=g\",\"caption\":\"Maria Valentina Noguera Medina\"},\"description\":\"Periodista - noti-america - Promar Community Manager - Talento Plus Dise\u00f1adora\/ creadora de contenido...\",\"sameAs\":[\"Mar\u00eda Valentina Noguera\",\"https:\/\/www.facebook.com\/mariavalentina.noguera\",\"https:\/\/www.linkedin.com\/in\/mara-valentina-noguera-medina-373075165\/\",\"https:\/\/www.pinterest.es\/valentinanoguera95\/\",\"https:\/\/www.youtube.com\/channel\/UCdek6mbUZ-Tqqw0I63i4nmQ\"],\"url\":\"https:\/\/noti-america.com\/site\/argentina\/author\/mnoguera\/\"}]}<\/script>\n<!-- \/ Yoast SEO Premium plugin. -->","yoast_head_json":{"title":"Javier Mascherano: \"Los Juegos Ol\u00edmpicos son una gran oportunidad para muchos jugadores\" - Argentina | Noti-America.com","robots":{"index":"index","follow":"follow","max-snippet":"max-snippet:-1","max-image-preview":"max-image-preview:large","max-video-preview":"max-video-preview:-1"},"canonical":"https:\/\/noti-america.com\/site\/argentina\/2024\/06\/12\/javier-mascherano-los-juegos-olimpicos-son-una-gran-oportunidad-para-muchos-jugadores\/","og_locale":"es_ES","og_type":"article","og_title":"Javier Mascherano: \"Los Juegos Ol\u00edmpicos son una gran oportunidad para muchos jugadores\"","og_description":"NOTI-AMERICA.COM | ARGENTINA El plantel continuar\u00e1 su preparaci\u00f3n para lo que ser\u00e1 el debut en la cita francesa, el mi\u00e9rcoles 24 de julio, ante Marruecos. El entrenador de la Selecci\u00f3n argentina Sub 23, Javier&#46;&#46;&#46;","og_url":"https:\/\/noti-america.com\/site\/argentina\/2024\/06\/12\/javier-mascherano-los-juegos-olimpicos-son-una-gran-oportunidad-para-muchos-jugadores\/","og_site_name":"Argentina | Noti-America.com","article_author":"Mar\u00eda Valentina Noguera","article_published_time":"2024-06-12T14:25:16+00:00","og_image":[{"width":960,"height":640,"url":"https:\/\/noti-america.com\/site\/argentina\/wp-content\/uploads\/sites\/24\/2024\/06\/846687-whatsapp-20image-202024-06-11-20at-2017-57-29.jpeg","type":"image\/jpeg"}],"author":"Maria Valentina Noguera Medina","twitter_card":"summary_large_image","twitter_creator":"@inotiamerica","twitter_site":"@inotiamerica","twitter_misc":{"Escrito por":"Maria Valentina Noguera Medina","Tiempo estimado de lectura":"3 minutos"},"schema":{"@context":"https:\/\/schema.org","@graph":[{"@type":"Article","@id":"https:\/\/noti-america.com\/site\/argentina\/2024\/06\/12\/javier-mascherano-los-juegos-olimpicos-son-una-gran-oportunidad-para-muchos-jugadores\/#article","isPartOf":{"@id":"https:\/\/noti-america.com\/site\/argentina\/2024\/06\/12\/javier-mascherano-los-juegos-olimpicos-son-una-gran-oportunidad-para-muchos-jugadores\/"},"author":{"name":"Maria Valentina Noguera Medina","@id":"https:\/\/noti-america.com\/site\/argentina\/#\/schema\/person\/22806efcc2cfc4b45efb0e17be210ea8"},"headline":"Javier Mascherano: \u00abLos Juegos Ol\u00edmpicos son una gran oportunidad para muchos jugadores\u00bb","datePublished":"2024-06-12T14:25:16+00:00","mainEntityOfPage":{"@id":"https:\/\/noti-america.com\/site\/argentina\/2024\/06\/12\/javier-mascherano-los-juegos-olimpicos-son-una-gran-oportunidad-para-muchos-jugadores\/"},"wordCount":460,"commentCount":0,"publisher":{"@id":"https:\/\/noti-america.com\/site\/argentina\/#organization"},"image":{"@id":"https:\/\/noti-america.com\/site\/argentina\/2024\/06\/12\/javier-mascherano-los-juegos-olimpicos-son-una-gran-oportunidad-para-muchos-jugadores\/#primaryimage"},"thumbnailUrl":"https:\/\/noti-america.com\/site\/argentina\/wp-content\/uploads\/sites\/24\/2024\/06\/846687-whatsapp-20image-202024-06-11-20at-2017-57-29.jpeg","articleSection":["Actualidad"],"inLanguage":"es","potentialAction":[{"@type":"CommentAction","name":"Comment","target":["https:\/\/noti-america.com\/site\/argentina\/2024\/06\/12\/javier-mascherano-los-juegos-olimpicos-son-una-gran-oportunidad-para-muchos-jugadores\/#respond"]}]},{"@type":"WebPage","@id":"https:\/\/noti-america.com\/site\/argentina\/2024\/06\/12\/javier-mascherano-los-juegos-olimpicos-son-una-gran-oportunidad-para-muchos-jugadores\/","url":"https:\/\/noti-america.com\/site\/argentina\/2024\/06\/12\/javier-mascherano-los-juegos-olimpicos-son-una-gran-oportunidad-para-muchos-jugadores\/","name":"Javier Mascherano: \"Los Juegos Ol\u00edmpicos son una gran oportunidad para muchos jugadores\" - Argentina | Noti-America.com","isPartOf":{"@id":"https:\/\/noti-america.com\/site\/argentina\/#website"},"primaryImageOfPage":{"@id":"https:\/\/noti-america.com\/site\/argentina\/2024\/06\/12\/javier-mascherano-los-juegos-olimpicos-son-una-gran-oportunidad-para-muchos-jugadores\/#primaryimage"},"image":{"@id":"https:\/\/noti-america.com\/site\/argentina\/2024\/06\/12\/javier-mascherano-los-juegos-olimpicos-son-una-gran-oportunidad-para-muchos-jugadores\/#primaryimage"},"thumbnailUrl":"https:\/\/noti-america.com\/site\/argentina\/wp-content\/uploads\/sites\/24\/2024\/06\/846687-whatsapp-20image-202024-06-11-20at-2017-57-29.jpeg","datePublished":"2024-06-12T14:25:16+00:00","breadcrumb":{"@id":"https:\/\/noti-america.com\/site\/argentina\/2024\/06\/12\/javier-mascherano-los-juegos-olimpicos-son-una-gran-oportunidad-para-muchos-jugadores\/#breadcrumb"},"inLanguage":"es","potentialAction":[{"@type":"ReadAction","target":["https:\/\/noti-america.com\/site\/argentina\/2024\/06\/12\/javier-mascherano-los-juegos-olimpicos-son-una-gran-oportunidad-para-muchos-jugadores\/"]}]},{"@type":"ImageObject","inLanguage":"es","@id":"https:\/\/noti-america.com\/site\/argentina\/2024\/06\/12\/javier-mascherano-los-juegos-olimpicos-son-una-gran-oportunidad-para-muchos-jugadores\/#primaryimage","url":"https:\/\/noti-america.com\/site\/argentina\/wp-content\/uploads\/sites\/24\/2024\/06\/846687-whatsapp-20image-202024-06-11-20at-2017-57-29.jpeg","contentUrl":"https:\/\/noti-america.com\/site\/argentina\/wp-content\/uploads\/sites\/24\/2024\/06\/846687-whatsapp-20image-202024-06-11-20at-2017-57-29.jpeg","width":960,"height":640},{"@type":"BreadcrumbList","@id":"https:\/\/noti-america.com\/site\/argentina\/2024\/06\/12\/javier-mascherano-los-juegos-olimpicos-son-una-gran-oportunidad-para-muchos-jugadores\/#breadcrumb","itemListElement":[{"@type":"ListItem","position":1,"name":"Portada","item":"https:\/\/noti-america.com\/site\/argentina\/"},{"@type":"ListItem","position":2,"name":"Javier Mascherano: &#8220;Los Juegos Ol\u00edmpicos son una gran oportunidad para muchos jugadores&#8221;"}]},{"@type":"WebSite","@id":"https:\/\/noti-america.com\/site\/argentina\/#website","url":"https:\/\/noti-america.com\/site\/argentina\/","name":"Argentina | Noti-America.com","description":"","publisher":{"@id":"https:\/\/noti-america.com\/site\/argentina\/#organization"},"potentialAction":[{"@type":"SearchAction","target":{"@type":"EntryPoint","urlTemplate":"https:\/\/noti-america.com\/site\/argentina\/?s={search_term_string}"},"query-input":{"@type":"PropertyValueSpecification","valueRequired":true,"valueName":"search_term_string"}}],"inLanguage":"es"},{"@type":"Organization","@id":"https:\/\/noti-america.com\/site\/argentina\/#organization","name":"Noti-America LLC | Argentina","url":"https:\/\/noti-america.com\/site\/argentina\/","logo":{"@type":"ImageObject","inLanguage":"es","@id":"https:\/\/noti-america.com\/site\/argentina\/#\/schema\/logo\/image\/","url":"https:\/\/noti-america.com\/site\/argentina\/wp-content\/uploads\/sites\/24\/2020\/07\/LogoNA-4x3-1.jpg","contentUrl":"https:\/\/noti-america.com\/site\/argentina\/wp-content\/uploads\/sites\/24\/2020\/07\/LogoNA-4x3-1.jpg","width":1236,"height":1080,"caption":"Noti-America LLC | Argentina"},"image":{"@id":"https:\/\/noti-america.com\/site\/argentina\/#\/schema\/logo\/image\/"},"sameAs":["https:\/\/x.com\/inotiamerica"]},{"@type":"Person","@id":"https:\/\/noti-america.com\/site\/argentina\/#\/schema\/person\/22806efcc2cfc4b45efb0e17be210ea8","name":"Maria Valentina Noguera Medina","image":{"@type":"ImageObject","inLanguage":"es","@id":"https:\/\/secure.gravatar.com\/avatar\/4ec5eb9d099f2608a49c9df6f7341f66f04f819cdffa09d56a7a0e91d2819d56?s=96&d=mm&r=g","url":"https:\/\/secure.gravatar.com\/avatar\/4ec5eb9d099f2608a49c9df6f7341f66f04f819cdffa09d56a7a0e91d2819d56?s=96&d=mm&r=g","contentUrl":"https:\/\/secure.gravatar.com\/avatar\/4ec5eb9d099f2608a49c9df6f7341f66f04f819cdffa09d56a7a0e91d2819d56?s=96&d=mm&r=g","caption":"Maria Valentina Noguera Medina"},"description":"Periodista - noti-america - Promar Community Manager - Talento Plus Dise\u00f1adora\/ creadora de contenido...","sameAs":["Mar\u00eda Valentina Noguera","https:\/\/www.facebook.com\/mariavalentina.noguera","https:\/\/www.linkedin.com\/in\/mara-valentina-noguera-medina-373075165\/","https:\/\/www.pinterest.es\/valentinanoguera95\/","https:\/\/www.youtube.com\/channel\/UCdek6mbUZ-Tqqw0I63i4nmQ"],"url":"https:\/\/noti-america.com\/site\/argentina\/author\/mnoguera\/"}]}},"_links":{"self":[{"href":"https:\/\/noti-america.com\/site\/argentina\/wp-json\/wp\/v2\/posts\/7481","targetHints":{"allow":["GET"]}}],"collection":[{"href":"https:\/\/noti-america.com\/site\/argentina\/wp-json\/wp\/v2\/posts"}],"about":[{"href":"https:\/\/noti-america.com\/site\/argentina\/wp-json\/wp\/v2\/types\/post"}],"author":[{"embeddable":true,"href":"https:\/\/noti-america.com\/site\/argentina\/wp-json\/wp\/v2\/users\/133"}],"replies":[{"embeddable":true,"href":"https:\/\/noti-america.com\/site\/argentina\/wp-json\/wp\/v2\/comments?post=7481"}],"version-history":[{"count":1,"href":"https:\/\/noti-america.com\/site\/argentina\/wp-json\/wp\/v2\/posts\/7481\/revisions"}],"predecessor-version":[{"id":7483,"href":"https:\/\/noti-america.com\/site\/argentina\/wp-json\/wp\/v2\/posts\/7481\/revisions\/7483"}],"wp:featuredmedia":[{"embeddable":true,"href":"https:\/\/noti-america.com\/site\/argentina\/wp-json\/wp\/v2\/media\/7482"}],"wp:attachment":[{"href":"https:\/\/noti-america.com\/site\/argentina\/wp-json\/wp\/v2\/media?parent=7481"}],"wp:term":[{"taxonomy":"category","embeddable":true,"href":"https:\/\/noti-america.com\/site\/argentina\/wp-json\/wp\/v2\/categories?post=7481"},{"taxonomy":"post_tag","embeddable":true,"href":"https:\/\/noti-america.com\/site\/argentina\/wp-json\/wp\/v2\/tags?post=7481"}],"curies":[{"name":"wp","href":"https:\/\/api.w.org\/{rel}","templated":true}]}}