{"id":7206,"date":"2024-05-24T11:03:58","date_gmt":"2024-05-24T14:03:58","guid":{"rendered":"https:\/\/noti-america.com\/site\/argentina\/?p=7206"},"modified":"2024-05-24T11:03:58","modified_gmt":"2024-05-24T14:03:58","slug":"celine-dion-revela-su-lucha-contra-el-sindrome-de-la-persona-rigida-en-un-emotivo-documental","status":"publish","type":"post","link":"https:\/\/noti-america.com\/site\/argentina\/2024\/05\/24\/celine-dion-revela-su-lucha-contra-el-sindrome-de-la-persona-rigida-en-un-emotivo-documental\/","title":{"rendered":"C\u00e9line Dion revela su lucha contra el s\u00edndrome de la persona r\u00edgida en un emotivo documental"},"content":{"rendered":"<p><span style=\"color: #33cccc\"><strong>NOTI-AMERICA.COM | ARGENTINA<\/strong><\/span><\/p>\n<p style=\"text-align: justify\">\u00abSi no puedo correr, caminar\u00e9. Si no puedo caminar, me arrastrar\u00e9. No me detendr\u00e9\u00bb, declara C\u00e9line Dion con la voz quebrada en el primer avance del documental \u00abI Am: Celine Dion\u00bb.<\/p>\n<p style=\"text-align: justify\">Este documental, dirigido por Irene Taylor y producido por Amazon MGM, se estrena el 25 de junio en Prime Video y narra una de las etapas m\u00e1s dif\u00edciles en la vida de la legendaria cantante.<\/p>\n<p style=\"text-align: justify\">C\u00e9line Dion ha estado alejada de los escenarios desde 2022 debido a una enfermedad inesperada. El documental muestra im\u00e1genes de archivo que resaltan el impresionante talento de Dion desde su juventud y sigue su trayectoria hasta convertirse en una de las vocalistas m\u00e1s admiradas del mundo.<\/p>\n<h2><span style=\"color: #33cccc\">C\u00e9line Dion y los problemas de salud que la afectan<\/span><\/h2>\n<p style=\"text-align: justify\">En 2022, C\u00e9line cancel\u00f3 varios conciertos de su gira europea y revel\u00f3, a trav\u00e9s de un video, que hab\u00eda sido diagnosticada con el s\u00edndrome de la persona r\u00edgida.<\/p>\n<p style=\"text-align: justify\">Esta rara condici\u00f3n neurol\u00f3gica afecta el control muscular, lo que ha sido devastador para una artista de su calibre. En el tr\u00e1iler, se ve a C\u00e9line lidiando con su diagn\u00f3stico, someti\u00e9ndose a terapias vocales y f\u00edsicas mientras lucha por volver a los escenarios.<\/p>\n<p style=\"text-align: justify\">Este documental no solo es un testimonio de su resiliencia, sino tambi\u00e9n un intento de concienciar al mundo sobre esta enfermedad que afecta a una o dos personas por mill\u00f3n, seg\u00fan The Guardian.<\/p>\n<p style=\"text-align: justify\">Tras una aparici\u00f3n en los Premios Grammy de 2024, Dion decidi\u00f3 crear este documental como una \u00abcarta de amor a la m\u00fasica y a sus fans\u00bb. Adem\u00e1s, busca educar sobre la naturaleza de su enfermedad, una condici\u00f3n que descubri\u00f3 tras notar espasmos en su voz durante la gira m\u00e1s exitosa de la d\u00e9cada en 2008.<\/p>\n<p style=\"text-align: justify\">Aunque inicialmente las pruebas no revelaron nada anormal, los s\u00edntomas empeoraron con los a\u00f1os hasta que se le diagnostic\u00f3 el s\u00edndrome de la persona r\u00edgida.<\/p>\n<h2><span style=\"color: #33cccc\">C\u00e9line Dion y sus primeros retos luego de ser diagnosticada<\/span><\/h2>\n<p style=\"text-align: justify\">En una entrevista con Vogue, C\u00e9line describi\u00f3 su sorpresa y preocupaci\u00f3n al enfrentar los primeros s\u00edntomas y c\u00f3mo, despu\u00e9s de a\u00f1os de giras y esfuerzos m\u00e9dicos, finalmente obtuvo respuestas.<\/p>\n<p style=\"text-align: justify\">La artista espera que su historia ayude a otros que padecen esta condici\u00f3n y que su documental ofrezca una visi\u00f3n sincera y honesta de su lucha.<\/p>\n<p style=\"text-align: justify\">A lo largo de la conversaci\u00f3n enfatiz\u00f3 que la rehabilitaci\u00f3n es un proceso integral que incluye ejercicios f\u00edsicos, vocales, emocionales y espirituales.<\/p>\n<p style=\"text-align: justify\">\u201cQuiero que esta historia se cuente de manera elegante\u201d, dice, destacando la importancia de abordar su realidad sin dramatizarla. Con la direcci\u00f3n de Irene Taylor, Dion ha permitido una mirada profunda y realista a su vida, con la esperanza de que su experiencia inspire y eduque a otros.<\/p>\n<p style=\"text-align: justify\">As\u00ed, \u00abI Am: Celine Dion\u00bb se presenta como un relato conmovedor y valiente de una mujer que se niega a rendirse, incluso ante los desaf\u00edos m\u00e1s abrumadores.<\/p>\n<p>&nbsp;<\/p>\n","protected":false},"excerpt":{"rendered":"<p>NOTI-AMERICA.COM | ARGENTINA \u00abSi no puedo correr, caminar\u00e9. Si no puedo caminar, me arrastrar\u00e9. No me detendr\u00e9\u00bb, declara C\u00e9line Dion con la voz quebrada en el primer avance del documental \u00abI Am: Celine Dion\u00bb.&#46;&#46;&#46;<\/p>\n","protected":false},"author":133,"featured_media":7207,"comment_status":"open","ping_status":"open","sticky":false,"template":"","format":"image","meta":{"_acf_changed":false,"om_disable_all_campaigns":false,"rop_custom_images_group":[],"rop_custom_messages_group":[],"rop_publish_now":"initial","rop_publish_now_accounts":{"twitter_242054905_242054905":""},"rop_publish_now_history":[],"rop_publish_now_status":"pending","_uf_show_specific_survey":0,"_uf_disable_surveys":false,"footnotes":""},"categories":[287],"tags":[],"class_list":["post-7206","post","type-post","status-publish","format-image","has-post-thumbnail","hentry","category-actualidad","post_format-post-format-image"],"acf":[],"aioseo_notices":[],"yoast_head":"<!-- This site is optimized with the Yoast SEO Premium plugin v24.9 (Yoast SEO v27.2) - https:\/\/yoast.com\/product\/yoast-seo-premium-wordpress\/ -->\n<title>C\u00e9line Dion revela su lucha contra el s\u00edndrome de la persona r\u00edgida en un emotivo documental - Argentina | Noti-America.com<\/title>\n<meta name=\"robots\" content=\"index, follow, max-snippet:-1, max-image-preview:large, max-video-preview:-1\" \/>\n<link rel=\"canonical\" href=\"https:\/\/noti-america.com\/site\/argentina\/2024\/05\/24\/celine-dion-revela-su-lucha-contra-el-sindrome-de-la-persona-rigida-en-un-emotivo-documental\/\" \/>\n<meta property=\"og:locale\" content=\"es_ES\" \/>\n<meta property=\"og:type\" content=\"article\" \/>\n<meta property=\"og:title\" content=\"C\u00e9line Dion revela su lucha contra el s\u00edndrome de la persona r\u00edgida en un emotivo documental\" \/>\n<meta property=\"og:description\" content=\"NOTI-AMERICA.COM | ARGENTINA \u00abSi no puedo correr, caminar\u00e9. Si no puedo caminar, me arrastrar\u00e9. No me detendr\u00e9\u00bb, declara C\u00e9line Dion con la voz quebrada en el primer avance del documental \u00abI Am: Celine Dion\u00bb.&#046;&#046;&#046;\" \/>\n<meta property=\"og:url\" content=\"https:\/\/noti-america.com\/site\/argentina\/2024\/05\/24\/celine-dion-revela-su-lucha-contra-el-sindrome-de-la-persona-rigida-en-un-emotivo-documental\/\" \/>\n<meta property=\"og:site_name\" content=\"Argentina | Noti-America.com\" \/>\n<meta property=\"article:author\" content=\"Mar\u00eda Valentina Noguera\" \/>\n<meta property=\"article:published_time\" content=\"2024-05-24T14:03:58+00:00\" \/>\n<meta property=\"og:image\" content=\"https:\/\/noti-america.com\/site\/argentina\/wp-content\/uploads\/sites\/24\/2024\/05\/celine-dion-documental-prime-video-jpg-7b2500.jpg\" \/>\n\t<meta property=\"og:image:width\" content=\"800\" \/>\n\t<meta property=\"og:image:height\" content=\"500\" \/>\n\t<meta property=\"og:image:type\" content=\"image\/jpeg\" \/>\n<meta name=\"author\" content=\"Maria Valentina Noguera Medina\" \/>\n<meta name=\"twitter:card\" content=\"summary_large_image\" \/>\n<meta name=\"twitter:creator\" content=\"@inotiamerica\" \/>\n<meta name=\"twitter:site\" content=\"@inotiamerica\" \/>\n<meta name=\"twitter:label1\" content=\"Escrito por\" \/>\n\t<meta name=\"twitter:data1\" content=\"Maria Valentina Noguera Medina\" \/>\n\t<meta name=\"twitter:label2\" content=\"Tiempo estimado de lectura\" \/>\n\t<meta name=\"twitter:data2\" content=\"3 minutos\" \/>\n<script type=\"application\/ld+json\" class=\"yoast-schema-graph\">{\"@context\":\"https:\/\/schema.org\",\"@graph\":[{\"@type\":\"Article\",\"@id\":\"https:\/\/noti-america.com\/site\/argentina\/2024\/05\/24\/celine-dion-revela-su-lucha-contra-el-sindrome-de-la-persona-rigida-en-un-emotivo-documental\/#article\",\"isPartOf\":{\"@id\":\"https:\/\/noti-america.com\/site\/argentina\/2024\/05\/24\/celine-dion-revela-su-lucha-contra-el-sindrome-de-la-persona-rigida-en-un-emotivo-documental\/\"},\"author\":{\"name\":\"Maria Valentina Noguera Medina\",\"@id\":\"https:\/\/noti-america.com\/site\/argentina\/#\/schema\/person\/22806efcc2cfc4b45efb0e17be210ea8\"},\"headline\":\"C\u00e9line Dion revela su lucha contra el s\u00edndrome de la persona r\u00edgida en un emotivo documental\",\"datePublished\":\"2024-05-24T14:03:58+00:00\",\"mainEntityOfPage\":{\"@id\":\"https:\/\/noti-america.com\/site\/argentina\/2024\/05\/24\/celine-dion-revela-su-lucha-contra-el-sindrome-de-la-persona-rigida-en-un-emotivo-documental\/\"},\"wordCount\":534,\"commentCount\":0,\"publisher\":{\"@id\":\"https:\/\/noti-america.com\/site\/argentina\/#organization\"},\"image\":{\"@id\":\"https:\/\/noti-america.com\/site\/argentina\/2024\/05\/24\/celine-dion-revela-su-lucha-contra-el-sindrome-de-la-persona-rigida-en-un-emotivo-documental\/#primaryimage\"},\"thumbnailUrl\":\"https:\/\/noti-america.com\/site\/argentina\/wp-content\/uploads\/sites\/24\/2024\/05\/celine-dion-documental-prime-video-jpg-7b2500.jpg\",\"articleSection\":[\"Actualidad\"],\"inLanguage\":\"es\",\"potentialAction\":[{\"@type\":\"CommentAction\",\"name\":\"Comment\",\"target\":[\"https:\/\/noti-america.com\/site\/argentina\/2024\/05\/24\/celine-dion-revela-su-lucha-contra-el-sindrome-de-la-persona-rigida-en-un-emotivo-documental\/#respond\"]}]},{\"@type\":\"WebPage\",\"@id\":\"https:\/\/noti-america.com\/site\/argentina\/2024\/05\/24\/celine-dion-revela-su-lucha-contra-el-sindrome-de-la-persona-rigida-en-un-emotivo-documental\/\",\"url\":\"https:\/\/noti-america.com\/site\/argentina\/2024\/05\/24\/celine-dion-revela-su-lucha-contra-el-sindrome-de-la-persona-rigida-en-un-emotivo-documental\/\",\"name\":\"C\u00e9line Dion revela su lucha contra el s\u00edndrome de la persona r\u00edgida en un emotivo documental - Argentina | Noti-America.com\",\"isPartOf\":{\"@id\":\"https:\/\/noti-america.com\/site\/argentina\/#website\"},\"primaryImageOfPage\":{\"@id\":\"https:\/\/noti-america.com\/site\/argentina\/2024\/05\/24\/celine-dion-revela-su-lucha-contra-el-sindrome-de-la-persona-rigida-en-un-emotivo-documental\/#primaryimage\"},\"image\":{\"@id\":\"https:\/\/noti-america.com\/site\/argentina\/2024\/05\/24\/celine-dion-revela-su-lucha-contra-el-sindrome-de-la-persona-rigida-en-un-emotivo-documental\/#primaryimage\"},\"thumbnailUrl\":\"https:\/\/noti-america.com\/site\/argentina\/wp-content\/uploads\/sites\/24\/2024\/05\/celine-dion-documental-prime-video-jpg-7b2500.jpg\",\"datePublished\":\"2024-05-24T14:03:58+00:00\",\"breadcrumb\":{\"@id\":\"https:\/\/noti-america.com\/site\/argentina\/2024\/05\/24\/celine-dion-revela-su-lucha-contra-el-sindrome-de-la-persona-rigida-en-un-emotivo-documental\/#breadcrumb\"},\"inLanguage\":\"es\",\"potentialAction\":[{\"@type\":\"ReadAction\",\"target\":[\"https:\/\/noti-america.com\/site\/argentina\/2024\/05\/24\/celine-dion-revela-su-lucha-contra-el-sindrome-de-la-persona-rigida-en-un-emotivo-documental\/\"]}]},{\"@type\":\"ImageObject\",\"inLanguage\":\"es\",\"@id\":\"https:\/\/noti-america.com\/site\/argentina\/2024\/05\/24\/celine-dion-revela-su-lucha-contra-el-sindrome-de-la-persona-rigida-en-un-emotivo-documental\/#primaryimage\",\"url\":\"https:\/\/noti-america.com\/site\/argentina\/wp-content\/uploads\/sites\/24\/2024\/05\/celine-dion-documental-prime-video-jpg-7b2500.jpg\",\"contentUrl\":\"https:\/\/noti-america.com\/site\/argentina\/wp-content\/uploads\/sites\/24\/2024\/05\/celine-dion-documental-prime-video-jpg-7b2500.jpg\",\"width\":800,\"height\":500},{\"@type\":\"BreadcrumbList\",\"@id\":\"https:\/\/noti-america.com\/site\/argentina\/2024\/05\/24\/celine-dion-revela-su-lucha-contra-el-sindrome-de-la-persona-rigida-en-un-emotivo-documental\/#breadcrumb\",\"itemListElement\":[{\"@type\":\"ListItem\",\"position\":1,\"name\":\"Portada\",\"item\":\"https:\/\/noti-america.com\/site\/argentina\/\"},{\"@type\":\"ListItem\",\"position\":2,\"name\":\"C\u00e9line Dion revela su lucha contra el s\u00edndrome de la persona r\u00edgida en un emotivo documental\"}]},{\"@type\":\"WebSite\",\"@id\":\"https:\/\/noti-america.com\/site\/argentina\/#website\",\"url\":\"https:\/\/noti-america.com\/site\/argentina\/\",\"name\":\"Argentina | Noti-America.com\",\"description\":\"\",\"publisher\":{\"@id\":\"https:\/\/noti-america.com\/site\/argentina\/#organization\"},\"potentialAction\":[{\"@type\":\"SearchAction\",\"target\":{\"@type\":\"EntryPoint\",\"urlTemplate\":\"https:\/\/noti-america.com\/site\/argentina\/?s={search_term_string}\"},\"query-input\":{\"@type\":\"PropertyValueSpecification\",\"valueRequired\":true,\"valueName\":\"search_term_string\"}}],\"inLanguage\":\"es\"},{\"@type\":\"Organization\",\"@id\":\"https:\/\/noti-america.com\/site\/argentina\/#organization\",\"name\":\"Noti-America LLC | Argentina\",\"url\":\"https:\/\/noti-america.com\/site\/argentina\/\",\"logo\":{\"@type\":\"ImageObject\",\"inLanguage\":\"es\",\"@id\":\"https:\/\/noti-america.com\/site\/argentina\/#\/schema\/logo\/image\/\",\"url\":\"https:\/\/noti-america.com\/site\/argentina\/wp-content\/uploads\/sites\/24\/2020\/07\/LogoNA-4x3-1.jpg\",\"contentUrl\":\"https:\/\/noti-america.com\/site\/argentina\/wp-content\/uploads\/sites\/24\/2020\/07\/LogoNA-4x3-1.jpg\",\"width\":1236,\"height\":1080,\"caption\":\"Noti-America LLC | Argentina\"},\"image\":{\"@id\":\"https:\/\/noti-america.com\/site\/argentina\/#\/schema\/logo\/image\/\"},\"sameAs\":[\"https:\/\/x.com\/inotiamerica\"]},{\"@type\":\"Person\",\"@id\":\"https:\/\/noti-america.com\/site\/argentina\/#\/schema\/person\/22806efcc2cfc4b45efb0e17be210ea8\",\"name\":\"Maria Valentina Noguera Medina\",\"image\":{\"@type\":\"ImageObject\",\"inLanguage\":\"es\",\"@id\":\"https:\/\/secure.gravatar.com\/avatar\/4ec5eb9d099f2608a49c9df6f7341f66f04f819cdffa09d56a7a0e91d2819d56?s=96&d=mm&r=g\",\"url\":\"https:\/\/secure.gravatar.com\/avatar\/4ec5eb9d099f2608a49c9df6f7341f66f04f819cdffa09d56a7a0e91d2819d56?s=96&d=mm&r=g\",\"contentUrl\":\"https:\/\/secure.gravatar.com\/avatar\/4ec5eb9d099f2608a49c9df6f7341f66f04f819cdffa09d56a7a0e91d2819d56?s=96&d=mm&r=g\",\"caption\":\"Maria Valentina Noguera Medina\"},\"description\":\"Periodista - noti-america - Promar Community Manager - Talento Plus Dise\u00f1adora\/ creadora de contenido...\",\"sameAs\":[\"Mar\u00eda Valentina Noguera\",\"https:\/\/www.facebook.com\/mariavalentina.noguera\",\"https:\/\/www.linkedin.com\/in\/mara-valentina-noguera-medina-373075165\/\",\"https:\/\/www.pinterest.es\/valentinanoguera95\/\",\"https:\/\/www.youtube.com\/channel\/UCdek6mbUZ-Tqqw0I63i4nmQ\"],\"url\":\"https:\/\/noti-america.com\/site\/argentina\/author\/mnoguera\/\"}]}<\/script>\n<!-- \/ Yoast SEO Premium plugin. -->","yoast_head_json":{"title":"C\u00e9line Dion revela su lucha contra el s\u00edndrome de la persona r\u00edgida en un emotivo documental - Argentina | Noti-America.com","robots":{"index":"index","follow":"follow","max-snippet":"max-snippet:-1","max-image-preview":"max-image-preview:large","max-video-preview":"max-video-preview:-1"},"canonical":"https:\/\/noti-america.com\/site\/argentina\/2024\/05\/24\/celine-dion-revela-su-lucha-contra-el-sindrome-de-la-persona-rigida-en-un-emotivo-documental\/","og_locale":"es_ES","og_type":"article","og_title":"C\u00e9line Dion revela su lucha contra el s\u00edndrome de la persona r\u00edgida en un emotivo documental","og_description":"NOTI-AMERICA.COM | ARGENTINA \u00abSi no puedo correr, caminar\u00e9. Si no puedo caminar, me arrastrar\u00e9. No me detendr\u00e9\u00bb, declara C\u00e9line Dion con la voz quebrada en el primer avance del documental \u00abI Am: Celine Dion\u00bb.&#46;&#46;&#46;","og_url":"https:\/\/noti-america.com\/site\/argentina\/2024\/05\/24\/celine-dion-revela-su-lucha-contra-el-sindrome-de-la-persona-rigida-en-un-emotivo-documental\/","og_site_name":"Argentina | Noti-America.com","article_author":"Mar\u00eda Valentina Noguera","article_published_time":"2024-05-24T14:03:58+00:00","og_image":[{"width":800,"height":500,"url":"https:\/\/noti-america.com\/site\/argentina\/wp-content\/uploads\/sites\/24\/2024\/05\/celine-dion-documental-prime-video-jpg-7b2500.jpg","type":"image\/jpeg"}],"author":"Maria Valentina Noguera Medina","twitter_card":"summary_large_image","twitter_creator":"@inotiamerica","twitter_site":"@inotiamerica","twitter_misc":{"Escrito por":"Maria Valentina Noguera Medina","Tiempo estimado de lectura":"3 minutos"},"schema":{"@context":"https:\/\/schema.org","@graph":[{"@type":"Article","@id":"https:\/\/noti-america.com\/site\/argentina\/2024\/05\/24\/celine-dion-revela-su-lucha-contra-el-sindrome-de-la-persona-rigida-en-un-emotivo-documental\/#article","isPartOf":{"@id":"https:\/\/noti-america.com\/site\/argentina\/2024\/05\/24\/celine-dion-revela-su-lucha-contra-el-sindrome-de-la-persona-rigida-en-un-emotivo-documental\/"},"author":{"name":"Maria Valentina Noguera Medina","@id":"https:\/\/noti-america.com\/site\/argentina\/#\/schema\/person\/22806efcc2cfc4b45efb0e17be210ea8"},"headline":"C\u00e9line Dion revela su lucha contra el s\u00edndrome de la persona r\u00edgida en un emotivo documental","datePublished":"2024-05-24T14:03:58+00:00","mainEntityOfPage":{"@id":"https:\/\/noti-america.com\/site\/argentina\/2024\/05\/24\/celine-dion-revela-su-lucha-contra-el-sindrome-de-la-persona-rigida-en-un-emotivo-documental\/"},"wordCount":534,"commentCount":0,"publisher":{"@id":"https:\/\/noti-america.com\/site\/argentina\/#organization"},"image":{"@id":"https:\/\/noti-america.com\/site\/argentina\/2024\/05\/24\/celine-dion-revela-su-lucha-contra-el-sindrome-de-la-persona-rigida-en-un-emotivo-documental\/#primaryimage"},"thumbnailUrl":"https:\/\/noti-america.com\/site\/argentina\/wp-content\/uploads\/sites\/24\/2024\/05\/celine-dion-documental-prime-video-jpg-7b2500.jpg","articleSection":["Actualidad"],"inLanguage":"es","potentialAction":[{"@type":"CommentAction","name":"Comment","target":["https:\/\/noti-america.com\/site\/argentina\/2024\/05\/24\/celine-dion-revela-su-lucha-contra-el-sindrome-de-la-persona-rigida-en-un-emotivo-documental\/#respond"]}]},{"@type":"WebPage","@id":"https:\/\/noti-america.com\/site\/argentina\/2024\/05\/24\/celine-dion-revela-su-lucha-contra-el-sindrome-de-la-persona-rigida-en-un-emotivo-documental\/","url":"https:\/\/noti-america.com\/site\/argentina\/2024\/05\/24\/celine-dion-revela-su-lucha-contra-el-sindrome-de-la-persona-rigida-en-un-emotivo-documental\/","name":"C\u00e9line Dion revela su lucha contra el s\u00edndrome de la persona r\u00edgida en un emotivo documental - Argentina | Noti-America.com","isPartOf":{"@id":"https:\/\/noti-america.com\/site\/argentina\/#website"},"primaryImageOfPage":{"@id":"https:\/\/noti-america.com\/site\/argentina\/2024\/05\/24\/celine-dion-revela-su-lucha-contra-el-sindrome-de-la-persona-rigida-en-un-emotivo-documental\/#primaryimage"},"image":{"@id":"https:\/\/noti-america.com\/site\/argentina\/2024\/05\/24\/celine-dion-revela-su-lucha-contra-el-sindrome-de-la-persona-rigida-en-un-emotivo-documental\/#primaryimage"},"thumbnailUrl":"https:\/\/noti-america.com\/site\/argentina\/wp-content\/uploads\/sites\/24\/2024\/05\/celine-dion-documental-prime-video-jpg-7b2500.jpg","datePublished":"2024-05-24T14:03:58+00:00","breadcrumb":{"@id":"https:\/\/noti-america.com\/site\/argentina\/2024\/05\/24\/celine-dion-revela-su-lucha-contra-el-sindrome-de-la-persona-rigida-en-un-emotivo-documental\/#breadcrumb"},"inLanguage":"es","potentialAction":[{"@type":"ReadAction","target":["https:\/\/noti-america.com\/site\/argentina\/2024\/05\/24\/celine-dion-revela-su-lucha-contra-el-sindrome-de-la-persona-rigida-en-un-emotivo-documental\/"]}]},{"@type":"ImageObject","inLanguage":"es","@id":"https:\/\/noti-america.com\/site\/argentina\/2024\/05\/24\/celine-dion-revela-su-lucha-contra-el-sindrome-de-la-persona-rigida-en-un-emotivo-documental\/#primaryimage","url":"https:\/\/noti-america.com\/site\/argentina\/wp-content\/uploads\/sites\/24\/2024\/05\/celine-dion-documental-prime-video-jpg-7b2500.jpg","contentUrl":"https:\/\/noti-america.com\/site\/argentina\/wp-content\/uploads\/sites\/24\/2024\/05\/celine-dion-documental-prime-video-jpg-7b2500.jpg","width":800,"height":500},{"@type":"BreadcrumbList","@id":"https:\/\/noti-america.com\/site\/argentina\/2024\/05\/24\/celine-dion-revela-su-lucha-contra-el-sindrome-de-la-persona-rigida-en-un-emotivo-documental\/#breadcrumb","itemListElement":[{"@type":"ListItem","position":1,"name":"Portada","item":"https:\/\/noti-america.com\/site\/argentina\/"},{"@type":"ListItem","position":2,"name":"C\u00e9line Dion revela su lucha contra el s\u00edndrome de la persona r\u00edgida en un emotivo documental"}]},{"@type":"WebSite","@id":"https:\/\/noti-america.com\/site\/argentina\/#website","url":"https:\/\/noti-america.com\/site\/argentina\/","name":"Argentina | Noti-America.com","description":"","publisher":{"@id":"https:\/\/noti-america.com\/site\/argentina\/#organization"},"potentialAction":[{"@type":"SearchAction","target":{"@type":"EntryPoint","urlTemplate":"https:\/\/noti-america.com\/site\/argentina\/?s={search_term_string}"},"query-input":{"@type":"PropertyValueSpecification","valueRequired":true,"valueName":"search_term_string"}}],"inLanguage":"es"},{"@type":"Organization","@id":"https:\/\/noti-america.com\/site\/argentina\/#organization","name":"Noti-America LLC | Argentina","url":"https:\/\/noti-america.com\/site\/argentina\/","logo":{"@type":"ImageObject","inLanguage":"es","@id":"https:\/\/noti-america.com\/site\/argentina\/#\/schema\/logo\/image\/","url":"https:\/\/noti-america.com\/site\/argentina\/wp-content\/uploads\/sites\/24\/2020\/07\/LogoNA-4x3-1.jpg","contentUrl":"https:\/\/noti-america.com\/site\/argentina\/wp-content\/uploads\/sites\/24\/2020\/07\/LogoNA-4x3-1.jpg","width":1236,"height":1080,"caption":"Noti-America LLC | Argentina"},"image":{"@id":"https:\/\/noti-america.com\/site\/argentina\/#\/schema\/logo\/image\/"},"sameAs":["https:\/\/x.com\/inotiamerica"]},{"@type":"Person","@id":"https:\/\/noti-america.com\/site\/argentina\/#\/schema\/person\/22806efcc2cfc4b45efb0e17be210ea8","name":"Maria Valentina Noguera Medina","image":{"@type":"ImageObject","inLanguage":"es","@id":"https:\/\/secure.gravatar.com\/avatar\/4ec5eb9d099f2608a49c9df6f7341f66f04f819cdffa09d56a7a0e91d2819d56?s=96&d=mm&r=g","url":"https:\/\/secure.gravatar.com\/avatar\/4ec5eb9d099f2608a49c9df6f7341f66f04f819cdffa09d56a7a0e91d2819d56?s=96&d=mm&r=g","contentUrl":"https:\/\/secure.gravatar.com\/avatar\/4ec5eb9d099f2608a49c9df6f7341f66f04f819cdffa09d56a7a0e91d2819d56?s=96&d=mm&r=g","caption":"Maria Valentina Noguera Medina"},"description":"Periodista - noti-america - Promar Community Manager - Talento Plus Dise\u00f1adora\/ creadora de contenido...","sameAs":["Mar\u00eda Valentina Noguera","https:\/\/www.facebook.com\/mariavalentina.noguera","https:\/\/www.linkedin.com\/in\/mara-valentina-noguera-medina-373075165\/","https:\/\/www.pinterest.es\/valentinanoguera95\/","https:\/\/www.youtube.com\/channel\/UCdek6mbUZ-Tqqw0I63i4nmQ"],"url":"https:\/\/noti-america.com\/site\/argentina\/author\/mnoguera\/"}]}},"_links":{"self":[{"href":"https:\/\/noti-america.com\/site\/argentina\/wp-json\/wp\/v2\/posts\/7206","targetHints":{"allow":["GET"]}}],"collection":[{"href":"https:\/\/noti-america.com\/site\/argentina\/wp-json\/wp\/v2\/posts"}],"about":[{"href":"https:\/\/noti-america.com\/site\/argentina\/wp-json\/wp\/v2\/types\/post"}],"author":[{"embeddable":true,"href":"https:\/\/noti-america.com\/site\/argentina\/wp-json\/wp\/v2\/users\/133"}],"replies":[{"embeddable":true,"href":"https:\/\/noti-america.com\/site\/argentina\/wp-json\/wp\/v2\/comments?post=7206"}],"version-history":[{"count":1,"href":"https:\/\/noti-america.com\/site\/argentina\/wp-json\/wp\/v2\/posts\/7206\/revisions"}],"predecessor-version":[{"id":7208,"href":"https:\/\/noti-america.com\/site\/argentina\/wp-json\/wp\/v2\/posts\/7206\/revisions\/7208"}],"wp:featuredmedia":[{"embeddable":true,"href":"https:\/\/noti-america.com\/site\/argentina\/wp-json\/wp\/v2\/media\/7207"}],"wp:attachment":[{"href":"https:\/\/noti-america.com\/site\/argentina\/wp-json\/wp\/v2\/media?parent=7206"}],"wp:term":[{"taxonomy":"category","embeddable":true,"href":"https:\/\/noti-america.com\/site\/argentina\/wp-json\/wp\/v2\/categories?post=7206"},{"taxonomy":"post_tag","embeddable":true,"href":"https:\/\/noti-america.com\/site\/argentina\/wp-json\/wp\/v2\/tags?post=7206"}],"curies":[{"name":"wp","href":"https:\/\/api.w.org\/{rel}","templated":true}]}}