{"id":7102,"date":"2024-05-16T12:05:47","date_gmt":"2024-05-16T15:05:47","guid":{"rendered":"https:\/\/noti-america.com\/site\/argentina\/?p=7102"},"modified":"2024-05-16T12:05:47","modified_gmt":"2024-05-16T15:05:47","slug":"victorias-secret-anuncia-el-regreso-de-su-desfile-de-angeles-tras-pausarlo-por-seis-anos","status":"publish","type":"post","link":"https:\/\/noti-america.com\/site\/argentina\/2024\/05\/16\/victorias-secret-anuncia-el-regreso-de-su-desfile-de-angeles-tras-pausarlo-por-seis-anos\/","title":{"rendered":"Victoria&#8217;s Secret anuncia el regreso de su desfile de \u00e1ngeles tras pausarlo por seis a\u00f1os"},"content":{"rendered":"<p style=\"text-align: justify\">NOTI-AMERICA.COM | ARGENTINA\u2013 La casa de lencer\u00eda Victoria&#8217;s Secret anunci\u00f3 este mi\u00e9rcoles que el pr\u00f3ximo oto\u00f1o volver\u00e1 a celebrar su famoso &#8216;desfile de \u00e1ngeles&#8217;, que suspendi\u00f3 en 2018 tras una menguante audiencia y cr\u00edticas sobre el canon de belleza que promov\u00eda.<\/p>\n<p style=\"text-align: justify\">\u00abEl show de Victoria&#8217;s Secret est\u00e1 de regreso y reflejar\u00e1 lo que somos ahora, m\u00e1s todo lo que conocen y aman: el glamur, la pasarela, las alas, el acompa\u00f1amiento musical, \u00a1y m\u00e1s! Sigan conectados\u00bb, dijo la empresa en una publicaci\u00f3n en su cuenta de Instagram.<\/p>\n<p style=\"text-align: justify\">Junto al video en el que aparece Candice Swanepoel, la modelo sudafricana convertida en rostro -y cuerpo- de la marca, destaca un mensaje: \u00abHemos le\u00eddo y o\u00eddo sus comentarios\u00bb, dando a entender que las alternativas propuestas a los famosos desfiles no han convencido a sus seguidores.<\/p>\n<p style=\"text-align: justify\">Cuando el desfile fue cancelado despu\u00e9s de 24 a\u00f1os, el acontecimiento hab\u00eda perdido una gran popularidad: en 2018 tuvo una audiencia de solo 3,3 millones de espectadores, muy por debajo de los m\u00e1s de los 12 millones que tuvo en su momento dorado, en 2001.<\/p>\n<p style=\"text-align: justify\">La llegada de nuevos tiempos con el #MeToo -movimiento surgido en redes sociales para denunciar casos de acoso y abuso sexual-, el cuestionamiento de la extrema delgadez de las maniqu\u00edes, la reivindicaci\u00f3n de una mujer menos &#8216;perfecta&#8217; en sus proporciones o su piel&#8230; todo parec\u00eda conspirar en contra de ese desfile de &#8216;\u00e1ngeles&#8217; donde se ofrec\u00eda la imagen de una criatura alada y aparentemente inalcanzable para la mujer real.<\/p>\n<p style=\"text-align: justify\">En los \u00faltimos a\u00f1os, la empresa ha intentado dar un giro a la marca cambiando las &#8216;\u00e1ngeles&#8217; por activistas, como la futbolista y activista de la comunidad LGTB Megan Rapinoe; la actriz y empresaria Priyanka Chopra Jonas o la primera modelo trans que desfil\u00f3 para la firma, Valentina Sampaio.<\/p>\n<p style=\"text-align: justify\">A finales de 2023, la firma escenific\u00f3 su retorno a la pasarela en un documental, &#8216;The Tour 23&#8217;, y celebr\u00f3 un evento que uni\u00f3 a modelos ic\u00f3nicas, como Adriana Lima, y a nuevas generaciones como Paloma Elsesser, de talla grande; Quannah Chasinghorse, ind\u00edgena; y Winnie Harlow, que padece vitiligo.<\/p>\n<p style=\"text-align: justify\">Victoria&#8217;s Secret tambi\u00e9n fue sometida a escrutinio por las denuncias por acoso sexual y represalias en el entorno de trabajo y por la larga amistad entre el due\u00f1o de la empresa, el millonario Les Wexner, que ya no es ejecutivo, con el delincuente sexual Jeffrey Epstein.<\/p>\n<p style=\"text-align: justify\">Queda por ver qu\u00e9 cambios ha incorporado ahora la marca, que adem\u00e1s de lencer\u00eda tiene ahora un modelo de negocio m\u00e1s diversificado donde cabe la ropa deportiva, los perfumes y la cosm\u00e9tica en general.<\/p>\n","protected":false},"excerpt":{"rendered":"<p>NOTI-AMERICA.COM | ARGENTINA\u2013 La casa de lencer\u00eda Victoria&#8217;s Secret anunci\u00f3 este mi\u00e9rcoles que el pr\u00f3ximo oto\u00f1o volver\u00e1 a celebrar su famoso &#8216;desfile de \u00e1ngeles&#8217;, que suspendi\u00f3 en 2018 tras una menguante audiencia y cr\u00edticas&#46;&#46;&#46;<\/p>\n","protected":false},"author":133,"featured_media":7103,"comment_status":"open","ping_status":"open","sticky":false,"template":"","format":"image","meta":{"_acf_changed":false,"om_disable_all_campaigns":false,"rop_custom_images_group":[],"rop_custom_messages_group":[],"rop_publish_now":"initial","rop_publish_now_accounts":{"twitter_242054905_242054905":""},"rop_publish_now_history":[],"rop_publish_now_status":"pending","_uf_show_specific_survey":0,"_uf_disable_surveys":false,"footnotes":""},"categories":[287],"tags":[],"class_list":["post-7102","post","type-post","status-publish","format-image","has-post-thumbnail","hentry","category-actualidad","post_format-post-format-image"],"acf":[],"aioseo_notices":[],"yoast_head":"<!-- This site is optimized with the Yoast SEO Premium plugin v24.9 (Yoast SEO v27.2) - https:\/\/yoast.com\/product\/yoast-seo-premium-wordpress\/ -->\n<title>Victoria&#039;s Secret anuncia el regreso de su desfile de \u00e1ngeles tras pausarlo por seis a\u00f1os - Argentina | Noti-America.com<\/title>\n<meta name=\"robots\" content=\"index, follow, max-snippet:-1, max-image-preview:large, max-video-preview:-1\" \/>\n<link rel=\"canonical\" href=\"https:\/\/noti-america.com\/site\/argentina\/2024\/05\/16\/victorias-secret-anuncia-el-regreso-de-su-desfile-de-angeles-tras-pausarlo-por-seis-anos\/\" \/>\n<meta property=\"og:locale\" content=\"es_ES\" \/>\n<meta property=\"og:type\" content=\"article\" \/>\n<meta property=\"og:title\" content=\"Victoria&#039;s Secret anuncia el regreso de su desfile de \u00e1ngeles tras pausarlo por seis a\u00f1os\" \/>\n<meta property=\"og:description\" content=\"NOTI-AMERICA.COM | ARGENTINA\u2013 La casa de lencer\u00eda Victoria&#8217;s Secret anunci\u00f3 este mi\u00e9rcoles que el pr\u00f3ximo oto\u00f1o volver\u00e1 a celebrar su famoso &#8216;desfile de \u00e1ngeles&#8217;, que suspendi\u00f3 en 2018 tras una menguante audiencia y cr\u00edticas&#046;&#046;&#046;\" \/>\n<meta property=\"og:url\" content=\"https:\/\/noti-america.com\/site\/argentina\/2024\/05\/16\/victorias-secret-anuncia-el-regreso-de-su-desfile-de-angeles-tras-pausarlo-por-seis-anos\/\" \/>\n<meta property=\"og:site_name\" content=\"Argentina | Noti-America.com\" \/>\n<meta property=\"article:author\" content=\"Mar\u00eda Valentina Noguera\" \/>\n<meta property=\"article:published_time\" content=\"2024-05-16T15:05:47+00:00\" \/>\n<meta property=\"og:image\" content=\"https:\/\/noti-america.com\/site\/argentina\/wp-content\/uploads\/sites\/24\/2024\/05\/VictoriasSecret-e1481825817465.jpg\" \/>\n\t<meta property=\"og:image:width\" content=\"1500\" \/>\n\t<meta property=\"og:image:height\" content=\"1050\" \/>\n\t<meta property=\"og:image:type\" content=\"image\/jpeg\" \/>\n<meta name=\"author\" content=\"Maria Valentina Noguera Medina\" \/>\n<meta name=\"twitter:card\" content=\"summary_large_image\" \/>\n<meta name=\"twitter:creator\" content=\"@inotiamerica\" \/>\n<meta name=\"twitter:site\" content=\"@inotiamerica\" \/>\n<meta name=\"twitter:label1\" content=\"Escrito por\" \/>\n\t<meta name=\"twitter:data1\" content=\"Maria Valentina Noguera Medina\" \/>\n\t<meta name=\"twitter:label2\" content=\"Tiempo estimado de lectura\" \/>\n\t<meta name=\"twitter:data2\" content=\"3 minutos\" \/>\n<script type=\"application\/ld+json\" class=\"yoast-schema-graph\">{\"@context\":\"https:\/\/schema.org\",\"@graph\":[{\"@type\":\"Article\",\"@id\":\"https:\/\/noti-america.com\/site\/argentina\/2024\/05\/16\/victorias-secret-anuncia-el-regreso-de-su-desfile-de-angeles-tras-pausarlo-por-seis-anos\/#article\",\"isPartOf\":{\"@id\":\"https:\/\/noti-america.com\/site\/argentina\/2024\/05\/16\/victorias-secret-anuncia-el-regreso-de-su-desfile-de-angeles-tras-pausarlo-por-seis-anos\/\"},\"author\":{\"name\":\"Maria Valentina Noguera Medina\",\"@id\":\"https:\/\/noti-america.com\/site\/argentina\/#\/schema\/person\/22806efcc2cfc4b45efb0e17be210ea8\"},\"headline\":\"Victoria&#8217;s Secret anuncia el regreso de su desfile de \u00e1ngeles tras pausarlo por seis a\u00f1os\",\"datePublished\":\"2024-05-16T15:05:47+00:00\",\"mainEntityOfPage\":{\"@id\":\"https:\/\/noti-america.com\/site\/argentina\/2024\/05\/16\/victorias-secret-anuncia-el-regreso-de-su-desfile-de-angeles-tras-pausarlo-por-seis-anos\/\"},\"wordCount\":465,\"commentCount\":0,\"publisher\":{\"@id\":\"https:\/\/noti-america.com\/site\/argentina\/#organization\"},\"image\":{\"@id\":\"https:\/\/noti-america.com\/site\/argentina\/2024\/05\/16\/victorias-secret-anuncia-el-regreso-de-su-desfile-de-angeles-tras-pausarlo-por-seis-anos\/#primaryimage\"},\"thumbnailUrl\":\"https:\/\/noti-america.com\/site\/argentina\/wp-content\/uploads\/sites\/24\/2024\/05\/VictoriasSecret-e1481825817465.jpg\",\"articleSection\":[\"Actualidad\"],\"inLanguage\":\"es\",\"potentialAction\":[{\"@type\":\"CommentAction\",\"name\":\"Comment\",\"target\":[\"https:\/\/noti-america.com\/site\/argentina\/2024\/05\/16\/victorias-secret-anuncia-el-regreso-de-su-desfile-de-angeles-tras-pausarlo-por-seis-anos\/#respond\"]}]},{\"@type\":\"WebPage\",\"@id\":\"https:\/\/noti-america.com\/site\/argentina\/2024\/05\/16\/victorias-secret-anuncia-el-regreso-de-su-desfile-de-angeles-tras-pausarlo-por-seis-anos\/\",\"url\":\"https:\/\/noti-america.com\/site\/argentina\/2024\/05\/16\/victorias-secret-anuncia-el-regreso-de-su-desfile-de-angeles-tras-pausarlo-por-seis-anos\/\",\"name\":\"Victoria's Secret anuncia el regreso de su desfile de \u00e1ngeles tras pausarlo por seis a\u00f1os - Argentina | Noti-America.com\",\"isPartOf\":{\"@id\":\"https:\/\/noti-america.com\/site\/argentina\/#website\"},\"primaryImageOfPage\":{\"@id\":\"https:\/\/noti-america.com\/site\/argentina\/2024\/05\/16\/victorias-secret-anuncia-el-regreso-de-su-desfile-de-angeles-tras-pausarlo-por-seis-anos\/#primaryimage\"},\"image\":{\"@id\":\"https:\/\/noti-america.com\/site\/argentina\/2024\/05\/16\/victorias-secret-anuncia-el-regreso-de-su-desfile-de-angeles-tras-pausarlo-por-seis-anos\/#primaryimage\"},\"thumbnailUrl\":\"https:\/\/noti-america.com\/site\/argentina\/wp-content\/uploads\/sites\/24\/2024\/05\/VictoriasSecret-e1481825817465.jpg\",\"datePublished\":\"2024-05-16T15:05:47+00:00\",\"breadcrumb\":{\"@id\":\"https:\/\/noti-america.com\/site\/argentina\/2024\/05\/16\/victorias-secret-anuncia-el-regreso-de-su-desfile-de-angeles-tras-pausarlo-por-seis-anos\/#breadcrumb\"},\"inLanguage\":\"es\",\"potentialAction\":[{\"@type\":\"ReadAction\",\"target\":[\"https:\/\/noti-america.com\/site\/argentina\/2024\/05\/16\/victorias-secret-anuncia-el-regreso-de-su-desfile-de-angeles-tras-pausarlo-por-seis-anos\/\"]}]},{\"@type\":\"ImageObject\",\"inLanguage\":\"es\",\"@id\":\"https:\/\/noti-america.com\/site\/argentina\/2024\/05\/16\/victorias-secret-anuncia-el-regreso-de-su-desfile-de-angeles-tras-pausarlo-por-seis-anos\/#primaryimage\",\"url\":\"https:\/\/noti-america.com\/site\/argentina\/wp-content\/uploads\/sites\/24\/2024\/05\/VictoriasSecret-e1481825817465.jpg\",\"contentUrl\":\"https:\/\/noti-america.com\/site\/argentina\/wp-content\/uploads\/sites\/24\/2024\/05\/VictoriasSecret-e1481825817465.jpg\",\"width\":1500,\"height\":1050},{\"@type\":\"BreadcrumbList\",\"@id\":\"https:\/\/noti-america.com\/site\/argentina\/2024\/05\/16\/victorias-secret-anuncia-el-regreso-de-su-desfile-de-angeles-tras-pausarlo-por-seis-anos\/#breadcrumb\",\"itemListElement\":[{\"@type\":\"ListItem\",\"position\":1,\"name\":\"Portada\",\"item\":\"https:\/\/noti-america.com\/site\/argentina\/\"},{\"@type\":\"ListItem\",\"position\":2,\"name\":\"Victoria&#8217;s Secret anuncia el regreso de su desfile de \u00e1ngeles tras pausarlo por seis a\u00f1os\"}]},{\"@type\":\"WebSite\",\"@id\":\"https:\/\/noti-america.com\/site\/argentina\/#website\",\"url\":\"https:\/\/noti-america.com\/site\/argentina\/\",\"name\":\"Argentina | Noti-America.com\",\"description\":\"\",\"publisher\":{\"@id\":\"https:\/\/noti-america.com\/site\/argentina\/#organization\"},\"potentialAction\":[{\"@type\":\"SearchAction\",\"target\":{\"@type\":\"EntryPoint\",\"urlTemplate\":\"https:\/\/noti-america.com\/site\/argentina\/?s={search_term_string}\"},\"query-input\":{\"@type\":\"PropertyValueSpecification\",\"valueRequired\":true,\"valueName\":\"search_term_string\"}}],\"inLanguage\":\"es\"},{\"@type\":\"Organization\",\"@id\":\"https:\/\/noti-america.com\/site\/argentina\/#organization\",\"name\":\"Noti-America LLC | Argentina\",\"url\":\"https:\/\/noti-america.com\/site\/argentina\/\",\"logo\":{\"@type\":\"ImageObject\",\"inLanguage\":\"es\",\"@id\":\"https:\/\/noti-america.com\/site\/argentina\/#\/schema\/logo\/image\/\",\"url\":\"https:\/\/noti-america.com\/site\/argentina\/wp-content\/uploads\/sites\/24\/2020\/07\/LogoNA-4x3-1.jpg\",\"contentUrl\":\"https:\/\/noti-america.com\/site\/argentina\/wp-content\/uploads\/sites\/24\/2020\/07\/LogoNA-4x3-1.jpg\",\"width\":1236,\"height\":1080,\"caption\":\"Noti-America LLC | Argentina\"},\"image\":{\"@id\":\"https:\/\/noti-america.com\/site\/argentina\/#\/schema\/logo\/image\/\"},\"sameAs\":[\"https:\/\/x.com\/inotiamerica\"]},{\"@type\":\"Person\",\"@id\":\"https:\/\/noti-america.com\/site\/argentina\/#\/schema\/person\/22806efcc2cfc4b45efb0e17be210ea8\",\"name\":\"Maria Valentina Noguera Medina\",\"image\":{\"@type\":\"ImageObject\",\"inLanguage\":\"es\",\"@id\":\"https:\/\/secure.gravatar.com\/avatar\/4ec5eb9d099f2608a49c9df6f7341f66f04f819cdffa09d56a7a0e91d2819d56?s=96&d=mm&r=g\",\"url\":\"https:\/\/secure.gravatar.com\/avatar\/4ec5eb9d099f2608a49c9df6f7341f66f04f819cdffa09d56a7a0e91d2819d56?s=96&d=mm&r=g\",\"contentUrl\":\"https:\/\/secure.gravatar.com\/avatar\/4ec5eb9d099f2608a49c9df6f7341f66f04f819cdffa09d56a7a0e91d2819d56?s=96&d=mm&r=g\",\"caption\":\"Maria Valentina Noguera Medina\"},\"description\":\"Periodista - noti-america - Promar Community Manager - Talento Plus Dise\u00f1adora\/ creadora de contenido...\",\"sameAs\":[\"Mar\u00eda Valentina Noguera\",\"https:\/\/www.facebook.com\/mariavalentina.noguera\",\"https:\/\/www.linkedin.com\/in\/mara-valentina-noguera-medina-373075165\/\",\"https:\/\/www.pinterest.es\/valentinanoguera95\/\",\"https:\/\/www.youtube.com\/channel\/UCdek6mbUZ-Tqqw0I63i4nmQ\"],\"url\":\"https:\/\/noti-america.com\/site\/argentina\/author\/mnoguera\/\"}]}<\/script>\n<!-- \/ Yoast SEO Premium plugin. -->","yoast_head_json":{"title":"Victoria's Secret anuncia el regreso de su desfile de \u00e1ngeles tras pausarlo por seis a\u00f1os - Argentina | Noti-America.com","robots":{"index":"index","follow":"follow","max-snippet":"max-snippet:-1","max-image-preview":"max-image-preview:large","max-video-preview":"max-video-preview:-1"},"canonical":"https:\/\/noti-america.com\/site\/argentina\/2024\/05\/16\/victorias-secret-anuncia-el-regreso-de-su-desfile-de-angeles-tras-pausarlo-por-seis-anos\/","og_locale":"es_ES","og_type":"article","og_title":"Victoria's Secret anuncia el regreso de su desfile de \u00e1ngeles tras pausarlo por seis a\u00f1os","og_description":"NOTI-AMERICA.COM | ARGENTINA\u2013 La casa de lencer\u00eda Victoria&#8217;s Secret anunci\u00f3 este mi\u00e9rcoles que el pr\u00f3ximo oto\u00f1o volver\u00e1 a celebrar su famoso &#8216;desfile de \u00e1ngeles&#8217;, que suspendi\u00f3 en 2018 tras una menguante audiencia y cr\u00edticas&#46;&#46;&#46;","og_url":"https:\/\/noti-america.com\/site\/argentina\/2024\/05\/16\/victorias-secret-anuncia-el-regreso-de-su-desfile-de-angeles-tras-pausarlo-por-seis-anos\/","og_site_name":"Argentina | Noti-America.com","article_author":"Mar\u00eda Valentina Noguera","article_published_time":"2024-05-16T15:05:47+00:00","og_image":[{"width":1500,"height":1050,"url":"https:\/\/noti-america.com\/site\/argentina\/wp-content\/uploads\/sites\/24\/2024\/05\/VictoriasSecret-e1481825817465.jpg","type":"image\/jpeg"}],"author":"Maria Valentina Noguera Medina","twitter_card":"summary_large_image","twitter_creator":"@inotiamerica","twitter_site":"@inotiamerica","twitter_misc":{"Escrito por":"Maria Valentina Noguera Medina","Tiempo estimado de lectura":"3 minutos"},"schema":{"@context":"https:\/\/schema.org","@graph":[{"@type":"Article","@id":"https:\/\/noti-america.com\/site\/argentina\/2024\/05\/16\/victorias-secret-anuncia-el-regreso-de-su-desfile-de-angeles-tras-pausarlo-por-seis-anos\/#article","isPartOf":{"@id":"https:\/\/noti-america.com\/site\/argentina\/2024\/05\/16\/victorias-secret-anuncia-el-regreso-de-su-desfile-de-angeles-tras-pausarlo-por-seis-anos\/"},"author":{"name":"Maria Valentina Noguera Medina","@id":"https:\/\/noti-america.com\/site\/argentina\/#\/schema\/person\/22806efcc2cfc4b45efb0e17be210ea8"},"headline":"Victoria&#8217;s Secret anuncia el regreso de su desfile de \u00e1ngeles tras pausarlo por seis a\u00f1os","datePublished":"2024-05-16T15:05:47+00:00","mainEntityOfPage":{"@id":"https:\/\/noti-america.com\/site\/argentina\/2024\/05\/16\/victorias-secret-anuncia-el-regreso-de-su-desfile-de-angeles-tras-pausarlo-por-seis-anos\/"},"wordCount":465,"commentCount":0,"publisher":{"@id":"https:\/\/noti-america.com\/site\/argentina\/#organization"},"image":{"@id":"https:\/\/noti-america.com\/site\/argentina\/2024\/05\/16\/victorias-secret-anuncia-el-regreso-de-su-desfile-de-angeles-tras-pausarlo-por-seis-anos\/#primaryimage"},"thumbnailUrl":"https:\/\/noti-america.com\/site\/argentina\/wp-content\/uploads\/sites\/24\/2024\/05\/VictoriasSecret-e1481825817465.jpg","articleSection":["Actualidad"],"inLanguage":"es","potentialAction":[{"@type":"CommentAction","name":"Comment","target":["https:\/\/noti-america.com\/site\/argentina\/2024\/05\/16\/victorias-secret-anuncia-el-regreso-de-su-desfile-de-angeles-tras-pausarlo-por-seis-anos\/#respond"]}]},{"@type":"WebPage","@id":"https:\/\/noti-america.com\/site\/argentina\/2024\/05\/16\/victorias-secret-anuncia-el-regreso-de-su-desfile-de-angeles-tras-pausarlo-por-seis-anos\/","url":"https:\/\/noti-america.com\/site\/argentina\/2024\/05\/16\/victorias-secret-anuncia-el-regreso-de-su-desfile-de-angeles-tras-pausarlo-por-seis-anos\/","name":"Victoria's Secret anuncia el regreso de su desfile de \u00e1ngeles tras pausarlo por seis a\u00f1os - Argentina | Noti-America.com","isPartOf":{"@id":"https:\/\/noti-america.com\/site\/argentina\/#website"},"primaryImageOfPage":{"@id":"https:\/\/noti-america.com\/site\/argentina\/2024\/05\/16\/victorias-secret-anuncia-el-regreso-de-su-desfile-de-angeles-tras-pausarlo-por-seis-anos\/#primaryimage"},"image":{"@id":"https:\/\/noti-america.com\/site\/argentina\/2024\/05\/16\/victorias-secret-anuncia-el-regreso-de-su-desfile-de-angeles-tras-pausarlo-por-seis-anos\/#primaryimage"},"thumbnailUrl":"https:\/\/noti-america.com\/site\/argentina\/wp-content\/uploads\/sites\/24\/2024\/05\/VictoriasSecret-e1481825817465.jpg","datePublished":"2024-05-16T15:05:47+00:00","breadcrumb":{"@id":"https:\/\/noti-america.com\/site\/argentina\/2024\/05\/16\/victorias-secret-anuncia-el-regreso-de-su-desfile-de-angeles-tras-pausarlo-por-seis-anos\/#breadcrumb"},"inLanguage":"es","potentialAction":[{"@type":"ReadAction","target":["https:\/\/noti-america.com\/site\/argentina\/2024\/05\/16\/victorias-secret-anuncia-el-regreso-de-su-desfile-de-angeles-tras-pausarlo-por-seis-anos\/"]}]},{"@type":"ImageObject","inLanguage":"es","@id":"https:\/\/noti-america.com\/site\/argentina\/2024\/05\/16\/victorias-secret-anuncia-el-regreso-de-su-desfile-de-angeles-tras-pausarlo-por-seis-anos\/#primaryimage","url":"https:\/\/noti-america.com\/site\/argentina\/wp-content\/uploads\/sites\/24\/2024\/05\/VictoriasSecret-e1481825817465.jpg","contentUrl":"https:\/\/noti-america.com\/site\/argentina\/wp-content\/uploads\/sites\/24\/2024\/05\/VictoriasSecret-e1481825817465.jpg","width":1500,"height":1050},{"@type":"BreadcrumbList","@id":"https:\/\/noti-america.com\/site\/argentina\/2024\/05\/16\/victorias-secret-anuncia-el-regreso-de-su-desfile-de-angeles-tras-pausarlo-por-seis-anos\/#breadcrumb","itemListElement":[{"@type":"ListItem","position":1,"name":"Portada","item":"https:\/\/noti-america.com\/site\/argentina\/"},{"@type":"ListItem","position":2,"name":"Victoria&#8217;s Secret anuncia el regreso de su desfile de \u00e1ngeles tras pausarlo por seis a\u00f1os"}]},{"@type":"WebSite","@id":"https:\/\/noti-america.com\/site\/argentina\/#website","url":"https:\/\/noti-america.com\/site\/argentina\/","name":"Argentina | Noti-America.com","description":"","publisher":{"@id":"https:\/\/noti-america.com\/site\/argentina\/#organization"},"potentialAction":[{"@type":"SearchAction","target":{"@type":"EntryPoint","urlTemplate":"https:\/\/noti-america.com\/site\/argentina\/?s={search_term_string}"},"query-input":{"@type":"PropertyValueSpecification","valueRequired":true,"valueName":"search_term_string"}}],"inLanguage":"es"},{"@type":"Organization","@id":"https:\/\/noti-america.com\/site\/argentina\/#organization","name":"Noti-America LLC | Argentina","url":"https:\/\/noti-america.com\/site\/argentina\/","logo":{"@type":"ImageObject","inLanguage":"es","@id":"https:\/\/noti-america.com\/site\/argentina\/#\/schema\/logo\/image\/","url":"https:\/\/noti-america.com\/site\/argentina\/wp-content\/uploads\/sites\/24\/2020\/07\/LogoNA-4x3-1.jpg","contentUrl":"https:\/\/noti-america.com\/site\/argentina\/wp-content\/uploads\/sites\/24\/2020\/07\/LogoNA-4x3-1.jpg","width":1236,"height":1080,"caption":"Noti-America LLC | Argentina"},"image":{"@id":"https:\/\/noti-america.com\/site\/argentina\/#\/schema\/logo\/image\/"},"sameAs":["https:\/\/x.com\/inotiamerica"]},{"@type":"Person","@id":"https:\/\/noti-america.com\/site\/argentina\/#\/schema\/person\/22806efcc2cfc4b45efb0e17be210ea8","name":"Maria Valentina Noguera Medina","image":{"@type":"ImageObject","inLanguage":"es","@id":"https:\/\/secure.gravatar.com\/avatar\/4ec5eb9d099f2608a49c9df6f7341f66f04f819cdffa09d56a7a0e91d2819d56?s=96&d=mm&r=g","url":"https:\/\/secure.gravatar.com\/avatar\/4ec5eb9d099f2608a49c9df6f7341f66f04f819cdffa09d56a7a0e91d2819d56?s=96&d=mm&r=g","contentUrl":"https:\/\/secure.gravatar.com\/avatar\/4ec5eb9d099f2608a49c9df6f7341f66f04f819cdffa09d56a7a0e91d2819d56?s=96&d=mm&r=g","caption":"Maria Valentina Noguera Medina"},"description":"Periodista - noti-america - Promar Community Manager - Talento Plus Dise\u00f1adora\/ creadora de contenido...","sameAs":["Mar\u00eda Valentina Noguera","https:\/\/www.facebook.com\/mariavalentina.noguera","https:\/\/www.linkedin.com\/in\/mara-valentina-noguera-medina-373075165\/","https:\/\/www.pinterest.es\/valentinanoguera95\/","https:\/\/www.youtube.com\/channel\/UCdek6mbUZ-Tqqw0I63i4nmQ"],"url":"https:\/\/noti-america.com\/site\/argentina\/author\/mnoguera\/"}]}},"_links":{"self":[{"href":"https:\/\/noti-america.com\/site\/argentina\/wp-json\/wp\/v2\/posts\/7102","targetHints":{"allow":["GET"]}}],"collection":[{"href":"https:\/\/noti-america.com\/site\/argentina\/wp-json\/wp\/v2\/posts"}],"about":[{"href":"https:\/\/noti-america.com\/site\/argentina\/wp-json\/wp\/v2\/types\/post"}],"author":[{"embeddable":true,"href":"https:\/\/noti-america.com\/site\/argentina\/wp-json\/wp\/v2\/users\/133"}],"replies":[{"embeddable":true,"href":"https:\/\/noti-america.com\/site\/argentina\/wp-json\/wp\/v2\/comments?post=7102"}],"version-history":[{"count":1,"href":"https:\/\/noti-america.com\/site\/argentina\/wp-json\/wp\/v2\/posts\/7102\/revisions"}],"predecessor-version":[{"id":7104,"href":"https:\/\/noti-america.com\/site\/argentina\/wp-json\/wp\/v2\/posts\/7102\/revisions\/7104"}],"wp:featuredmedia":[{"embeddable":true,"href":"https:\/\/noti-america.com\/site\/argentina\/wp-json\/wp\/v2\/media\/7103"}],"wp:attachment":[{"href":"https:\/\/noti-america.com\/site\/argentina\/wp-json\/wp\/v2\/media?parent=7102"}],"wp:term":[{"taxonomy":"category","embeddable":true,"href":"https:\/\/noti-america.com\/site\/argentina\/wp-json\/wp\/v2\/categories?post=7102"},{"taxonomy":"post_tag","embeddable":true,"href":"https:\/\/noti-america.com\/site\/argentina\/wp-json\/wp\/v2\/tags?post=7102"}],"curies":[{"name":"wp","href":"https:\/\/api.w.org\/{rel}","templated":true}]}}